{"id":84766,"date":"2014-08-26T07:49:45","date_gmt":"2014-08-26T06:49:45","guid":{"rendered":"http:\/\/www.visit-ulcinj.com\/blog\/?p=84766"},"modified":"2014-08-27T07:06:57","modified_gmt":"2014-08-27T06:06:57","slug":"top-channel-kosovaret-preferojne-shume-ulqinin","status":"publish","type":"post","link":"https:\/\/www.visit-ulcinj.com\/blog\/2014\/08\/26\/top-channel-kosovaret-preferojne-shume-ulqinin\/","title":{"rendered":"Top Channel:  Kosovar\u00ebt preferojn\u00eb m\u00eb shum\u00eb Ulqinin &#8211; Video"},"content":{"rendered":"<p><span class=\"arial14 \"><strong><a href=\"http:\/\/www.visit-ulcinj.com\/blog\/wp-content\/uploads\/2014\/08\/Ulqini-sot-3.jpg\"><img loading=\"lazy\" class=\"alignleft wp-image-84767\" src=\"http:\/\/www.visit-ulcinj.com\/blog\/wp-content\/uploads\/2014\/08\/Ulqini-sot-3.jpg\" alt=\"Ulqini-sot-3\" width=\"508\" height=\"339\" srcset=\"https:\/\/www.visit-ulcinj.com\/blog\/wp-content\/uploads\/2014\/08\/Ulqini-sot-3.jpg 1024w, https:\/\/www.visit-ulcinj.com\/blog\/wp-content\/uploads\/2014\/08\/Ulqini-sot-3-300x200.jpg 300w\" sizes=\"(max-width: 508px) 100vw, 508px\" \/><\/a>N\u00eb prag t\u00eb mbylljes s\u00eb sezonit turistik veror, Shoqata Shqiptare e Turizmit thot\u00eb se k\u00ebt\u00eb vit tregu \u00ebsht\u00eb dominuar nga turist\u00eb nd\u00ebrkomb\u00ebtar\u00eb nd\u00ebrsa prurjet nga Kosova kan\u00eb p\u00ebsuar ulje. <\/strong><\/span><\/p>\n<p><span class=\"arial14 line18 linkszi \">\u201cTregu kosovar ka nj\u00eb shfryrje krahasuar me nj\u00eb vit m\u00eb par\u00eb, ata kan\u00eb preferuar m\u00eb shum\u00eb Ulqinin, e kund\u00ebrta ndodh me tregun nd\u00ebrkomb\u00ebtar, ve\u00e7an\u00ebrisht at\u00eb t\u00eb europ\u00ebs juglindore q\u00eb p\u00ebr shkak t\u00eb marketingut t\u00eb mir\u00eb kan\u00eb dominuar\u201d, u shpreh Mehmeti, Shoqata Shqiptare e Turizmit.<\/span><\/p>\n<p>Harta e pushuesve \u00ebsht\u00eb zgjeruar me m\u00eb shum\u00eb turist\u00eb nga Polonia, \u00c7ekia apo Sllovakia, t\u00eb cil\u00ebt p\u00eblqejn\u00eb t\u00eb pushojn\u00eb n\u00eb bregdetin shqiptar p\u00ebr bukurit\u00eb e rralla q\u00eb ai ofron. Por sipas Shoqat\u00ebs Shqiptare t\u00eb Turizmit, sfid\u00eb e r\u00ebnd\u00ebsishme vazhdon t\u00eb mbetet problematika n\u00eb ofrimin e sh\u00ebrbimit p\u00ebr pushuesit.<\/p>\n<p>\u201cTregu i Shqip\u00ebris\u00eb \u00ebsht\u00eb nj\u00eb treg me burime t\u00eb jasht\u00ebzakonshme t\u00eb mosmenaxhuara mir\u00eb q\u00eb ka nevoj\u00eb p\u00ebr modele t\u00eb sakta dhe q\u00eb t\u00eb jap\u00eb sh\u00ebrbime q\u00eb mungojn\u00eb realisht p\u00ebr efekt t\u00eb munges\u00ebs s\u00eb shkollave t\u00eb turizmit, dijeve se si b\u00ebhet turiz\u00ebm dhe p\u00ebr k\u00ebt\u00eb ka nj\u00eb ndjesi n\u00eb raport midis vler\u00ebs dhe sh\u00ebrbimit\u201d, shtoi zoti Mehmeti.<\/p>\n<p>Zoti Mehmeti shprehet se tregu shqiptar mbetet n\u00eb klas\u00eb sa i p\u00ebrket shtrirjes s\u00eb sezonit turistik, n\u00eb nj\u00eb koh\u00eb q\u00eb resurset nuk mungojn\u00eb q\u00eb ai t\u00eb jet\u00eb gjith\u00ebvjetor. P\u00ebr k\u00ebt\u00eb, Shoqata Shqiptare e Turizmit thot\u00eb se nevojitet nj\u00eb model i ri nd\u00ebrsa marketingu nuk duhet t\u00eb p\u00ebrqendrohet vet\u00ebm n\u00eb muajt korrik dhe gusht. \/ Top Channel<\/p>\n<!--YouTube Error: bad URL entered-->\n","protected":false},"excerpt":{"rendered":"<p>N\u00eb prag t\u00eb mbylljes s\u00eb sezonit turistik veror, Shoqata Shqiptare e Turizmit thot\u00eb se k\u00ebt\u00eb vit tregu \u00ebsht\u00eb dominuar nga turist\u00eb nd\u00ebrkomb\u00ebtar\u00eb nd\u00ebrsa prurjet nga Kosova kan\u00eb p\u00ebsuar ulje. \u201cTregu kosovar ka nj\u00eb shfryrje krahasuar me nj\u00eb vit m\u00eb par\u00eb, ata kan\u00eb preferuar m\u00eb shum\u00eb Ulqinin, e kund\u00ebrta ndodh me tregun nd\u00ebrkomb\u00ebtar, ve\u00e7an\u00ebrisht at\u00eb t\u00eb [&hellip;]<\/p>\n","protected":false},"author":1,"featured_media":0,"comment_status":"closed","ping_status":"closed","sticky":false,"template":"","format":"standard","meta":{"spay_email":"","jetpack_publicize_message":"","jetpack_is_tweetstorm":false,"jetpack_publicize_feature_enabled":true},"categories":[1,11],"tags":[],"jetpack_publicize_connections":[],"yoast_head":"<!-- This site is optimized with the Yoast SEO plugin v19.1 - https:\/\/yoast.com\/wordpress\/plugins\/seo\/ -->\n<title>Top Channel: Kosovar\u00ebt preferojn\u00eb m\u00eb shum\u00eb Ulqinin - Video - Lajme nga Ulqini<\/title>\n<meta name=\"description\" content=\"N\u00eb prag t\u00eb mbylljes s\u00eb sezonit turistik veror, Shoqata Shqiptare e Turizmit thot\u00eb se k\u00ebt\u00eb vit tregu \u00ebsht\u00eb dominuar nga turist\u00eb nd\u00ebrkomb\u00ebtar\u00eb nd\u00ebrsa\" \/>\n<meta name=\"robots\" content=\"index, follow, max-snippet:-1, max-image-preview:large, max-video-preview:-1\" \/>\n<link rel=\"canonical\" href=\"https:\/\/www.visit-ulcinj.com\/blog\/2014\/08\/26\/top-channel-kosovaret-preferojne-shume-ulqinin\/\" \/>\n<meta property=\"og:locale\" content=\"en_US\" \/>\n<meta property=\"og:type\" content=\"article\" \/>\n<meta property=\"og:title\" content=\"Top Channel: Kosovar\u00ebt preferojn\u00eb m\u00eb shum\u00eb Ulqinin - Video - Lajme nga Ulqini\" \/>\n<meta property=\"og:description\" content=\"N\u00eb prag t\u00eb mbylljes s\u00eb sezonit turistik veror, Shoqata Shqiptare e Turizmit thot\u00eb se k\u00ebt\u00eb vit tregu \u00ebsht\u00eb dominuar nga turist\u00eb nd\u00ebrkomb\u00ebtar\u00eb nd\u00ebrsa\" \/>\n<meta property=\"og:url\" content=\"https:\/\/www.visit-ulcinj.com\/blog\/2014\/08\/26\/top-channel-kosovaret-preferojne-shume-ulqinin\/\" \/>\n<meta property=\"og:site_name\" content=\"Lajme nga Ulqini\" \/>\n<meta property=\"article:published_time\" content=\"2014-08-26T06:49:45+00:00\" \/>\n<meta property=\"article:modified_time\" content=\"2014-08-27T06:06:57+00:00\" \/>\n<meta property=\"og:image\" content=\"http:\/\/www.visit-ulcinj.com\/blog\/wp-content\/uploads\/2014\/08\/Ulqini-sot-3.jpg\" \/>\n<meta name=\"twitter:label1\" content=\"Written by\" \/>\n\t<meta name=\"twitter:data1\" content=\"ulqini\" \/>\n\t<meta name=\"twitter:label2\" content=\"Est. reading time\" \/>\n\t<meta name=\"twitter:data2\" content=\"1 minute\" \/>\n<script type=\"application\/ld+json\" class=\"yoast-schema-graph\">{\"@context\":\"https:\/\/schema.org\",\"@graph\":[{\"@type\":\"WebSite\",\"@id\":\"https:\/\/www.visit-ulcinj.com\/blog\/#website\",\"url\":\"https:\/\/www.visit-ulcinj.com\/blog\/\",\"name\":\"Lajme nga Ulqini\",\"description\":\"Lajme,Vijesti,Ulqini,Ulqin,Crna Gora,Mali i Zi\",\"potentialAction\":[{\"@type\":\"SearchAction\",\"target\":{\"@type\":\"EntryPoint\",\"urlTemplate\":\"https:\/\/www.visit-ulcinj.com\/blog\/?s={search_term_string}\"},\"query-input\":\"required name=search_term_string\"}],\"inLanguage\":\"en-US\"},{\"@type\":\"ImageObject\",\"inLanguage\":\"en-US\",\"@id\":\"https:\/\/www.visit-ulcinj.com\/blog\/2014\/08\/26\/top-channel-kosovaret-preferojne-shume-ulqinin\/#primaryimage\",\"url\":\"https:\/\/www.visit-ulcinj.com\/blog\/wp-content\/uploads\/2014\/08\/Ulqini-sot-3.jpg\",\"contentUrl\":\"https:\/\/www.visit-ulcinj.com\/blog\/wp-content\/uploads\/2014\/08\/Ulqini-sot-3.jpg\",\"width\":1024,\"height\":683},{\"@type\":\"WebPage\",\"@id\":\"https:\/\/www.visit-ulcinj.com\/blog\/2014\/08\/26\/top-channel-kosovaret-preferojne-shume-ulqinin\/#webpage\",\"url\":\"https:\/\/www.visit-ulcinj.com\/blog\/2014\/08\/26\/top-channel-kosovaret-preferojne-shume-ulqinin\/\",\"name\":\"Top Channel: Kosovar\u00ebt preferojn\u00eb m\u00eb shum\u00eb Ulqinin - Video - Lajme nga Ulqini\",\"isPartOf\":{\"@id\":\"https:\/\/www.visit-ulcinj.com\/blog\/#website\"},\"primaryImageOfPage\":{\"@id\":\"https:\/\/www.visit-ulcinj.com\/blog\/2014\/08\/26\/top-channel-kosovaret-preferojne-shume-ulqinin\/#primaryimage\"},\"datePublished\":\"2014-08-26T06:49:45+00:00\",\"dateModified\":\"2014-08-27T06:06:57+00:00\",\"author\":{\"@id\":\"https:\/\/www.visit-ulcinj.com\/blog\/#\/schema\/person\/dcab619c614d3038751c63bc2aadc06d\"},\"description\":\"N\u00eb prag t\u00eb mbylljes s\u00eb sezonit turistik veror, Shoqata Shqiptare e Turizmit thot\u00eb se k\u00ebt\u00eb vit tregu \u00ebsht\u00eb dominuar nga turist\u00eb nd\u00ebrkomb\u00ebtar\u00eb nd\u00ebrsa\",\"breadcrumb\":{\"@id\":\"https:\/\/www.visit-ulcinj.com\/blog\/2014\/08\/26\/top-channel-kosovaret-preferojne-shume-ulqinin\/#breadcrumb\"},\"inLanguage\":\"en-US\",\"potentialAction\":[{\"@type\":\"ReadAction\",\"target\":[\"https:\/\/www.visit-ulcinj.com\/blog\/2014\/08\/26\/top-channel-kosovaret-preferojne-shume-ulqinin\/\"]}]},{\"@type\":\"BreadcrumbList\",\"@id\":\"https:\/\/www.visit-ulcinj.com\/blog\/2014\/08\/26\/top-channel-kosovaret-preferojne-shume-ulqinin\/#breadcrumb\",\"itemListElement\":[{\"@type\":\"ListItem\",\"position\":1,\"name\":\"Top Channel: Kosovar\u00ebt preferojn\u00eb m\u00eb shum\u00eb Ulqinin &#8211; Video\"}]},{\"@type\":\"Person\",\"@id\":\"https:\/\/www.visit-ulcinj.com\/blog\/#\/schema\/person\/dcab619c614d3038751c63bc2aadc06d\",\"name\":\"ulqini\",\"sameAs\":[\"http:\/\/www.visit-ulcinj.com\"],\"url\":\"https:\/\/www.visit-ulcinj.com\/blog\/author\/admin\/\"}]}<\/script>\n<!-- \/ Yoast SEO plugin. -->","yoast_head_json":{"title":"Top Channel: Kosovar\u00ebt preferojn\u00eb m\u00eb shum\u00eb Ulqinin - Video - Lajme nga Ulqini","description":"N\u00eb prag t\u00eb mbylljes s\u00eb sezonit turistik veror, Shoqata Shqiptare e Turizmit thot\u00eb se k\u00ebt\u00eb vit tregu \u00ebsht\u00eb dominuar nga turist\u00eb nd\u00ebrkomb\u00ebtar\u00eb nd\u00ebrsa","robots":{"index":"index","follow":"follow","max-snippet":"max-snippet:-1","max-image-preview":"max-image-preview:large","max-video-preview":"max-video-preview:-1"},"canonical":"https:\/\/www.visit-ulcinj.com\/blog\/2014\/08\/26\/top-channel-kosovaret-preferojne-shume-ulqinin\/","og_locale":"en_US","og_type":"article","og_title":"Top Channel: Kosovar\u00ebt preferojn\u00eb m\u00eb shum\u00eb Ulqinin - Video - Lajme nga Ulqini","og_description":"N\u00eb prag t\u00eb mbylljes s\u00eb sezonit turistik veror, Shoqata Shqiptare e Turizmit thot\u00eb se k\u00ebt\u00eb vit tregu \u00ebsht\u00eb dominuar nga turist\u00eb nd\u00ebrkomb\u00ebtar\u00eb nd\u00ebrsa","og_url":"https:\/\/www.visit-ulcinj.com\/blog\/2014\/08\/26\/top-channel-kosovaret-preferojne-shume-ulqinin\/","og_site_name":"Lajme nga Ulqini","article_published_time":"2014-08-26T06:49:45+00:00","article_modified_time":"2014-08-27T06:06:57+00:00","og_image":[{"url":"http:\/\/www.visit-ulcinj.com\/blog\/wp-content\/uploads\/2014\/08\/Ulqini-sot-3.jpg"}],"twitter_misc":{"Written by":"ulqini","Est. reading time":"1 minute"},"schema":{"@context":"https:\/\/schema.org","@graph":[{"@type":"WebSite","@id":"https:\/\/www.visit-ulcinj.com\/blog\/#website","url":"https:\/\/www.visit-ulcinj.com\/blog\/","name":"Lajme nga Ulqini","description":"Lajme,Vijesti,Ulqini,Ulqin,Crna Gora,Mali i Zi","potentialAction":[{"@type":"SearchAction","target":{"@type":"EntryPoint","urlTemplate":"https:\/\/www.visit-ulcinj.com\/blog\/?s={search_term_string}"},"query-input":"required name=search_term_string"}],"inLanguage":"en-US"},{"@type":"ImageObject","inLanguage":"en-US","@id":"https:\/\/www.visit-ulcinj.com\/blog\/2014\/08\/26\/top-channel-kosovaret-preferojne-shume-ulqinin\/#primaryimage","url":"https:\/\/www.visit-ulcinj.com\/blog\/wp-content\/uploads\/2014\/08\/Ulqini-sot-3.jpg","contentUrl":"https:\/\/www.visit-ulcinj.com\/blog\/wp-content\/uploads\/2014\/08\/Ulqini-sot-3.jpg","width":1024,"height":683},{"@type":"WebPage","@id":"https:\/\/www.visit-ulcinj.com\/blog\/2014\/08\/26\/top-channel-kosovaret-preferojne-shume-ulqinin\/#webpage","url":"https:\/\/www.visit-ulcinj.com\/blog\/2014\/08\/26\/top-channel-kosovaret-preferojne-shume-ulqinin\/","name":"Top Channel: Kosovar\u00ebt preferojn\u00eb m\u00eb shum\u00eb Ulqinin - Video - Lajme nga Ulqini","isPartOf":{"@id":"https:\/\/www.visit-ulcinj.com\/blog\/#website"},"primaryImageOfPage":{"@id":"https:\/\/www.visit-ulcinj.com\/blog\/2014\/08\/26\/top-channel-kosovaret-preferojne-shume-ulqinin\/#primaryimage"},"datePublished":"2014-08-26T06:49:45+00:00","dateModified":"2014-08-27T06:06:57+00:00","author":{"@id":"https:\/\/www.visit-ulcinj.com\/blog\/#\/schema\/person\/dcab619c614d3038751c63bc2aadc06d"},"description":"N\u00eb prag t\u00eb mbylljes s\u00eb sezonit turistik veror, Shoqata Shqiptare e Turizmit thot\u00eb se k\u00ebt\u00eb vit tregu \u00ebsht\u00eb dominuar nga turist\u00eb nd\u00ebrkomb\u00ebtar\u00eb nd\u00ebrsa","breadcrumb":{"@id":"https:\/\/www.visit-ulcinj.com\/blog\/2014\/08\/26\/top-channel-kosovaret-preferojne-shume-ulqinin\/#breadcrumb"},"inLanguage":"en-US","potentialAction":[{"@type":"ReadAction","target":["https:\/\/www.visit-ulcinj.com\/blog\/2014\/08\/26\/top-channel-kosovaret-preferojne-shume-ulqinin\/"]}]},{"@type":"BreadcrumbList","@id":"https:\/\/www.visit-ulcinj.com\/blog\/2014\/08\/26\/top-channel-kosovaret-preferojne-shume-ulqinin\/#breadcrumb","itemListElement":[{"@type":"ListItem","position":1,"name":"Top Channel: Kosovar\u00ebt preferojn\u00eb m\u00eb shum\u00eb Ulqinin &#8211; Video"}]},{"@type":"Person","@id":"https:\/\/www.visit-ulcinj.com\/blog\/#\/schema\/person\/dcab619c614d3038751c63bc2aadc06d","name":"ulqini","sameAs":["http:\/\/www.visit-ulcinj.com"],"url":"https:\/\/www.visit-ulcinj.com\/blog\/author\/admin\/"}]}},"jetpack_featured_media_url":"","jetpack_sharing_enabled":true,"jetpack_shortlink":"https:\/\/wp.me\/pe6lTn-m3c","_links":{"self":[{"href":"https:\/\/www.visit-ulcinj.com\/blog\/wp-json\/wp\/v2\/posts\/84766"}],"collection":[{"href":"https:\/\/www.visit-ulcinj.com\/blog\/wp-json\/wp\/v2\/posts"}],"about":[{"href":"https:\/\/www.visit-ulcinj.com\/blog\/wp-json\/wp\/v2\/types\/post"}],"author":[{"embeddable":true,"href":"https:\/\/www.visit-ulcinj.com\/blog\/wp-json\/wp\/v2\/users\/1"}],"replies":[{"embeddable":true,"href":"https:\/\/www.visit-ulcinj.com\/blog\/wp-json\/wp\/v2\/comments?post=84766"}],"version-history":[{"count":2,"href":"https:\/\/www.visit-ulcinj.com\/blog\/wp-json\/wp\/v2\/posts\/84766\/revisions"}],"predecessor-version":[{"id":84769,"href":"https:\/\/www.visit-ulcinj.com\/blog\/wp-json\/wp\/v2\/posts\/84766\/revisions\/84769"}],"wp:attachment":[{"href":"https:\/\/www.visit-ulcinj.com\/blog\/wp-json\/wp\/v2\/media?parent=84766"}],"wp:term":[{"taxonomy":"category","embeddable":true,"href":"https:\/\/www.visit-ulcinj.com\/blog\/wp-json\/wp\/v2\/categories?post=84766"},{"taxonomy":"post_tag","embeddable":true,"href":"https:\/\/www.visit-ulcinj.com\/blog\/wp-json\/wp\/v2\/tags?post=84766"}],"curies":[{"name":"wp","href":"https:\/\/api.w.org\/{rel}","templated":true}]}}