{"id":84770,"date":"2014-08-26T08:08:51","date_gmt":"2014-08-26T07:08:51","guid":{"rendered":"http:\/\/www.visit-ulcinj.com\/blog\/?p=84770"},"modified":"2014-08-26T08:08:51","modified_gmt":"2014-08-26T07:08:51","slug":"dubrovnik-ostaje-bez-autoceste","status":"publish","type":"post","link":"https:\/\/www.visit-ulcinj.com\/blog\/2014\/08\/26\/dubrovnik-ostaje-bez-autoceste\/","title":{"rendered":"Dubrovnik ostaje bez autoceste"},"content":{"rendered":"<p><strong><a href=\"http:\/\/www.visit-ulcinj.com\/blog\/wp-content\/uploads\/2014\/08\/autocesta-Dubrovnik.jpg\"><img loading=\"lazy\" class=\"alignleft wp-image-84771\" src=\"http:\/\/www.visit-ulcinj.com\/blog\/wp-content\/uploads\/2014\/08\/autocesta-Dubrovnik.jpg\" alt=\"autocesta-Dubrovnik\" width=\"508\" height=\"382\" srcset=\"https:\/\/www.visit-ulcinj.com\/blog\/wp-content\/uploads\/2014\/08\/autocesta-Dubrovnik.jpg 704w, https:\/\/www.visit-ulcinj.com\/blog\/wp-content\/uploads\/2014\/08\/autocesta-Dubrovnik-300x225.jpg 300w\" sizes=\"(max-width: 508px) 100vw, 508px\" \/><\/a>Vlada odustaje od autoceste do Dubrovnika, gradit \u0107e se pravac preko BiH <\/strong><\/p>\n<div id=\"sc_content_okvirSREDINA_TOPTX4\">ZAGREB &#8211; Umjesto preko Dubrovnika, Crnu Goru i Albaniju sa zapadnom Europom autocesta \u0107e najvjerojatnije povezivati preko podru\u010dja susjedne Bosne i Hercegovine.<\/div>\n<div id=\"sc_content_okvirSREDINA_TOPTXOS\">\n<div id=\"sc_content_okvirSREDINA_TOPTX5\">\n<p>Informacija je to koju je <a href=\"http:\/\/www.jutarnji.hr\/ekskluzivno--pregovori-s-njemackom-hrvatska-ce-odustati-od-autoputa-do-dubrovnika\/1215534\/\">Jutarnjem listu <\/a>potvrdio dobro upu\u0107eni sugovornik iz Vladinih krugova, koji isti\u010de da je na\u010delna odluka o tome zapravo ve\u0107 donesena.<\/p>\n<p>&#8211; Dio Jadransko-jonske autoceste na ju\u017enom Jadranu gradit \u0107e se kao nastavak A1, ali najvjerojatnije ne preko Neuma i Dubrovnika, nego preko Po\u010ditelja i Trebinja, odakle \u0107e nastavljati prema Crnoj Gori i Albaniji. Turisti\u010dka sredi\u0161ta, uklju\u010duju\u0107i Dubrovnik, te zra\u010dna luka u \u010cilipima s tom bi autocestom trebali biti povezani brzim cestama &#8211; isti\u010de izvor.<\/p>\n<p>To zna\u010di da Dubrovnik i krajnji jug Hrvatske s ostatkom zemlje i EU-om, po svemu sude\u0107i, i ne\u0107e biti spojeni autocestom, nego postoje\u0107om Jadranskom magistralom. Ona \u0107e, me\u0111utim, na nekim mjestima biti pretvorena u brzu cestu, odnosno dobit \u0107e jo\u0161 jedan trak, a na nizu lokacija u planu je i gradnja obilaznica. Hrvatskoj, dodaje na\u0161 izvor, ostaje prioritet i gradnja Pelje\u0161koga mosta, \u010dime \u0107e se omogu\u0107iti br\u017ei put prema Dubrovniku zaobila\u017eenjem Neuma i tamo\u0161njh grani\u010dnih prijelaza. Uvijek ostaje i mogu\u0107nost da Hrvatska sama izgradi autocestu do Dubrovnika, ali ona ne\u0107e imati karakter me\u0111unarodne prometnice.<\/p>\n<p>Iako nastavak Dalmatine, koja je nedavno stigla do Plo\u010da, autocestom preko Popova polja u BiH te\u0161ko mo\u017ee nai\u0107i na odu\u0161evljenje na krajnjem jugu zemlje, dio stru\u010dnjaka tvrdi da je to, s obzirom na uzak kopneni prostor koji na tom dijelu pripada Hrvatskoj i konfiguraciju terena, najbolje rje\u0161enje.<\/p>\n<p>&#8211; To je zapravo i jedino mogu\u0107e rje\u0161enje. Gradnja preko hrvatskog teritorija bila bi najskuplja varijanta. Dubrovniku samo treba osigurati tri spoja na novu autocestu &#8211; ka\u017ee Ivan Dadi\u0107, profesor na Fakultetu prometnih znanosti.<\/p>\n<p>Cijelu <a id=\"xClaimOglasId-196408-1\" class=\"xClaimClass\" target=\"_blank\"><\/a>pri\u010du oko povezivanja Dubrovnika i juga Hrvatske s ostatkom dr\u017eave treba gledati u \u0161irem kontekstu. Kao \u0161to je EU svojedobno krojio okvire za povezivanje Baltika i Podunavlja sa zapadom Europe, tako mu je sada u fokusu \u010dvr\u0161\u0107e povezivanje zemalja zapadnog Balkana s Unijom. Instrument za to je i gradnja 1080 kilometara duge Jadransko-jonske autoceste od Trsta u Italiji do Patrasa u Gr\u010dkoj.<\/p>\n<p>&#8211; Put zemalja regije u EU vodi i njihovim prometnim povezivanjem s EU-om. Istodobno, to je jasna poruka da im je mjesto u EU &#8211; jednoglasni su na\u0161i sugovornici. Najve\u0107i dio te autoceste preko hrvatskog teritorija ionako je ve\u0107 izgra\u0111en: preostaje jo\u0161 gradnja autoceste od Kri\u017ei\u0161\u0107a do \u017dute Lokve (ako se od toga ne odustane), kao i spoj Rijeke s Trstom, za \u0161to treba osigurati suradnju susjedne Slovenije. Gradnja Jadransko-jonske autoceste bila je jedna od glavnih tema ju\u010dera\u0161njeg sastanka premijera Hrvatske, BiH, Crne Gore i Albanije u Cavtatu. No, susret Zorana Milanovi\u0107a, Vjekoslava Bevande, Mila \u0110ukanovi\u0107a i Edija Rame u cavtatskom restoranu Leut samo je uvertira u puno zna\u010dajniju konferenciju o zapadnom Balkanu koja se krajem tjedna, pod patronatom njema\u010dke kancelarke Angele Merkel, odr\u017eava u Berlinu.<\/p>\n<p><a href=\"http:\/\/www.visit-ulcinj.com\/blog\/wp-content\/uploads\/2014\/08\/autocesta-Dubrovnik-1.jpg\"><img loading=\"lazy\" class=\"alignleft wp-image-84772\" src=\"http:\/\/www.visit-ulcinj.com\/blog\/wp-content\/uploads\/2014\/08\/autocesta-Dubrovnik-1.jpg\" alt=\"autocesta-Dubrovnik-1\" width=\"508\" height=\"338\" srcset=\"https:\/\/www.visit-ulcinj.com\/blog\/wp-content\/uploads\/2014\/08\/autocesta-Dubrovnik-1.jpg 504w, https:\/\/www.visit-ulcinj.com\/blog\/wp-content\/uploads\/2014\/08\/autocesta-Dubrovnik-1-300x199.jpg 300w\" sizes=\"(max-width: 508px) 100vw, 508px\" \/><\/a><\/p>\n<p>Cilj je da premijeri zemalja regije na berlinskoj konferenciji pred njema\u010dku kancelarku iza\u0111u s prijedlogom stvaranja posebnog fonda iz kojeg bi se do 2020. godine financirala izrada projektne dokumentacije za dijelove Jadransko-jonske autoceste u BiH, Crnoj Gori i Albaniji. Gradnja Jadransko-jonske autoceste u tim zemljama mogla bi po\u010deti tek nakon \u0161to se izradi projektna dokumenatcija, \u0161to zna\u010di da je njen zavr\u0161etak izgledan tek 2030. ili \u010dak kasnije.<\/p>\n<p>Gradnju Jadransko-jonske autoceste pri\u017eeljkuju i hrvatski gra\u0111evinari, koje je kriza bacila na koljena. Jure Radi\u0107, predsjednik Nadzornog odbora IGH, smatra da je Jadransko-jonsku autocestu mogu\u0107e izgraditi i prije 2030. godine. On isti\u010de kako \u0107e se gra\u0111evinski i prometni stru\u010dnjaci iz Hrvatske i okolnih dr\u017eava do kraja godine sastati na skupu u Dubrovniku upravo na temu Jadransko-jonske autoceste, te da \u0107e politi\u010darima predlo\u017eiti kona\u010dan izgled trase.<\/p>\n<p><strong>Autor\/izvor: SEEbiz \/ Jutarnji.hr<\/strong><\/p>\n<\/div>\n<\/div>\n","protected":false},"excerpt":{"rendered":"<p>Vlada odustaje od autoceste do Dubrovnika, gradit \u0107e se pravac preko BiH ZAGREB &#8211; Umjesto preko Dubrovnika, Crnu Goru i Albaniju sa zapadnom Europom autocesta \u0107e najvjerojatnije povezivati preko podru\u010dja susjedne Bosne i Hercegovine. Informacija je to koju je Jutarnjem listu potvrdio dobro upu\u0107eni sugovornik iz Vladinih krugova, koji isti\u010de da je na\u010delna odluka o [&hellip;]<\/p>\n","protected":false},"author":1,"featured_media":0,"comment_status":"closed","ping_status":"closed","sticky":false,"template":"","format":"standard","meta":{"spay_email":"","jetpack_publicize_message":"","jetpack_is_tweetstorm":false,"jetpack_publicize_feature_enabled":true},"categories":[8337],"tags":[],"jetpack_publicize_connections":[],"yoast_head":"<!-- This site is optimized with the Yoast SEO plugin v19.1 - https:\/\/yoast.com\/wordpress\/plugins\/seo\/ -->\n<title>Dubrovnik ostaje bez autoceste - Lajme nga Ulqini<\/title>\n<meta name=\"description\" content=\"Vlada odustaje od autoceste do Dubrovnika, gradit \u0107e se pravac preko BiH ZAGREB - Umjesto preko Dubrovnika, Crnu Goru i Albaniju sa zapadnom Europom\" \/>\n<meta name=\"robots\" content=\"index, follow, max-snippet:-1, max-image-preview:large, max-video-preview:-1\" \/>\n<link rel=\"canonical\" href=\"https:\/\/www.visit-ulcinj.com\/blog\/2014\/08\/26\/dubrovnik-ostaje-bez-autoceste\/\" \/>\n<meta property=\"og:locale\" content=\"en_US\" \/>\n<meta property=\"og:type\" content=\"article\" \/>\n<meta property=\"og:title\" content=\"Dubrovnik ostaje bez autoceste - Lajme nga Ulqini\" \/>\n<meta property=\"og:description\" content=\"Vlada odustaje od autoceste do Dubrovnika, gradit \u0107e se pravac preko BiH ZAGREB - Umjesto preko Dubrovnika, Crnu Goru i Albaniju sa zapadnom Europom\" \/>\n<meta property=\"og:url\" content=\"https:\/\/www.visit-ulcinj.com\/blog\/2014\/08\/26\/dubrovnik-ostaje-bez-autoceste\/\" \/>\n<meta property=\"og:site_name\" content=\"Lajme nga Ulqini\" \/>\n<meta property=\"article:published_time\" content=\"2014-08-26T07:08:51+00:00\" \/>\n<meta property=\"og:image\" content=\"http:\/\/www.visit-ulcinj.com\/blog\/wp-content\/uploads\/2014\/08\/autocesta-Dubrovnik.jpg\" \/>\n<meta name=\"twitter:label1\" content=\"Written by\" \/>\n\t<meta name=\"twitter:data1\" content=\"ulqini\" \/>\n\t<meta name=\"twitter:label2\" content=\"Est. reading time\" \/>\n\t<meta name=\"twitter:data2\" content=\"3 minutes\" \/>\n<script type=\"application\/ld+json\" class=\"yoast-schema-graph\">{\"@context\":\"https:\/\/schema.org\",\"@graph\":[{\"@type\":\"WebSite\",\"@id\":\"https:\/\/www.visit-ulcinj.com\/blog\/#website\",\"url\":\"https:\/\/www.visit-ulcinj.com\/blog\/\",\"name\":\"Lajme nga Ulqini\",\"description\":\"Lajme,Vijesti,Ulqini,Ulqin,Crna Gora,Mali i Zi\",\"potentialAction\":[{\"@type\":\"SearchAction\",\"target\":{\"@type\":\"EntryPoint\",\"urlTemplate\":\"https:\/\/www.visit-ulcinj.com\/blog\/?s={search_term_string}\"},\"query-input\":\"required name=search_term_string\"}],\"inLanguage\":\"en-US\"},{\"@type\":\"ImageObject\",\"inLanguage\":\"en-US\",\"@id\":\"https:\/\/www.visit-ulcinj.com\/blog\/2014\/08\/26\/dubrovnik-ostaje-bez-autoceste\/#primaryimage\",\"url\":\"https:\/\/www.visit-ulcinj.com\/blog\/wp-content\/uploads\/2014\/08\/autocesta-Dubrovnik.jpg\",\"contentUrl\":\"https:\/\/www.visit-ulcinj.com\/blog\/wp-content\/uploads\/2014\/08\/autocesta-Dubrovnik.jpg\",\"width\":704,\"height\":529},{\"@type\":\"WebPage\",\"@id\":\"https:\/\/www.visit-ulcinj.com\/blog\/2014\/08\/26\/dubrovnik-ostaje-bez-autoceste\/#webpage\",\"url\":\"https:\/\/www.visit-ulcinj.com\/blog\/2014\/08\/26\/dubrovnik-ostaje-bez-autoceste\/\",\"name\":\"Dubrovnik ostaje bez autoceste - Lajme nga Ulqini\",\"isPartOf\":{\"@id\":\"https:\/\/www.visit-ulcinj.com\/blog\/#website\"},\"primaryImageOfPage\":{\"@id\":\"https:\/\/www.visit-ulcinj.com\/blog\/2014\/08\/26\/dubrovnik-ostaje-bez-autoceste\/#primaryimage\"},\"datePublished\":\"2014-08-26T07:08:51+00:00\",\"dateModified\":\"2014-08-26T07:08:51+00:00\",\"author\":{\"@id\":\"https:\/\/www.visit-ulcinj.com\/blog\/#\/schema\/person\/dcab619c614d3038751c63bc2aadc06d\"},\"description\":\"Vlada odustaje od autoceste do Dubrovnika, gradit \u0107e se pravac preko BiH ZAGREB - Umjesto preko Dubrovnika, Crnu Goru i Albaniju sa zapadnom Europom\",\"breadcrumb\":{\"@id\":\"https:\/\/www.visit-ulcinj.com\/blog\/2014\/08\/26\/dubrovnik-ostaje-bez-autoceste\/#breadcrumb\"},\"inLanguage\":\"en-US\",\"potentialAction\":[{\"@type\":\"ReadAction\",\"target\":[\"https:\/\/www.visit-ulcinj.com\/blog\/2014\/08\/26\/dubrovnik-ostaje-bez-autoceste\/\"]}]},{\"@type\":\"BreadcrumbList\",\"@id\":\"https:\/\/www.visit-ulcinj.com\/blog\/2014\/08\/26\/dubrovnik-ostaje-bez-autoceste\/#breadcrumb\",\"itemListElement\":[{\"@type\":\"ListItem\",\"position\":1,\"name\":\"Dubrovnik ostaje bez autoceste\"}]},{\"@type\":\"Person\",\"@id\":\"https:\/\/www.visit-ulcinj.com\/blog\/#\/schema\/person\/dcab619c614d3038751c63bc2aadc06d\",\"name\":\"ulqini\",\"sameAs\":[\"http:\/\/www.visit-ulcinj.com\"],\"url\":\"https:\/\/www.visit-ulcinj.com\/blog\/author\/admin\/\"}]}<\/script>\n<!-- \/ Yoast SEO plugin. -->","yoast_head_json":{"title":"Dubrovnik ostaje bez autoceste - Lajme nga Ulqini","description":"Vlada odustaje od autoceste do Dubrovnika, gradit \u0107e se pravac preko BiH ZAGREB - Umjesto preko Dubrovnika, Crnu Goru i Albaniju sa zapadnom Europom","robots":{"index":"index","follow":"follow","max-snippet":"max-snippet:-1","max-image-preview":"max-image-preview:large","max-video-preview":"max-video-preview:-1"},"canonical":"https:\/\/www.visit-ulcinj.com\/blog\/2014\/08\/26\/dubrovnik-ostaje-bez-autoceste\/","og_locale":"en_US","og_type":"article","og_title":"Dubrovnik ostaje bez autoceste - Lajme nga Ulqini","og_description":"Vlada odustaje od autoceste do Dubrovnika, gradit \u0107e se pravac preko BiH ZAGREB - Umjesto preko Dubrovnika, Crnu Goru i Albaniju sa zapadnom Europom","og_url":"https:\/\/www.visit-ulcinj.com\/blog\/2014\/08\/26\/dubrovnik-ostaje-bez-autoceste\/","og_site_name":"Lajme nga Ulqini","article_published_time":"2014-08-26T07:08:51+00:00","og_image":[{"url":"http:\/\/www.visit-ulcinj.com\/blog\/wp-content\/uploads\/2014\/08\/autocesta-Dubrovnik.jpg"}],"twitter_misc":{"Written by":"ulqini","Est. reading time":"3 minutes"},"schema":{"@context":"https:\/\/schema.org","@graph":[{"@type":"WebSite","@id":"https:\/\/www.visit-ulcinj.com\/blog\/#website","url":"https:\/\/www.visit-ulcinj.com\/blog\/","name":"Lajme nga Ulqini","description":"Lajme,Vijesti,Ulqini,Ulqin,Crna Gora,Mali i Zi","potentialAction":[{"@type":"SearchAction","target":{"@type":"EntryPoint","urlTemplate":"https:\/\/www.visit-ulcinj.com\/blog\/?s={search_term_string}"},"query-input":"required name=search_term_string"}],"inLanguage":"en-US"},{"@type":"ImageObject","inLanguage":"en-US","@id":"https:\/\/www.visit-ulcinj.com\/blog\/2014\/08\/26\/dubrovnik-ostaje-bez-autoceste\/#primaryimage","url":"https:\/\/www.visit-ulcinj.com\/blog\/wp-content\/uploads\/2014\/08\/autocesta-Dubrovnik.jpg","contentUrl":"https:\/\/www.visit-ulcinj.com\/blog\/wp-content\/uploads\/2014\/08\/autocesta-Dubrovnik.jpg","width":704,"height":529},{"@type":"WebPage","@id":"https:\/\/www.visit-ulcinj.com\/blog\/2014\/08\/26\/dubrovnik-ostaje-bez-autoceste\/#webpage","url":"https:\/\/www.visit-ulcinj.com\/blog\/2014\/08\/26\/dubrovnik-ostaje-bez-autoceste\/","name":"Dubrovnik ostaje bez autoceste - Lajme nga Ulqini","isPartOf":{"@id":"https:\/\/www.visit-ulcinj.com\/blog\/#website"},"primaryImageOfPage":{"@id":"https:\/\/www.visit-ulcinj.com\/blog\/2014\/08\/26\/dubrovnik-ostaje-bez-autoceste\/#primaryimage"},"datePublished":"2014-08-26T07:08:51+00:00","dateModified":"2014-08-26T07:08:51+00:00","author":{"@id":"https:\/\/www.visit-ulcinj.com\/blog\/#\/schema\/person\/dcab619c614d3038751c63bc2aadc06d"},"description":"Vlada odustaje od autoceste do Dubrovnika, gradit \u0107e se pravac preko BiH ZAGREB - Umjesto preko Dubrovnika, Crnu Goru i Albaniju sa zapadnom Europom","breadcrumb":{"@id":"https:\/\/www.visit-ulcinj.com\/blog\/2014\/08\/26\/dubrovnik-ostaje-bez-autoceste\/#breadcrumb"},"inLanguage":"en-US","potentialAction":[{"@type":"ReadAction","target":["https:\/\/www.visit-ulcinj.com\/blog\/2014\/08\/26\/dubrovnik-ostaje-bez-autoceste\/"]}]},{"@type":"BreadcrumbList","@id":"https:\/\/www.visit-ulcinj.com\/blog\/2014\/08\/26\/dubrovnik-ostaje-bez-autoceste\/#breadcrumb","itemListElement":[{"@type":"ListItem","position":1,"name":"Dubrovnik ostaje bez autoceste"}]},{"@type":"Person","@id":"https:\/\/www.visit-ulcinj.com\/blog\/#\/schema\/person\/dcab619c614d3038751c63bc2aadc06d","name":"ulqini","sameAs":["http:\/\/www.visit-ulcinj.com"],"url":"https:\/\/www.visit-ulcinj.com\/blog\/author\/admin\/"}]}},"jetpack_featured_media_url":"","jetpack_sharing_enabled":true,"jetpack_shortlink":"https:\/\/wp.me\/pe6lTn-m3g","_links":{"self":[{"href":"https:\/\/www.visit-ulcinj.com\/blog\/wp-json\/wp\/v2\/posts\/84770"}],"collection":[{"href":"https:\/\/www.visit-ulcinj.com\/blog\/wp-json\/wp\/v2\/posts"}],"about":[{"href":"https:\/\/www.visit-ulcinj.com\/blog\/wp-json\/wp\/v2\/types\/post"}],"author":[{"embeddable":true,"href":"https:\/\/www.visit-ulcinj.com\/blog\/wp-json\/wp\/v2\/users\/1"}],"replies":[{"embeddable":true,"href":"https:\/\/www.visit-ulcinj.com\/blog\/wp-json\/wp\/v2\/comments?post=84770"}],"version-history":[{"count":1,"href":"https:\/\/www.visit-ulcinj.com\/blog\/wp-json\/wp\/v2\/posts\/84770\/revisions"}],"predecessor-version":[{"id":84773,"href":"https:\/\/www.visit-ulcinj.com\/blog\/wp-json\/wp\/v2\/posts\/84770\/revisions\/84773"}],"wp:attachment":[{"href":"https:\/\/www.visit-ulcinj.com\/blog\/wp-json\/wp\/v2\/media?parent=84770"}],"wp:term":[{"taxonomy":"category","embeddable":true,"href":"https:\/\/www.visit-ulcinj.com\/blog\/wp-json\/wp\/v2\/categories?post=84770"},{"taxonomy":"post_tag","embeddable":true,"href":"https:\/\/www.visit-ulcinj.com\/blog\/wp-json\/wp\/v2\/tags?post=84770"}],"curies":[{"name":"wp","href":"https:\/\/api.w.org\/{rel}","templated":true}]}}