{"id":84777,"date":"2014-08-27T07:56:36","date_gmt":"2014-08-27T06:56:36","guid":{"rendered":"http:\/\/www.visit-ulcinj.com\/blog\/?p=84777"},"modified":"2014-08-27T07:56:36","modified_gmt":"2014-08-27T06:56:36","slug":"dritero-agollit-jepet-cmimi-teuta","status":"publish","type":"post","link":"https:\/\/www.visit-ulcinj.com\/blog\/2014\/08\/27\/dritero-agollit-jepet-cmimi-teuta\/","title":{"rendered":"Dritero Agollit i jepet \u00e7mimi \u201cTeuta\u201d"},"content":{"rendered":"<p><strong><a href=\"http:\/\/www.visit-ulcinj.com\/blog\/wp-content\/uploads\/2014\/08\/Dritero-Agolli.jpg\"><img loading=\"lazy\" class=\"alignleft wp-image-84779\" src=\"http:\/\/www.visit-ulcinj.com\/blog\/wp-content\/uploads\/2014\/08\/Dritero-Agolli.jpg\" alt=\"Shkrimtari Dritero Agolli, gjate festes se 79 vjetorit te lindjes se tij.\" width=\"508\" height=\"313\" srcset=\"https:\/\/www.visit-ulcinj.com\/blog\/wp-content\/uploads\/2014\/08\/Dritero-Agolli.jpg 597w, https:\/\/www.visit-ulcinj.com\/blog\/wp-content\/uploads\/2014\/08\/Dritero-Agolli-300x184.jpg 300w\" sizes=\"(max-width: 508px) 100vw, 508px\" \/><\/a>Shoqata Rajonale e Shkrimtar\u00ebve \u201cTeuta\u201d, e themeluar nga shkrimtar\u00eb nga Kosova, Shqip\u00ebria dhe Mali i Zi, me 27 dhe 28 gusht, n\u00eb Rugov\u00eb t\u00eb Kosov\u00ebs dhe n\u00eb Kotorr t\u00eb Malit t\u00eb Zi, do t\u00eb organizoj\u00eb manifestimin letrar \u201cMuzat e Alpeve 2014\u2033. <\/strong><\/p>\n<p>Gjat\u00eb k\u00ebtyre dit\u00ebve, sipas burimeve nga kjo shoqat\u00eb, do t\u00eb organizohet nj\u00eb tryez\u00eb e rrumbullaket me tem\u00ebn: \u201cBashk\u00ebpunimi nd\u00ebrkufitar Kosov\u00eb-Shqip\u00ebri-Mal i Zi dhe integrimet evropiane n\u00eb fush\u00ebn e let\u00ebrsis\u00eb\u201d, si dhe do t\u00eb promovohet libri i autorit t\u00eb mir\u00ebnjohur boshnjak Safet Hadroviq \u201cZrtve\u201d (Viktimat).<\/p>\n<p>Ky aktivitet i cili do t\u00eb shoq\u00ebruat me nj\u00eb mbr\u00ebmje poetike, do t\u00eb vijoj\u00eb n\u00eb Kotorr t\u00eb Malit te Zi, me promovimin e librit t\u00eb Ibrahim Kadriut \u201cPopulli \u00ebsht\u00eb fajtor\u201d \u2013\u201cNarod je kriv\u201d, i p\u00ebrkthyer n\u00eb gjuh\u00ebn malazeze.<\/p>\n<p>N\u00eb Risan, qyteti i lasht\u00eb i mbret\u00ebresh\u00ebs ilire Teuta, shoqata do t\u00eb ndaj\u00eb \u00e7mimin \u201cTeuta\u201d, kushtuar vepr\u00ebs jet\u00ebsore t\u00eb shkrimtarit te mir\u00ebnjohur shqiptar Drit\u00ebro Agolli, me motivacion , \u201cNj\u00ebri nd\u00ebr shkrimtar\u00ebt m\u00eb t\u00eb m\u00ebdhenj i cili u b\u00eb sinonim i vlerave t\u00eb q\u00ebndrueshme t\u00eb fushave krijuese dhe emblem\u00eb e koh\u00ebs dhe si personaliteti i sot\u00ebm m\u00eb popullor n\u00eb kumtin e letrave shqipe\u201d.<\/p>\n<p>Agolli do ta marr\u00eb k\u00ebt\u00eb \u00e7mim nga shkrimtari i mir\u00ebnjohur malazez, akademiku Jevrem B\u00ebrkoviq, fitues i \u00e7mimit \u201cTeuta\u201d vitin e kaluar.<\/p>\n<p>Mbajtja e manifestimit \u201cMuzat e Alpeve 2014\u2033, mund\u00ebsohet nga Ministria p\u00ebr Kultur\u00eb, Rini dhe Sport e Kosov\u00ebs, Ministria p\u00ebr Integrime Evropiane e Kosov\u00ebs, Komuna e Pej\u00ebs si dhe nga Komuna e Kotorrit, p\u00ebrcjell ATSh.<\/p>\n<p>N\u00eb vitin 2015, \u201cMuzat e Alpeve\u201d do t\u00eb organizohet n\u00eb Shqip\u00ebri, ku pritet q\u00eb \u00c7mimi \u201cTeuta\u201d, p\u00ebr vepr\u00ebn jet\u00ebsore , ta marr\u00eb nj\u00eb shkrimtar nga Republika e Kosov\u00ebs.<\/p>\n<p>Koha Net<\/p>\n","protected":false},"excerpt":{"rendered":"<p>Shoqata Rajonale e Shkrimtar\u00ebve \u201cTeuta\u201d, e themeluar nga shkrimtar\u00eb nga Kosova, Shqip\u00ebria dhe Mali i Zi, me 27 dhe 28 gusht, n\u00eb Rugov\u00eb t\u00eb Kosov\u00ebs dhe n\u00eb Kotorr t\u00eb Malit t\u00eb Zi, do t\u00eb organizoj\u00eb manifestimin letrar \u201cMuzat e Alpeve 2014\u2033. Gjat\u00eb k\u00ebtyre dit\u00ebve, sipas burimeve nga kjo shoqat\u00eb, do t\u00eb organizohet nj\u00eb tryez\u00eb e [&hellip;]<\/p>\n","protected":false},"author":1,"featured_media":0,"comment_status":"closed","ping_status":"closed","sticky":false,"template":"","format":"standard","meta":{"spay_email":"","jetpack_publicize_message":"","jetpack_is_tweetstorm":false,"jetpack_publicize_feature_enabled":true},"categories":[4],"tags":[],"jetpack_publicize_connections":[],"yoast_head":"<!-- This site is optimized with the Yoast SEO plugin v19.1 - https:\/\/yoast.com\/wordpress\/plugins\/seo\/ -->\n<title>Dritero Agollit i jepet \u00e7mimi \u201cTeuta\u201d - Lajme nga Ulqini<\/title>\n<meta name=\"description\" content=\"Shoqata Rajonale e Shkrimtar\u00ebve \u201cTeuta\u201d, e themeluar nga shkrimtar\u00eb nga Kosova, Shqip\u00ebria dhe Mali i Zi, me 27 dhe 28 gusht, n\u00eb Rugov\u00eb t\u00eb Kosov\u00ebs dhe n\u00eb\" \/>\n<meta name=\"robots\" content=\"index, follow, max-snippet:-1, max-image-preview:large, max-video-preview:-1\" \/>\n<link rel=\"canonical\" href=\"https:\/\/www.visit-ulcinj.com\/blog\/2014\/08\/27\/dritero-agollit-jepet-cmimi-teuta\/\" \/>\n<meta property=\"og:locale\" content=\"en_US\" \/>\n<meta property=\"og:type\" content=\"article\" \/>\n<meta property=\"og:title\" content=\"Dritero Agollit i jepet \u00e7mimi \u201cTeuta\u201d - Lajme nga Ulqini\" \/>\n<meta property=\"og:description\" content=\"Shoqata Rajonale e Shkrimtar\u00ebve \u201cTeuta\u201d, e themeluar nga shkrimtar\u00eb nga Kosova, Shqip\u00ebria dhe Mali i Zi, me 27 dhe 28 gusht, n\u00eb Rugov\u00eb t\u00eb Kosov\u00ebs dhe n\u00eb\" \/>\n<meta property=\"og:url\" content=\"https:\/\/www.visit-ulcinj.com\/blog\/2014\/08\/27\/dritero-agollit-jepet-cmimi-teuta\/\" \/>\n<meta property=\"og:site_name\" content=\"Lajme nga Ulqini\" \/>\n<meta property=\"article:published_time\" content=\"2014-08-27T06:56:36+00:00\" \/>\n<meta property=\"og:image\" content=\"http:\/\/www.visit-ulcinj.com\/blog\/wp-content\/uploads\/2014\/08\/Dritero-Agolli.jpg\" \/>\n<meta name=\"twitter:label1\" content=\"Written by\" \/>\n\t<meta name=\"twitter:data1\" content=\"ulqini\" \/>\n\t<meta name=\"twitter:label2\" content=\"Est. reading time\" \/>\n\t<meta name=\"twitter:data2\" content=\"2 minutes\" \/>\n<script type=\"application\/ld+json\" class=\"yoast-schema-graph\">{\"@context\":\"https:\/\/schema.org\",\"@graph\":[{\"@type\":\"WebSite\",\"@id\":\"https:\/\/www.visit-ulcinj.com\/blog\/#website\",\"url\":\"https:\/\/www.visit-ulcinj.com\/blog\/\",\"name\":\"Lajme nga Ulqini\",\"description\":\"Lajme,Vijesti,Ulqini,Ulqin,Crna Gora,Mali i Zi\",\"potentialAction\":[{\"@type\":\"SearchAction\",\"target\":{\"@type\":\"EntryPoint\",\"urlTemplate\":\"https:\/\/www.visit-ulcinj.com\/blog\/?s={search_term_string}\"},\"query-input\":\"required name=search_term_string\"}],\"inLanguage\":\"en-US\"},{\"@type\":\"ImageObject\",\"inLanguage\":\"en-US\",\"@id\":\"https:\/\/www.visit-ulcinj.com\/blog\/2014\/08\/27\/dritero-agollit-jepet-cmimi-teuta\/#primaryimage\",\"url\":\"https:\/\/www.visit-ulcinj.com\/blog\/wp-content\/uploads\/2014\/08\/Dritero-Agolli.jpg\",\"contentUrl\":\"https:\/\/www.visit-ulcinj.com\/blog\/wp-content\/uploads\/2014\/08\/Dritero-Agolli.jpg\",\"width\":597,\"height\":368},{\"@type\":\"WebPage\",\"@id\":\"https:\/\/www.visit-ulcinj.com\/blog\/2014\/08\/27\/dritero-agollit-jepet-cmimi-teuta\/#webpage\",\"url\":\"https:\/\/www.visit-ulcinj.com\/blog\/2014\/08\/27\/dritero-agollit-jepet-cmimi-teuta\/\",\"name\":\"Dritero Agollit i jepet \u00e7mimi \u201cTeuta\u201d - Lajme nga Ulqini\",\"isPartOf\":{\"@id\":\"https:\/\/www.visit-ulcinj.com\/blog\/#website\"},\"primaryImageOfPage\":{\"@id\":\"https:\/\/www.visit-ulcinj.com\/blog\/2014\/08\/27\/dritero-agollit-jepet-cmimi-teuta\/#primaryimage\"},\"datePublished\":\"2014-08-27T06:56:36+00:00\",\"dateModified\":\"2014-08-27T06:56:36+00:00\",\"author\":{\"@id\":\"https:\/\/www.visit-ulcinj.com\/blog\/#\/schema\/person\/dcab619c614d3038751c63bc2aadc06d\"},\"description\":\"Shoqata Rajonale e Shkrimtar\u00ebve \u201cTeuta\u201d, e themeluar nga shkrimtar\u00eb nga Kosova, Shqip\u00ebria dhe Mali i Zi, me 27 dhe 28 gusht, n\u00eb Rugov\u00eb t\u00eb Kosov\u00ebs dhe n\u00eb\",\"breadcrumb\":{\"@id\":\"https:\/\/www.visit-ulcinj.com\/blog\/2014\/08\/27\/dritero-agollit-jepet-cmimi-teuta\/#breadcrumb\"},\"inLanguage\":\"en-US\",\"potentialAction\":[{\"@type\":\"ReadAction\",\"target\":[\"https:\/\/www.visit-ulcinj.com\/blog\/2014\/08\/27\/dritero-agollit-jepet-cmimi-teuta\/\"]}]},{\"@type\":\"BreadcrumbList\",\"@id\":\"https:\/\/www.visit-ulcinj.com\/blog\/2014\/08\/27\/dritero-agollit-jepet-cmimi-teuta\/#breadcrumb\",\"itemListElement\":[{\"@type\":\"ListItem\",\"position\":1,\"name\":\"Dritero Agollit i jepet \u00e7mimi \u201cTeuta\u201d\"}]},{\"@type\":\"Person\",\"@id\":\"https:\/\/www.visit-ulcinj.com\/blog\/#\/schema\/person\/dcab619c614d3038751c63bc2aadc06d\",\"name\":\"ulqini\",\"sameAs\":[\"http:\/\/www.visit-ulcinj.com\"],\"url\":\"https:\/\/www.visit-ulcinj.com\/blog\/author\/admin\/\"}]}<\/script>\n<!-- \/ Yoast SEO plugin. -->","yoast_head_json":{"title":"Dritero Agollit i jepet \u00e7mimi \u201cTeuta\u201d - Lajme nga Ulqini","description":"Shoqata Rajonale e Shkrimtar\u00ebve \u201cTeuta\u201d, e themeluar nga shkrimtar\u00eb nga Kosova, Shqip\u00ebria dhe Mali i Zi, me 27 dhe 28 gusht, n\u00eb Rugov\u00eb t\u00eb Kosov\u00ebs dhe n\u00eb","robots":{"index":"index","follow":"follow","max-snippet":"max-snippet:-1","max-image-preview":"max-image-preview:large","max-video-preview":"max-video-preview:-1"},"canonical":"https:\/\/www.visit-ulcinj.com\/blog\/2014\/08\/27\/dritero-agollit-jepet-cmimi-teuta\/","og_locale":"en_US","og_type":"article","og_title":"Dritero Agollit i jepet \u00e7mimi \u201cTeuta\u201d - Lajme nga Ulqini","og_description":"Shoqata Rajonale e Shkrimtar\u00ebve \u201cTeuta\u201d, e themeluar nga shkrimtar\u00eb nga Kosova, Shqip\u00ebria dhe Mali i Zi, me 27 dhe 28 gusht, n\u00eb Rugov\u00eb t\u00eb Kosov\u00ebs dhe n\u00eb","og_url":"https:\/\/www.visit-ulcinj.com\/blog\/2014\/08\/27\/dritero-agollit-jepet-cmimi-teuta\/","og_site_name":"Lajme nga Ulqini","article_published_time":"2014-08-27T06:56:36+00:00","og_image":[{"url":"http:\/\/www.visit-ulcinj.com\/blog\/wp-content\/uploads\/2014\/08\/Dritero-Agolli.jpg"}],"twitter_misc":{"Written by":"ulqini","Est. reading time":"2 minutes"},"schema":{"@context":"https:\/\/schema.org","@graph":[{"@type":"WebSite","@id":"https:\/\/www.visit-ulcinj.com\/blog\/#website","url":"https:\/\/www.visit-ulcinj.com\/blog\/","name":"Lajme nga Ulqini","description":"Lajme,Vijesti,Ulqini,Ulqin,Crna Gora,Mali i Zi","potentialAction":[{"@type":"SearchAction","target":{"@type":"EntryPoint","urlTemplate":"https:\/\/www.visit-ulcinj.com\/blog\/?s={search_term_string}"},"query-input":"required name=search_term_string"}],"inLanguage":"en-US"},{"@type":"ImageObject","inLanguage":"en-US","@id":"https:\/\/www.visit-ulcinj.com\/blog\/2014\/08\/27\/dritero-agollit-jepet-cmimi-teuta\/#primaryimage","url":"https:\/\/www.visit-ulcinj.com\/blog\/wp-content\/uploads\/2014\/08\/Dritero-Agolli.jpg","contentUrl":"https:\/\/www.visit-ulcinj.com\/blog\/wp-content\/uploads\/2014\/08\/Dritero-Agolli.jpg","width":597,"height":368},{"@type":"WebPage","@id":"https:\/\/www.visit-ulcinj.com\/blog\/2014\/08\/27\/dritero-agollit-jepet-cmimi-teuta\/#webpage","url":"https:\/\/www.visit-ulcinj.com\/blog\/2014\/08\/27\/dritero-agollit-jepet-cmimi-teuta\/","name":"Dritero Agollit i jepet \u00e7mimi \u201cTeuta\u201d - Lajme nga Ulqini","isPartOf":{"@id":"https:\/\/www.visit-ulcinj.com\/blog\/#website"},"primaryImageOfPage":{"@id":"https:\/\/www.visit-ulcinj.com\/blog\/2014\/08\/27\/dritero-agollit-jepet-cmimi-teuta\/#primaryimage"},"datePublished":"2014-08-27T06:56:36+00:00","dateModified":"2014-08-27T06:56:36+00:00","author":{"@id":"https:\/\/www.visit-ulcinj.com\/blog\/#\/schema\/person\/dcab619c614d3038751c63bc2aadc06d"},"description":"Shoqata Rajonale e Shkrimtar\u00ebve \u201cTeuta\u201d, e themeluar nga shkrimtar\u00eb nga Kosova, Shqip\u00ebria dhe Mali i Zi, me 27 dhe 28 gusht, n\u00eb Rugov\u00eb t\u00eb Kosov\u00ebs dhe n\u00eb","breadcrumb":{"@id":"https:\/\/www.visit-ulcinj.com\/blog\/2014\/08\/27\/dritero-agollit-jepet-cmimi-teuta\/#breadcrumb"},"inLanguage":"en-US","potentialAction":[{"@type":"ReadAction","target":["https:\/\/www.visit-ulcinj.com\/blog\/2014\/08\/27\/dritero-agollit-jepet-cmimi-teuta\/"]}]},{"@type":"BreadcrumbList","@id":"https:\/\/www.visit-ulcinj.com\/blog\/2014\/08\/27\/dritero-agollit-jepet-cmimi-teuta\/#breadcrumb","itemListElement":[{"@type":"ListItem","position":1,"name":"Dritero Agollit i jepet \u00e7mimi \u201cTeuta\u201d"}]},{"@type":"Person","@id":"https:\/\/www.visit-ulcinj.com\/blog\/#\/schema\/person\/dcab619c614d3038751c63bc2aadc06d","name":"ulqini","sameAs":["http:\/\/www.visit-ulcinj.com"],"url":"https:\/\/www.visit-ulcinj.com\/blog\/author\/admin\/"}]}},"jetpack_featured_media_url":"","jetpack_sharing_enabled":true,"jetpack_shortlink":"https:\/\/wp.me\/pe6lTn-m3n","_links":{"self":[{"href":"https:\/\/www.visit-ulcinj.com\/blog\/wp-json\/wp\/v2\/posts\/84777"}],"collection":[{"href":"https:\/\/www.visit-ulcinj.com\/blog\/wp-json\/wp\/v2\/posts"}],"about":[{"href":"https:\/\/www.visit-ulcinj.com\/blog\/wp-json\/wp\/v2\/types\/post"}],"author":[{"embeddable":true,"href":"https:\/\/www.visit-ulcinj.com\/blog\/wp-json\/wp\/v2\/users\/1"}],"replies":[{"embeddable":true,"href":"https:\/\/www.visit-ulcinj.com\/blog\/wp-json\/wp\/v2\/comments?post=84777"}],"version-history":[{"count":1,"href":"https:\/\/www.visit-ulcinj.com\/blog\/wp-json\/wp\/v2\/posts\/84777\/revisions"}],"predecessor-version":[{"id":84780,"href":"https:\/\/www.visit-ulcinj.com\/blog\/wp-json\/wp\/v2\/posts\/84777\/revisions\/84780"}],"wp:attachment":[{"href":"https:\/\/www.visit-ulcinj.com\/blog\/wp-json\/wp\/v2\/media?parent=84777"}],"wp:term":[{"taxonomy":"category","embeddable":true,"href":"https:\/\/www.visit-ulcinj.com\/blog\/wp-json\/wp\/v2\/categories?post=84777"},{"taxonomy":"post_tag","embeddable":true,"href":"https:\/\/www.visit-ulcinj.com\/blog\/wp-json\/wp\/v2\/tags?post=84777"}],"curies":[{"name":"wp","href":"https:\/\/api.w.org\/{rel}","templated":true}]}}