{"id":84781,"date":"2014-08-27T17:51:18","date_gmt":"2014-08-27T16:51:18","guid":{"rendered":"http:\/\/www.visit-ulcinj.com\/blog\/?p=84781"},"modified":"2014-08-28T12:16:15","modified_gmt":"2014-08-28T11:16:15","slug":"nika-si-plackitet-rana-e-bunes-ne-ulqin","status":"publish","type":"post","link":"https:\/\/www.visit-ulcinj.com\/blog\/2014\/08\/27\/nika-si-plackitet-rana-e-bunes-ne-ulqin\/","title":{"rendered":"Nika: Si pla\u00e7kitet rana e Bun\u00ebs n\u00eb Ulqin"},"content":{"rendered":"<p><strong><em><a href=\"http:\/\/www.visit-ulcinj.com\/blog\/wp-content\/uploads\/2014\/08\/Lumi-Buna-2007.jpg\"><img loading=\"lazy\" class=\"alignleft wp-image-84782\" src=\"http:\/\/www.visit-ulcinj.com\/blog\/wp-content\/uploads\/2014\/08\/Lumi-Buna-2007.jpg\" alt=\"Lumi-Buna-2007\" width=\"508\" height=\"263\" srcset=\"https:\/\/www.visit-ulcinj.com\/blog\/wp-content\/uploads\/2014\/08\/Lumi-Buna-2007.jpg 630w, https:\/\/www.visit-ulcinj.com\/blog\/wp-content\/uploads\/2014\/08\/Lumi-Buna-2007-300x155.jpg 300w\" sizes=\"(max-width: 508px) 100vw, 508px\" \/><\/a><\/em><\/strong><strong><em>Kjo fotografi satelitore tregon p\u00ebr sistemin ujor t\u00eb lumit Buna para g\u00ebrrmimeve 2007 n\u00eb t\u00eb dy krah\u00ebt\u2026<\/em><\/strong><\/p>\n<p>&nbsp;<\/p>\n<p><strong><em>Shkruan Muhamet Nika :\u00a0\u00a0\u00a0\u00a0 <\/em><\/strong><\/p>\n<p>N\u00eb koh\u00ebn e komunizmit, kuvendi i at\u00ebhersh\u00ebm i komun\u00ebs s\u00eb Ulqinit , p\u00ebr shfryt\u00ebzimin e r\u00ebr\u00ebs n\u00eb Ulqin, si nj\u00ebri nga potencialet m\u00eb t\u00eb m\u00ebdha minerare t\u00eb komun\u00ebs s\u00eb Ulqinit, \u00e7\u00ebshtjen e shitjes s\u00eb saj ia kishte besuar nd\u00ebrmarrjes \u201cPrimorje\u201d, p\u00ebr nd\u00ebrtim nga Ulqini. Ajo me drejtorin\u00eb e saj , kish filluar ta eksplatonte at\u00eb n\u00eb m\u00ebnyr\u00eb t\u00eb pakontrolluar, p\u00ebrgjat\u00eb gjith\u00eb plazhit n\u00eb Shtoj , duke krijuar at\u00ebher\u00eb ,kratere t\u00eb cilat me siguri q\u00eb mund t\u00eb hetohen edhe nga h\u00ebna. Ky shfryt\u00ebzim i till\u00eb jasht\u00eb \u00e7do kriteri, po prishte sistemin ekologjik dhe mjedisor t\u00eb komun\u00ebs.<\/p>\n<p>M\u00eb pas, me transformimin ekonomik t\u00eb k\u00ebsaj nd\u00ebrmarrjeje, pushteti vendor i koh\u00ebs, edhe pse pati hap\u00ebsir\u00eb ligjore , p\u00ebr ta futur n\u00ebn kompetencat e veta, duke krijuar nj\u00eb shitje t\u00eb kontrolluar t\u00eb saj, ajo nuk e b\u00ebri k\u00ebt\u00eb. K\u00ebshtu q\u00eb shfryt\u00ebzimin e saj e b\u00ebnin ata t\u00eb cil\u00ebt viheshin n\u00eb krye t\u00eb nd\u00ebrmarrjes , kurse m\u00eb von\u00eb , k\u00ebt\u00eb pun\u00eb v\u00ebrejm\u00eb q\u00eb e b\u00ebnin persona dhe kompani t\u00eb cilat ishin m\u00eb af\u00ebr qeveris\u00eb, n\u00eb fakt partis\u00eb n\u00eb pushtet.<\/p>\n<p>P\u00ebr hir\u00eb t\u00eb s\u00eb v\u00ebrtet\u00ebs, pas vitit 2003, pati liberalizim brenda politik\u00ebs qeveritare, p\u00ebr sa u p\u00ebrket shfryt\u00ebzimit t\u00eb t\u00eb gjitha t\u00eb mirave natyrore , n\u00eb llogari t\u00eb popull\u00ebsive t\u00eb cilat jetonin buz\u00eb t\u00eb mirave t\u00eb cekura. Dhe k\u00ebshtu, aty gjat\u00eb vitit , kujtoi, 2006-2007, kur qeveria , po p\u00ebrgatitej p\u00ebr pla\u00e7kitjen e shekullit t\u00eb k\u00ebsaj pasurie natyrore n\u00eb d\u00ebm t\u00eb popullat\u00ebs vendore, shohim q\u00eb i pat d\u00ebrguar pushtetit vendor , nj\u00eb shkres\u00eb, q\u00eb t\u00eb p\u00ebrcaktoj\u00eb lokalitetin , se ku do t\u00eb duhej t\u00eb b\u00ebhej eksplatimi i r\u00ebr\u00ebs , gurit, drurit etj,p\u00ebr nevojat e qytetar\u00ebve n\u00eb Ulqin, dhe n\u00eb n\u00eb \u00e7far\u00eb sasije. Kuptohet n\u00eb baz\u00eb t\u00eb nj\u00eb plani t\u00eb miratuar n\u00eb kuvend, mir\u00ebpo p\u00ebr pun\u00eb p\u00ebrtacie, nuk u p\u00ebrgjigj fare n\u00eb shkres\u00eb ?!! Kjo gj\u00eb vazhdon edhe sot duke ndihmuar qytetar\u00ebt e vet q\u00eb p\u00ebr q\u00ebllime individuale t\u00eb shfryt\u00ebzonin r\u00ebr\u00ebn e detit, dhe at\u00eb t\u00eb bregut t\u00eb Bun\u00ebs, q\u00eb nga derdhja e saj e deri n\u00eb Fraskanjel e Suikubin\u00eb.<\/p>\n<p><strong><em>Shryt\u00ebzimi (mbishfryt\u00ebzimi) pakriter i r\u00ebr\u00ebs gjat\u00eb vitit 2007- 2008- 2009<\/em><\/strong><\/p>\n<p>Sipas t\u00eb gjitha konventave nd\u00ebrkomb\u00ebtare mbishfryt\u00ebzimet e resurseve natyrore n\u00eb d\u00ebm t\u00eb popull\u00ebsis\u00eb s\u00eb vendit, trajtohen si veprim okupues i qendr\u00ebs. Duke pasur para sysh funksionet e larta shtetrore q\u00eb mbuloja n\u00eb k\u00ebt\u00eb koh\u00eb si: k\u00ebshilltar\u00eb, deputet, drejtor, kryetar i parlamentit n\u00eb Ulqin, n\u00ebnkryetar i komun\u00ebs s\u00eb Ulqinit etj, ka ndodhur t\u00eb m\u00eb jen\u00eb ofruar njer\u00ebz me informacione nga m\u00eb t\u00eb ndryshmet t\u00eb cilat d\u00ebshmojn\u00eb p\u00ebr k\u00ebto padrejt\u00ebsi.<\/p>\n<p>Pozitat politike e disa partive nacionale, p\u00ebr sa i p\u00ebrket luft\u00ebs kund\u00ebr pla\u00e7kitjes s\u00eb k\u00ebtyre potencialeve nuk ka ndryshuar as sot p\u00ebr t\u00eb mir\u00eb. Ata po duket se ve\u00e7 d\u00ebshirojn\u00eb t\u2019i ngjiten karrier\u00ebs n\u00eb pushtet, vet\u00ebm p\u00ebr t\u00eb ushtruar presion n\u00eb qeveri, dhe p\u00ebr t\u00eb privatizuar n\u00eb em\u00ebr t\u00eb ligjit dhe popull\u00ebsis\u00eb vendase, resurset e ndryshme ekonomike t\u00eb qytetit.Me sa un\u00eb jam n\u00eb njohuri, n\u00eb pushtetin vendor t\u00eb Ulqinit, nuk ekziston ende asnj\u00eb zyrtar i saj q\u00eb t\u00eb jet\u00eb i pun\u00ebsuar dhe i cili do t\u00eb duhej t\u00eb ndiqte p\u00ebrcjelln dhe ndryshimet e ligjeve t\u00eb ndryshme q\u00eb shkojn\u00eb n\u00eb favor t\u00eb decentralizimit t\u00eb pushtetit, si puna e ligjit t\u00eb p\u00ebrmendur. Atyre sikur u shkon n\u00eb favor q\u00eb fjala bie , ata vet\u00eb n\u00eb nj\u00eb form\u00eb apo tjet\u00ebr dhe \u201dn\u00eb em\u00ebr t\u00eb popullit\u201d, si dikur, t\u00eb p\u00ebrfitonin nga shitja e k\u00ebtyre pasurive?!!<\/p>\n<p>Kjo metod\u00eb pune, n\u00eb raport t\u00eb tyre me pushtetin qendror, ka krijuar hap\u00ebsir\u00eb p\u00ebr mbishfryt\u00ebzime t\u00eb ndryshme t\u00eb Ulqinit n\u00eb shum\u00eb segmente duke filluar me planifikim e deri te brezi i t\u00eb mirave detare.. Rasti i mbishfryt\u00ebzimit t\u00eb r\u00ebr\u00ebs, duke pasur monopol n\u00eb shitjen e saj e d\u00ebshmon m\u00eb s\u00eb miri k\u00ebt\u00eb. Kjo q\u00eb ka ndodhur ka prishur ekosistemin natyror t\u00eb mjedisit me pasoja tep\u00ebr t\u00eb m\u00ebdha mjedisore q\u00eb po duket jan\u00eb ka provokojn\u00eb p\u00ebrmbytje t\u00eb shpeshta n\u00eb fushen e Shtojit nga Buna. T\u00eb k\u00ebsaj natyre duhet t\u00eb ishin edhe g\u00ebrmimet e pa kontrolluara n\u00eb derdhje t\u00eb gryk\u00ebs s\u00eb Bun\u00ebs gjat\u00eb vitit 2007-2008-2009, q\u00eb krijuan nj\u00eb thell\u00ebsi n\u00eb nj\u00ebrin krah t\u00eb sajin, n\u00eb t\u00eb cilin pastaj u l\u00ebshua fuqish\u00ebm rrjedha e Bun\u00ebs , p\u00ebr gjat\u00eb shtratit t\u00eb thelluar t\u00eb delt\u00ebs. Sasija e ujit q\u00eb arrin n\u00eb derdhje nuk po ndahej m\u00eb si m\u00eb par\u00eb n\u00eb dy krah\u00eb.Krahu i saj nga ana e shqip\u00ebris\u00eb, nuk p\u00ebrpin m\u00eb ujin duke mos qen\u00eb i thelluar, nga se nga ai krah nuk u mor r\u00ebra\u2026?!!!<\/p>\n<p>Fotografit\u00eb satelitore, tregojn\u00eb p\u00ebr prishjen e sistemit ambiental t\u00eb Bun\u00ebs dhe zonave p\u00ebr rreth tij q\u00eb provokojn\u00eb p\u00ebrmbytjen n\u00eb Shtoj edhe aty ku nuk ish. P\u00ebr k\u00ebt\u00eb shih hart\u00ebn si m\u00eb posht\u00eb, para g\u00ebrrmimeve tep\u00ebr t\u00eb thella \u2013 mbi 30 metra n\u00eb nj\u00ebrin krah t\u00eb Bun\u00ebs dhe pas g\u00ebrmimeve?!<\/p>\n<p>&nbsp;<\/p>\n<p><strong><em>Kto 2 fotografi satelitore n\u00eb vazhdim, tregojn\u00eb p\u00ebr sistemin ujor t\u00eb lumit Buna para dhe pas g\u00ebrrmimeve 2007..Epara duket m\u00eb e past\u00ebr kurse e dyta e b\u00ebr\u00eb, gjat\u00eb vitit 2009 \u00ebsht\u00eb duksh\u00ebm m\u00eb e zez\u00eb, si pasoj\u00eb e g\u00ebrrmimeve prej 30m.thell\u00ebsi, deri sa u gjet shtrati prej dheu t\u00eb lumit Buna?!!<\/em><\/strong><\/p>\n<p><a href=\"http:\/\/www.visit-ulcinj.com\/blog\/wp-content\/uploads\/2014\/08\/Lumi-Buna-2007-09.jpg\"><img loading=\"lazy\" class=\"alignleft wp-image-84783 size-full\" src=\"http:\/\/www.visit-ulcinj.com\/blog\/wp-content\/uploads\/2014\/08\/Lumi-Buna-2007-09.jpg\" alt=\"Lumi-Buna-2007-09\" width=\"508\" height=\"452\" srcset=\"https:\/\/www.visit-ulcinj.com\/blog\/wp-content\/uploads\/2014\/08\/Lumi-Buna-2007-09.jpg 508w, https:\/\/www.visit-ulcinj.com\/blog\/wp-content\/uploads\/2014\/08\/Lumi-Buna-2007-09-300x266.jpg 300w\" sizes=\"(max-width: 508px) 100vw, 508px\" \/><\/a><\/p>\n<p>Eksplatimi i r\u00ebr\u00ebs gjat\u00eb vitit 2007 , 2008 dhe 2009,dihet se u b\u00eb nga firma INTEGRAL nga PODGORICA, drejtor ekzekutiv i t\u00eb cil\u00ebs ishte Sllavko Bo\u0161kovi\u0107, nj\u00eb refugjat nga Kosova.<br \/>\nEksplatimi ditor i r\u00ebr\u00ebs, sillej rreth500 kubik\u00eb r\u00ebr\u00eb n\u00eb dit\u00eb. R\u00ebr\u00eb e klasit par\u00eb, q\u00eb shitej direkt p\u00ebr nd\u00ebrtimtari duke mos pasur nevoj\u00eb q\u00eb t\u00eb p\u00ebrpunohej, me nj\u00eb \u00e7mim prej 25 e. Ekjo , po t\u00eb mblidhej sipas shitjes ditore, do t\u00eb thot\u00eb 10 \u2013 12 mij\u00eb euro n\u00eb dit\u00eb?! E q\u00eb brenda nj\u00eb vit- shprehur n\u00eb shifra do t\u00eb thoshte, 365 x 11mij\u00eb = 4 milion\u00eb e 15 mij\u00eb euro n\u00eb vit?! Nd\u00ebrsa, sipas disa t\u00eb dh\u00ebnave t\u00eb nxjerra n\u00eb m\u00ebnyr\u00eb imperative nga drejtoria e t\u00eb ardhurave del q\u00eb pagesa e \u201ePDV-s\u00eb\u201c, brend 12 muajve t\u00eb vitit ishte m\u00eb se qesharake&#8230;. , psh., ajo gjat\u00eb 2008, nuk i kalonte 69 e. n\u00eb muaj&#8230;?!!!!<\/p>\n<p>Ja disa t\u00eb dh\u00ebna t\u00eb t\u00ebrthorta t\u00eb dor\u00ebzuara me shkrim, q\u00eb flet p\u00ebr dinamik\u00ebn e pages\u00eb t\u00eb PDV-s\u00eb , gjat\u00eb viteve 2007-2009, nga shitja e r\u00ebr\u00ebs q\u00eb b\u00ebmte firma elspatuese.<\/p>\n<p><a href=\"http:\/\/www.visit-ulcinj.com\/blog\/wp-content\/uploads\/2014\/08\/faturat-e-eksploatimit-te-reres-ne-Bune.jpg\"><img loading=\"lazy\" class=\"alignleft wp-image-84784\" src=\"http:\/\/www.visit-ulcinj.com\/blog\/wp-content\/uploads\/2014\/08\/faturat-e-eksploatimit-te-reres-ne-Bune.jpg\" alt=\"faturat-e-eksploatimit-te -reres-ne-Bune\" width=\"508\" height=\"436\" srcset=\"https:\/\/www.visit-ulcinj.com\/blog\/wp-content\/uploads\/2014\/08\/faturat-e-eksploatimit-te-reres-ne-Bune.jpg 504w, https:\/\/www.visit-ulcinj.com\/blog\/wp-content\/uploads\/2014\/08\/faturat-e-eksploatimit-te-reres-ne-Bune-300x257.jpg 300w\" sizes=\"(max-width: 508px) 100vw, 508px\" \/><\/a><\/p>\n<p><strong>N\u00eb vazhdim:<br \/>\nKush pritet ta pla\u00e7kis\u00eb r\u00ebren, k\u00ebt\u00eb vit,  duke filluar nga shtatori i 2014&#8230;?!!!<br \/>\n<\/strong><\/p>\n","protected":false},"excerpt":{"rendered":"<p>Kjo fotografi satelitore tregon p\u00ebr sistemin ujor t\u00eb lumit Buna para g\u00ebrrmimeve 2007 n\u00eb t\u00eb dy krah\u00ebt\u2026 &nbsp; Shkruan Muhamet Nika :\u00a0\u00a0\u00a0\u00a0 N\u00eb koh\u00ebn e komunizmit, kuvendi i at\u00ebhersh\u00ebm i komun\u00ebs s\u00eb Ulqinit , p\u00ebr shfryt\u00ebzimin e r\u00ebr\u00ebs n\u00eb Ulqin, si nj\u00ebri nga potencialet m\u00eb t\u00eb m\u00ebdha minerare t\u00eb komun\u00ebs s\u00eb Ulqinit, \u00e7\u00ebshtjen e shitjes [&hellip;]<\/p>\n","protected":false},"author":1,"featured_media":0,"comment_status":"closed","ping_status":"closed","sticky":false,"template":"","format":"standard","meta":{"spay_email":"","jetpack_publicize_message":"","jetpack_is_tweetstorm":false,"jetpack_publicize_feature_enabled":true},"categories":[1,14249],"tags":[],"jetpack_publicize_connections":[],"yoast_head":"<!-- This site is optimized with the Yoast SEO plugin v19.1 - https:\/\/yoast.com\/wordpress\/plugins\/seo\/ -->\n<title>Nika: Si pla\u00e7kitet rana e Bun\u00ebs n\u00eb Ulqin - Lajme nga Ulqini<\/title>\n<meta name=\"description\" content=\"Kjo fotografi satelitore tregon p\u00ebr sistemin ujor t\u00eb lumit Buna para g\u00ebrrmimeve 2007 n\u00eb t\u00eb dy krah\u00ebt\u2026 &nbsp; Shkruan Muhamet Nika :\u00a0\u00a0\u00a0\u00a0 N\u00eb koh\u00ebn e\" \/>\n<meta name=\"robots\" content=\"index, follow, max-snippet:-1, max-image-preview:large, max-video-preview:-1\" \/>\n<link rel=\"canonical\" href=\"https:\/\/www.visit-ulcinj.com\/blog\/2014\/08\/27\/nika-si-plackitet-rana-e-bunes-ne-ulqin\/\" \/>\n<meta property=\"og:locale\" content=\"en_US\" \/>\n<meta property=\"og:type\" content=\"article\" \/>\n<meta property=\"og:title\" content=\"Nika: Si pla\u00e7kitet rana e Bun\u00ebs n\u00eb Ulqin - Lajme nga Ulqini\" \/>\n<meta property=\"og:description\" content=\"Kjo fotografi satelitore tregon p\u00ebr sistemin ujor t\u00eb lumit Buna para g\u00ebrrmimeve 2007 n\u00eb t\u00eb dy krah\u00ebt\u2026 &nbsp; Shkruan Muhamet Nika :\u00a0\u00a0\u00a0\u00a0 N\u00eb koh\u00ebn e\" \/>\n<meta property=\"og:url\" content=\"https:\/\/www.visit-ulcinj.com\/blog\/2014\/08\/27\/nika-si-plackitet-rana-e-bunes-ne-ulqin\/\" \/>\n<meta property=\"og:site_name\" content=\"Lajme nga Ulqini\" \/>\n<meta property=\"article:published_time\" content=\"2014-08-27T16:51:18+00:00\" \/>\n<meta property=\"article:modified_time\" content=\"2014-08-28T11:16:15+00:00\" \/>\n<meta property=\"og:image\" content=\"http:\/\/www.visit-ulcinj.com\/blog\/wp-content\/uploads\/2014\/08\/Lumi-Buna-2007.jpg\" \/>\n<meta name=\"twitter:label1\" content=\"Written by\" \/>\n\t<meta name=\"twitter:data1\" content=\"ulqini\" \/>\n\t<meta name=\"twitter:label2\" content=\"Est. reading time\" \/>\n\t<meta name=\"twitter:data2\" content=\"6 minutes\" \/>\n<script type=\"application\/ld+json\" class=\"yoast-schema-graph\">{\"@context\":\"https:\/\/schema.org\",\"@graph\":[{\"@type\":\"WebSite\",\"@id\":\"https:\/\/www.visit-ulcinj.com\/blog\/#website\",\"url\":\"https:\/\/www.visit-ulcinj.com\/blog\/\",\"name\":\"Lajme nga Ulqini\",\"description\":\"Lajme,Vijesti,Ulqini,Ulqin,Crna Gora,Mali i Zi\",\"potentialAction\":[{\"@type\":\"SearchAction\",\"target\":{\"@type\":\"EntryPoint\",\"urlTemplate\":\"https:\/\/www.visit-ulcinj.com\/blog\/?s={search_term_string}\"},\"query-input\":\"required name=search_term_string\"}],\"inLanguage\":\"en-US\"},{\"@type\":\"ImageObject\",\"inLanguage\":\"en-US\",\"@id\":\"https:\/\/www.visit-ulcinj.com\/blog\/2014\/08\/27\/nika-si-plackitet-rana-e-bunes-ne-ulqin\/#primaryimage\",\"url\":\"https:\/\/www.visit-ulcinj.com\/blog\/wp-content\/uploads\/2014\/08\/Lumi-Buna-2007.jpg\",\"contentUrl\":\"https:\/\/www.visit-ulcinj.com\/blog\/wp-content\/uploads\/2014\/08\/Lumi-Buna-2007.jpg\",\"width\":630,\"height\":326},{\"@type\":\"WebPage\",\"@id\":\"https:\/\/www.visit-ulcinj.com\/blog\/2014\/08\/27\/nika-si-plackitet-rana-e-bunes-ne-ulqin\/#webpage\",\"url\":\"https:\/\/www.visit-ulcinj.com\/blog\/2014\/08\/27\/nika-si-plackitet-rana-e-bunes-ne-ulqin\/\",\"name\":\"Nika: Si pla\u00e7kitet rana e Bun\u00ebs n\u00eb Ulqin - Lajme nga Ulqini\",\"isPartOf\":{\"@id\":\"https:\/\/www.visit-ulcinj.com\/blog\/#website\"},\"primaryImageOfPage\":{\"@id\":\"https:\/\/www.visit-ulcinj.com\/blog\/2014\/08\/27\/nika-si-plackitet-rana-e-bunes-ne-ulqin\/#primaryimage\"},\"datePublished\":\"2014-08-27T16:51:18+00:00\",\"dateModified\":\"2014-08-28T11:16:15+00:00\",\"author\":{\"@id\":\"https:\/\/www.visit-ulcinj.com\/blog\/#\/schema\/person\/dcab619c614d3038751c63bc2aadc06d\"},\"description\":\"Kjo fotografi satelitore tregon p\u00ebr sistemin ujor t\u00eb lumit Buna para g\u00ebrrmimeve 2007 n\u00eb t\u00eb dy krah\u00ebt\u2026 &nbsp; Shkruan Muhamet Nika :\u00a0\u00a0\u00a0\u00a0 N\u00eb koh\u00ebn e\",\"breadcrumb\":{\"@id\":\"https:\/\/www.visit-ulcinj.com\/blog\/2014\/08\/27\/nika-si-plackitet-rana-e-bunes-ne-ulqin\/#breadcrumb\"},\"inLanguage\":\"en-US\",\"potentialAction\":[{\"@type\":\"ReadAction\",\"target\":[\"https:\/\/www.visit-ulcinj.com\/blog\/2014\/08\/27\/nika-si-plackitet-rana-e-bunes-ne-ulqin\/\"]}]},{\"@type\":\"BreadcrumbList\",\"@id\":\"https:\/\/www.visit-ulcinj.com\/blog\/2014\/08\/27\/nika-si-plackitet-rana-e-bunes-ne-ulqin\/#breadcrumb\",\"itemListElement\":[{\"@type\":\"ListItem\",\"position\":1,\"name\":\"Nika: Si pla\u00e7kitet rana e Bun\u00ebs n\u00eb Ulqin\"}]},{\"@type\":\"Person\",\"@id\":\"https:\/\/www.visit-ulcinj.com\/blog\/#\/schema\/person\/dcab619c614d3038751c63bc2aadc06d\",\"name\":\"ulqini\",\"sameAs\":[\"http:\/\/www.visit-ulcinj.com\"],\"url\":\"https:\/\/www.visit-ulcinj.com\/blog\/author\/admin\/\"}]}<\/script>\n<!-- \/ Yoast SEO plugin. -->","yoast_head_json":{"title":"Nika: Si pla\u00e7kitet rana e Bun\u00ebs n\u00eb Ulqin - Lajme nga Ulqini","description":"Kjo fotografi satelitore tregon p\u00ebr sistemin ujor t\u00eb lumit Buna para g\u00ebrrmimeve 2007 n\u00eb t\u00eb dy krah\u00ebt\u2026 &nbsp; Shkruan Muhamet Nika :\u00a0\u00a0\u00a0\u00a0 N\u00eb koh\u00ebn e","robots":{"index":"index","follow":"follow","max-snippet":"max-snippet:-1","max-image-preview":"max-image-preview:large","max-video-preview":"max-video-preview:-1"},"canonical":"https:\/\/www.visit-ulcinj.com\/blog\/2014\/08\/27\/nika-si-plackitet-rana-e-bunes-ne-ulqin\/","og_locale":"en_US","og_type":"article","og_title":"Nika: Si pla\u00e7kitet rana e Bun\u00ebs n\u00eb Ulqin - Lajme nga Ulqini","og_description":"Kjo fotografi satelitore tregon p\u00ebr sistemin ujor t\u00eb lumit Buna para g\u00ebrrmimeve 2007 n\u00eb t\u00eb dy krah\u00ebt\u2026 &nbsp; Shkruan Muhamet Nika :\u00a0\u00a0\u00a0\u00a0 N\u00eb koh\u00ebn e","og_url":"https:\/\/www.visit-ulcinj.com\/blog\/2014\/08\/27\/nika-si-plackitet-rana-e-bunes-ne-ulqin\/","og_site_name":"Lajme nga Ulqini","article_published_time":"2014-08-27T16:51:18+00:00","article_modified_time":"2014-08-28T11:16:15+00:00","og_image":[{"url":"http:\/\/www.visit-ulcinj.com\/blog\/wp-content\/uploads\/2014\/08\/Lumi-Buna-2007.jpg"}],"twitter_misc":{"Written by":"ulqini","Est. reading time":"6 minutes"},"schema":{"@context":"https:\/\/schema.org","@graph":[{"@type":"WebSite","@id":"https:\/\/www.visit-ulcinj.com\/blog\/#website","url":"https:\/\/www.visit-ulcinj.com\/blog\/","name":"Lajme nga Ulqini","description":"Lajme,Vijesti,Ulqini,Ulqin,Crna Gora,Mali i Zi","potentialAction":[{"@type":"SearchAction","target":{"@type":"EntryPoint","urlTemplate":"https:\/\/www.visit-ulcinj.com\/blog\/?s={search_term_string}"},"query-input":"required name=search_term_string"}],"inLanguage":"en-US"},{"@type":"ImageObject","inLanguage":"en-US","@id":"https:\/\/www.visit-ulcinj.com\/blog\/2014\/08\/27\/nika-si-plackitet-rana-e-bunes-ne-ulqin\/#primaryimage","url":"https:\/\/www.visit-ulcinj.com\/blog\/wp-content\/uploads\/2014\/08\/Lumi-Buna-2007.jpg","contentUrl":"https:\/\/www.visit-ulcinj.com\/blog\/wp-content\/uploads\/2014\/08\/Lumi-Buna-2007.jpg","width":630,"height":326},{"@type":"WebPage","@id":"https:\/\/www.visit-ulcinj.com\/blog\/2014\/08\/27\/nika-si-plackitet-rana-e-bunes-ne-ulqin\/#webpage","url":"https:\/\/www.visit-ulcinj.com\/blog\/2014\/08\/27\/nika-si-plackitet-rana-e-bunes-ne-ulqin\/","name":"Nika: Si pla\u00e7kitet rana e Bun\u00ebs n\u00eb Ulqin - Lajme nga Ulqini","isPartOf":{"@id":"https:\/\/www.visit-ulcinj.com\/blog\/#website"},"primaryImageOfPage":{"@id":"https:\/\/www.visit-ulcinj.com\/blog\/2014\/08\/27\/nika-si-plackitet-rana-e-bunes-ne-ulqin\/#primaryimage"},"datePublished":"2014-08-27T16:51:18+00:00","dateModified":"2014-08-28T11:16:15+00:00","author":{"@id":"https:\/\/www.visit-ulcinj.com\/blog\/#\/schema\/person\/dcab619c614d3038751c63bc2aadc06d"},"description":"Kjo fotografi satelitore tregon p\u00ebr sistemin ujor t\u00eb lumit Buna para g\u00ebrrmimeve 2007 n\u00eb t\u00eb dy krah\u00ebt\u2026 &nbsp; Shkruan Muhamet Nika :\u00a0\u00a0\u00a0\u00a0 N\u00eb koh\u00ebn e","breadcrumb":{"@id":"https:\/\/www.visit-ulcinj.com\/blog\/2014\/08\/27\/nika-si-plackitet-rana-e-bunes-ne-ulqin\/#breadcrumb"},"inLanguage":"en-US","potentialAction":[{"@type":"ReadAction","target":["https:\/\/www.visit-ulcinj.com\/blog\/2014\/08\/27\/nika-si-plackitet-rana-e-bunes-ne-ulqin\/"]}]},{"@type":"BreadcrumbList","@id":"https:\/\/www.visit-ulcinj.com\/blog\/2014\/08\/27\/nika-si-plackitet-rana-e-bunes-ne-ulqin\/#breadcrumb","itemListElement":[{"@type":"ListItem","position":1,"name":"Nika: Si pla\u00e7kitet rana e Bun\u00ebs n\u00eb Ulqin"}]},{"@type":"Person","@id":"https:\/\/www.visit-ulcinj.com\/blog\/#\/schema\/person\/dcab619c614d3038751c63bc2aadc06d","name":"ulqini","sameAs":["http:\/\/www.visit-ulcinj.com"],"url":"https:\/\/www.visit-ulcinj.com\/blog\/author\/admin\/"}]}},"jetpack_featured_media_url":"","jetpack_sharing_enabled":true,"jetpack_shortlink":"https:\/\/wp.me\/pe6lTn-m3r","_links":{"self":[{"href":"https:\/\/www.visit-ulcinj.com\/blog\/wp-json\/wp\/v2\/posts\/84781"}],"collection":[{"href":"https:\/\/www.visit-ulcinj.com\/blog\/wp-json\/wp\/v2\/posts"}],"about":[{"href":"https:\/\/www.visit-ulcinj.com\/blog\/wp-json\/wp\/v2\/types\/post"}],"author":[{"embeddable":true,"href":"https:\/\/www.visit-ulcinj.com\/blog\/wp-json\/wp\/v2\/users\/1"}],"replies":[{"embeddable":true,"href":"https:\/\/www.visit-ulcinj.com\/blog\/wp-json\/wp\/v2\/comments?post=84781"}],"version-history":[{"count":1,"href":"https:\/\/www.visit-ulcinj.com\/blog\/wp-json\/wp\/v2\/posts\/84781\/revisions"}],"predecessor-version":[{"id":84785,"href":"https:\/\/www.visit-ulcinj.com\/blog\/wp-json\/wp\/v2\/posts\/84781\/revisions\/84785"}],"wp:attachment":[{"href":"https:\/\/www.visit-ulcinj.com\/blog\/wp-json\/wp\/v2\/media?parent=84781"}],"wp:term":[{"taxonomy":"category","embeddable":true,"href":"https:\/\/www.visit-ulcinj.com\/blog\/wp-json\/wp\/v2\/categories?post=84781"},{"taxonomy":"post_tag","embeddable":true,"href":"https:\/\/www.visit-ulcinj.com\/blog\/wp-json\/wp\/v2\/tags?post=84781"}],"curies":[{"name":"wp","href":"https:\/\/api.w.org\/{rel}","templated":true}]}}