{"id":84800,"date":"2014-08-28T12:40:21","date_gmt":"2014-08-28T11:40:21","guid":{"rendered":"http:\/\/www.visit-ulcinj.com\/blog\/?p=84800"},"modified":"2014-08-28T12:42:00","modified_gmt":"2014-08-28T11:42:00","slug":"stari-prijatelji-lezo-cigi-sa-pristana","status":"publish","type":"post","link":"https:\/\/www.visit-ulcinj.com\/blog\/2014\/08\/28\/stari-prijatelji-lezo-cigi-sa-pristana\/","title":{"rendered":"Stari prijatelji Lezo i \u010cigi sa Pristana"},"content":{"rendered":"<p><span style=\"color: #141823; font-family: Helvetica, Arial, 'lucida grande', tahoma, verdana, arial, sans-serif; font-size: 14px; font-style: normal; font-variant: normal; font-weight: normal; letter-spacing: normal; line-height: 19.31999969482422px; orphans: auto; text-align: left; text-indent: 0px; text-transform: none; white-space: normal; widows: auto; word-spacing: 0px; -webkit-text-stroke-width: 0px; display: inline !important; float: none; background-color: #ffffff;\"><a href=\"http:\/\/www.visit-ulcinj.com\/blog\/wp-content\/uploads\/2014\/08\/Lezo-Cigi-pristan-Ulcinj.jpg\"><img loading=\"lazy\" class=\"alignleft wp-image-84801\" src=\"http:\/\/www.visit-ulcinj.com\/blog\/wp-content\/uploads\/2014\/08\/Lezo-Cigi-pristan-Ulcinj.jpg\" alt=\"Lezo-Cigi-pristan-Ulcinj\" width=\"508\" height=\"381\" srcset=\"https:\/\/www.visit-ulcinj.com\/blog\/wp-content\/uploads\/2014\/08\/Lezo-Cigi-pristan-Ulcinj.jpg 960w, https:\/\/www.visit-ulcinj.com\/blog\/wp-content\/uploads\/2014\/08\/Lezo-Cigi-pristan-Ulcinj-300x225.jpg 300w\" sizes=\"(max-width: 508px) 100vw, 508px\" \/><\/a>Lezo i \u010cigi su stari prijatelji sa Solane, bolje re\u010deno sa nekada\u0161nje Solane, jer nje vi\u0161e nema. Solana danas li\u010di na Vukovar. Mo\u017eda i nije umjesno upore\u0111enje , me\u0111utim, zaista izgleda tako. Razlika je u tome, \u0161to se Vukovar koliko &#8211; toliko obnavlja, dok na\u0161a Solana, tone sve vi\u0161e i vi\u0161e, ili je ve\u0107 okupira divljina i insekti. U njoj nema vi\u0161e ni\u010dega, \u010dak nijesam siguran, dali neko vi\u0161e tamo ide i u ribolov. Nekad se na njenim kanalima lovila jegulja &#8230;<\/span><\/p>\n<p><a href=\"http:\/\/www.visit-ulcinj.com\/blog\/wp-content\/uploads\/2014\/08\/Lezo-Cigi-pristan-Ulcinj-1.jpg\"><img loading=\"lazy\" class=\"alignleft wp-image-84802\" src=\"http:\/\/www.visit-ulcinj.com\/blog\/wp-content\/uploads\/2014\/08\/Lezo-Cigi-pristan-Ulcinj-1.jpg\" alt=\"Lezo-Cigi-pristan-Ulcinj-1\" width=\"508\" height=\"381\" srcset=\"https:\/\/www.visit-ulcinj.com\/blog\/wp-content\/uploads\/2014\/08\/Lezo-Cigi-pristan-Ulcinj-1.jpg 960w, https:\/\/www.visit-ulcinj.com\/blog\/wp-content\/uploads\/2014\/08\/Lezo-Cigi-pristan-Ulcinj-1-300x225.jpg 300w\" sizes=\"(max-width: 508px) 100vw, 508px\" \/><\/a><\/p>\n<p><span style=\"color: #141823; font-family: Helvetica, Arial, 'lucida grande', tahoma, verdana, arial, sans-serif; font-size: 14px; font-style: normal; font-variant: normal; font-weight: normal; letter-spacing: normal; line-height: 19.31999969482422px; orphans: auto; text-align: left; text-indent: 0px; text-transform: none; white-space: normal; widows: auto; word-spacing: 0px; -webkit-text-stroke-width: 0px; display: inline !important; float: none; background-color: #ffffff;\"> Veliki kanal<\/span><span class=\"text_exposed_show\" style=\"display: inline; color: #141823; font-family: Helvetica, Arial, 'lucida grande', tahoma, verdana, arial, sans-serif; font-size: 14px; font-style: normal; font-variant: normal; font-weight: normal; letter-spacing: normal; line-height: 19.31999969482422px; orphans: auto; text-align: left; text-indent: 0px; text-transform: none; white-space: normal; widows: auto; word-spacing: 0px; -webkit-text-stroke-width: 0px; background-color: #ffffff;\"><span class=\"Apple-converted-space\">\u00a0<\/span>kojim je nekad jednom mo\u0107nom pumpom dovo\u0111ena svje\u017ea morska voda do njenih bazena, je potpuno suv, zapu\u0161ten i prljav. No, vjerovatno \u0107e ga vlasnici ku\u0107a pored kanala, uskoro dio po dio betonirati. Uostalom, sada mogu to da rade bez problema, jer izgleda da vi\u0161e ne\u0107e nikada tuda prote\u0107i voda, obzirom da je ova \u010duvena pumpa na Rtu od \u0110erane, potpuno uni\u0161tena. Danas su ostale samo konture objekta gdje su bile smje\u0161tene njene instalacije, ugra\u0111ene jo\u0161 davne 1934 god. Izgradili su je, postavili i ugradili austrijanci&#8230;<\/span><\/p>\n<p><a href=\"http:\/\/www.visit-ulcinj.com\/blog\/wp-content\/uploads\/2014\/08\/Lezo-Cigi-pristan-Ulcinj-2.jpg\"><img loading=\"lazy\" class=\"alignleft wp-image-84803\" src=\"http:\/\/www.visit-ulcinj.com\/blog\/wp-content\/uploads\/2014\/08\/Lezo-Cigi-pristan-Ulcinj-2.jpg\" alt=\"Lezo-Cigi-pristan-Ulcinj-2\" width=\"508\" height=\"381\" srcset=\"https:\/\/www.visit-ulcinj.com\/blog\/wp-content\/uploads\/2014\/08\/Lezo-Cigi-pristan-Ulcinj-2.jpg 960w, https:\/\/www.visit-ulcinj.com\/blog\/wp-content\/uploads\/2014\/08\/Lezo-Cigi-pristan-Ulcinj-2-300x225.jpg 300w\" sizes=\"(max-width: 508px) 100vw, 508px\" \/><\/a><\/p>\n<p><span class=\"text_exposed_show\" style=\"display: inline; color: #141823; font-family: Helvetica, Arial, 'lucida grande', tahoma, verdana, arial, sans-serif; font-size: 14px; font-style: normal; font-variant: normal; font-weight: normal; letter-spacing: normal; line-height: 19.31999969482422px; orphans: auto; text-align: left; text-indent: 0px; text-transform: none; white-space: normal; widows: auto; word-spacing: 0px; -webkit-text-stroke-width: 0px; background-color: #ffffff;\"><br \/>\nLezo i \u010cigi su se bili dugo na Solani. \u010cigi je izdr\u017eao do kraja, nadaju\u0107i se da \u0107e pobijediti razum i da \u0107e Solana proraditi, dok je Lezo dobio otkaz ne\u0161to ranije. Dugo nijesu i\u0161li zajedno u ribolov. Sezona, posebno Avgust je u toku, i Lezo je radio, i jo\u0161 uvijek radi kod &#8220;Narand\u017eastih&#8221;, starih ugostiteljskih radnika sa Pristana, dok je \u010cigi uglavnom i\u0161ao sam u ribolov. Jutros sam ih zatekao kako se zajedno spremaju da \u010damcem iza\u0111u na more, i naravno, bilo mi je drago vidjeti ih opet zajedno &#8230;<\/span><\/p>\n<p><br class=\"Apple-interchange-newline\" \/><span style=\"color: #3b5998; font-family: Helvetica, Arial, 'lucida grande', tahoma, verdana, arial, sans-serif; font-size: 14px; font-style: normal; font-variant: normal; font-weight: bold; letter-spacing: normal; line-height: 19.31999969482422px; orphans: auto; text-align: left; text-indent: 0px; text-transform: none; white-space: normal; widows: auto; word-spacing: 0px; -webkit-text-stroke-width: 0px; display: inline !important; float: none; background-color: #ffffff;\">Ismet Karamanaga Facebook<\/span><\/p>\n","protected":false},"excerpt":{"rendered":"<p>Lezo i \u010cigi su stari prijatelji sa Solane, bolje re\u010deno sa nekada\u0161nje Solane, jer nje vi\u0161e nema. Solana danas li\u010di na Vukovar. Mo\u017eda i nije umjesno upore\u0111enje , me\u0111utim, zaista izgleda tako. Razlika je u tome, \u0161to se Vukovar koliko &#8211; toliko obnavlja, dok na\u0161a Solana, tone sve vi\u0161e i vi\u0161e, ili je ve\u0107 okupira [&hellip;]<\/p>\n","protected":false},"author":1,"featured_media":0,"comment_status":"closed","ping_status":"closed","sticky":false,"template":"","format":"standard","meta":{"spay_email":"","jetpack_publicize_message":"","jetpack_is_tweetstorm":false,"jetpack_publicize_feature_enabled":true},"categories":[8337],"tags":[],"jetpack_publicize_connections":[],"yoast_head":"<!-- This site is optimized with the Yoast SEO plugin v19.1 - https:\/\/yoast.com\/wordpress\/plugins\/seo\/ -->\n<title>Stari prijatelji Lezo i \u010cigi sa Pristana - Lajme nga Ulqini<\/title>\n<meta name=\"description\" content=\"Lezo i \u010cigi su stari prijatelji sa Solane, bolje re\u010deno sa nekada\u0161nje Solane, jer nje vi\u0161e nema. Solana danas li\u010di na Vukovar. Mo\u017eda i nije umjesno\" \/>\n<meta name=\"robots\" content=\"index, follow, max-snippet:-1, max-image-preview:large, max-video-preview:-1\" \/>\n<link rel=\"canonical\" href=\"https:\/\/www.visit-ulcinj.com\/blog\/2014\/08\/28\/stari-prijatelji-lezo-cigi-sa-pristana\/\" \/>\n<meta property=\"og:locale\" content=\"en_US\" \/>\n<meta property=\"og:type\" content=\"article\" \/>\n<meta property=\"og:title\" content=\"Stari prijatelji Lezo i \u010cigi sa Pristana - Lajme nga Ulqini\" \/>\n<meta property=\"og:description\" content=\"Lezo i \u010cigi su stari prijatelji sa Solane, bolje re\u010deno sa nekada\u0161nje Solane, jer nje vi\u0161e nema. Solana danas li\u010di na Vukovar. Mo\u017eda i nije umjesno\" \/>\n<meta property=\"og:url\" content=\"https:\/\/www.visit-ulcinj.com\/blog\/2014\/08\/28\/stari-prijatelji-lezo-cigi-sa-pristana\/\" \/>\n<meta property=\"og:site_name\" content=\"Lajme nga Ulqini\" \/>\n<meta property=\"article:published_time\" content=\"2014-08-28T11:40:21+00:00\" \/>\n<meta property=\"article:modified_time\" content=\"2014-08-28T11:42:00+00:00\" \/>\n<meta property=\"og:image\" content=\"http:\/\/www.visit-ulcinj.com\/blog\/wp-content\/uploads\/2014\/08\/Lezo-Cigi-pristan-Ulcinj.jpg\" \/>\n<meta name=\"twitter:label1\" content=\"Written by\" \/>\n\t<meta name=\"twitter:data1\" content=\"ulqini\" \/>\n\t<meta name=\"twitter:label2\" content=\"Est. reading time\" \/>\n\t<meta name=\"twitter:data2\" content=\"1 minute\" \/>\n<script type=\"application\/ld+json\" class=\"yoast-schema-graph\">{\"@context\":\"https:\/\/schema.org\",\"@graph\":[{\"@type\":\"WebSite\",\"@id\":\"https:\/\/www.visit-ulcinj.com\/blog\/#website\",\"url\":\"https:\/\/www.visit-ulcinj.com\/blog\/\",\"name\":\"Lajme nga Ulqini\",\"description\":\"Lajme,Vijesti,Ulqini,Ulqin,Crna Gora,Mali i Zi\",\"potentialAction\":[{\"@type\":\"SearchAction\",\"target\":{\"@type\":\"EntryPoint\",\"urlTemplate\":\"https:\/\/www.visit-ulcinj.com\/blog\/?s={search_term_string}\"},\"query-input\":\"required name=search_term_string\"}],\"inLanguage\":\"en-US\"},{\"@type\":\"ImageObject\",\"inLanguage\":\"en-US\",\"@id\":\"https:\/\/www.visit-ulcinj.com\/blog\/2014\/08\/28\/stari-prijatelji-lezo-cigi-sa-pristana\/#primaryimage\",\"url\":\"https:\/\/www.visit-ulcinj.com\/blog\/wp-content\/uploads\/2014\/08\/Lezo-Cigi-pristan-Ulcinj.jpg\",\"contentUrl\":\"https:\/\/www.visit-ulcinj.com\/blog\/wp-content\/uploads\/2014\/08\/Lezo-Cigi-pristan-Ulcinj.jpg\",\"width\":960,\"height\":720},{\"@type\":\"WebPage\",\"@id\":\"https:\/\/www.visit-ulcinj.com\/blog\/2014\/08\/28\/stari-prijatelji-lezo-cigi-sa-pristana\/#webpage\",\"url\":\"https:\/\/www.visit-ulcinj.com\/blog\/2014\/08\/28\/stari-prijatelji-lezo-cigi-sa-pristana\/\",\"name\":\"Stari prijatelji Lezo i \u010cigi sa Pristana - Lajme nga Ulqini\",\"isPartOf\":{\"@id\":\"https:\/\/www.visit-ulcinj.com\/blog\/#website\"},\"primaryImageOfPage\":{\"@id\":\"https:\/\/www.visit-ulcinj.com\/blog\/2014\/08\/28\/stari-prijatelji-lezo-cigi-sa-pristana\/#primaryimage\"},\"datePublished\":\"2014-08-28T11:40:21+00:00\",\"dateModified\":\"2014-08-28T11:42:00+00:00\",\"author\":{\"@id\":\"https:\/\/www.visit-ulcinj.com\/blog\/#\/schema\/person\/dcab619c614d3038751c63bc2aadc06d\"},\"description\":\"Lezo i \u010cigi su stari prijatelji sa Solane, bolje re\u010deno sa nekada\u0161nje Solane, jer nje vi\u0161e nema. Solana danas li\u010di na Vukovar. Mo\u017eda i nije umjesno\",\"breadcrumb\":{\"@id\":\"https:\/\/www.visit-ulcinj.com\/blog\/2014\/08\/28\/stari-prijatelji-lezo-cigi-sa-pristana\/#breadcrumb\"},\"inLanguage\":\"en-US\",\"potentialAction\":[{\"@type\":\"ReadAction\",\"target\":[\"https:\/\/www.visit-ulcinj.com\/blog\/2014\/08\/28\/stari-prijatelji-lezo-cigi-sa-pristana\/\"]}]},{\"@type\":\"BreadcrumbList\",\"@id\":\"https:\/\/www.visit-ulcinj.com\/blog\/2014\/08\/28\/stari-prijatelji-lezo-cigi-sa-pristana\/#breadcrumb\",\"itemListElement\":[{\"@type\":\"ListItem\",\"position\":1,\"name\":\"Stari prijatelji Lezo i \u010cigi sa Pristana\"}]},{\"@type\":\"Person\",\"@id\":\"https:\/\/www.visit-ulcinj.com\/blog\/#\/schema\/person\/dcab619c614d3038751c63bc2aadc06d\",\"name\":\"ulqini\",\"sameAs\":[\"http:\/\/www.visit-ulcinj.com\"],\"url\":\"https:\/\/www.visit-ulcinj.com\/blog\/author\/admin\/\"}]}<\/script>\n<!-- \/ Yoast SEO plugin. -->","yoast_head_json":{"title":"Stari prijatelji Lezo i \u010cigi sa Pristana - Lajme nga Ulqini","description":"Lezo i \u010cigi su stari prijatelji sa Solane, bolje re\u010deno sa nekada\u0161nje Solane, jer nje vi\u0161e nema. Solana danas li\u010di na Vukovar. Mo\u017eda i nije umjesno","robots":{"index":"index","follow":"follow","max-snippet":"max-snippet:-1","max-image-preview":"max-image-preview:large","max-video-preview":"max-video-preview:-1"},"canonical":"https:\/\/www.visit-ulcinj.com\/blog\/2014\/08\/28\/stari-prijatelji-lezo-cigi-sa-pristana\/","og_locale":"en_US","og_type":"article","og_title":"Stari prijatelji Lezo i \u010cigi sa Pristana - Lajme nga Ulqini","og_description":"Lezo i \u010cigi su stari prijatelji sa Solane, bolje re\u010deno sa nekada\u0161nje Solane, jer nje vi\u0161e nema. Solana danas li\u010di na Vukovar. Mo\u017eda i nije umjesno","og_url":"https:\/\/www.visit-ulcinj.com\/blog\/2014\/08\/28\/stari-prijatelji-lezo-cigi-sa-pristana\/","og_site_name":"Lajme nga Ulqini","article_published_time":"2014-08-28T11:40:21+00:00","article_modified_time":"2014-08-28T11:42:00+00:00","og_image":[{"url":"http:\/\/www.visit-ulcinj.com\/blog\/wp-content\/uploads\/2014\/08\/Lezo-Cigi-pristan-Ulcinj.jpg"}],"twitter_misc":{"Written by":"ulqini","Est. reading time":"1 minute"},"schema":{"@context":"https:\/\/schema.org","@graph":[{"@type":"WebSite","@id":"https:\/\/www.visit-ulcinj.com\/blog\/#website","url":"https:\/\/www.visit-ulcinj.com\/blog\/","name":"Lajme nga Ulqini","description":"Lajme,Vijesti,Ulqini,Ulqin,Crna Gora,Mali i Zi","potentialAction":[{"@type":"SearchAction","target":{"@type":"EntryPoint","urlTemplate":"https:\/\/www.visit-ulcinj.com\/blog\/?s={search_term_string}"},"query-input":"required name=search_term_string"}],"inLanguage":"en-US"},{"@type":"ImageObject","inLanguage":"en-US","@id":"https:\/\/www.visit-ulcinj.com\/blog\/2014\/08\/28\/stari-prijatelji-lezo-cigi-sa-pristana\/#primaryimage","url":"https:\/\/www.visit-ulcinj.com\/blog\/wp-content\/uploads\/2014\/08\/Lezo-Cigi-pristan-Ulcinj.jpg","contentUrl":"https:\/\/www.visit-ulcinj.com\/blog\/wp-content\/uploads\/2014\/08\/Lezo-Cigi-pristan-Ulcinj.jpg","width":960,"height":720},{"@type":"WebPage","@id":"https:\/\/www.visit-ulcinj.com\/blog\/2014\/08\/28\/stari-prijatelji-lezo-cigi-sa-pristana\/#webpage","url":"https:\/\/www.visit-ulcinj.com\/blog\/2014\/08\/28\/stari-prijatelji-lezo-cigi-sa-pristana\/","name":"Stari prijatelji Lezo i \u010cigi sa Pristana - Lajme nga Ulqini","isPartOf":{"@id":"https:\/\/www.visit-ulcinj.com\/blog\/#website"},"primaryImageOfPage":{"@id":"https:\/\/www.visit-ulcinj.com\/blog\/2014\/08\/28\/stari-prijatelji-lezo-cigi-sa-pristana\/#primaryimage"},"datePublished":"2014-08-28T11:40:21+00:00","dateModified":"2014-08-28T11:42:00+00:00","author":{"@id":"https:\/\/www.visit-ulcinj.com\/blog\/#\/schema\/person\/dcab619c614d3038751c63bc2aadc06d"},"description":"Lezo i \u010cigi su stari prijatelji sa Solane, bolje re\u010deno sa nekada\u0161nje Solane, jer nje vi\u0161e nema. Solana danas li\u010di na Vukovar. Mo\u017eda i nije umjesno","breadcrumb":{"@id":"https:\/\/www.visit-ulcinj.com\/blog\/2014\/08\/28\/stari-prijatelji-lezo-cigi-sa-pristana\/#breadcrumb"},"inLanguage":"en-US","potentialAction":[{"@type":"ReadAction","target":["https:\/\/www.visit-ulcinj.com\/blog\/2014\/08\/28\/stari-prijatelji-lezo-cigi-sa-pristana\/"]}]},{"@type":"BreadcrumbList","@id":"https:\/\/www.visit-ulcinj.com\/blog\/2014\/08\/28\/stari-prijatelji-lezo-cigi-sa-pristana\/#breadcrumb","itemListElement":[{"@type":"ListItem","position":1,"name":"Stari prijatelji Lezo i \u010cigi sa Pristana"}]},{"@type":"Person","@id":"https:\/\/www.visit-ulcinj.com\/blog\/#\/schema\/person\/dcab619c614d3038751c63bc2aadc06d","name":"ulqini","sameAs":["http:\/\/www.visit-ulcinj.com"],"url":"https:\/\/www.visit-ulcinj.com\/blog\/author\/admin\/"}]}},"jetpack_featured_media_url":"","jetpack_sharing_enabled":true,"jetpack_shortlink":"https:\/\/wp.me\/pe6lTn-m3K","_links":{"self":[{"href":"https:\/\/www.visit-ulcinj.com\/blog\/wp-json\/wp\/v2\/posts\/84800"}],"collection":[{"href":"https:\/\/www.visit-ulcinj.com\/blog\/wp-json\/wp\/v2\/posts"}],"about":[{"href":"https:\/\/www.visit-ulcinj.com\/blog\/wp-json\/wp\/v2\/types\/post"}],"author":[{"embeddable":true,"href":"https:\/\/www.visit-ulcinj.com\/blog\/wp-json\/wp\/v2\/users\/1"}],"replies":[{"embeddable":true,"href":"https:\/\/www.visit-ulcinj.com\/blog\/wp-json\/wp\/v2\/comments?post=84800"}],"version-history":[{"count":1,"href":"https:\/\/www.visit-ulcinj.com\/blog\/wp-json\/wp\/v2\/posts\/84800\/revisions"}],"predecessor-version":[{"id":84804,"href":"https:\/\/www.visit-ulcinj.com\/blog\/wp-json\/wp\/v2\/posts\/84800\/revisions\/84804"}],"wp:attachment":[{"href":"https:\/\/www.visit-ulcinj.com\/blog\/wp-json\/wp\/v2\/media?parent=84800"}],"wp:term":[{"taxonomy":"category","embeddable":true,"href":"https:\/\/www.visit-ulcinj.com\/blog\/wp-json\/wp\/v2\/categories?post=84800"},{"taxonomy":"post_tag","embeddable":true,"href":"https:\/\/www.visit-ulcinj.com\/blog\/wp-json\/wp\/v2\/tags?post=84800"}],"curies":[{"name":"wp","href":"https:\/\/api.w.org\/{rel}","templated":true}]}}