{"id":84806,"date":"2014-08-28T17:20:24","date_gmt":"2014-08-28T16:20:24","guid":{"rendered":"http:\/\/www.visit-ulcinj.com\/blog\/?p=84806"},"modified":"2014-08-28T17:20:24","modified_gmt":"2014-08-28T16:20:24","slug":"libri-pare-ne-shqip-per-zezaket-e-ulqinit","status":"publish","type":"post","link":"https:\/\/www.visit-ulcinj.com\/blog\/2014\/08\/28\/libri-pare-ne-shqip-per-zezaket-e-ulqinit\/","title":{"rendered":"Libri par\u00eb n\u00eb shqip p\u00ebr zezak\u00ebt e Ulqinit"},"content":{"rendered":"<p><strong><a href=\"http:\/\/www.visit-ulcinj.com\/blog\/wp-content\/uploads\/2014\/08\/libri-par\u00eb-n\u00eb-shqip-p\u00ebr-zezak\u00ebt-e-ulqinit.jpg\"><img loading=\"lazy\" class=\"alignleft wp-image-84807\" src=\"http:\/\/www.visit-ulcinj.com\/blog\/wp-content\/uploads\/2014\/08\/libri-par\u00eb-n\u00eb-shqip-p\u00ebr-zezak\u00ebt-e-ulqinit.jpg\" alt=\"libri par\u00eb n\u00eb shqip p\u00ebr zezak\u00ebt e ulqinit\" width=\"508\" height=\"381\" srcset=\"https:\/\/www.visit-ulcinj.com\/blog\/wp-content\/uploads\/2014\/08\/libri-par\u00eb-n\u00eb-shqip-p\u00ebr-zezak\u00ebt-e-ulqinit.jpg 960w, https:\/\/www.visit-ulcinj.com\/blog\/wp-content\/uploads\/2014\/08\/libri-par\u00eb-n\u00eb-shqip-p\u00ebr-zezak\u00ebt-e-ulqinit-300x225.jpg 300w\" sizes=\"(max-width: 508px) 100vw, 508px\" \/><\/a>Ali Llunji, HARAP\u00cbT E ULQINIT, Botoi: Art Club, Ulqin 2013<\/strong><\/p>\n<p>Ndon\u00ebse p\u00ebr Ulqinin deri me tash jan\u00eb shkruar artikuj, studime e botime t\u00eb ve\u00e7anta publicistike e shkencore t\u00eb cilat kan\u00eb r\u00ebnd\u00ebsin\u00eb p\u00ebr koh\u00ebn kur jan\u00eb botuar, \u00ebsht\u00eb hetuar mungesa e nj\u00eb botimi p\u00ebr nj\u00eb komunitet i cili jeton m\u00eb shekuj n\u00eb Ulqin.<\/p>\n<p>Fjala \u00ebsht\u00eb p\u00ebr komunitetin afrikan t\u00eb zezak\u00ebve apo t\u00eb popullsis\u00eb m\u00eb ngjyr\u00eb e cila \u00ebsht\u00eb b\u00ebr\u00eb pjes\u00eb e jet\u00ebs urbane te k\u00ebtij mjedisi. Pik\u00ebrisht duke pare k\u00ebt\u00eb munges\u00eb n\u00eb botimet n\u00eb gjuhen shqipe, publicist Ali Llunji ka vite qe ka treguar interesim t\u00eb ve\u00e7ant\u00eb n\u00eb lidhje me ket\u00eb komunitet q\u00eb i tejkalon shqet\u00ebsimet dhe angazhimet personale dhe profesionale. Ai madje dekada me par\u00eb, duke punuar si gazetar n\u00eb Radio Prishtin\u00eb e m\u00eb pas n\u00eb Televizionin e Prishtin\u00ebs, ka b\u00ebr\u00eb in\u00e7izime ne form\u00eb t\u00eb reportazheve por edhe te emisioneve dokumentare, duke i p\u00ebrjet\u00ebsuar zezak\u00ebt e Ulqinit n\u00eb materialin arkivor. Pra kemi t\u00eb b\u00ebjm\u00eb me nj\u00eb angazhim serioz profesional, ne mbledhjen, p\u00ebrpunimin dhe studimin e materialit p\u00ebrkat\u00ebs. Pik\u00ebrisht materiali i till\u00eb ka paraqitur baz\u00ebn p\u00ebr monografian\u00eb <strong>Harap\u00ebt e Ulqinit<\/strong> e cila koh\u00eb m\u00eb pare \u00ebsht\u00eb botuar n\u00eb logon e Art Clubit . \u00cbsht\u00eb kjo monografia e par\u00eb n\u00eb shqip e cila p\u00ebrb\u00ebh\u00ebt nga 13 pjes\u00eb duke ofruar t\u00eb dh\u00ebna m\u00eb interes p\u00ebr opinion e gjer\u00eb.<\/p>\n<p>Var\u00ebsisht prej p\u00ebrgatitj\u00ebs profesionale te lexuesit libri n\u00eb fjal\u00eb mund t\u00eb trajtohet n\u00eb disa aspekte, por un\u00eb ate e trajtoj n\u00eb dimensionin historik dhe te antropologjis\u00eb sociale.<\/p>\n<p>Autori na sjell t\u00eb dh\u00ebnat e njohura n\u00eb lidhje me vendosjen e popullsis\u00eb m\u00eb ngjyr\u00eb n\u00eb Ulqin, n\u00eb t\u00eb kaluar\u00ebn, duke d\u00ebshmuar se nj\u00eb veprim i till\u00eb ishte shprehi p\u00ebr rrethanat e koh\u00ebs n\u00eb ter\u00eb Mesdheun, ku as Ulqini nuk ishte p\u00ebrjashtim. Madje fuqia ekonomike e familjeve ulqinake varej pik\u00ebrisht prej numrit t\u00eb zezak\u00ebve qe kishte n\u00eb kuad\u00ebr t\u00eb familjes. Nuk kemi t\u00eb dh\u00ebna t\u00eb sakta se sa ishte realisht numri i zezak\u00ebve n\u00eb Ulqin, porn \u00eb m\u00ebnyr\u00eb aproksimative themi se ishin disa dhjet\u00ebra, e kjo ka t\u00eb b\u00ebj\u00eb sidomos me shek.XIX.<\/p>\n<p>N\u00eb aspektin social, autori e trajton komunitetin e harap\u00ebve si\u00e7 quhen n\u00eb Ulqin, n\u00eb shum\u00eb aspekte duke e p\u00ebrmbyllur me ate se ata u b\u00ebn pjes\u00eb e familjeve ulqinake, duke punuar n\u00eb bashk\u00ebsit\u00eb familjare por edhe angazhimin n\u00eb detari, bujq\u00ebsi e sh\u00ebrbime tjera. Ata, bashk\u00ebjetuan me shqiptar\u00ebt, mor\u00ebn nga kultura shqiptare por edhe i dhan\u00eb kultur\u00ebs shqiptare aq sa kishin mund\u00ebsi, ku n\u00eb m\u00ebnyr\u00eb t\u00eb ve\u00e7ant\u00eb dallohet fusha e folklorit.<\/p>\n<p>Duke ndar\u00eb fatin me shqiptar\u00ebt ata moren mbiemrat e familjeve shqiptare ku ishin vendosur, por edhe u shperngulen me agallar\u00ebt e begler\u00ebt ulqinak\u00eb si\u00e7 ishte rasti n\u00eb vitin 1880, duke u vendosur n\u00eb Shkod\u00ebr, kur Ulqini iu dor\u00ebzua Malit t\u00eb Zi nga ana e Fuqive t\u00eb M\u00ebdha.Si d\u00ebshmi kemi pasardh\u00ebsit e tyre q\u00eb jan\u00eb edhe sot n\u00eb Shkod\u00ebr ndon\u00ebse n\u00eb num\u00ebr t\u00eb reduktuar, sikurse edhe n\u00eb Ulqin.<\/p>\n<p>Duke lexuar k\u00ebt\u00eb lib\u00ebr del qart\u00eb bashk\u00ebjetesa me komunitetein me ngjyr\u00eb n\u00eb Ulqin, paraqet nj\u00eb sh\u00ebmbull tipik, madje model edhe p\u00ebr mjediset tjera ne Adriatik e m\u00eb gjer\u00eb. Sepse popullsia e till\u00eb jo vet\u00ebm qe \u00ebsht\u00eb respektuar, e ndihmuar, por edhe jan\u00eb martuar me popullat\u00ebn vend\u00ebse, duke eliminuar paragjykimet. Rasti i nj\u00eb pjes\u00ebtari i familjes Fici \u00ebsht\u00eb sh\u00ebmbull autentik i k\u00ebsaj dukurie.<\/p>\n<p>Libri <strong>Harap\u00ebt e Ulqinit<\/strong> i autorit Ali Llunji, \u00ebsht\u00eb nj\u00eb lib\u00ebr i cili i ka munguar literatures shqipe, jo vet\u00ebm p\u00ebr qytetin e Ulqinit por edhe m\u00eb gjer\u00eb. Duke marr\u00eb parasysh se deri me tash p\u00ebr komunitetin me ngjyr\u00eb t\u00eb Ulqinit, jan\u00eb shkruar vet\u00ebm artikuj t\u00eb ndrysh\u00ebm kryesisht publicistik, ky \u00ebsht\u00eb botimi m\u00eb i plot\u00eb n\u00eb aspektin profesional, dhe si i till\u00eb \u00ebsht\u00eb i mir\u00eb se ardhur p\u00ebr opinionin e gjer\u00eb.<\/p>\n<p>K\u00ebt\u00eb lib\u00ebr duhet ta kemi t\u00eb gjith\u00eb n\u00eb bibliotekat tona, por n\u00eb ve\u00e7anti familjet ulqinake, sepse ata k\u00ebtu p\u00ebrmend\u00ebn me em\u00ebr dhe mbiem\u00ebr. Ky lib\u00ebr paraqet t\u00eb kalur\u00ebn e Ulqinit t\u00eb pakt\u00ebn k\u00ebto tre shekujt e fundit, periudh\u00eb kur n\u00eb ket\u00eb qytet lul\u00ebzoj veprimtaria e detaris\u00eb e m\u00eb te e edhe e kusaris\u00eb.<\/p>\n<p>P\u00ebrve\u00e7 literatures publicitiko-shkencore autori ka p\u00ebrdorur n\u00eb ket\u00eb botim edhe kujtimet e bashk\u00ebvendasve ulqinak, t\u00eb cil\u00ebt paraqesin nj\u00eb arkiv n\u00eb miniatur\u00eb. K\u00ebto t\u00eb dh\u00ebna i ka ruajtur me shum\u00eb kujdes e gjelozi p\u00ebr shum\u00eb vite t\u00eb cilat kan\u00eb vlera t\u00eb ve\u00e7anta, qe plot\u00ebsojn\u00eb munges\u00ebn e dokumentacionit historik. Kjo \u00ebsht\u00eb e qart\u00eb p\u00ebr rrethanat e koh\u00ebs, por t\u00eb dh\u00ebnat e tilla jan\u00eb nga d\u00ebshmitar\u00eb okular\u00eb, andaj sit \u00eb till\u00eb jan\u00eb pjes\u00eb e dokumentacionit historic, p\u00ebr qytetin e Ulqinit.<\/p>\n<p>Lirisht mund te themi se studiues t\u00eb ndrysh\u00ebm n\u00eb t\u00eb ardhm\u00ebn kur do t\u00eb trajtojn\u00eb tema t\u00eb n\u00eb lidhje me Ulqinin e ne ve\u00e7anti me komunittein me ngjyr\u00eb, do ti referohen patjet\u00ebr k\u00ebtij botimi.<\/p>\n<p>Duke marr\u00eb parasysh p\u00ebrmbajtj\u00ebn dhe l\u00ebnd\u00ebn e trajtuar ky botim \u00ebsht\u00eb i llojit t\u00eb vet, jo vet\u00ebm p\u00ebr Ulqinin por edhe m\u00eb gjer\u00eb.Libri \u00ebsht\u00eb i pasur m\u00eb shum\u00eb fotografi qe jan\u00eb d\u00ebshmi autentike p\u00ebr persona dhe ngjarje t\u00eb ndryshme n\u00eb Ulqin. Nuk ka dilem\u00eb se ky botim paraqet kontribut t\u00eb ve\u00e7ant\u00eb p\u00ebr antropolgjin\u00eb sociale e Kulturore t\u00eb k\u00ebtij mjedisi.<\/p>\n<p>Me ket\u00eb botim nuk ka dilem\u00eb se plot\u00ebsohet mozaiku i jet\u00ebs sociale e urbane ne Ulqin, ku botimi n\u00eb fjal\u00eb nuk e p\u00ebrjashton edhe kontributin e afrikan\u00ebve me ngjyr\u00eb.<\/p>\n<p>Dhe n\u00eb fund duke qen\u00eb botimi i par\u00eb n\u00eb shqip m\u00eb nj\u00eb p\u00ebrmbajtje t\u00eb till\u00eb them pa hezitim se autori ka kryer nj\u00eb obligim moral dhe profesional ndaj vendlindjes s\u00eb tij ku pa dilem\u00eb do t\u00eb vleresohet jo vet\u00ebm nga studiuesit e profileve t\u00eb ndryshme shkencore e Kulturore por edhe nga opinion i gjer\u00eb.<\/p>\n<p>&nbsp;<\/p>\n<p>&nbsp;<\/p>\n<p><strong>Dr. Nail\u00a0\u00a0 Draga<\/strong><\/p>\n<p><strong>\u00a0<\/strong><\/p>\n<p><em>(Lexuar m\u00eb rastin e p\u00ebrurimit n\u00eb Ulqin me 21.8.2014 n\u00eb organizim t\u00eb Art Clubit )<\/em><\/p>\n","protected":false},"excerpt":{"rendered":"<p>Ali Llunji, HARAP\u00cbT E ULQINIT, Botoi: Art Club, Ulqin 2013 Ndon\u00ebse p\u00ebr Ulqinin deri me tash jan\u00eb shkruar artikuj, studime e botime t\u00eb ve\u00e7anta publicistike e shkencore t\u00eb cilat kan\u00eb r\u00ebnd\u00ebsin\u00eb p\u00ebr koh\u00ebn kur jan\u00eb botuar, \u00ebsht\u00eb hetuar mungesa e nj\u00eb botimi p\u00ebr nj\u00eb komunitet i cili jeton m\u00eb shekuj n\u00eb Ulqin. Fjala \u00ebsht\u00eb p\u00ebr [&hellip;]<\/p>\n","protected":false},"author":1,"featured_media":0,"comment_status":"closed","ping_status":"closed","sticky":false,"template":"","format":"standard","meta":{"spay_email":"","jetpack_publicize_message":"","jetpack_is_tweetstorm":false,"jetpack_publicize_feature_enabled":true},"categories":[4],"tags":[],"jetpack_publicize_connections":[],"yoast_head":"<!-- This site is optimized with the Yoast SEO plugin v19.1 - https:\/\/yoast.com\/wordpress\/plugins\/seo\/ -->\n<title>Libri par\u00eb n\u00eb shqip p\u00ebr zezak\u00ebt e Ulqinit - Lajme nga Ulqini<\/title>\n<meta name=\"description\" content=\"Ali Llunji, HARAP\u00cbT E ULQINIT, Botoi: Art Club, Ulqin 2013 Ndon\u00ebse p\u00ebr Ulqinin deri me tash jan\u00eb shkruar artikuj, studime e botime t\u00eb ve\u00e7anta publicistike\" \/>\n<meta name=\"robots\" content=\"index, follow, max-snippet:-1, max-image-preview:large, max-video-preview:-1\" \/>\n<link rel=\"canonical\" href=\"https:\/\/www.visit-ulcinj.com\/blog\/2014\/08\/28\/libri-pare-ne-shqip-per-zezaket-e-ulqinit\/\" \/>\n<meta property=\"og:locale\" content=\"en_US\" \/>\n<meta property=\"og:type\" content=\"article\" \/>\n<meta property=\"og:title\" content=\"Libri par\u00eb n\u00eb shqip p\u00ebr zezak\u00ebt e Ulqinit - Lajme nga Ulqini\" \/>\n<meta property=\"og:description\" content=\"Ali Llunji, HARAP\u00cbT E ULQINIT, Botoi: Art Club, Ulqin 2013 Ndon\u00ebse p\u00ebr Ulqinin deri me tash jan\u00eb shkruar artikuj, studime e botime t\u00eb ve\u00e7anta publicistike\" \/>\n<meta property=\"og:url\" content=\"https:\/\/www.visit-ulcinj.com\/blog\/2014\/08\/28\/libri-pare-ne-shqip-per-zezaket-e-ulqinit\/\" \/>\n<meta property=\"og:site_name\" content=\"Lajme nga Ulqini\" \/>\n<meta property=\"article:published_time\" content=\"2014-08-28T16:20:24+00:00\" \/>\n<meta name=\"twitter:label1\" content=\"Written by\" \/>\n\t<meta name=\"twitter:data1\" content=\"ulqini\" \/>\n\t<meta name=\"twitter:label2\" content=\"Est. reading time\" \/>\n\t<meta name=\"twitter:data2\" content=\"5 minutes\" \/>\n<script type=\"application\/ld+json\" class=\"yoast-schema-graph\">{\"@context\":\"https:\/\/schema.org\",\"@graph\":[{\"@type\":\"WebSite\",\"@id\":\"https:\/\/www.visit-ulcinj.com\/blog\/#website\",\"url\":\"https:\/\/www.visit-ulcinj.com\/blog\/\",\"name\":\"Lajme nga Ulqini\",\"description\":\"Lajme,Vijesti,Ulqini,Ulqin,Crna Gora,Mali i Zi\",\"potentialAction\":[{\"@type\":\"SearchAction\",\"target\":{\"@type\":\"EntryPoint\",\"urlTemplate\":\"https:\/\/www.visit-ulcinj.com\/blog\/?s={search_term_string}\"},\"query-input\":\"required name=search_term_string\"}],\"inLanguage\":\"en-US\"},{\"@type\":\"WebPage\",\"@id\":\"https:\/\/www.visit-ulcinj.com\/blog\/2014\/08\/28\/libri-pare-ne-shqip-per-zezaket-e-ulqinit\/#webpage\",\"url\":\"https:\/\/www.visit-ulcinj.com\/blog\/2014\/08\/28\/libri-pare-ne-shqip-per-zezaket-e-ulqinit\/\",\"name\":\"Libri par\u00eb n\u00eb shqip p\u00ebr zezak\u00ebt e Ulqinit - Lajme nga Ulqini\",\"isPartOf\":{\"@id\":\"https:\/\/www.visit-ulcinj.com\/blog\/#website\"},\"datePublished\":\"2014-08-28T16:20:24+00:00\",\"dateModified\":\"2014-08-28T16:20:24+00:00\",\"author\":{\"@id\":\"https:\/\/www.visit-ulcinj.com\/blog\/#\/schema\/person\/dcab619c614d3038751c63bc2aadc06d\"},\"description\":\"Ali Llunji, HARAP\u00cbT E ULQINIT, Botoi: Art Club, Ulqin 2013 Ndon\u00ebse p\u00ebr Ulqinin deri me tash jan\u00eb shkruar artikuj, studime e botime t\u00eb ve\u00e7anta publicistike\",\"breadcrumb\":{\"@id\":\"https:\/\/www.visit-ulcinj.com\/blog\/2014\/08\/28\/libri-pare-ne-shqip-per-zezaket-e-ulqinit\/#breadcrumb\"},\"inLanguage\":\"en-US\",\"potentialAction\":[{\"@type\":\"ReadAction\",\"target\":[\"https:\/\/www.visit-ulcinj.com\/blog\/2014\/08\/28\/libri-pare-ne-shqip-per-zezaket-e-ulqinit\/\"]}]},{\"@type\":\"BreadcrumbList\",\"@id\":\"https:\/\/www.visit-ulcinj.com\/blog\/2014\/08\/28\/libri-pare-ne-shqip-per-zezaket-e-ulqinit\/#breadcrumb\",\"itemListElement\":[{\"@type\":\"ListItem\",\"position\":1,\"name\":\"Libri par\u00eb n\u00eb shqip p\u00ebr zezak\u00ebt e Ulqinit\"}]},{\"@type\":\"Person\",\"@id\":\"https:\/\/www.visit-ulcinj.com\/blog\/#\/schema\/person\/dcab619c614d3038751c63bc2aadc06d\",\"name\":\"ulqini\",\"sameAs\":[\"http:\/\/www.visit-ulcinj.com\"],\"url\":\"https:\/\/www.visit-ulcinj.com\/blog\/author\/admin\/\"}]}<\/script>\n<!-- \/ Yoast SEO plugin. -->","yoast_head_json":{"title":"Libri par\u00eb n\u00eb shqip p\u00ebr zezak\u00ebt e Ulqinit - Lajme nga Ulqini","description":"Ali Llunji, HARAP\u00cbT E ULQINIT, Botoi: Art Club, Ulqin 2013 Ndon\u00ebse p\u00ebr Ulqinin deri me tash jan\u00eb shkruar artikuj, studime e botime t\u00eb ve\u00e7anta publicistike","robots":{"index":"index","follow":"follow","max-snippet":"max-snippet:-1","max-image-preview":"max-image-preview:large","max-video-preview":"max-video-preview:-1"},"canonical":"https:\/\/www.visit-ulcinj.com\/blog\/2014\/08\/28\/libri-pare-ne-shqip-per-zezaket-e-ulqinit\/","og_locale":"en_US","og_type":"article","og_title":"Libri par\u00eb n\u00eb shqip p\u00ebr zezak\u00ebt e Ulqinit - Lajme nga Ulqini","og_description":"Ali Llunji, HARAP\u00cbT E ULQINIT, Botoi: Art Club, Ulqin 2013 Ndon\u00ebse p\u00ebr Ulqinin deri me tash jan\u00eb shkruar artikuj, studime e botime t\u00eb ve\u00e7anta publicistike","og_url":"https:\/\/www.visit-ulcinj.com\/blog\/2014\/08\/28\/libri-pare-ne-shqip-per-zezaket-e-ulqinit\/","og_site_name":"Lajme nga Ulqini","article_published_time":"2014-08-28T16:20:24+00:00","twitter_misc":{"Written by":"ulqini","Est. reading time":"5 minutes"},"schema":{"@context":"https:\/\/schema.org","@graph":[{"@type":"WebSite","@id":"https:\/\/www.visit-ulcinj.com\/blog\/#website","url":"https:\/\/www.visit-ulcinj.com\/blog\/","name":"Lajme nga Ulqini","description":"Lajme,Vijesti,Ulqini,Ulqin,Crna Gora,Mali i Zi","potentialAction":[{"@type":"SearchAction","target":{"@type":"EntryPoint","urlTemplate":"https:\/\/www.visit-ulcinj.com\/blog\/?s={search_term_string}"},"query-input":"required name=search_term_string"}],"inLanguage":"en-US"},{"@type":"WebPage","@id":"https:\/\/www.visit-ulcinj.com\/blog\/2014\/08\/28\/libri-pare-ne-shqip-per-zezaket-e-ulqinit\/#webpage","url":"https:\/\/www.visit-ulcinj.com\/blog\/2014\/08\/28\/libri-pare-ne-shqip-per-zezaket-e-ulqinit\/","name":"Libri par\u00eb n\u00eb shqip p\u00ebr zezak\u00ebt e Ulqinit - Lajme nga Ulqini","isPartOf":{"@id":"https:\/\/www.visit-ulcinj.com\/blog\/#website"},"datePublished":"2014-08-28T16:20:24+00:00","dateModified":"2014-08-28T16:20:24+00:00","author":{"@id":"https:\/\/www.visit-ulcinj.com\/blog\/#\/schema\/person\/dcab619c614d3038751c63bc2aadc06d"},"description":"Ali Llunji, HARAP\u00cbT E ULQINIT, Botoi: Art Club, Ulqin 2013 Ndon\u00ebse p\u00ebr Ulqinin deri me tash jan\u00eb shkruar artikuj, studime e botime t\u00eb ve\u00e7anta publicistike","breadcrumb":{"@id":"https:\/\/www.visit-ulcinj.com\/blog\/2014\/08\/28\/libri-pare-ne-shqip-per-zezaket-e-ulqinit\/#breadcrumb"},"inLanguage":"en-US","potentialAction":[{"@type":"ReadAction","target":["https:\/\/www.visit-ulcinj.com\/blog\/2014\/08\/28\/libri-pare-ne-shqip-per-zezaket-e-ulqinit\/"]}]},{"@type":"BreadcrumbList","@id":"https:\/\/www.visit-ulcinj.com\/blog\/2014\/08\/28\/libri-pare-ne-shqip-per-zezaket-e-ulqinit\/#breadcrumb","itemListElement":[{"@type":"ListItem","position":1,"name":"Libri par\u00eb n\u00eb shqip p\u00ebr zezak\u00ebt e Ulqinit"}]},{"@type":"Person","@id":"https:\/\/www.visit-ulcinj.com\/blog\/#\/schema\/person\/dcab619c614d3038751c63bc2aadc06d","name":"ulqini","sameAs":["http:\/\/www.visit-ulcinj.com"],"url":"https:\/\/www.visit-ulcinj.com\/blog\/author\/admin\/"}]}},"jetpack_featured_media_url":"","jetpack_sharing_enabled":true,"jetpack_shortlink":"https:\/\/wp.me\/pe6lTn-m3Q","_links":{"self":[{"href":"https:\/\/www.visit-ulcinj.com\/blog\/wp-json\/wp\/v2\/posts\/84806"}],"collection":[{"href":"https:\/\/www.visit-ulcinj.com\/blog\/wp-json\/wp\/v2\/posts"}],"about":[{"href":"https:\/\/www.visit-ulcinj.com\/blog\/wp-json\/wp\/v2\/types\/post"}],"author":[{"embeddable":true,"href":"https:\/\/www.visit-ulcinj.com\/blog\/wp-json\/wp\/v2\/users\/1"}],"replies":[{"embeddable":true,"href":"https:\/\/www.visit-ulcinj.com\/blog\/wp-json\/wp\/v2\/comments?post=84806"}],"version-history":[{"count":1,"href":"https:\/\/www.visit-ulcinj.com\/blog\/wp-json\/wp\/v2\/posts\/84806\/revisions"}],"predecessor-version":[{"id":84808,"href":"https:\/\/www.visit-ulcinj.com\/blog\/wp-json\/wp\/v2\/posts\/84806\/revisions\/84808"}],"wp:attachment":[{"href":"https:\/\/www.visit-ulcinj.com\/blog\/wp-json\/wp\/v2\/media?parent=84806"}],"wp:term":[{"taxonomy":"category","embeddable":true,"href":"https:\/\/www.visit-ulcinj.com\/blog\/wp-json\/wp\/v2\/categories?post=84806"},{"taxonomy":"post_tag","embeddable":true,"href":"https:\/\/www.visit-ulcinj.com\/blog\/wp-json\/wp\/v2\/tags?post=84806"}],"curies":[{"name":"wp","href":"https:\/\/api.w.org\/{rel}","templated":true}]}}