{"id":84815,"date":"2014-08-30T18:24:04","date_gmt":"2014-08-30T17:24:04","guid":{"rendered":"http:\/\/www.visit-ulcinj.com\/blog\/?p=84815"},"modified":"2014-08-30T22:33:02","modified_gmt":"2014-08-30T21:33:02","slug":"nika-perseri-per-te-pa-larat-e-dps-ne-ulqin","status":"publish","type":"post","link":"https:\/\/www.visit-ulcinj.com\/blog\/2014\/08\/30\/nika-perseri-per-te-pa-larat-e-dps-ne-ulqin\/","title":{"rendered":"Nika: P\u00ebrs\u00ebri p\u00ebr t\u00eb pa larat e  DPS-it  n\u00eb Ulqin"},"content":{"rendered":"<p><strong><em><a href=\"http:\/\/www.visit-ulcinj.com\/blog\/wp-content\/uploads\/2014\/03\/muhamet-nika1.jpg\"><img loading=\"lazy\" class=\"alignleft wp-image-81255 size-full\" src=\"http:\/\/www.visit-ulcinj.com\/blog\/wp-content\/uploads\/2014\/03\/muhamet-nika1.jpg\" alt=\"muhamet-nika\" width=\"189\" height=\"189\" srcset=\"https:\/\/www.visit-ulcinj.com\/blog\/wp-content\/uploads\/2014\/03\/muhamet-nika1.jpg 189w, https:\/\/www.visit-ulcinj.com\/blog\/wp-content\/uploads\/2014\/03\/muhamet-nika1-150x150.jpg 150w\" sizes=\"(max-width: 189px) 100vw, 189px\" \/><\/a>Shkruan Muhamet Nika ;<\/em><\/strong><\/p>\n<p><strong><em>M\u00eb mire n\u00eb sy <\/em><\/strong><strong><em> se sa pas syve?!!<\/em><\/strong><\/p>\n<p>Shkrimi i Zhelko Rolloviqit, nj\u00eb ish kuad\u00ebr i lart\u00eb i DPS-s\u00eb dhe nj\u00ebkoh\u00ebsisht, ish-drejtor i k\u00ebsaj partie i Rivjer\u00ebs , n\u00eb nj\u00eb analiz\u00eb, t\u00eb vet\u00ebn, p\u00ebr gazet\u00ebn\u201d Vjesti\u201d, vet\u00ebm se konfirmoi t\u00eb palarat e k\u00ebsaj partie p\u00ebr t\u00eb cilat pat\u00ebm shkruar koh\u00eb m\u00eb par\u00eb. Pasi mendoj q\u00eb k\u00ebto shkrime do t\u00eb na shoq\u00ebrojn\u00eb edhe n\u00eb t\u00eb ardhmen me nj\u00eb intenzitet edhe m\u00eb t\u00eb madh , po shtoj si n\u00eb vijim.<\/p>\n<p>Nisur nga p\u00ebrvoja personale n\u00eb qeverisje mund t\u00eb shtoj se akuzat q\u00eb ai u b\u00ebri koleg\u00ebve t\u00eb partis\u00eb, p\u00ebr tregti t\u00eb paligjshme me Shqip\u00ebri( me siguri kontraband\u00eb kufiri), sepse p\u00ebrndryshe tregti me Shqip\u00ebri b\u00ebn \u00e7dokush ,andaj nuk kish p\u00ebrse ta ve\u00e7onte?! Pastaj akuza, p\u00ebr sigurim t\u00eb diplomave universitare t\u00eb dyshimta t\u00eb udh\u00ebheq\u00ebsve lokal\u00eb t\u00eb partis\u00eb; akuza, p\u00ebr krim t\u00eb organizuar, sidomos gjat\u00eb nxitjes s\u00eb falimentimeve artificiale t\u00eb sektorit shteror t\u00eb transformuar n\u00eb em\u00ebr t\u00eb borxheve ndaj elektro ekonomis\u00eb, q\u00eb pask\u00ebsh b\u00ebr\u00eb z. Minist\u00ebr , me drejtorin e elektros , z.Ndrekiq, e shum\u00eb e shum\u00eb t\u00eb tjera si k\u00ebto, sipas neve, k\u00ebto akuza, deri m\u00eb sot jan\u00eb nga m\u00eb t\u00eb r\u00ebndat t\u00eb b\u00ebra ndonj\u00ebher\u00eb n\u00eb llogari t\u00eb udh\u00ebheq\u00ebs s\u00eb k\u00ebsaj partije n\u00ebUlqin. Po duket se vet\u00ebm tash ti , zoti Ndrekiq, Kastrati e Shkrela(nga llobi katolik), duhet t\u00eb jen\u00eb vet\u00ebdij\u00ebsuar, se nga cila an\u00eb po u fryjn\u00eb er\u00ebrat&#8230;.?!!!<\/p>\n<p>Vet\u00ebm tash po hetohet se akuzat e Spuzh\u00ebs dhe ata t\u00eb an\u00ebtar\u00ebve tjer\u00eb t\u00eb para do dit\u00ebve, ishin shum\u00eb t\u00eb vogla ndaj k\u00ebsaj q\u00eb po thuhet.Si duket ato sherbyen si shkak , p\u00ebr nj\u00eb shkas! Dhe me t\u00eb drejt\u00eb, p\u00ebr tu mbrojtur nga sulmet, ata , k\u00ebsaj radhe kan\u00eb zgjedhur p\u00ebr mbrojtje heshtjen&#8230;.?!!Sipas disa parashikimeve tona, q\u00eb cek\u00ebm edhe m\u00eb lart\u00eb, sulmet nga krahu i lobit ortodoks t\u00eb k\u00ebsaj partie , do t\u00eb vazhdojn\u00eb , me nj\u00eb intenzitet akoma edhe m\u00eb t\u00eb lart\u00eb duke hedhur n\u00eb plan t\u00eb dyt\u00eb edhe rr\u00ebfimet senzacionale t\u00eb ANBA-s\u00eb, rreth dimensionit planetar\u00eb t\u00eb konfliktit islamik(vehabizmit) n\u00eb Siri dhe lidhjes s\u00eb tij me Ulqinit. Puna e \u201c mjekrroshave \u201c , do t\u00eb harrohet nga puna e \u201ckodoshave\u201d, n\u00eb parti.<\/p>\n<p><strong><em>\u00c7far\u00eb mund t\u00eb jet\u00eb e rr\u00ebzikshme nga ky konflikt brenda godin\u00ebs s\u00eb DPS-s\u00eb n\u00eb Ulqin?!!!<\/em><\/strong><\/p>\n<p>P\u00ebr ne, \u00ebsht\u00eb intertesant fakti , q\u00eb disa grupe shoq\u00ebrore, prap se prap n\u00eb k\u00ebt\u00eb parti, kan\u00eb gjetur forc\u00eb morale dhe d\u00ebshirojn\u00eb q\u00eb t\u00eb hetohen me ve\u00e7antit\u00eb e identitetit t\u00eb tyre konfeksional dhe komb\u00ebtar\u00eb&#8230;?! Por jo vet\u00ebm kaq, ata e llogarisin veten si t\u00eb thirrur n\u00eb mbrojtjen e k\u00ebtyre vlerave brenda nj\u00eb grupimi tjet\u00ebr, ku ndoshta edhe nuk e kan\u00eb vendin sepse DPS dihet \u201cq\u00eb propagandon qytetarin\u00eb sipas modelit t\u00eb bashk\u00ebjetes\u00ebs s\u00eb kombeve dhe komb\u00ebsive t\u00eb dikurshme jugosllave\u201d . Cekim q\u00eb si pas neve , n\u00eb k\u00ebt\u00eb parti , duhet t\u00eb gjejn\u00eb strehim, vet\u00ebm ata , t\u00eb cil\u00ebt p\u00ebr x- arsye e ndiejn\u00eb vet\u00ebn patriot\u00eb pro- jugosllav\u00eb t\u00eb dikursh\u00ebm. Andaj rreth k\u00ebsaj ia vlen\u00eb t\u00eb ve\u00e7ohet edhe ajo q\u00eb \u00ebsht\u00eb tep\u00ebr provokuese&#8230;. ? Dhe q\u00eb k\u00ebtyre dit\u00ebve , n\u00eb media, mund t\u00eb lidhet me shkrimet e gazetave kryesore e portaleve, ku po t\u00eb ndjek\u00ebsh fenomenin nga jasht\u00eb , hetohet q\u00eb fjal\u00ebt si , shqiptar\u00eb, musliman\u00eb, vehabiz\u00ebm ,ANB-a, e t\u00eb tjera si k\u00ebta, gjejn\u00eb vend pran\u00eb emrit Ulqin , duke krijuar nj\u00eb imazh t\u00eb keq p\u00ebr shoq\u00ebrin\u00eb ton\u00eb e duke qitur n\u00eb harres\u00eb edhe senzacionet p\u00ebr Servantesin n\u00eb Ulqin?!!<\/p>\n<p><a href=\"http:\/\/www.visit-ulcinj.com\/blog\/wp-content\/uploads\/2014\/08\/Shoket-Ulqin.jpg\"><img loading=\"lazy\" class=\"alignleft wp-image-84816\" src=\"http:\/\/www.visit-ulcinj.com\/blog\/wp-content\/uploads\/2014\/08\/Shoket-Ulqin.jpg\" alt=\"Shoket-Ulqin\" width=\"508\" height=\"432\" srcset=\"https:\/\/www.visit-ulcinj.com\/blog\/wp-content\/uploads\/2014\/08\/Shoket-Ulqin.jpg 718w, https:\/\/www.visit-ulcinj.com\/blog\/wp-content\/uploads\/2014\/08\/Shoket-Ulqin-300x254.jpg 300w\" sizes=\"(max-width: 508px) 100vw, 508px\" \/><\/a><\/p>\n<p><strong><em>ZOTI NDREKA, KASTRATI E SHKRELI \u2013 FUTUNI N\u00cbN \u00c7ADR\u00cbN E GJEK\u00cbS DHE HAXHIBETIT SA NUK \u00cbSHT\u00cb VON\u00cb&#8230;.?!!!<\/em><\/strong><\/p>\n<p>Dua t\u00eb shtoj q\u00eb ju, her\u00eb haptas e her\u00eb fshehtas, \u00a0leni p\u00ebr t\u00eb kuptuar se ka ekzistuar dhe ekziston\u201dnj\u00eb konspiracion\u201d i partive nacionale , kund\u00ebr juve \u00a0duke mos ju lejuar t\u00eb uleni n\u00eb sofrat e para t\u00eb politik\u00ebs nacional n\u00eb Ulqin, e sidomos pas zgjedhjeve t\u00eb fundit, kur filluat e festonit para kohe?! Do tu kisha preferuar , q\u00eb t\u00eb b\u00ebheni , origjinal\u00eb duke iu kthyer natyrshm\u00ebris\u00eb suaj nacionale, n\u00ebse d\u00ebshironi t\u00eb \u201cshplani\u201d vet\u00ebn , nga akuzat e Rolloviqit, dhe k\u00ebt\u00eb ta b\u00ebni menj\u00ebher\u00eb sa nuk \u00ebsht\u00eb von\u00eb n\u00eb se doni siguri&#8230;.?!! Dhe tjet\u00ebr, hiqeni mend\u00ebsh, sa nuk \u00ebsht\u00eb von\u00eb, q\u00eb mund t\u00eb b\u00ebheni t\u00eb par\u00eb nga pozitat n\u00eb t\u00eb cilat partiakisht veproni(DPS), sepse edhe n\u00eb sht\u00ebpi, thuhet q\u00eb \u00ebsht\u00eb kund\u00ebrvajtje, kur tentohet t\u00eb hyhet , nga dritareje, apo prej \u201c hatllash\u201d, si kan\u00eb th\u00ebn\u00eb diku, e po veproni ju. Pra, duam t\u00eb themi, q\u00eb k\u00ebt\u00eb ta b\u00ebni, deri sa ekziston kjo struktur\u00eb e pa p\u00ebrvoj\u00eb e kuvendit. T\u00eb cil\u00ebt nga nj\u00ebher\u00eb gjat\u00eb votimit t\u00eb kujtojn\u00eb at\u00eb p\u00ebrrall\u00ebn e gjyshes, e cila si f\u00ebmij\u00eb, kujtojm\u00eb se na shtynte t\u00eb votojm\u00eb n\u00eb befasi edhe p\u00ebr at\u00eb q\u00eb i thon\u00eb \u201cfluturon ,fluturon lopa&#8230;\u201d ?!! Dihet se ne si f\u00ebmij\u00eb, at\u00ebher\u00eb , kur kapeshim n\u00eb befasi, ia b\u00ebnim qefin vehtes dhe gjyshes, duke u qeshur dhe thonim: \u201cPo le t\u00eb fluturoj\u00eb nj\u00ebher\u00eb edhe lopa, se nuk b\u00ebhet qameti\u201d?!!<\/p>\n<p>\u00c7\u00ebsht\u00eb e v\u00ebrteta, Kuvendi i Ulqinit, ka p\u00ebrvoj\u00eb n\u00eb \u201cshp\u00ebrlarjen e k\u00ebtyre pun\u00ebve\u201d, p\u00ebr t\u00eb cilat pam\u00eb q\u00eb u akuzon Rolloviqi. Duke kujtuar t\u00eb kaluar\u00ebn e pun\u00ebs s\u00ebk\u00ebtij kuvendi ai, ia pat b\u00ebr\u00eb edhe vet\u00eb Zhelkos, nj\u00eb pastrim, \u201cshplarje\u201d, deri sa ishte drejtor i Rivjer\u00ebs s\u00eb Ulqinit, me siguri me porosi&#8230;?!!! Fjala \u00ebsht\u00eb, p\u00ebr rastin, kur Kuvendi i Nimanit , hapi diskutim, p\u00ebr t\u00eb analizuar situat\u00ebn e v\u00ebshtir\u00eb n\u00eb nd\u00ebrmarrjen e Hoteleris- Rivjer\u00ebs s\u00eb Ulqinit, dhe votoi disa konkluza me t\u00eb cila ai, njoftoi qeverin\u00eb. Nd\u00ebrsa, n\u00eb nj\u00ebr\u00ebn prej konkluzave q\u00eb p\u00ebrgatiti trupi punues thuhej, citoj: \u201c fajin p\u00ebr gjendjen e keqe ekonomike n\u00eb Rivjer\u00eb t\u00eb Ulqinit e ka pushtetit lokal i Ulqinit, kurse do t\u00eb duhej t\u00eb figuronte \u2013 pushteti republikan&#8230;\u201d?!!!<\/p>\n<p>\u00c7\u00ebshtja \u201ce l\u00ebshimit teknik\u201d at\u00ebher\u00eb \u201d u zbulua\u201d, shum\u00eb von\u00eb, nga nj\u00ebri prej deputet\u00ebve shqiptar\u00eb-Xhemal Peroviqit, t\u00eb cilit materiali me konkluz\u00ebn e cekur, i ra n\u00eb dor\u00eb, si pjes\u00ebmarr\u00ebs n\u00eb nj\u00ebr\u00ebn nga mbledhjet e komisionit p\u00ebrkat\u00ebs parlamentar n\u00eb Kuvendin Republikan.Nd\u00ebrsa k\u00ebt\u00eb zbulim e ceku , edhe n\u00eb nj\u00eb mbledhje t\u00eb Kuvendit t\u00eb Ulqinit, por p\u00ebr k\u00ebt\u00eb askush nuk ia vuri veshin p\u00ebr p\u00ebrmir\u00ebsimin e l\u00ebshimit, icili mbase ishte edhe i q\u00ebllimt\u00eb&#8230;?!!!<\/p>\n","protected":false},"excerpt":{"rendered":"<p>Shkruan Muhamet Nika ; M\u00eb mire n\u00eb sy se sa pas syve?!! Shkrimi i Zhelko Rolloviqit, nj\u00eb ish kuad\u00ebr i lart\u00eb i DPS-s\u00eb dhe nj\u00ebkoh\u00ebsisht, ish-drejtor i k\u00ebsaj partie i Rivjer\u00ebs , n\u00eb nj\u00eb analiz\u00eb, t\u00eb vet\u00ebn, p\u00ebr gazet\u00ebn\u201d Vjesti\u201d, vet\u00ebm se konfirmoi t\u00eb palarat e k\u00ebsaj partie p\u00ebr t\u00eb cilat pat\u00ebm shkruar koh\u00eb m\u00eb [&hellip;]<\/p>\n","protected":false},"author":1,"featured_media":0,"comment_status":"closed","ping_status":"closed","sticky":false,"template":"","format":"standard","meta":{"spay_email":"","jetpack_publicize_message":"","jetpack_is_tweetstorm":false,"jetpack_publicize_feature_enabled":true},"categories":[1,6],"tags":[],"jetpack_publicize_connections":[],"yoast_head":"<!-- This site is optimized with the Yoast SEO plugin v19.1 - https:\/\/yoast.com\/wordpress\/plugins\/seo\/ -->\n<title>Nika: P\u00ebrs\u00ebri p\u00ebr t\u00eb pa larat e DPS-it n\u00eb Ulqin - Lajme nga Ulqini<\/title>\n<meta name=\"description\" content=\"Shkruan Muhamet Nika ; M\u00eb mire n\u00eb sy se sa pas syve?!! Shkrimi i Zhelko Rolloviqit, nj\u00eb ish kuad\u00ebr i lart\u00eb i DPS-s\u00eb dhe nj\u00ebkoh\u00ebsisht, ish-drejtor i k\u00ebsaj\" \/>\n<meta name=\"robots\" content=\"index, follow, max-snippet:-1, max-image-preview:large, max-video-preview:-1\" \/>\n<link rel=\"canonical\" href=\"https:\/\/www.visit-ulcinj.com\/blog\/2014\/08\/30\/nika-perseri-per-te-pa-larat-e-dps-ne-ulqin\/\" \/>\n<meta property=\"og:locale\" content=\"en_US\" \/>\n<meta property=\"og:type\" content=\"article\" \/>\n<meta property=\"og:title\" content=\"Nika: P\u00ebrs\u00ebri p\u00ebr t\u00eb pa larat e DPS-it n\u00eb Ulqin - Lajme nga Ulqini\" \/>\n<meta property=\"og:description\" content=\"Shkruan Muhamet Nika ; M\u00eb mire n\u00eb sy se sa pas syve?!! Shkrimi i Zhelko Rolloviqit, nj\u00eb ish kuad\u00ebr i lart\u00eb i DPS-s\u00eb dhe nj\u00ebkoh\u00ebsisht, ish-drejtor i k\u00ebsaj\" \/>\n<meta property=\"og:url\" content=\"https:\/\/www.visit-ulcinj.com\/blog\/2014\/08\/30\/nika-perseri-per-te-pa-larat-e-dps-ne-ulqin\/\" \/>\n<meta property=\"og:site_name\" content=\"Lajme nga Ulqini\" \/>\n<meta property=\"article:published_time\" content=\"2014-08-30T17:24:04+00:00\" \/>\n<meta property=\"article:modified_time\" content=\"2014-08-30T21:33:02+00:00\" \/>\n<meta property=\"og:image\" content=\"http:\/\/www.visit-ulcinj.com\/blog\/wp-content\/uploads\/2014\/03\/muhamet-nika1.jpg\" \/>\n<meta name=\"twitter:label1\" content=\"Written by\" \/>\n\t<meta name=\"twitter:data1\" content=\"ulqini\" \/>\n\t<meta name=\"twitter:label2\" content=\"Est. reading time\" \/>\n\t<meta name=\"twitter:data2\" content=\"6 minutes\" \/>\n<script type=\"application\/ld+json\" class=\"yoast-schema-graph\">{\"@context\":\"https:\/\/schema.org\",\"@graph\":[{\"@type\":\"WebSite\",\"@id\":\"https:\/\/www.visit-ulcinj.com\/blog\/#website\",\"url\":\"https:\/\/www.visit-ulcinj.com\/blog\/\",\"name\":\"Lajme nga Ulqini\",\"description\":\"Lajme,Vijesti,Ulqini,Ulqin,Crna Gora,Mali i Zi\",\"potentialAction\":[{\"@type\":\"SearchAction\",\"target\":{\"@type\":\"EntryPoint\",\"urlTemplate\":\"https:\/\/www.visit-ulcinj.com\/blog\/?s={search_term_string}\"},\"query-input\":\"required name=search_term_string\"}],\"inLanguage\":\"en-US\"},{\"@type\":\"ImageObject\",\"inLanguage\":\"en-US\",\"@id\":\"https:\/\/www.visit-ulcinj.com\/blog\/2014\/08\/30\/nika-perseri-per-te-pa-larat-e-dps-ne-ulqin\/#primaryimage\",\"url\":\"https:\/\/www.visit-ulcinj.com\/blog\/wp-content\/uploads\/2014\/03\/muhamet-nika1.jpg\",\"contentUrl\":\"https:\/\/www.visit-ulcinj.com\/blog\/wp-content\/uploads\/2014\/03\/muhamet-nika1.jpg\",\"width\":189,\"height\":189},{\"@type\":\"WebPage\",\"@id\":\"https:\/\/www.visit-ulcinj.com\/blog\/2014\/08\/30\/nika-perseri-per-te-pa-larat-e-dps-ne-ulqin\/#webpage\",\"url\":\"https:\/\/www.visit-ulcinj.com\/blog\/2014\/08\/30\/nika-perseri-per-te-pa-larat-e-dps-ne-ulqin\/\",\"name\":\"Nika: P\u00ebrs\u00ebri p\u00ebr t\u00eb pa larat e DPS-it n\u00eb Ulqin - Lajme nga Ulqini\",\"isPartOf\":{\"@id\":\"https:\/\/www.visit-ulcinj.com\/blog\/#website\"},\"primaryImageOfPage\":{\"@id\":\"https:\/\/www.visit-ulcinj.com\/blog\/2014\/08\/30\/nika-perseri-per-te-pa-larat-e-dps-ne-ulqin\/#primaryimage\"},\"datePublished\":\"2014-08-30T17:24:04+00:00\",\"dateModified\":\"2014-08-30T21:33:02+00:00\",\"author\":{\"@id\":\"https:\/\/www.visit-ulcinj.com\/blog\/#\/schema\/person\/dcab619c614d3038751c63bc2aadc06d\"},\"description\":\"Shkruan Muhamet Nika ; M\u00eb mire n\u00eb sy se sa pas syve?!! Shkrimi i Zhelko Rolloviqit, nj\u00eb ish kuad\u00ebr i lart\u00eb i DPS-s\u00eb dhe nj\u00ebkoh\u00ebsisht, ish-drejtor i k\u00ebsaj\",\"breadcrumb\":{\"@id\":\"https:\/\/www.visit-ulcinj.com\/blog\/2014\/08\/30\/nika-perseri-per-te-pa-larat-e-dps-ne-ulqin\/#breadcrumb\"},\"inLanguage\":\"en-US\",\"potentialAction\":[{\"@type\":\"ReadAction\",\"target\":[\"https:\/\/www.visit-ulcinj.com\/blog\/2014\/08\/30\/nika-perseri-per-te-pa-larat-e-dps-ne-ulqin\/\"]}]},{\"@type\":\"BreadcrumbList\",\"@id\":\"https:\/\/www.visit-ulcinj.com\/blog\/2014\/08\/30\/nika-perseri-per-te-pa-larat-e-dps-ne-ulqin\/#breadcrumb\",\"itemListElement\":[{\"@type\":\"ListItem\",\"position\":1,\"name\":\"Nika: P\u00ebrs\u00ebri p\u00ebr t\u00eb pa larat e DPS-it n\u00eb Ulqin\"}]},{\"@type\":\"Person\",\"@id\":\"https:\/\/www.visit-ulcinj.com\/blog\/#\/schema\/person\/dcab619c614d3038751c63bc2aadc06d\",\"name\":\"ulqini\",\"sameAs\":[\"http:\/\/www.visit-ulcinj.com\"],\"url\":\"https:\/\/www.visit-ulcinj.com\/blog\/author\/admin\/\"}]}<\/script>\n<!-- \/ Yoast SEO plugin. -->","yoast_head_json":{"title":"Nika: P\u00ebrs\u00ebri p\u00ebr t\u00eb pa larat e DPS-it n\u00eb Ulqin - Lajme nga Ulqini","description":"Shkruan Muhamet Nika ; M\u00eb mire n\u00eb sy se sa pas syve?!! Shkrimi i Zhelko Rolloviqit, nj\u00eb ish kuad\u00ebr i lart\u00eb i DPS-s\u00eb dhe nj\u00ebkoh\u00ebsisht, ish-drejtor i k\u00ebsaj","robots":{"index":"index","follow":"follow","max-snippet":"max-snippet:-1","max-image-preview":"max-image-preview:large","max-video-preview":"max-video-preview:-1"},"canonical":"https:\/\/www.visit-ulcinj.com\/blog\/2014\/08\/30\/nika-perseri-per-te-pa-larat-e-dps-ne-ulqin\/","og_locale":"en_US","og_type":"article","og_title":"Nika: P\u00ebrs\u00ebri p\u00ebr t\u00eb pa larat e DPS-it n\u00eb Ulqin - Lajme nga Ulqini","og_description":"Shkruan Muhamet Nika ; M\u00eb mire n\u00eb sy se sa pas syve?!! Shkrimi i Zhelko Rolloviqit, nj\u00eb ish kuad\u00ebr i lart\u00eb i DPS-s\u00eb dhe nj\u00ebkoh\u00ebsisht, ish-drejtor i k\u00ebsaj","og_url":"https:\/\/www.visit-ulcinj.com\/blog\/2014\/08\/30\/nika-perseri-per-te-pa-larat-e-dps-ne-ulqin\/","og_site_name":"Lajme nga Ulqini","article_published_time":"2014-08-30T17:24:04+00:00","article_modified_time":"2014-08-30T21:33:02+00:00","og_image":[{"url":"http:\/\/www.visit-ulcinj.com\/blog\/wp-content\/uploads\/2014\/03\/muhamet-nika1.jpg"}],"twitter_misc":{"Written by":"ulqini","Est. reading time":"6 minutes"},"schema":{"@context":"https:\/\/schema.org","@graph":[{"@type":"WebSite","@id":"https:\/\/www.visit-ulcinj.com\/blog\/#website","url":"https:\/\/www.visit-ulcinj.com\/blog\/","name":"Lajme nga Ulqini","description":"Lajme,Vijesti,Ulqini,Ulqin,Crna Gora,Mali i Zi","potentialAction":[{"@type":"SearchAction","target":{"@type":"EntryPoint","urlTemplate":"https:\/\/www.visit-ulcinj.com\/blog\/?s={search_term_string}"},"query-input":"required name=search_term_string"}],"inLanguage":"en-US"},{"@type":"ImageObject","inLanguage":"en-US","@id":"https:\/\/www.visit-ulcinj.com\/blog\/2014\/08\/30\/nika-perseri-per-te-pa-larat-e-dps-ne-ulqin\/#primaryimage","url":"https:\/\/www.visit-ulcinj.com\/blog\/wp-content\/uploads\/2014\/03\/muhamet-nika1.jpg","contentUrl":"https:\/\/www.visit-ulcinj.com\/blog\/wp-content\/uploads\/2014\/03\/muhamet-nika1.jpg","width":189,"height":189},{"@type":"WebPage","@id":"https:\/\/www.visit-ulcinj.com\/blog\/2014\/08\/30\/nika-perseri-per-te-pa-larat-e-dps-ne-ulqin\/#webpage","url":"https:\/\/www.visit-ulcinj.com\/blog\/2014\/08\/30\/nika-perseri-per-te-pa-larat-e-dps-ne-ulqin\/","name":"Nika: P\u00ebrs\u00ebri p\u00ebr t\u00eb pa larat e DPS-it n\u00eb Ulqin - Lajme nga Ulqini","isPartOf":{"@id":"https:\/\/www.visit-ulcinj.com\/blog\/#website"},"primaryImageOfPage":{"@id":"https:\/\/www.visit-ulcinj.com\/blog\/2014\/08\/30\/nika-perseri-per-te-pa-larat-e-dps-ne-ulqin\/#primaryimage"},"datePublished":"2014-08-30T17:24:04+00:00","dateModified":"2014-08-30T21:33:02+00:00","author":{"@id":"https:\/\/www.visit-ulcinj.com\/blog\/#\/schema\/person\/dcab619c614d3038751c63bc2aadc06d"},"description":"Shkruan Muhamet Nika ; M\u00eb mire n\u00eb sy se sa pas syve?!! Shkrimi i Zhelko Rolloviqit, nj\u00eb ish kuad\u00ebr i lart\u00eb i DPS-s\u00eb dhe nj\u00ebkoh\u00ebsisht, ish-drejtor i k\u00ebsaj","breadcrumb":{"@id":"https:\/\/www.visit-ulcinj.com\/blog\/2014\/08\/30\/nika-perseri-per-te-pa-larat-e-dps-ne-ulqin\/#breadcrumb"},"inLanguage":"en-US","potentialAction":[{"@type":"ReadAction","target":["https:\/\/www.visit-ulcinj.com\/blog\/2014\/08\/30\/nika-perseri-per-te-pa-larat-e-dps-ne-ulqin\/"]}]},{"@type":"BreadcrumbList","@id":"https:\/\/www.visit-ulcinj.com\/blog\/2014\/08\/30\/nika-perseri-per-te-pa-larat-e-dps-ne-ulqin\/#breadcrumb","itemListElement":[{"@type":"ListItem","position":1,"name":"Nika: P\u00ebrs\u00ebri p\u00ebr t\u00eb pa larat e DPS-it n\u00eb Ulqin"}]},{"@type":"Person","@id":"https:\/\/www.visit-ulcinj.com\/blog\/#\/schema\/person\/dcab619c614d3038751c63bc2aadc06d","name":"ulqini","sameAs":["http:\/\/www.visit-ulcinj.com"],"url":"https:\/\/www.visit-ulcinj.com\/blog\/author\/admin\/"}]}},"jetpack_featured_media_url":"","jetpack_sharing_enabled":true,"jetpack_shortlink":"https:\/\/wp.me\/pe6lTn-m3Z","_links":{"self":[{"href":"https:\/\/www.visit-ulcinj.com\/blog\/wp-json\/wp\/v2\/posts\/84815"}],"collection":[{"href":"https:\/\/www.visit-ulcinj.com\/blog\/wp-json\/wp\/v2\/posts"}],"about":[{"href":"https:\/\/www.visit-ulcinj.com\/blog\/wp-json\/wp\/v2\/types\/post"}],"author":[{"embeddable":true,"href":"https:\/\/www.visit-ulcinj.com\/blog\/wp-json\/wp\/v2\/users\/1"}],"replies":[{"embeddable":true,"href":"https:\/\/www.visit-ulcinj.com\/blog\/wp-json\/wp\/v2\/comments?post=84815"}],"version-history":[{"count":1,"href":"https:\/\/www.visit-ulcinj.com\/blog\/wp-json\/wp\/v2\/posts\/84815\/revisions"}],"predecessor-version":[{"id":84817,"href":"https:\/\/www.visit-ulcinj.com\/blog\/wp-json\/wp\/v2\/posts\/84815\/revisions\/84817"}],"wp:attachment":[{"href":"https:\/\/www.visit-ulcinj.com\/blog\/wp-json\/wp\/v2\/media?parent=84815"}],"wp:term":[{"taxonomy":"category","embeddable":true,"href":"https:\/\/www.visit-ulcinj.com\/blog\/wp-json\/wp\/v2\/categories?post=84815"},{"taxonomy":"post_tag","embeddable":true,"href":"https:\/\/www.visit-ulcinj.com\/blog\/wp-json\/wp\/v2\/tags?post=84815"}],"curies":[{"name":"wp","href":"https:\/\/api.w.org\/{rel}","templated":true}]}}