{"id":84829,"date":"2014-08-31T13:49:24","date_gmt":"2014-08-31T12:49:24","guid":{"rendered":"http:\/\/www.visit-ulcinj.com\/blog\/?p=84829"},"modified":"2014-08-31T13:49:24","modified_gmt":"2014-08-31T12:49:24","slug":"fond-nedfact-10-septembra-ce-odluciti-o-hotelu-u-ulcinj","status":"publish","type":"post","link":"https:\/\/www.visit-ulcinj.com\/blog\/2014\/08\/31\/fond-nedfact-10-septembra-ce-odluciti-o-hotelu-u-ulcinj\/","title":{"rendered":"Fond Nedfact do 10. septembra \u0107e odlu\u010diti o hotelu u Ulcinj"},"content":{"rendered":"<p><strong><a href=\"http:\/\/www.visit-ulcinj.com\/blog\/wp-content\/uploads\/2014\/08\/Hotel-Jadran-Ulcinj-Star-Montenegro.jpg\"><img loading=\"lazy\" class=\"alignleft wp-image-84830\" src=\"http:\/\/www.visit-ulcinj.com\/blog\/wp-content\/uploads\/2014\/08\/Hotel-Jadran-Ulcinj-Star-Montenegro.jpg\" alt=\"Hotel-Jadran-Ulcinj-Star-Montenegro\" width=\"508\" height=\"204\" srcset=\"https:\/\/www.visit-ulcinj.com\/blog\/wp-content\/uploads\/2014\/08\/Hotel-Jadran-Ulcinj-Star-Montenegro.jpg 999w, https:\/\/www.visit-ulcinj.com\/blog\/wp-content\/uploads\/2014\/08\/Hotel-Jadran-Ulcinj-Star-Montenegro-300x120.jpg 300w\" sizes=\"(max-width: 508px) 100vw, 508px\" \/><\/a>ULCINJ \u2013 Fond sa ve\u0107inskim holandskim kapitalom Nedfact, trebalo bi da do 10. septembra saop\u0161ti da li \u0107e na ulcinjskom poluostrvu Suka graditi luksuzni hotel, pi\u0161e portal Ul-info.<\/strong><\/p>\n<p style=\"text-align: justify;\">Budu\u0107i hotel Servantes bi, prema zamisli Nedfacta, bio dva sprata ve\u0107i od prvobitno planiranog, zbog \u010dega je ulcinjska kompanija Star of Montenegro prije dvije sedmice povukla zahtjev za dobijanje gra\u0111evinske dozvole za raniji projekat.<br \/>\nKompanija Star of Montenegro je, kako su objavile Vijesti, odustala od namjere da dobije gra\u0111evinsku dozvolu za gradnju na mjestu starog hotela Jadran na Suki.<br \/>\nNedfact je namjeravao da u gradnju hotela investira oko 50 miliona eura, zbog toga su \u010delnici fonda registrovali firmu u Crnoj Gori pod nazivom Nedfact Montenegro.<br \/>\nOni su u pismu o namjerama, upu\u0107enom predsjedniku op\u0161tine Ulcinj Fatmiru \u0110eki, naveli da bi do 2018. godine realizovali gradnju hotela Servantes.<br \/>\nPredstavnici Nedfacta su u pismu dodali ,,mapu puta\u201c, navode\u0107i da o\u010dekuju podr\u0161ku i pokazili spremnost da prihvate sve savjete i preporuke.<\/p>\n<p style=\"text-align: justify;\"><em><b>S.P.<\/b><\/em><\/p>\n<p style=\"text-align: justify;\"><strong>Izvor: POBJEDA<\/strong><\/p>\n","protected":false},"excerpt":{"rendered":"<p>ULCINJ \u2013 Fond sa ve\u0107inskim holandskim kapitalom Nedfact, trebalo bi da do 10. septembra saop\u0161ti da li \u0107e na ulcinjskom poluostrvu Suka graditi luksuzni hotel, pi\u0161e portal Ul-info. Budu\u0107i hotel Servantes bi, prema zamisli Nedfacta, bio dva sprata ve\u0107i od prvobitno planiranog, zbog \u010dega je ulcinjska kompanija Star of Montenegro prije dvije sedmice povukla zahtjev [&hellip;]<\/p>\n","protected":false},"author":1,"featured_media":0,"comment_status":"closed","ping_status":"closed","sticky":false,"template":"","format":"standard","meta":{"spay_email":"","jetpack_publicize_message":"","jetpack_is_tweetstorm":false,"jetpack_publicize_feature_enabled":true},"categories":[8337],"tags":[],"jetpack_publicize_connections":[],"yoast_head":"<!-- This site is optimized with the Yoast SEO plugin v19.1 - https:\/\/yoast.com\/wordpress\/plugins\/seo\/ -->\n<title>Fond Nedfact do 10. septembra \u0107e odlu\u010diti o hotelu u Ulcinj - Lajme nga Ulqini<\/title>\n<meta name=\"description\" content=\"ULCINJ \u2013 Fond sa ve\u0107inskim holandskim kapitalom Nedfact, trebalo bi da do 10. septembra saop\u0161ti da li \u0107e na ulcinjskom poluostrvu Suka graditi luksuzni\" \/>\n<meta name=\"robots\" content=\"index, follow, max-snippet:-1, max-image-preview:large, max-video-preview:-1\" \/>\n<link rel=\"canonical\" href=\"https:\/\/www.visit-ulcinj.com\/blog\/2014\/08\/31\/fond-nedfact-10-septembra-ce-odluciti-o-hotelu-u-ulcinj\/\" \/>\n<meta property=\"og:locale\" content=\"en_US\" \/>\n<meta property=\"og:type\" content=\"article\" \/>\n<meta property=\"og:title\" content=\"Fond Nedfact do 10. septembra \u0107e odlu\u010diti o hotelu u Ulcinj - Lajme nga Ulqini\" \/>\n<meta property=\"og:description\" content=\"ULCINJ \u2013 Fond sa ve\u0107inskim holandskim kapitalom Nedfact, trebalo bi da do 10. septembra saop\u0161ti da li \u0107e na ulcinjskom poluostrvu Suka graditi luksuzni\" \/>\n<meta property=\"og:url\" content=\"https:\/\/www.visit-ulcinj.com\/blog\/2014\/08\/31\/fond-nedfact-10-septembra-ce-odluciti-o-hotelu-u-ulcinj\/\" \/>\n<meta property=\"og:site_name\" content=\"Lajme nga Ulqini\" \/>\n<meta property=\"article:published_time\" content=\"2014-08-31T12:49:24+00:00\" \/>\n<meta property=\"og:image\" content=\"http:\/\/www.visit-ulcinj.com\/blog\/wp-content\/uploads\/2014\/08\/Hotel-Jadran-Ulcinj-Star-Montenegro.jpg\" \/>\n<meta name=\"twitter:label1\" content=\"Written by\" \/>\n\t<meta name=\"twitter:data1\" content=\"ulqini\" \/>\n\t<meta name=\"twitter:label2\" content=\"Est. reading time\" \/>\n\t<meta name=\"twitter:data2\" content=\"1 minute\" \/>\n<script type=\"application\/ld+json\" class=\"yoast-schema-graph\">{\"@context\":\"https:\/\/schema.org\",\"@graph\":[{\"@type\":\"WebSite\",\"@id\":\"https:\/\/www.visit-ulcinj.com\/blog\/#website\",\"url\":\"https:\/\/www.visit-ulcinj.com\/blog\/\",\"name\":\"Lajme nga Ulqini\",\"description\":\"Lajme,Vijesti,Ulqini,Ulqin,Crna Gora,Mali i Zi\",\"potentialAction\":[{\"@type\":\"SearchAction\",\"target\":{\"@type\":\"EntryPoint\",\"urlTemplate\":\"https:\/\/www.visit-ulcinj.com\/blog\/?s={search_term_string}\"},\"query-input\":\"required name=search_term_string\"}],\"inLanguage\":\"en-US\"},{\"@type\":\"ImageObject\",\"inLanguage\":\"en-US\",\"@id\":\"https:\/\/www.visit-ulcinj.com\/blog\/2014\/08\/31\/fond-nedfact-10-septembra-ce-odluciti-o-hotelu-u-ulcinj\/#primaryimage\",\"url\":\"https:\/\/www.visit-ulcinj.com\/blog\/wp-content\/uploads\/2014\/08\/Hotel-Jadran-Ulcinj-Star-Montenegro.jpg\",\"contentUrl\":\"https:\/\/www.visit-ulcinj.com\/blog\/wp-content\/uploads\/2014\/08\/Hotel-Jadran-Ulcinj-Star-Montenegro.jpg\",\"width\":999,\"height\":402},{\"@type\":\"WebPage\",\"@id\":\"https:\/\/www.visit-ulcinj.com\/blog\/2014\/08\/31\/fond-nedfact-10-septembra-ce-odluciti-o-hotelu-u-ulcinj\/#webpage\",\"url\":\"https:\/\/www.visit-ulcinj.com\/blog\/2014\/08\/31\/fond-nedfact-10-septembra-ce-odluciti-o-hotelu-u-ulcinj\/\",\"name\":\"Fond Nedfact do 10. septembra \u0107e odlu\u010diti o hotelu u Ulcinj - Lajme nga Ulqini\",\"isPartOf\":{\"@id\":\"https:\/\/www.visit-ulcinj.com\/blog\/#website\"},\"primaryImageOfPage\":{\"@id\":\"https:\/\/www.visit-ulcinj.com\/blog\/2014\/08\/31\/fond-nedfact-10-septembra-ce-odluciti-o-hotelu-u-ulcinj\/#primaryimage\"},\"datePublished\":\"2014-08-31T12:49:24+00:00\",\"dateModified\":\"2014-08-31T12:49:24+00:00\",\"author\":{\"@id\":\"https:\/\/www.visit-ulcinj.com\/blog\/#\/schema\/person\/dcab619c614d3038751c63bc2aadc06d\"},\"description\":\"ULCINJ \u2013 Fond sa ve\u0107inskim holandskim kapitalom Nedfact, trebalo bi da do 10. septembra saop\u0161ti da li \u0107e na ulcinjskom poluostrvu Suka graditi luksuzni\",\"breadcrumb\":{\"@id\":\"https:\/\/www.visit-ulcinj.com\/blog\/2014\/08\/31\/fond-nedfact-10-septembra-ce-odluciti-o-hotelu-u-ulcinj\/#breadcrumb\"},\"inLanguage\":\"en-US\",\"potentialAction\":[{\"@type\":\"ReadAction\",\"target\":[\"https:\/\/www.visit-ulcinj.com\/blog\/2014\/08\/31\/fond-nedfact-10-septembra-ce-odluciti-o-hotelu-u-ulcinj\/\"]}]},{\"@type\":\"BreadcrumbList\",\"@id\":\"https:\/\/www.visit-ulcinj.com\/blog\/2014\/08\/31\/fond-nedfact-10-septembra-ce-odluciti-o-hotelu-u-ulcinj\/#breadcrumb\",\"itemListElement\":[{\"@type\":\"ListItem\",\"position\":1,\"name\":\"Fond Nedfact do 10. septembra \u0107e odlu\u010diti o hotelu u Ulcinj\"}]},{\"@type\":\"Person\",\"@id\":\"https:\/\/www.visit-ulcinj.com\/blog\/#\/schema\/person\/dcab619c614d3038751c63bc2aadc06d\",\"name\":\"ulqini\",\"sameAs\":[\"http:\/\/www.visit-ulcinj.com\"],\"url\":\"https:\/\/www.visit-ulcinj.com\/blog\/author\/admin\/\"}]}<\/script>\n<!-- \/ Yoast SEO plugin. -->","yoast_head_json":{"title":"Fond Nedfact do 10. septembra \u0107e odlu\u010diti o hotelu u Ulcinj - Lajme nga Ulqini","description":"ULCINJ \u2013 Fond sa ve\u0107inskim holandskim kapitalom Nedfact, trebalo bi da do 10. septembra saop\u0161ti da li \u0107e na ulcinjskom poluostrvu Suka graditi luksuzni","robots":{"index":"index","follow":"follow","max-snippet":"max-snippet:-1","max-image-preview":"max-image-preview:large","max-video-preview":"max-video-preview:-1"},"canonical":"https:\/\/www.visit-ulcinj.com\/blog\/2014\/08\/31\/fond-nedfact-10-septembra-ce-odluciti-o-hotelu-u-ulcinj\/","og_locale":"en_US","og_type":"article","og_title":"Fond Nedfact do 10. septembra \u0107e odlu\u010diti o hotelu u Ulcinj - Lajme nga Ulqini","og_description":"ULCINJ \u2013 Fond sa ve\u0107inskim holandskim kapitalom Nedfact, trebalo bi da do 10. septembra saop\u0161ti da li \u0107e na ulcinjskom poluostrvu Suka graditi luksuzni","og_url":"https:\/\/www.visit-ulcinj.com\/blog\/2014\/08\/31\/fond-nedfact-10-septembra-ce-odluciti-o-hotelu-u-ulcinj\/","og_site_name":"Lajme nga Ulqini","article_published_time":"2014-08-31T12:49:24+00:00","og_image":[{"url":"http:\/\/www.visit-ulcinj.com\/blog\/wp-content\/uploads\/2014\/08\/Hotel-Jadran-Ulcinj-Star-Montenegro.jpg"}],"twitter_misc":{"Written by":"ulqini","Est. reading time":"1 minute"},"schema":{"@context":"https:\/\/schema.org","@graph":[{"@type":"WebSite","@id":"https:\/\/www.visit-ulcinj.com\/blog\/#website","url":"https:\/\/www.visit-ulcinj.com\/blog\/","name":"Lajme nga Ulqini","description":"Lajme,Vijesti,Ulqini,Ulqin,Crna Gora,Mali i Zi","potentialAction":[{"@type":"SearchAction","target":{"@type":"EntryPoint","urlTemplate":"https:\/\/www.visit-ulcinj.com\/blog\/?s={search_term_string}"},"query-input":"required name=search_term_string"}],"inLanguage":"en-US"},{"@type":"ImageObject","inLanguage":"en-US","@id":"https:\/\/www.visit-ulcinj.com\/blog\/2014\/08\/31\/fond-nedfact-10-septembra-ce-odluciti-o-hotelu-u-ulcinj\/#primaryimage","url":"https:\/\/www.visit-ulcinj.com\/blog\/wp-content\/uploads\/2014\/08\/Hotel-Jadran-Ulcinj-Star-Montenegro.jpg","contentUrl":"https:\/\/www.visit-ulcinj.com\/blog\/wp-content\/uploads\/2014\/08\/Hotel-Jadran-Ulcinj-Star-Montenegro.jpg","width":999,"height":402},{"@type":"WebPage","@id":"https:\/\/www.visit-ulcinj.com\/blog\/2014\/08\/31\/fond-nedfact-10-septembra-ce-odluciti-o-hotelu-u-ulcinj\/#webpage","url":"https:\/\/www.visit-ulcinj.com\/blog\/2014\/08\/31\/fond-nedfact-10-septembra-ce-odluciti-o-hotelu-u-ulcinj\/","name":"Fond Nedfact do 10. septembra \u0107e odlu\u010diti o hotelu u Ulcinj - Lajme nga Ulqini","isPartOf":{"@id":"https:\/\/www.visit-ulcinj.com\/blog\/#website"},"primaryImageOfPage":{"@id":"https:\/\/www.visit-ulcinj.com\/blog\/2014\/08\/31\/fond-nedfact-10-septembra-ce-odluciti-o-hotelu-u-ulcinj\/#primaryimage"},"datePublished":"2014-08-31T12:49:24+00:00","dateModified":"2014-08-31T12:49:24+00:00","author":{"@id":"https:\/\/www.visit-ulcinj.com\/blog\/#\/schema\/person\/dcab619c614d3038751c63bc2aadc06d"},"description":"ULCINJ \u2013 Fond sa ve\u0107inskim holandskim kapitalom Nedfact, trebalo bi da do 10. septembra saop\u0161ti da li \u0107e na ulcinjskom poluostrvu Suka graditi luksuzni","breadcrumb":{"@id":"https:\/\/www.visit-ulcinj.com\/blog\/2014\/08\/31\/fond-nedfact-10-septembra-ce-odluciti-o-hotelu-u-ulcinj\/#breadcrumb"},"inLanguage":"en-US","potentialAction":[{"@type":"ReadAction","target":["https:\/\/www.visit-ulcinj.com\/blog\/2014\/08\/31\/fond-nedfact-10-septembra-ce-odluciti-o-hotelu-u-ulcinj\/"]}]},{"@type":"BreadcrumbList","@id":"https:\/\/www.visit-ulcinj.com\/blog\/2014\/08\/31\/fond-nedfact-10-septembra-ce-odluciti-o-hotelu-u-ulcinj\/#breadcrumb","itemListElement":[{"@type":"ListItem","position":1,"name":"Fond Nedfact do 10. septembra \u0107e odlu\u010diti o hotelu u Ulcinj"}]},{"@type":"Person","@id":"https:\/\/www.visit-ulcinj.com\/blog\/#\/schema\/person\/dcab619c614d3038751c63bc2aadc06d","name":"ulqini","sameAs":["http:\/\/www.visit-ulcinj.com"],"url":"https:\/\/www.visit-ulcinj.com\/blog\/author\/admin\/"}]}},"jetpack_featured_media_url":"","jetpack_sharing_enabled":true,"jetpack_shortlink":"https:\/\/wp.me\/pe6lTn-m4d","_links":{"self":[{"href":"https:\/\/www.visit-ulcinj.com\/blog\/wp-json\/wp\/v2\/posts\/84829"}],"collection":[{"href":"https:\/\/www.visit-ulcinj.com\/blog\/wp-json\/wp\/v2\/posts"}],"about":[{"href":"https:\/\/www.visit-ulcinj.com\/blog\/wp-json\/wp\/v2\/types\/post"}],"author":[{"embeddable":true,"href":"https:\/\/www.visit-ulcinj.com\/blog\/wp-json\/wp\/v2\/users\/1"}],"replies":[{"embeddable":true,"href":"https:\/\/www.visit-ulcinj.com\/blog\/wp-json\/wp\/v2\/comments?post=84829"}],"version-history":[{"count":1,"href":"https:\/\/www.visit-ulcinj.com\/blog\/wp-json\/wp\/v2\/posts\/84829\/revisions"}],"predecessor-version":[{"id":84831,"href":"https:\/\/www.visit-ulcinj.com\/blog\/wp-json\/wp\/v2\/posts\/84829\/revisions\/84831"}],"wp:attachment":[{"href":"https:\/\/www.visit-ulcinj.com\/blog\/wp-json\/wp\/v2\/media?parent=84829"}],"wp:term":[{"taxonomy":"category","embeddable":true,"href":"https:\/\/www.visit-ulcinj.com\/blog\/wp-json\/wp\/v2\/categories?post=84829"},{"taxonomy":"post_tag","embeddable":true,"href":"https:\/\/www.visit-ulcinj.com\/blog\/wp-json\/wp\/v2\/tags?post=84829"}],"curies":[{"name":"wp","href":"https:\/\/api.w.org\/{rel}","templated":true}]}}