{"id":84852,"date":"2014-09-01T11:07:12","date_gmt":"2014-09-01T10:07:12","guid":{"rendered":"http:\/\/www.visit-ulcinj.com\/blog\/?p=84852"},"modified":"2014-09-01T11:07:12","modified_gmt":"2014-09-01T10:07:12","slug":"mr-osmanovic-pismo-upuceno-g-zeljku-rolovicu","status":"publish","type":"post","link":"https:\/\/www.visit-ulcinj.com\/blog\/2014\/09\/01\/mr-osmanovic-pismo-upuceno-g-zeljku-rolovicu\/","title":{"rendered":"Mr.Osmanovi\u0107: Pismo upu\u0107eno g. \u017deljku Rolovi\u0107u"},"content":{"rendered":"<p>Prvenstveno prvo kao gradjanin poznatog grada po slozi I miru grada Ulcinja,pa kao \u010dlan Dps-a Ulcinj,posle niskih I veoma uvredljivih,nepristojnih a prije svega ne argumentovanih i nejasnih izjava upu\u0107enih prema \u010dlanovima pomenute partije od strane g Rolovi\u0107a,koje osim \u0161to su ne argumentovane i nejasne takodje mislim da su upu\u0107ene da bi destabilizovale pomenuti mir I slogu koja je I krasila ovaj prelijepi grad.<\/p>\n<p><a href=\"http:\/\/www.visit-ulcinj.com\/blog\/wp-content\/uploads\/2014\/09\/Artan-Osmanovic-Ulcinj.jpg\"><img loading=\"lazy\" class=\"alignleft wp-image-84853\" src=\"http:\/\/www.visit-ulcinj.com\/blog\/wp-content\/uploads\/2014\/09\/Artan-Osmanovic-Ulcinj.jpg\" alt=\"Artan Osmanovic-Ulcinj\" width=\"508\" height=\"533\" srcset=\"https:\/\/www.visit-ulcinj.com\/blog\/wp-content\/uploads\/2014\/09\/Artan-Osmanovic-Ulcinj.jpg 718w, https:\/\/www.visit-ulcinj.com\/blog\/wp-content\/uploads\/2014\/09\/Artan-Osmanovic-Ulcinj-285x300.jpg 285w\" sizes=\"(max-width: 508px) 100vw, 508px\" \/><\/a><\/p>\n<p>G Rolovi\u0107u,posle tako uvredljivog teksta a prije svega nejasnog I ne argumentovanog,mislim da bi za nas \u010dlanove pomenute partije a prije svega za javnost bilo lijepo I jasnije da taj nepristojni tekst privedete kraju,tako \u0161to \u0107ete navedene rij\u010di kao:Paraziti,\u0160verc preko Albanije I sumnjive diplome, malo detaljnije izjasniti.<\/p>\n<p>I ako na takav oblik i sadr\u017eaj teksta nebi trebalo ni obra\u0107ati pa\u017enju,ipak sam odlu\u010dio da prije svega zbog zablude javnosti i na\u0161ih sugradjana prvenstveno o\u010distim sebe I porodicu,ako se uopte mislilo na nas.<\/p>\n<p>Tako da \u0107u krenuti od prve uvredljive rije\u010di \u201cParaziti\u201d<\/p>\n<p>G Rolovi\u0107u,ja Artan Osmanovi\u0107,sa svojih 28 god.\u017eivotaiI moja porodica,od u\u010dlanjenja u pomenutoj partiji,ni jednog trenutka a kamoli vi\u0161e vremena nismo imali apsolutno nikakvu korist,i sve sto smo stekli je isklju\u010divo rezultat na\u0161eg sopstvenog rada i zalaganja u raznim poljima.<\/p>\n<p>U slede\u0107em tekstu,ako budete dodatno tr\u017ezili I potvrdili da se o nama mislilo,dostavi\u0107u vam javno, stambeni kredit ako ima sumnje u znoju i sopstvenom po\u017ertvovanju oko izgradnje porodi\u010dne ku\u0107e koju posjedujemo.<\/p>\n<p>Osniva\u010d sam I nevladine organizacije \u201cEuro Project\u201d i aktivan u raznim medjunarodnim projektima,\u0161to vam mogu takodje javno argumentovati u slede\u0107em tekstu.<\/p>\n<p>Takodje sam i vlasnik restorana Castello,ispod biv\u0161eg hotela Galeb,(50m od vase ku\u0107e),gdje redovno pla\u0107am zakupninu JP Morskom Dobru I sva ostala potra\u017eivanja od strane dr\u017eave kao porez,doprinosi itd itd,koje vam takodje mogu argumentovati tako \u0161to \u0107u vam javno prilo\u017eiti uplatnice o izvr\u0161enim obavezama prvenstveno prema dr\u017eavnim potra\u017eivanjima kao I broj re\u0161enja JP Morskog Dobra I Op\u0161tine Ulcinj.<\/p>\n<p>Tako da mislim da sa svojih 28 god \u017eivota rijec parazit I etiketiranje da sve \u010dekamo od partije bi trebale biti povu\u010dene barem za nas I to javno.<\/p>\n<p>Druga uvredljiva rije\u010d \u201cSumnja u diplomama\u201d<\/p>\n<p>Kad smo kod diploma,Ekonomski fakultet sam uspje\u0161no zavr\u0161io u dr\u017eavnom,, Fakultetu Luidj Guraku\u0107i,, u Skadru.Magistarske studije takodje sam uspje\u0161no priveo kraju u dr\u017eavnomFfakultetu u Tirani I trenutno pohadjam doktorske studije takodje u dr\u017eavnom Fakultetu u Dra\u010du \u201cAleksander Mojsiu\u201d,koji je ujedno I poznat kao fakultet sa velikim renomeom I kriterijumom u regionu,od kojih sam I zadr\u017ean da obavljam posao \u201casistenta\u201dpo ugovoru na odredjeno vrijeme u pomenutom fakultetu.<\/p>\n<p>Takodje pohadjam i svojih10 nau\u010dnih radova u oblasti ekonomije i redovan u\u010desnik medjunarodnih konferencija.<\/p>\n<p>Takodje i ove gore navedene tvrdnje vam mogu argumentovati u slede\u0107em tekstu ako bude trebalo.<\/p>\n<p>\u0160to se ti\u010de mog roditelja Eleza Osmanovica,on je doktor ekonomskih nauka,sa nau\u010dnim zvanjem Vanrednog profesora. Doktorske studije je uspje\u0161no priveo kraju u Srbiji,u Fakultetu organizicionih nauka,ta\u010dnije u Beogradu na koju stranu vam I srce emocionalnije i lupa.<\/p>\n<p>Tre\u0107a uvredljiva rijec \u201c\u0160verc preko Albanije\u201d<\/p>\n<p>Takodje sam morao odgovoriti I na ovu uvredljivu rije\u010d,jer ja a prije svega moj roditelj (Elez) Osmanovic,evo du\u017ei niz godina operujemo u Albaniji ,Makedoniju I Kosovo,kao student-profesor u raznim Ekonomskim fakultetima,I svaki na\u0161 ulazak I izlazak iz zemlje svih ovih godina je bio i bi\u0107e legalan I po propisima koje zahtjeva grani\u010dni prelaz koji i ve\u017ee ove prijateljske dr\u017eave.\u0160to se lako da i provjeriti,pogotovo u dana\u0161nje doba gdje je tranzicija tehnologije dostigla vrhunac I gdje se svaki korak,posebno u grani\u010dnim prelazima pa\u017eljivo posmatra I registruje.<\/p>\n<p>Takodje \u0161to je I veoma bitno da napomenem g Rolovi\u0107u,to je da ja I moj roditelj i posle veoma mu\u010dnih I skupih studija,evo dugi niz godina u Crnoj Gori se i dalje tretiramo kao nezaposlena lica I redovni smo posjetioci Biro-a Rada Ulcinj.<\/p>\n<p>Ali kao \u010dasni I prije svega razumni gradjani prije svega Ulcinja I Crne Gore,smo apsolutno svjesni da trenutno \u201cTriste i potrebe t\u017ezi\u0161ta nisu u jednakoj talasnoj du\u017eini\u201d I ne preostaje nam nista drugo nego da se nadamo a i \u0161to je u na\u0161oj mo\u0107i preduzmemo za pobolj\u0161anje trenutno grozne situacije,koja nije zadesila samo Crnu Goru nego I kompletan region paiI \u0161ire.<\/p>\n<p>Tako da ne samo mi,nego I svi razumni gradjani,svoja ogor\u010denja I poraze u raznim poljima,nebi trebalo ispoljiti u dru\u0161tvu a pogotovo ne medju svojim sugradjanima I bra\u0107om,I pogotovo bez \u010dvstih argumenata I jasnih I preciznih poruka,jer samim tim \u0107emo samo doprinjeti da br\u017ee srusimo ovaj mir I slogu koju su na\u0161i preci dugi niz godina izgradili u ovom gradu.<\/p>\n<p>Za kraj bih samo htijo da vam se izvinem ako sam vas nesvjesno nedje u tekstu uvredio I prije svega zbog javnosti zamolio da malo detaljnije iskristali\u0161ete uvrede koje ste uputili prema svim \u010dlanovima Dps Ulcinj u pro\u0161lom artiklu.<\/p>\n<p><strong><br \/>\nMr Artan Osmanovi\u0107<\/strong><\/p>\n","protected":false},"excerpt":{"rendered":"<p>Prvenstveno prvo kao gradjanin poznatog grada po slozi I miru grada Ulcinja,pa kao \u010dlan Dps-a Ulcinj,posle niskih I veoma uvredljivih,nepristojnih a prije svega ne argumentovanih i nejasnih izjava upu\u0107enih prema \u010dlanovima pomenute partije od strane g Rolovi\u0107a,koje osim \u0161to su ne argumentovane i nejasne takodje mislim da su upu\u0107ene da bi destabilizovale pomenuti mir I [&hellip;]<\/p>\n","protected":false},"author":1,"featured_media":0,"comment_status":"closed","ping_status":"closed","sticky":false,"template":"","format":"standard","meta":{"spay_email":"","jetpack_publicize_message":"","jetpack_is_tweetstorm":false,"jetpack_publicize_feature_enabled":true},"categories":[8337],"tags":[],"jetpack_publicize_connections":[],"yoast_head":"<!-- This site is optimized with the Yoast SEO plugin v19.1 - https:\/\/yoast.com\/wordpress\/plugins\/seo\/ -->\n<title>Mr.Osmanovi\u0107: Pismo upu\u0107eno g. \u017deljku Rolovi\u0107u - Lajme nga Ulqini<\/title>\n<meta name=\"description\" content=\"Prvenstveno prvo kao gradjanin poznatog grada po slozi I miru grada Ulcinja,pa kao \u010dlan Dps-a Ulcinj,posle niskih I veoma uvredljivih,nepristojnih a prije\" \/>\n<meta name=\"robots\" content=\"index, follow, max-snippet:-1, max-image-preview:large, max-video-preview:-1\" \/>\n<link rel=\"canonical\" href=\"https:\/\/www.visit-ulcinj.com\/blog\/2014\/09\/01\/mr-osmanovic-pismo-upuceno-g-zeljku-rolovicu\/\" \/>\n<meta property=\"og:locale\" content=\"en_US\" \/>\n<meta property=\"og:type\" content=\"article\" \/>\n<meta property=\"og:title\" content=\"Mr.Osmanovi\u0107: Pismo upu\u0107eno g. \u017deljku Rolovi\u0107u - Lajme nga Ulqini\" \/>\n<meta property=\"og:description\" content=\"Prvenstveno prvo kao gradjanin poznatog grada po slozi I miru grada Ulcinja,pa kao \u010dlan Dps-a Ulcinj,posle niskih I veoma uvredljivih,nepristojnih a prije\" \/>\n<meta property=\"og:url\" content=\"https:\/\/www.visit-ulcinj.com\/blog\/2014\/09\/01\/mr-osmanovic-pismo-upuceno-g-zeljku-rolovicu\/\" \/>\n<meta property=\"og:site_name\" content=\"Lajme nga Ulqini\" \/>\n<meta property=\"article:published_time\" content=\"2014-09-01T10:07:12+00:00\" \/>\n<meta property=\"og:image\" content=\"http:\/\/www.visit-ulcinj.com\/blog\/wp-content\/uploads\/2014\/09\/Artan-Osmanovic-Ulcinj.jpg\" \/>\n<meta name=\"twitter:label1\" content=\"Written by\" \/>\n\t<meta name=\"twitter:data1\" content=\"ulqini\" \/>\n\t<meta name=\"twitter:label2\" content=\"Est. reading time\" \/>\n\t<meta name=\"twitter:data2\" content=\"4 minutes\" \/>\n<script type=\"application\/ld+json\" class=\"yoast-schema-graph\">{\"@context\":\"https:\/\/schema.org\",\"@graph\":[{\"@type\":\"WebSite\",\"@id\":\"https:\/\/www.visit-ulcinj.com\/blog\/#website\",\"url\":\"https:\/\/www.visit-ulcinj.com\/blog\/\",\"name\":\"Lajme nga Ulqini\",\"description\":\"Lajme,Vijesti,Ulqini,Ulqin,Crna Gora,Mali i Zi\",\"potentialAction\":[{\"@type\":\"SearchAction\",\"target\":{\"@type\":\"EntryPoint\",\"urlTemplate\":\"https:\/\/www.visit-ulcinj.com\/blog\/?s={search_term_string}\"},\"query-input\":\"required name=search_term_string\"}],\"inLanguage\":\"en-US\"},{\"@type\":\"ImageObject\",\"inLanguage\":\"en-US\",\"@id\":\"https:\/\/www.visit-ulcinj.com\/blog\/2014\/09\/01\/mr-osmanovic-pismo-upuceno-g-zeljku-rolovicu\/#primaryimage\",\"url\":\"https:\/\/www.visit-ulcinj.com\/blog\/wp-content\/uploads\/2014\/09\/Artan-Osmanovic-Ulcinj.jpg\",\"contentUrl\":\"https:\/\/www.visit-ulcinj.com\/blog\/wp-content\/uploads\/2014\/09\/Artan-Osmanovic-Ulcinj.jpg\",\"width\":718,\"height\":754},{\"@type\":\"WebPage\",\"@id\":\"https:\/\/www.visit-ulcinj.com\/blog\/2014\/09\/01\/mr-osmanovic-pismo-upuceno-g-zeljku-rolovicu\/#webpage\",\"url\":\"https:\/\/www.visit-ulcinj.com\/blog\/2014\/09\/01\/mr-osmanovic-pismo-upuceno-g-zeljku-rolovicu\/\",\"name\":\"Mr.Osmanovi\u0107: Pismo upu\u0107eno g. \u017deljku Rolovi\u0107u - Lajme nga Ulqini\",\"isPartOf\":{\"@id\":\"https:\/\/www.visit-ulcinj.com\/blog\/#website\"},\"primaryImageOfPage\":{\"@id\":\"https:\/\/www.visit-ulcinj.com\/blog\/2014\/09\/01\/mr-osmanovic-pismo-upuceno-g-zeljku-rolovicu\/#primaryimage\"},\"datePublished\":\"2014-09-01T10:07:12+00:00\",\"dateModified\":\"2014-09-01T10:07:12+00:00\",\"author\":{\"@id\":\"https:\/\/www.visit-ulcinj.com\/blog\/#\/schema\/person\/dcab619c614d3038751c63bc2aadc06d\"},\"description\":\"Prvenstveno prvo kao gradjanin poznatog grada po slozi I miru grada Ulcinja,pa kao \u010dlan Dps-a Ulcinj,posle niskih I veoma uvredljivih,nepristojnih a prije\",\"breadcrumb\":{\"@id\":\"https:\/\/www.visit-ulcinj.com\/blog\/2014\/09\/01\/mr-osmanovic-pismo-upuceno-g-zeljku-rolovicu\/#breadcrumb\"},\"inLanguage\":\"en-US\",\"potentialAction\":[{\"@type\":\"ReadAction\",\"target\":[\"https:\/\/www.visit-ulcinj.com\/blog\/2014\/09\/01\/mr-osmanovic-pismo-upuceno-g-zeljku-rolovicu\/\"]}]},{\"@type\":\"BreadcrumbList\",\"@id\":\"https:\/\/www.visit-ulcinj.com\/blog\/2014\/09\/01\/mr-osmanovic-pismo-upuceno-g-zeljku-rolovicu\/#breadcrumb\",\"itemListElement\":[{\"@type\":\"ListItem\",\"position\":1,\"name\":\"Mr.Osmanovi\u0107: Pismo upu\u0107eno g. \u017deljku Rolovi\u0107u\"}]},{\"@type\":\"Person\",\"@id\":\"https:\/\/www.visit-ulcinj.com\/blog\/#\/schema\/person\/dcab619c614d3038751c63bc2aadc06d\",\"name\":\"ulqini\",\"sameAs\":[\"http:\/\/www.visit-ulcinj.com\"],\"url\":\"https:\/\/www.visit-ulcinj.com\/blog\/author\/admin\/\"}]}<\/script>\n<!-- \/ Yoast SEO plugin. -->","yoast_head_json":{"title":"Mr.Osmanovi\u0107: Pismo upu\u0107eno g. \u017deljku Rolovi\u0107u - Lajme nga Ulqini","description":"Prvenstveno prvo kao gradjanin poznatog grada po slozi I miru grada Ulcinja,pa kao \u010dlan Dps-a Ulcinj,posle niskih I veoma uvredljivih,nepristojnih a prije","robots":{"index":"index","follow":"follow","max-snippet":"max-snippet:-1","max-image-preview":"max-image-preview:large","max-video-preview":"max-video-preview:-1"},"canonical":"https:\/\/www.visit-ulcinj.com\/blog\/2014\/09\/01\/mr-osmanovic-pismo-upuceno-g-zeljku-rolovicu\/","og_locale":"en_US","og_type":"article","og_title":"Mr.Osmanovi\u0107: Pismo upu\u0107eno g. \u017deljku Rolovi\u0107u - Lajme nga Ulqini","og_description":"Prvenstveno prvo kao gradjanin poznatog grada po slozi I miru grada Ulcinja,pa kao \u010dlan Dps-a Ulcinj,posle niskih I veoma uvredljivih,nepristojnih a prije","og_url":"https:\/\/www.visit-ulcinj.com\/blog\/2014\/09\/01\/mr-osmanovic-pismo-upuceno-g-zeljku-rolovicu\/","og_site_name":"Lajme nga Ulqini","article_published_time":"2014-09-01T10:07:12+00:00","og_image":[{"url":"http:\/\/www.visit-ulcinj.com\/blog\/wp-content\/uploads\/2014\/09\/Artan-Osmanovic-Ulcinj.jpg"}],"twitter_misc":{"Written by":"ulqini","Est. reading time":"4 minutes"},"schema":{"@context":"https:\/\/schema.org","@graph":[{"@type":"WebSite","@id":"https:\/\/www.visit-ulcinj.com\/blog\/#website","url":"https:\/\/www.visit-ulcinj.com\/blog\/","name":"Lajme nga Ulqini","description":"Lajme,Vijesti,Ulqini,Ulqin,Crna Gora,Mali i Zi","potentialAction":[{"@type":"SearchAction","target":{"@type":"EntryPoint","urlTemplate":"https:\/\/www.visit-ulcinj.com\/blog\/?s={search_term_string}"},"query-input":"required name=search_term_string"}],"inLanguage":"en-US"},{"@type":"ImageObject","inLanguage":"en-US","@id":"https:\/\/www.visit-ulcinj.com\/blog\/2014\/09\/01\/mr-osmanovic-pismo-upuceno-g-zeljku-rolovicu\/#primaryimage","url":"https:\/\/www.visit-ulcinj.com\/blog\/wp-content\/uploads\/2014\/09\/Artan-Osmanovic-Ulcinj.jpg","contentUrl":"https:\/\/www.visit-ulcinj.com\/blog\/wp-content\/uploads\/2014\/09\/Artan-Osmanovic-Ulcinj.jpg","width":718,"height":754},{"@type":"WebPage","@id":"https:\/\/www.visit-ulcinj.com\/blog\/2014\/09\/01\/mr-osmanovic-pismo-upuceno-g-zeljku-rolovicu\/#webpage","url":"https:\/\/www.visit-ulcinj.com\/blog\/2014\/09\/01\/mr-osmanovic-pismo-upuceno-g-zeljku-rolovicu\/","name":"Mr.Osmanovi\u0107: Pismo upu\u0107eno g. \u017deljku Rolovi\u0107u - Lajme nga Ulqini","isPartOf":{"@id":"https:\/\/www.visit-ulcinj.com\/blog\/#website"},"primaryImageOfPage":{"@id":"https:\/\/www.visit-ulcinj.com\/blog\/2014\/09\/01\/mr-osmanovic-pismo-upuceno-g-zeljku-rolovicu\/#primaryimage"},"datePublished":"2014-09-01T10:07:12+00:00","dateModified":"2014-09-01T10:07:12+00:00","author":{"@id":"https:\/\/www.visit-ulcinj.com\/blog\/#\/schema\/person\/dcab619c614d3038751c63bc2aadc06d"},"description":"Prvenstveno prvo kao gradjanin poznatog grada po slozi I miru grada Ulcinja,pa kao \u010dlan Dps-a Ulcinj,posle niskih I veoma uvredljivih,nepristojnih a prije","breadcrumb":{"@id":"https:\/\/www.visit-ulcinj.com\/blog\/2014\/09\/01\/mr-osmanovic-pismo-upuceno-g-zeljku-rolovicu\/#breadcrumb"},"inLanguage":"en-US","potentialAction":[{"@type":"ReadAction","target":["https:\/\/www.visit-ulcinj.com\/blog\/2014\/09\/01\/mr-osmanovic-pismo-upuceno-g-zeljku-rolovicu\/"]}]},{"@type":"BreadcrumbList","@id":"https:\/\/www.visit-ulcinj.com\/blog\/2014\/09\/01\/mr-osmanovic-pismo-upuceno-g-zeljku-rolovicu\/#breadcrumb","itemListElement":[{"@type":"ListItem","position":1,"name":"Mr.Osmanovi\u0107: Pismo upu\u0107eno g. \u017deljku Rolovi\u0107u"}]},{"@type":"Person","@id":"https:\/\/www.visit-ulcinj.com\/blog\/#\/schema\/person\/dcab619c614d3038751c63bc2aadc06d","name":"ulqini","sameAs":["http:\/\/www.visit-ulcinj.com"],"url":"https:\/\/www.visit-ulcinj.com\/blog\/author\/admin\/"}]}},"jetpack_featured_media_url":"","jetpack_sharing_enabled":true,"jetpack_shortlink":"https:\/\/wp.me\/pe6lTn-m4A","_links":{"self":[{"href":"https:\/\/www.visit-ulcinj.com\/blog\/wp-json\/wp\/v2\/posts\/84852"}],"collection":[{"href":"https:\/\/www.visit-ulcinj.com\/blog\/wp-json\/wp\/v2\/posts"}],"about":[{"href":"https:\/\/www.visit-ulcinj.com\/blog\/wp-json\/wp\/v2\/types\/post"}],"author":[{"embeddable":true,"href":"https:\/\/www.visit-ulcinj.com\/blog\/wp-json\/wp\/v2\/users\/1"}],"replies":[{"embeddable":true,"href":"https:\/\/www.visit-ulcinj.com\/blog\/wp-json\/wp\/v2\/comments?post=84852"}],"version-history":[{"count":1,"href":"https:\/\/www.visit-ulcinj.com\/blog\/wp-json\/wp\/v2\/posts\/84852\/revisions"}],"predecessor-version":[{"id":84854,"href":"https:\/\/www.visit-ulcinj.com\/blog\/wp-json\/wp\/v2\/posts\/84852\/revisions\/84854"}],"wp:attachment":[{"href":"https:\/\/www.visit-ulcinj.com\/blog\/wp-json\/wp\/v2\/media?parent=84852"}],"wp:term":[{"taxonomy":"category","embeddable":true,"href":"https:\/\/www.visit-ulcinj.com\/blog\/wp-json\/wp\/v2\/categories?post=84852"},{"taxonomy":"post_tag","embeddable":true,"href":"https:\/\/www.visit-ulcinj.com\/blog\/wp-json\/wp\/v2\/tags?post=84852"}],"curies":[{"name":"wp","href":"https:\/\/api.w.org\/{rel}","templated":true}]}}