{"id":84857,"date":"2014-09-01T12:51:00","date_gmt":"2014-09-01T11:51:00","guid":{"rendered":"http:\/\/www.visit-ulcinj.com\/blog\/?p=84857"},"modified":"2014-09-01T12:51:00","modified_gmt":"2014-09-01T11:51:00","slug":"ljoro-nrekic-optuzbe-protiv-mene-lazne","status":"publish","type":"post","link":"https:\/\/www.visit-ulcinj.com\/blog\/2014\/09\/01\/ljoro-nrekic-optuzbe-protiv-mene-lazne\/","title":{"rendered":"Ljoro Nreki\u0107: Optu\u017ebe protiv mene la\u017ene"},"content":{"rendered":"<p><a href=\"http:\/\/www.visit-ulcinj.com\/blog\/wp-content\/uploads\/2014\/04\/ljoro-nrekic-loro-nrekiq.jpg\"><img loading=\"lazy\" class=\"alignleft wp-image-81873\" src=\"http:\/\/www.visit-ulcinj.com\/blog\/wp-content\/uploads\/2014\/04\/ljoro-nrekic-loro-nrekiq.jpg\" alt=\"ljoro-nrekic-loro-nrekiq\" width=\"508\" height=\"382\" srcset=\"https:\/\/www.visit-ulcinj.com\/blog\/wp-content\/uploads\/2014\/04\/ljoro-nrekic-loro-nrekiq.jpg 522w, https:\/\/www.visit-ulcinj.com\/blog\/wp-content\/uploads\/2014\/04\/ljoro-nrekic-loro-nrekiq-300x225.jpg 300w\" sizes=\"(max-width: 508px) 100vw, 508px\" \/><\/a>Predsjednik Op\u0161tinskog odbora DPS-a u Ulcinju Ljoro Nreki\u0107 kazao je da su optu\u017ebe grupe nezadovoljnih \u010dlanova DPS-a na njegov ra\u010dun la\u017ene i da oni koji su ih izrekli nemaju podr\u0161ku u Ulcinju.<\/p>\n<p style=\"text-align: justify;\">Nezadovoljni \u010dlanovi ulcinjskog DPS-a predvo\u0111eni\u00a0Muhamedom Spu\u017eom\u00a0kako pi\u0161e Dan, razgovarali su sa politi\u010dkim direktorom Tarzanom Milo\u0161evi\u0107em\u00a0i ponovili da \u0107e pokrenuti inicijativu za smjenu\u00a0Nreki\u0107a zbog, kako su naveli, niza zloupotreba u partiji i lo\u0161e vo\u0111enih postizbornih pregovora o formiranju vlasti u Ulcinju.<\/p>\n<p style=\"text-align: justify;\">Nreki\u0107\u00a0je istakao da je javno mnjenje u Ulciju protiv njih, jer znaju da su &#8221;prevaranti i la\u017eovi&#8221;.<\/p>\n<p style=\"text-align: justify;\">&#8221;Sve \u0161to su iznijeli su la\u017ei. Prije svega je la\u017e da je DPS ostvario lo\u0161 izboni rezultat \u0161to je o\u010digledno. Pa nijesmo imali nikad bolji rezultat u Ulcinju. Ka\u017eu da sam zaposlio sve katolike \u2013 to nije ta\u010dno, to su sve njihove la\u017ei. Mi se ne dijelimo po vjeri i naciji i ja nijesam takav po prirodi. Javno mnjenje u Ulciju je protiv njih jer znaju da su prevaranti i la\u017eovi. To je jedna grupacija ljudi koji su uvijek nezadovoljni i nemaju podr\u0161ku ve\u0107 su u manjini, par njih se udru\u017eilo jer \u017eele da operu sebe zbog toga \u0161to nijesu iza\u0161li na predsjedni\u010dke izbore&#8221;, kazao je\u00a0Nreki\u0107 za Portal Analitika.<\/p>\n<p style=\"text-align: justify;\">Predsjednik OO DPS-a Ulcinj je kazao da su tako\u0111e neosnovane optu\u017ebe da je zloupotrijebio polo\u017eaj pri zapo\u0161ljavanju \u010dlanova u\u017ee porodice.<\/p>\n<p style=\"text-align: justify;\">&#8221;\u0106erka mi je bila student generacije i \u010dekala je godinu i po dana da se zaposli u centrali EPCG u Nik\u0161i\u0107u gdje je radila godinu dana. Nakon toga je primljena za stalno u ekonomsko &#8211; finanasijskoj slu\u017ebi EPCG u Nik\u0161i\u0107u. Moj sin je tako\u0111e \u010dekao dvije godine da se zaposli i sada radi u Centru za socijalni rad. Tako\u0111e, nijesu istinite optu\u017ebe da je 70 odsto \u010dlanova IO DPS nezaposleno. Samo njih 19 odsto nije zaposleno&#8221;\u2013tvrdi Nreki\u0107.<\/p>\n<p style=\"text-align: justify;\">On je kazao da je, za zapo\u0161ljenje\u00a0Muhameda Spu\u017ea,\u00a0intervenisao kod ministra prosvjete\u00a0Slavoljuba Stijepovi\u0107a.<\/p>\n<p style=\"text-align: justify;\">&#8221;\u0160to se ti\u010de Spu\u017ea, bio sam kod ministra Stjepovi\u0107a da interveni\u0161em da se zaposli, ali ministar nije htio ni da \u010duje za to. Stjepovi\u0107 je rekao da dok je on ministar prosvjete, Spu\u017e ne\u0107e biti zapo\u0161ljen. Mo\u017eda je Stijepovi\u0107 imao i potpuno pravo, jer\u00a0Spu\u017e\u00a0ima krivi\u010dnu prijavu i osu\u0111ivan je. To su minorni \u010dlanovi, nijesu ozbiljni \u010dlanovi DPS-a&#8221;, poru\u010dio je\u00a0Nreki\u0107.<\/p>\n<p style=\"text-align: justify;\"><strong>Izvor: Portal Analitika \/ RTCG<\/strong><\/p>\n","protected":false},"excerpt":{"rendered":"<p>Predsjednik Op\u0161tinskog odbora DPS-a u Ulcinju Ljoro Nreki\u0107 kazao je da su optu\u017ebe grupe nezadovoljnih \u010dlanova DPS-a na njegov ra\u010dun la\u017ene i da oni koji su ih izrekli nemaju podr\u0161ku u Ulcinju. Nezadovoljni \u010dlanovi ulcinjskog DPS-a predvo\u0111eni\u00a0Muhamedom Spu\u017eom\u00a0kako pi\u0161e Dan, razgovarali su sa politi\u010dkim direktorom Tarzanom Milo\u0161evi\u0107em\u00a0i ponovili da \u0107e pokrenuti inicijativu za smjenu\u00a0Nreki\u0107a zbog, [&hellip;]<\/p>\n","protected":false},"author":1,"featured_media":0,"comment_status":"closed","ping_status":"closed","sticky":false,"template":"","format":"standard","meta":{"spay_email":"","jetpack_publicize_message":"","jetpack_is_tweetstorm":false,"jetpack_publicize_feature_enabled":true},"categories":[6950],"tags":[],"jetpack_publicize_connections":[],"yoast_head":"<!-- This site is optimized with the Yoast SEO plugin v19.1 - https:\/\/yoast.com\/wordpress\/plugins\/seo\/ -->\n<title>Ljoro Nreki\u0107: Optu\u017ebe protiv mene la\u017ene - Lajme nga Ulqini<\/title>\n<meta name=\"description\" content=\"Predsjednik Op\u0161tinskog odbora DPS-a u Ulcinju Ljoro Nreki\u0107 kazao je da su optu\u017ebe grupe nezadovoljnih \u010dlanova DPS-a na njegov ra\u010dun la\u017ene i da oni koji su\" \/>\n<meta name=\"robots\" content=\"index, follow, max-snippet:-1, max-image-preview:large, max-video-preview:-1\" \/>\n<link rel=\"canonical\" href=\"https:\/\/www.visit-ulcinj.com\/blog\/2014\/09\/01\/ljoro-nrekic-optuzbe-protiv-mene-lazne\/\" \/>\n<meta property=\"og:locale\" content=\"en_US\" \/>\n<meta property=\"og:type\" content=\"article\" \/>\n<meta property=\"og:title\" content=\"Ljoro Nreki\u0107: Optu\u017ebe protiv mene la\u017ene - Lajme nga Ulqini\" \/>\n<meta property=\"og:description\" content=\"Predsjednik Op\u0161tinskog odbora DPS-a u Ulcinju Ljoro Nreki\u0107 kazao je da su optu\u017ebe grupe nezadovoljnih \u010dlanova DPS-a na njegov ra\u010dun la\u017ene i da oni koji su\" \/>\n<meta property=\"og:url\" content=\"https:\/\/www.visit-ulcinj.com\/blog\/2014\/09\/01\/ljoro-nrekic-optuzbe-protiv-mene-lazne\/\" \/>\n<meta property=\"og:site_name\" content=\"Lajme nga Ulqini\" \/>\n<meta property=\"article:published_time\" content=\"2014-09-01T11:51:00+00:00\" \/>\n<meta property=\"og:image\" content=\"http:\/\/www.visit-ulcinj.com\/blog\/wp-content\/uploads\/2014\/04\/ljoro-nrekic-loro-nrekiq.jpg\" \/>\n<meta name=\"twitter:label1\" content=\"Written by\" \/>\n\t<meta name=\"twitter:data1\" content=\"ulqini\" \/>\n\t<meta name=\"twitter:label2\" content=\"Est. reading time\" \/>\n\t<meta name=\"twitter:data2\" content=\"2 minutes\" \/>\n<script type=\"application\/ld+json\" class=\"yoast-schema-graph\">{\"@context\":\"https:\/\/schema.org\",\"@graph\":[{\"@type\":\"WebSite\",\"@id\":\"https:\/\/www.visit-ulcinj.com\/blog\/#website\",\"url\":\"https:\/\/www.visit-ulcinj.com\/blog\/\",\"name\":\"Lajme nga Ulqini\",\"description\":\"Lajme,Vijesti,Ulqini,Ulqin,Crna Gora,Mali i Zi\",\"potentialAction\":[{\"@type\":\"SearchAction\",\"target\":{\"@type\":\"EntryPoint\",\"urlTemplate\":\"https:\/\/www.visit-ulcinj.com\/blog\/?s={search_term_string}\"},\"query-input\":\"required name=search_term_string\"}],\"inLanguage\":\"en-US\"},{\"@type\":\"ImageObject\",\"inLanguage\":\"en-US\",\"@id\":\"https:\/\/www.visit-ulcinj.com\/blog\/2014\/09\/01\/ljoro-nrekic-optuzbe-protiv-mene-lazne\/#primaryimage\",\"url\":\"https:\/\/www.visit-ulcinj.com\/blog\/wp-content\/uploads\/2014\/04\/ljoro-nrekic-loro-nrekiq.jpg\",\"contentUrl\":\"https:\/\/www.visit-ulcinj.com\/blog\/wp-content\/uploads\/2014\/04\/ljoro-nrekic-loro-nrekiq.jpg\",\"width\":522,\"height\":393},{\"@type\":\"WebPage\",\"@id\":\"https:\/\/www.visit-ulcinj.com\/blog\/2014\/09\/01\/ljoro-nrekic-optuzbe-protiv-mene-lazne\/#webpage\",\"url\":\"https:\/\/www.visit-ulcinj.com\/blog\/2014\/09\/01\/ljoro-nrekic-optuzbe-protiv-mene-lazne\/\",\"name\":\"Ljoro Nreki\u0107: Optu\u017ebe protiv mene la\u017ene - Lajme nga Ulqini\",\"isPartOf\":{\"@id\":\"https:\/\/www.visit-ulcinj.com\/blog\/#website\"},\"primaryImageOfPage\":{\"@id\":\"https:\/\/www.visit-ulcinj.com\/blog\/2014\/09\/01\/ljoro-nrekic-optuzbe-protiv-mene-lazne\/#primaryimage\"},\"datePublished\":\"2014-09-01T11:51:00+00:00\",\"dateModified\":\"2014-09-01T11:51:00+00:00\",\"author\":{\"@id\":\"https:\/\/www.visit-ulcinj.com\/blog\/#\/schema\/person\/dcab619c614d3038751c63bc2aadc06d\"},\"description\":\"Predsjednik Op\u0161tinskog odbora DPS-a u Ulcinju Ljoro Nreki\u0107 kazao je da su optu\u017ebe grupe nezadovoljnih \u010dlanova DPS-a na njegov ra\u010dun la\u017ene i da oni koji su\",\"breadcrumb\":{\"@id\":\"https:\/\/www.visit-ulcinj.com\/blog\/2014\/09\/01\/ljoro-nrekic-optuzbe-protiv-mene-lazne\/#breadcrumb\"},\"inLanguage\":\"en-US\",\"potentialAction\":[{\"@type\":\"ReadAction\",\"target\":[\"https:\/\/www.visit-ulcinj.com\/blog\/2014\/09\/01\/ljoro-nrekic-optuzbe-protiv-mene-lazne\/\"]}]},{\"@type\":\"BreadcrumbList\",\"@id\":\"https:\/\/www.visit-ulcinj.com\/blog\/2014\/09\/01\/ljoro-nrekic-optuzbe-protiv-mene-lazne\/#breadcrumb\",\"itemListElement\":[{\"@type\":\"ListItem\",\"position\":1,\"name\":\"Ljoro Nreki\u0107: Optu\u017ebe protiv mene la\u017ene\"}]},{\"@type\":\"Person\",\"@id\":\"https:\/\/www.visit-ulcinj.com\/blog\/#\/schema\/person\/dcab619c614d3038751c63bc2aadc06d\",\"name\":\"ulqini\",\"sameAs\":[\"http:\/\/www.visit-ulcinj.com\"],\"url\":\"https:\/\/www.visit-ulcinj.com\/blog\/author\/admin\/\"}]}<\/script>\n<!-- \/ Yoast SEO plugin. -->","yoast_head_json":{"title":"Ljoro Nreki\u0107: Optu\u017ebe protiv mene la\u017ene - Lajme nga Ulqini","description":"Predsjednik Op\u0161tinskog odbora DPS-a u Ulcinju Ljoro Nreki\u0107 kazao je da su optu\u017ebe grupe nezadovoljnih \u010dlanova DPS-a na njegov ra\u010dun la\u017ene i da oni koji su","robots":{"index":"index","follow":"follow","max-snippet":"max-snippet:-1","max-image-preview":"max-image-preview:large","max-video-preview":"max-video-preview:-1"},"canonical":"https:\/\/www.visit-ulcinj.com\/blog\/2014\/09\/01\/ljoro-nrekic-optuzbe-protiv-mene-lazne\/","og_locale":"en_US","og_type":"article","og_title":"Ljoro Nreki\u0107: Optu\u017ebe protiv mene la\u017ene - Lajme nga Ulqini","og_description":"Predsjednik Op\u0161tinskog odbora DPS-a u Ulcinju Ljoro Nreki\u0107 kazao je da su optu\u017ebe grupe nezadovoljnih \u010dlanova DPS-a na njegov ra\u010dun la\u017ene i da oni koji su","og_url":"https:\/\/www.visit-ulcinj.com\/blog\/2014\/09\/01\/ljoro-nrekic-optuzbe-protiv-mene-lazne\/","og_site_name":"Lajme nga Ulqini","article_published_time":"2014-09-01T11:51:00+00:00","og_image":[{"url":"http:\/\/www.visit-ulcinj.com\/blog\/wp-content\/uploads\/2014\/04\/ljoro-nrekic-loro-nrekiq.jpg"}],"twitter_misc":{"Written by":"ulqini","Est. reading time":"2 minutes"},"schema":{"@context":"https:\/\/schema.org","@graph":[{"@type":"WebSite","@id":"https:\/\/www.visit-ulcinj.com\/blog\/#website","url":"https:\/\/www.visit-ulcinj.com\/blog\/","name":"Lajme nga Ulqini","description":"Lajme,Vijesti,Ulqini,Ulqin,Crna Gora,Mali i Zi","potentialAction":[{"@type":"SearchAction","target":{"@type":"EntryPoint","urlTemplate":"https:\/\/www.visit-ulcinj.com\/blog\/?s={search_term_string}"},"query-input":"required name=search_term_string"}],"inLanguage":"en-US"},{"@type":"ImageObject","inLanguage":"en-US","@id":"https:\/\/www.visit-ulcinj.com\/blog\/2014\/09\/01\/ljoro-nrekic-optuzbe-protiv-mene-lazne\/#primaryimage","url":"https:\/\/www.visit-ulcinj.com\/blog\/wp-content\/uploads\/2014\/04\/ljoro-nrekic-loro-nrekiq.jpg","contentUrl":"https:\/\/www.visit-ulcinj.com\/blog\/wp-content\/uploads\/2014\/04\/ljoro-nrekic-loro-nrekiq.jpg","width":522,"height":393},{"@type":"WebPage","@id":"https:\/\/www.visit-ulcinj.com\/blog\/2014\/09\/01\/ljoro-nrekic-optuzbe-protiv-mene-lazne\/#webpage","url":"https:\/\/www.visit-ulcinj.com\/blog\/2014\/09\/01\/ljoro-nrekic-optuzbe-protiv-mene-lazne\/","name":"Ljoro Nreki\u0107: Optu\u017ebe protiv mene la\u017ene - Lajme nga Ulqini","isPartOf":{"@id":"https:\/\/www.visit-ulcinj.com\/blog\/#website"},"primaryImageOfPage":{"@id":"https:\/\/www.visit-ulcinj.com\/blog\/2014\/09\/01\/ljoro-nrekic-optuzbe-protiv-mene-lazne\/#primaryimage"},"datePublished":"2014-09-01T11:51:00+00:00","dateModified":"2014-09-01T11:51:00+00:00","author":{"@id":"https:\/\/www.visit-ulcinj.com\/blog\/#\/schema\/person\/dcab619c614d3038751c63bc2aadc06d"},"description":"Predsjednik Op\u0161tinskog odbora DPS-a u Ulcinju Ljoro Nreki\u0107 kazao je da su optu\u017ebe grupe nezadovoljnih \u010dlanova DPS-a na njegov ra\u010dun la\u017ene i da oni koji su","breadcrumb":{"@id":"https:\/\/www.visit-ulcinj.com\/blog\/2014\/09\/01\/ljoro-nrekic-optuzbe-protiv-mene-lazne\/#breadcrumb"},"inLanguage":"en-US","potentialAction":[{"@type":"ReadAction","target":["https:\/\/www.visit-ulcinj.com\/blog\/2014\/09\/01\/ljoro-nrekic-optuzbe-protiv-mene-lazne\/"]}]},{"@type":"BreadcrumbList","@id":"https:\/\/www.visit-ulcinj.com\/blog\/2014\/09\/01\/ljoro-nrekic-optuzbe-protiv-mene-lazne\/#breadcrumb","itemListElement":[{"@type":"ListItem","position":1,"name":"Ljoro Nreki\u0107: Optu\u017ebe protiv mene la\u017ene"}]},{"@type":"Person","@id":"https:\/\/www.visit-ulcinj.com\/blog\/#\/schema\/person\/dcab619c614d3038751c63bc2aadc06d","name":"ulqini","sameAs":["http:\/\/www.visit-ulcinj.com"],"url":"https:\/\/www.visit-ulcinj.com\/blog\/author\/admin\/"}]}},"jetpack_featured_media_url":"","jetpack_sharing_enabled":true,"jetpack_shortlink":"https:\/\/wp.me\/pe6lTn-m4F","_links":{"self":[{"href":"https:\/\/www.visit-ulcinj.com\/blog\/wp-json\/wp\/v2\/posts\/84857"}],"collection":[{"href":"https:\/\/www.visit-ulcinj.com\/blog\/wp-json\/wp\/v2\/posts"}],"about":[{"href":"https:\/\/www.visit-ulcinj.com\/blog\/wp-json\/wp\/v2\/types\/post"}],"author":[{"embeddable":true,"href":"https:\/\/www.visit-ulcinj.com\/blog\/wp-json\/wp\/v2\/users\/1"}],"replies":[{"embeddable":true,"href":"https:\/\/www.visit-ulcinj.com\/blog\/wp-json\/wp\/v2\/comments?post=84857"}],"version-history":[{"count":1,"href":"https:\/\/www.visit-ulcinj.com\/blog\/wp-json\/wp\/v2\/posts\/84857\/revisions"}],"predecessor-version":[{"id":84858,"href":"https:\/\/www.visit-ulcinj.com\/blog\/wp-json\/wp\/v2\/posts\/84857\/revisions\/84858"}],"wp:attachment":[{"href":"https:\/\/www.visit-ulcinj.com\/blog\/wp-json\/wp\/v2\/media?parent=84857"}],"wp:term":[{"taxonomy":"category","embeddable":true,"href":"https:\/\/www.visit-ulcinj.com\/blog\/wp-json\/wp\/v2\/categories?post=84857"},{"taxonomy":"post_tag","embeddable":true,"href":"https:\/\/www.visit-ulcinj.com\/blog\/wp-json\/wp\/v2\/tags?post=84857"}],"curies":[{"name":"wp","href":"https:\/\/api.w.org\/{rel}","templated":true}]}}