{"id":84859,"date":"2014-09-01T13:02:26","date_gmt":"2014-09-01T12:02:26","guid":{"rendered":"http:\/\/www.visit-ulcinj.com\/blog\/?p=84859"},"modified":"2014-09-01T13:02:26","modified_gmt":"2014-09-01T12:02:26","slug":"mediet-pds-ne-ulqin-e-pakenaqur-deri-ndryshimet-kadrovike-ne-pds","status":"publish","type":"post","link":"https:\/\/www.visit-ulcinj.com\/blog\/2014\/09\/01\/mediet-pds-ne-ulqin-e-pakenaqur-deri-ndryshimet-kadrovike-ne-pds\/","title":{"rendered":"Mediet: PDS ne Ulqin e pak\u00ebnaqur deri me ndryshimet kadrovike ne PDS"},"content":{"rendered":"<p><span style=\"font-size: 13px;\"><a href=\"http:\/\/www.visit-ulcinj.com\/blog\/wp-content\/uploads\/2014\/09\/DPS-ULCINJ-.jpg\"><img loading=\"lazy\" class=\"alignleft wp-image-84860\" src=\"http:\/\/www.visit-ulcinj.com\/blog\/wp-content\/uploads\/2014\/09\/DPS-ULCINJ-.jpg\" alt=\"DPS-ULCINJ-\" width=\"508\" height=\"339\" srcset=\"https:\/\/www.visit-ulcinj.com\/blog\/wp-content\/uploads\/2014\/09\/DPS-ULCINJ-.jpg 720w, https:\/\/www.visit-ulcinj.com\/blog\/wp-content\/uploads\/2014\/09\/DPS-ULCINJ--300x200.jpg 300w\" sizes=\"(max-width: 508px) 100vw, 508px\" \/><\/a>Ndryshimet kadrovike n\u00eb krye t\u00eb Partis\u00eb demokratike t\u00eb socialist\u00ebve n\u00eb Ulqin jan\u00eb t\u00eb mundshme dhe me siguri do t\u00eb ndodhin\u00eb n\u00eb konvent\u00ebn zgjedhore komunale, shkruajn\u00eb mediet e Podgoric\u00ebs, kurse raporton n\u00eb gjuhen shqipe portali i lajmeve Ul.info.<br \/>\n<\/span><\/p>\n<p>Sipas informatave jozyrtare t\u00eb k\u00ebsaj gazet\u00eb, mbas pushimeve verore, me ngjarjet n\u00eb PDS-n\u00eb e Ulqinit do t\u00eb merret dhe Kryesia e partis\u00eb.<\/p>\n<p>K\u00ebt\u00eb informat\u00eb p\u00ebrfaq\u00ebsuesve t\u00eb grupimit t\u00eb an\u00ebtar\u00ebve t\u00eb pak\u00ebnaqur t\u00eb k\u00ebsaj parti ia ka deklaruar, si\u00e7 transmetojn\u00eb \u201cDan\u201d dhe \u201cDnevne novine\u201d, drejtori politik i PDS-s\u00eb Tarzan Millosheviq n\u00eb takimin i cili, me iniciativ\u00eb t\u00eb tij, \u00ebsht\u00eb mbajtur para disa dit\u00ebve n\u00eb Petrovac.<\/p>\n<p>Si\u00e7 thuhet, Millosheviq p\u00ebr problemet n\u00eb k\u00ebshillin e Ulqinit bisedoi me Muhamed Spuzhen, i cili pak koh\u00eb m\u00eb par\u00eb me 60 an\u00ebtar\u00eb tjer\u00eb t\u00eb pak\u00ebnaqur ka paralajm\u00ebruar q\u00eb do t\u00eb nis iniciativ\u00ebn p\u00ebr shkarkimin e kryetarit t\u00eb k\u00ebshillit komunal Loro Nrekiq, p\u00ebr shkak t\u00eb drejtimit t\u00eb keq t\u00eb negociatave paszgjedhore rreth formimit t\u00eb pushtetit n\u00eb Ulqin.<\/p>\n<p>\u201cMillosheviq i ka sugjeruar grupit t\u00eb an\u00ebtar\u00ebve t\u00eb pak\u00ebnaqur t\u00eb cil\u00ebt i ka udh\u00ebhequr Spuzha t\u00eb durojn\u00eb disa muaj dhe t\u00eb presin q\u00eb, n\u00ebp\u00ebrmjet procedur\u00ebs t\u00eb cil\u00ebn e cakton Statuti i PDS-s\u00eb, t\u00eb krijohen kushtet p\u00ebr zgjedhjen e udh\u00ebheq\u00ebsis\u00eb s\u00eb re. ka th\u00ebn\u00eb edhe q\u00eb qendra e PDS-s\u00eb nuk do t\u00eb mbroj\u00eb ask\u00ebnd p\u00ebr t\u00eb cilin v\u00ebrtetohet q\u00eb ka keqp\u00ebrdor pozit\u00ebn brenda partis\u00eb dhe ka shkaktuar pak\u00ebnaq\u00ebsi t\u00eb an\u00ebtar\u00ebve\u201d, lajm\u00ebroi burimi i \u201cDan-it\u201d.<\/p>\n<p><strong>Ul.info<\/strong><\/p>\n","protected":false},"excerpt":{"rendered":"<p>Ndryshimet kadrovike n\u00eb krye t\u00eb Partis\u00eb demokratike t\u00eb socialist\u00ebve n\u00eb Ulqin jan\u00eb t\u00eb mundshme dhe me siguri do t\u00eb ndodhin\u00eb n\u00eb konvent\u00ebn zgjedhore komunale, shkruajn\u00eb mediet e Podgoric\u00ebs, kurse raporton n\u00eb gjuhen shqipe portali i lajmeve Ul.info. Sipas informatave jozyrtare t\u00eb k\u00ebsaj gazet\u00eb, mbas pushimeve verore, me ngjarjet n\u00eb PDS-n\u00eb e Ulqinit do t\u00eb merret [&hellip;]<\/p>\n","protected":false},"author":1,"featured_media":0,"comment_status":"closed","ping_status":"closed","sticky":false,"template":"","format":"standard","meta":{"spay_email":"","jetpack_publicize_message":"","jetpack_is_tweetstorm":false,"jetpack_publicize_feature_enabled":true},"categories":[6],"tags":[],"jetpack_publicize_connections":[],"yoast_head":"<!-- This site is optimized with the Yoast SEO plugin v19.1 - https:\/\/yoast.com\/wordpress\/plugins\/seo\/ -->\n<title>Mediet: PDS ne Ulqin e pak\u00ebnaqur deri me ndryshimet kadrovike ne PDS - Lajme nga Ulqini<\/title>\n<meta name=\"description\" content=\"Ndryshimet kadrovike n\u00eb krye t\u00eb Partis\u00eb demokratike t\u00eb socialist\u00ebve n\u00eb Ulqin jan\u00eb t\u00eb mundshme dhe me siguri do t\u00eb ndodhin\u00eb n\u00eb konvent\u00ebn zgjedhore\" \/>\n<meta name=\"robots\" content=\"index, follow, max-snippet:-1, max-image-preview:large, max-video-preview:-1\" \/>\n<link rel=\"canonical\" href=\"https:\/\/www.visit-ulcinj.com\/blog\/2014\/09\/01\/mediet-pds-ne-ulqin-e-pakenaqur-deri-ndryshimet-kadrovike-ne-pds\/\" \/>\n<meta property=\"og:locale\" content=\"en_US\" \/>\n<meta property=\"og:type\" content=\"article\" \/>\n<meta property=\"og:title\" content=\"Mediet: PDS ne Ulqin e pak\u00ebnaqur deri me ndryshimet kadrovike ne PDS - Lajme nga Ulqini\" \/>\n<meta property=\"og:description\" content=\"Ndryshimet kadrovike n\u00eb krye t\u00eb Partis\u00eb demokratike t\u00eb socialist\u00ebve n\u00eb Ulqin jan\u00eb t\u00eb mundshme dhe me siguri do t\u00eb ndodhin\u00eb n\u00eb konvent\u00ebn zgjedhore\" \/>\n<meta property=\"og:url\" content=\"https:\/\/www.visit-ulcinj.com\/blog\/2014\/09\/01\/mediet-pds-ne-ulqin-e-pakenaqur-deri-ndryshimet-kadrovike-ne-pds\/\" \/>\n<meta property=\"og:site_name\" content=\"Lajme nga Ulqini\" \/>\n<meta property=\"article:published_time\" content=\"2014-09-01T12:02:26+00:00\" \/>\n<meta property=\"og:image\" content=\"http:\/\/www.visit-ulcinj.com\/blog\/wp-content\/uploads\/2014\/09\/DPS-ULCINJ-.jpg\" \/>\n<meta name=\"twitter:label1\" content=\"Written by\" \/>\n\t<meta name=\"twitter:data1\" content=\"ulqini\" \/>\n\t<meta name=\"twitter:label2\" content=\"Est. reading time\" \/>\n\t<meta name=\"twitter:data2\" content=\"1 minute\" \/>\n<script type=\"application\/ld+json\" class=\"yoast-schema-graph\">{\"@context\":\"https:\/\/schema.org\",\"@graph\":[{\"@type\":\"WebSite\",\"@id\":\"https:\/\/www.visit-ulcinj.com\/blog\/#website\",\"url\":\"https:\/\/www.visit-ulcinj.com\/blog\/\",\"name\":\"Lajme nga Ulqini\",\"description\":\"Lajme,Vijesti,Ulqini,Ulqin,Crna Gora,Mali i Zi\",\"potentialAction\":[{\"@type\":\"SearchAction\",\"target\":{\"@type\":\"EntryPoint\",\"urlTemplate\":\"https:\/\/www.visit-ulcinj.com\/blog\/?s={search_term_string}\"},\"query-input\":\"required name=search_term_string\"}],\"inLanguage\":\"en-US\"},{\"@type\":\"ImageObject\",\"inLanguage\":\"en-US\",\"@id\":\"https:\/\/www.visit-ulcinj.com\/blog\/2014\/09\/01\/mediet-pds-ne-ulqin-e-pakenaqur-deri-ndryshimet-kadrovike-ne-pds\/#primaryimage\",\"url\":\"https:\/\/www.visit-ulcinj.com\/blog\/wp-content\/uploads\/2014\/09\/DPS-ULCINJ-.jpg\",\"contentUrl\":\"https:\/\/www.visit-ulcinj.com\/blog\/wp-content\/uploads\/2014\/09\/DPS-ULCINJ-.jpg\",\"width\":720,\"height\":480},{\"@type\":\"WebPage\",\"@id\":\"https:\/\/www.visit-ulcinj.com\/blog\/2014\/09\/01\/mediet-pds-ne-ulqin-e-pakenaqur-deri-ndryshimet-kadrovike-ne-pds\/#webpage\",\"url\":\"https:\/\/www.visit-ulcinj.com\/blog\/2014\/09\/01\/mediet-pds-ne-ulqin-e-pakenaqur-deri-ndryshimet-kadrovike-ne-pds\/\",\"name\":\"Mediet: PDS ne Ulqin e pak\u00ebnaqur deri me ndryshimet kadrovike ne PDS - Lajme nga Ulqini\",\"isPartOf\":{\"@id\":\"https:\/\/www.visit-ulcinj.com\/blog\/#website\"},\"primaryImageOfPage\":{\"@id\":\"https:\/\/www.visit-ulcinj.com\/blog\/2014\/09\/01\/mediet-pds-ne-ulqin-e-pakenaqur-deri-ndryshimet-kadrovike-ne-pds\/#primaryimage\"},\"datePublished\":\"2014-09-01T12:02:26+00:00\",\"dateModified\":\"2014-09-01T12:02:26+00:00\",\"author\":{\"@id\":\"https:\/\/www.visit-ulcinj.com\/blog\/#\/schema\/person\/dcab619c614d3038751c63bc2aadc06d\"},\"description\":\"Ndryshimet kadrovike n\u00eb krye t\u00eb Partis\u00eb demokratike t\u00eb socialist\u00ebve n\u00eb Ulqin jan\u00eb t\u00eb mundshme dhe me siguri do t\u00eb ndodhin\u00eb n\u00eb konvent\u00ebn zgjedhore\",\"breadcrumb\":{\"@id\":\"https:\/\/www.visit-ulcinj.com\/blog\/2014\/09\/01\/mediet-pds-ne-ulqin-e-pakenaqur-deri-ndryshimet-kadrovike-ne-pds\/#breadcrumb\"},\"inLanguage\":\"en-US\",\"potentialAction\":[{\"@type\":\"ReadAction\",\"target\":[\"https:\/\/www.visit-ulcinj.com\/blog\/2014\/09\/01\/mediet-pds-ne-ulqin-e-pakenaqur-deri-ndryshimet-kadrovike-ne-pds\/\"]}]},{\"@type\":\"BreadcrumbList\",\"@id\":\"https:\/\/www.visit-ulcinj.com\/blog\/2014\/09\/01\/mediet-pds-ne-ulqin-e-pakenaqur-deri-ndryshimet-kadrovike-ne-pds\/#breadcrumb\",\"itemListElement\":[{\"@type\":\"ListItem\",\"position\":1,\"name\":\"Mediet: PDS ne Ulqin e pak\u00ebnaqur deri me ndryshimet kadrovike ne PDS\"}]},{\"@type\":\"Person\",\"@id\":\"https:\/\/www.visit-ulcinj.com\/blog\/#\/schema\/person\/dcab619c614d3038751c63bc2aadc06d\",\"name\":\"ulqini\",\"sameAs\":[\"http:\/\/www.visit-ulcinj.com\"],\"url\":\"https:\/\/www.visit-ulcinj.com\/blog\/author\/admin\/\"}]}<\/script>\n<!-- \/ Yoast SEO plugin. -->","yoast_head_json":{"title":"Mediet: PDS ne Ulqin e pak\u00ebnaqur deri me ndryshimet kadrovike ne PDS - Lajme nga Ulqini","description":"Ndryshimet kadrovike n\u00eb krye t\u00eb Partis\u00eb demokratike t\u00eb socialist\u00ebve n\u00eb Ulqin jan\u00eb t\u00eb mundshme dhe me siguri do t\u00eb ndodhin\u00eb n\u00eb konvent\u00ebn zgjedhore","robots":{"index":"index","follow":"follow","max-snippet":"max-snippet:-1","max-image-preview":"max-image-preview:large","max-video-preview":"max-video-preview:-1"},"canonical":"https:\/\/www.visit-ulcinj.com\/blog\/2014\/09\/01\/mediet-pds-ne-ulqin-e-pakenaqur-deri-ndryshimet-kadrovike-ne-pds\/","og_locale":"en_US","og_type":"article","og_title":"Mediet: PDS ne Ulqin e pak\u00ebnaqur deri me ndryshimet kadrovike ne PDS - Lajme nga Ulqini","og_description":"Ndryshimet kadrovike n\u00eb krye t\u00eb Partis\u00eb demokratike t\u00eb socialist\u00ebve n\u00eb Ulqin jan\u00eb t\u00eb mundshme dhe me siguri do t\u00eb ndodhin\u00eb n\u00eb konvent\u00ebn zgjedhore","og_url":"https:\/\/www.visit-ulcinj.com\/blog\/2014\/09\/01\/mediet-pds-ne-ulqin-e-pakenaqur-deri-ndryshimet-kadrovike-ne-pds\/","og_site_name":"Lajme nga Ulqini","article_published_time":"2014-09-01T12:02:26+00:00","og_image":[{"url":"http:\/\/www.visit-ulcinj.com\/blog\/wp-content\/uploads\/2014\/09\/DPS-ULCINJ-.jpg"}],"twitter_misc":{"Written by":"ulqini","Est. reading time":"1 minute"},"schema":{"@context":"https:\/\/schema.org","@graph":[{"@type":"WebSite","@id":"https:\/\/www.visit-ulcinj.com\/blog\/#website","url":"https:\/\/www.visit-ulcinj.com\/blog\/","name":"Lajme nga Ulqini","description":"Lajme,Vijesti,Ulqini,Ulqin,Crna Gora,Mali i Zi","potentialAction":[{"@type":"SearchAction","target":{"@type":"EntryPoint","urlTemplate":"https:\/\/www.visit-ulcinj.com\/blog\/?s={search_term_string}"},"query-input":"required name=search_term_string"}],"inLanguage":"en-US"},{"@type":"ImageObject","inLanguage":"en-US","@id":"https:\/\/www.visit-ulcinj.com\/blog\/2014\/09\/01\/mediet-pds-ne-ulqin-e-pakenaqur-deri-ndryshimet-kadrovike-ne-pds\/#primaryimage","url":"https:\/\/www.visit-ulcinj.com\/blog\/wp-content\/uploads\/2014\/09\/DPS-ULCINJ-.jpg","contentUrl":"https:\/\/www.visit-ulcinj.com\/blog\/wp-content\/uploads\/2014\/09\/DPS-ULCINJ-.jpg","width":720,"height":480},{"@type":"WebPage","@id":"https:\/\/www.visit-ulcinj.com\/blog\/2014\/09\/01\/mediet-pds-ne-ulqin-e-pakenaqur-deri-ndryshimet-kadrovike-ne-pds\/#webpage","url":"https:\/\/www.visit-ulcinj.com\/blog\/2014\/09\/01\/mediet-pds-ne-ulqin-e-pakenaqur-deri-ndryshimet-kadrovike-ne-pds\/","name":"Mediet: PDS ne Ulqin e pak\u00ebnaqur deri me ndryshimet kadrovike ne PDS - Lajme nga Ulqini","isPartOf":{"@id":"https:\/\/www.visit-ulcinj.com\/blog\/#website"},"primaryImageOfPage":{"@id":"https:\/\/www.visit-ulcinj.com\/blog\/2014\/09\/01\/mediet-pds-ne-ulqin-e-pakenaqur-deri-ndryshimet-kadrovike-ne-pds\/#primaryimage"},"datePublished":"2014-09-01T12:02:26+00:00","dateModified":"2014-09-01T12:02:26+00:00","author":{"@id":"https:\/\/www.visit-ulcinj.com\/blog\/#\/schema\/person\/dcab619c614d3038751c63bc2aadc06d"},"description":"Ndryshimet kadrovike n\u00eb krye t\u00eb Partis\u00eb demokratike t\u00eb socialist\u00ebve n\u00eb Ulqin jan\u00eb t\u00eb mundshme dhe me siguri do t\u00eb ndodhin\u00eb n\u00eb konvent\u00ebn zgjedhore","breadcrumb":{"@id":"https:\/\/www.visit-ulcinj.com\/blog\/2014\/09\/01\/mediet-pds-ne-ulqin-e-pakenaqur-deri-ndryshimet-kadrovike-ne-pds\/#breadcrumb"},"inLanguage":"en-US","potentialAction":[{"@type":"ReadAction","target":["https:\/\/www.visit-ulcinj.com\/blog\/2014\/09\/01\/mediet-pds-ne-ulqin-e-pakenaqur-deri-ndryshimet-kadrovike-ne-pds\/"]}]},{"@type":"BreadcrumbList","@id":"https:\/\/www.visit-ulcinj.com\/blog\/2014\/09\/01\/mediet-pds-ne-ulqin-e-pakenaqur-deri-ndryshimet-kadrovike-ne-pds\/#breadcrumb","itemListElement":[{"@type":"ListItem","position":1,"name":"Mediet: PDS ne Ulqin e pak\u00ebnaqur deri me ndryshimet kadrovike ne PDS"}]},{"@type":"Person","@id":"https:\/\/www.visit-ulcinj.com\/blog\/#\/schema\/person\/dcab619c614d3038751c63bc2aadc06d","name":"ulqini","sameAs":["http:\/\/www.visit-ulcinj.com"],"url":"https:\/\/www.visit-ulcinj.com\/blog\/author\/admin\/"}]}},"jetpack_featured_media_url":"","jetpack_sharing_enabled":true,"jetpack_shortlink":"https:\/\/wp.me\/pe6lTn-m4H","_links":{"self":[{"href":"https:\/\/www.visit-ulcinj.com\/blog\/wp-json\/wp\/v2\/posts\/84859"}],"collection":[{"href":"https:\/\/www.visit-ulcinj.com\/blog\/wp-json\/wp\/v2\/posts"}],"about":[{"href":"https:\/\/www.visit-ulcinj.com\/blog\/wp-json\/wp\/v2\/types\/post"}],"author":[{"embeddable":true,"href":"https:\/\/www.visit-ulcinj.com\/blog\/wp-json\/wp\/v2\/users\/1"}],"replies":[{"embeddable":true,"href":"https:\/\/www.visit-ulcinj.com\/blog\/wp-json\/wp\/v2\/comments?post=84859"}],"version-history":[{"count":1,"href":"https:\/\/www.visit-ulcinj.com\/blog\/wp-json\/wp\/v2\/posts\/84859\/revisions"}],"predecessor-version":[{"id":84861,"href":"https:\/\/www.visit-ulcinj.com\/blog\/wp-json\/wp\/v2\/posts\/84859\/revisions\/84861"}],"wp:attachment":[{"href":"https:\/\/www.visit-ulcinj.com\/blog\/wp-json\/wp\/v2\/media?parent=84859"}],"wp:term":[{"taxonomy":"category","embeddable":true,"href":"https:\/\/www.visit-ulcinj.com\/blog\/wp-json\/wp\/v2\/categories?post=84859"},{"taxonomy":"post_tag","embeddable":true,"href":"https:\/\/www.visit-ulcinj.com\/blog\/wp-json\/wp\/v2\/tags?post=84859"}],"curies":[{"name":"wp","href":"https:\/\/api.w.org\/{rel}","templated":true}]}}