{"id":84862,"date":"2014-09-01T15:29:19","date_gmt":"2014-09-01T14:29:19","guid":{"rendered":"http:\/\/www.visit-ulcinj.com\/blog\/?p=84862"},"modified":"2014-09-01T15:30:26","modified_gmt":"2014-09-01T14:30:26","slug":"canka-ocekujem-da-budemo-bolji-sezone-ce-biti","status":"publish","type":"post","link":"https:\/\/www.visit-ulcinj.com\/blog\/2014\/09\/01\/canka-ocekujem-da-budemo-bolji-sezone-ce-biti\/","title":{"rendered":"Canka: O\u010dekujem da budemo bolji i sezone ce biti"},"content":{"rendered":"<p><span style=\"font-size: 13px;\"><a href=\"http:\/\/www.visit-ulcinj.com\/blog\/wp-content\/uploads\/2014\/09\/Ulcinj-Sezona-Uspjesna.jpg\"><img loading=\"lazy\" class=\"alignleft wp-image-84864\" src=\"http:\/\/www.visit-ulcinj.com\/blog\/wp-content\/uploads\/2014\/09\/Ulcinj-Sezona-Uspjesna.jpg\" alt=\"Ulcinj-Sezona-Uspjesna\" width=\"508\" height=\"286\" srcset=\"https:\/\/www.visit-ulcinj.com\/blog\/wp-content\/uploads\/2014\/09\/Ulcinj-Sezona-Uspjesna.jpg 1020w, https:\/\/www.visit-ulcinj.com\/blog\/wp-content\/uploads\/2014\/09\/Ulcinj-Sezona-Uspjesna-300x169.jpg 300w\" sizes=\"(max-width: 508px) 100vw, 508px\" \/><\/a>Samo je jedno izvjesno nakon zavr\u0161etka glavne turisti\u010dke sezone u Ulcinju: sa ovom infuzijom bi\u0107e mnogo manje te\u0161ko\u0107a da se pregura zima. Jer, ve\u0107ina ljudi je od ostvarene zarade uspjela da vrati dugove i plati zaostale kreditne rate, kao i komunalije. Ovdje se u svaku sezonu ulazi sa gr\u010dom i nervozom, jer su obaveze prema dr\u017eavi i bankama velike, ba\u0161 kao i tro\u0161kovi \u017eivota.<\/span><\/p>\n<p>No, neki su tek djelimi\u010dno zadovoljni. Ka\u017eu da su turisti bili slabe kupovne mo\u0107i, odnosno da su malo tro\u0161ili. I to je istina, jer su ve\u0107ina gostiju koji nas posje\u0107uju \u2013 kupa\u010di. To se vidi po \u010dinjenici da grad napuste kada po\u010dne da pada ki\u0161a. Jul je najbolji dokaz.<\/p>\n<p>Zato je tako va\u017eno da kona\u010dno krene gradnja bar jednog (ili dva) hotela i akva-parka, da ta plima podigne cijeli grad, kao \u0161to je to bio slu\u010daj sa turistima u avgustu. Da se pobolj\u0161a ponuda, zaposle ljudi, da imamo pred- i postsezonu.<\/p>\n<p>Da na vi\u0161e turizam ne gledamo samo kao na izvor brze i lake zarade, nego kao na nauku i posao, koji svima u ovoj op\u0161tini mo\u017ee da, uz pametno kori\u0161\u0107enje ogromnih resursa, stalno u\u010denje i trud, mo\u017ee donijeti vi\u0161e radosti, zabave i novca.<\/p>\n<p>Naravno, samo ne onima kojima bi da im date cijeli Ulcinj opet bilo malo!<\/p>\n<p>Stoga sam uvjeren da je najva\u017enije da umjesto pohlepe, koristoljublja i napada na javne povr\u0161ine, razvijamo solidarnost, dobro\u010dinstvo i znanje. Jer, upravo su te pozitivne osobine o\u010duvale ovaj grad stolje\u0107ima. Ili, kako mi danas re\u010de prijatelj na pla\u017ei u Valdanosu: \u201eKada bi mi bili bolji, i sezone bi nam bile bolje\u201c!<\/p>\n<p><strong>Ul.info<\/strong><\/p>\n","protected":false},"excerpt":{"rendered":"<p>Samo je jedno izvjesno nakon zavr\u0161etka glavne turisti\u010dke sezone u Ulcinju: sa ovom infuzijom bi\u0107e mnogo manje te\u0161ko\u0107a da se pregura zima. Jer, ve\u0107ina ljudi je od ostvarene zarade uspjela da vrati dugove i plati zaostale kreditne rate, kao i komunalije. Ovdje se u svaku sezonu ulazi sa gr\u010dom i nervozom, jer su obaveze prema [&hellip;]<\/p>\n","protected":false},"author":1,"featured_media":0,"comment_status":"closed","ping_status":"closed","sticky":false,"template":"","format":"standard","meta":{"spay_email":"","jetpack_publicize_message":"","jetpack_is_tweetstorm":false,"jetpack_publicize_feature_enabled":true},"categories":[6950],"tags":[],"jetpack_publicize_connections":[],"yoast_head":"<!-- This site is optimized with the Yoast SEO plugin v19.1 - https:\/\/yoast.com\/wordpress\/plugins\/seo\/ -->\n<title>Canka: O\u010dekujem da budemo bolji i sezone ce biti - Lajme nga Ulqini<\/title>\n<meta name=\"description\" content=\"Samo je jedno izvjesno nakon zavr\u0161etka glavne turisti\u010dke sezone u Ulcinju: sa ovom infuzijom bi\u0107e mnogo manje te\u0161ko\u0107a da se pregura zima. Jer, ve\u0107ina\" \/>\n<meta name=\"robots\" content=\"index, follow, max-snippet:-1, max-image-preview:large, max-video-preview:-1\" \/>\n<link rel=\"canonical\" href=\"https:\/\/www.visit-ulcinj.com\/blog\/2014\/09\/01\/canka-ocekujem-da-budemo-bolji-sezone-ce-biti\/\" \/>\n<meta property=\"og:locale\" content=\"en_US\" \/>\n<meta property=\"og:type\" content=\"article\" \/>\n<meta property=\"og:title\" content=\"Canka: O\u010dekujem da budemo bolji i sezone ce biti - Lajme nga Ulqini\" \/>\n<meta property=\"og:description\" content=\"Samo je jedno izvjesno nakon zavr\u0161etka glavne turisti\u010dke sezone u Ulcinju: sa ovom infuzijom bi\u0107e mnogo manje te\u0161ko\u0107a da se pregura zima. Jer, ve\u0107ina\" \/>\n<meta property=\"og:url\" content=\"https:\/\/www.visit-ulcinj.com\/blog\/2014\/09\/01\/canka-ocekujem-da-budemo-bolji-sezone-ce-biti\/\" \/>\n<meta property=\"og:site_name\" content=\"Lajme nga Ulqini\" \/>\n<meta property=\"article:published_time\" content=\"2014-09-01T14:29:19+00:00\" \/>\n<meta property=\"article:modified_time\" content=\"2014-09-01T14:30:26+00:00\" \/>\n<meta property=\"og:image\" content=\"http:\/\/www.visit-ulcinj.com\/blog\/wp-content\/uploads\/2014\/09\/Ulcinj-Sezona-Uspjesna.jpg\" \/>\n<meta name=\"twitter:label1\" content=\"Written by\" \/>\n\t<meta name=\"twitter:data1\" content=\"ulqini\" \/>\n\t<meta name=\"twitter:label2\" content=\"Est. reading time\" \/>\n\t<meta name=\"twitter:data2\" content=\"2 minutes\" \/>\n<script type=\"application\/ld+json\" class=\"yoast-schema-graph\">{\"@context\":\"https:\/\/schema.org\",\"@graph\":[{\"@type\":\"WebSite\",\"@id\":\"https:\/\/www.visit-ulcinj.com\/blog\/#website\",\"url\":\"https:\/\/www.visit-ulcinj.com\/blog\/\",\"name\":\"Lajme nga Ulqini\",\"description\":\"Lajme,Vijesti,Ulqini,Ulqin,Crna Gora,Mali i Zi\",\"potentialAction\":[{\"@type\":\"SearchAction\",\"target\":{\"@type\":\"EntryPoint\",\"urlTemplate\":\"https:\/\/www.visit-ulcinj.com\/blog\/?s={search_term_string}\"},\"query-input\":\"required name=search_term_string\"}],\"inLanguage\":\"en-US\"},{\"@type\":\"ImageObject\",\"inLanguage\":\"en-US\",\"@id\":\"https:\/\/www.visit-ulcinj.com\/blog\/2014\/09\/01\/canka-ocekujem-da-budemo-bolji-sezone-ce-biti\/#primaryimage\",\"url\":\"https:\/\/www.visit-ulcinj.com\/blog\/wp-content\/uploads\/2014\/09\/Ulcinj-Sezona-Uspjesna.jpg\",\"contentUrl\":\"https:\/\/www.visit-ulcinj.com\/blog\/wp-content\/uploads\/2014\/09\/Ulcinj-Sezona-Uspjesna.jpg\",\"width\":1020,\"height\":575},{\"@type\":\"WebPage\",\"@id\":\"https:\/\/www.visit-ulcinj.com\/blog\/2014\/09\/01\/canka-ocekujem-da-budemo-bolji-sezone-ce-biti\/#webpage\",\"url\":\"https:\/\/www.visit-ulcinj.com\/blog\/2014\/09\/01\/canka-ocekujem-da-budemo-bolji-sezone-ce-biti\/\",\"name\":\"Canka: O\u010dekujem da budemo bolji i sezone ce biti - Lajme nga Ulqini\",\"isPartOf\":{\"@id\":\"https:\/\/www.visit-ulcinj.com\/blog\/#website\"},\"primaryImageOfPage\":{\"@id\":\"https:\/\/www.visit-ulcinj.com\/blog\/2014\/09\/01\/canka-ocekujem-da-budemo-bolji-sezone-ce-biti\/#primaryimage\"},\"datePublished\":\"2014-09-01T14:29:19+00:00\",\"dateModified\":\"2014-09-01T14:30:26+00:00\",\"author\":{\"@id\":\"https:\/\/www.visit-ulcinj.com\/blog\/#\/schema\/person\/dcab619c614d3038751c63bc2aadc06d\"},\"description\":\"Samo je jedno izvjesno nakon zavr\u0161etka glavne turisti\u010dke sezone u Ulcinju: sa ovom infuzijom bi\u0107e mnogo manje te\u0161ko\u0107a da se pregura zima. Jer, ve\u0107ina\",\"breadcrumb\":{\"@id\":\"https:\/\/www.visit-ulcinj.com\/blog\/2014\/09\/01\/canka-ocekujem-da-budemo-bolji-sezone-ce-biti\/#breadcrumb\"},\"inLanguage\":\"en-US\",\"potentialAction\":[{\"@type\":\"ReadAction\",\"target\":[\"https:\/\/www.visit-ulcinj.com\/blog\/2014\/09\/01\/canka-ocekujem-da-budemo-bolji-sezone-ce-biti\/\"]}]},{\"@type\":\"BreadcrumbList\",\"@id\":\"https:\/\/www.visit-ulcinj.com\/blog\/2014\/09\/01\/canka-ocekujem-da-budemo-bolji-sezone-ce-biti\/#breadcrumb\",\"itemListElement\":[{\"@type\":\"ListItem\",\"position\":1,\"name\":\"Canka: O\u010dekujem da budemo bolji i sezone ce biti\"}]},{\"@type\":\"Person\",\"@id\":\"https:\/\/www.visit-ulcinj.com\/blog\/#\/schema\/person\/dcab619c614d3038751c63bc2aadc06d\",\"name\":\"ulqini\",\"sameAs\":[\"http:\/\/www.visit-ulcinj.com\"],\"url\":\"https:\/\/www.visit-ulcinj.com\/blog\/author\/admin\/\"}]}<\/script>\n<!-- \/ Yoast SEO plugin. -->","yoast_head_json":{"title":"Canka: O\u010dekujem da budemo bolji i sezone ce biti - Lajme nga Ulqini","description":"Samo je jedno izvjesno nakon zavr\u0161etka glavne turisti\u010dke sezone u Ulcinju: sa ovom infuzijom bi\u0107e mnogo manje te\u0161ko\u0107a da se pregura zima. Jer, ve\u0107ina","robots":{"index":"index","follow":"follow","max-snippet":"max-snippet:-1","max-image-preview":"max-image-preview:large","max-video-preview":"max-video-preview:-1"},"canonical":"https:\/\/www.visit-ulcinj.com\/blog\/2014\/09\/01\/canka-ocekujem-da-budemo-bolji-sezone-ce-biti\/","og_locale":"en_US","og_type":"article","og_title":"Canka: O\u010dekujem da budemo bolji i sezone ce biti - Lajme nga Ulqini","og_description":"Samo je jedno izvjesno nakon zavr\u0161etka glavne turisti\u010dke sezone u Ulcinju: sa ovom infuzijom bi\u0107e mnogo manje te\u0161ko\u0107a da se pregura zima. Jer, ve\u0107ina","og_url":"https:\/\/www.visit-ulcinj.com\/blog\/2014\/09\/01\/canka-ocekujem-da-budemo-bolji-sezone-ce-biti\/","og_site_name":"Lajme nga Ulqini","article_published_time":"2014-09-01T14:29:19+00:00","article_modified_time":"2014-09-01T14:30:26+00:00","og_image":[{"url":"http:\/\/www.visit-ulcinj.com\/blog\/wp-content\/uploads\/2014\/09\/Ulcinj-Sezona-Uspjesna.jpg"}],"twitter_misc":{"Written by":"ulqini","Est. reading time":"2 minutes"},"schema":{"@context":"https:\/\/schema.org","@graph":[{"@type":"WebSite","@id":"https:\/\/www.visit-ulcinj.com\/blog\/#website","url":"https:\/\/www.visit-ulcinj.com\/blog\/","name":"Lajme nga Ulqini","description":"Lajme,Vijesti,Ulqini,Ulqin,Crna Gora,Mali i Zi","potentialAction":[{"@type":"SearchAction","target":{"@type":"EntryPoint","urlTemplate":"https:\/\/www.visit-ulcinj.com\/blog\/?s={search_term_string}"},"query-input":"required name=search_term_string"}],"inLanguage":"en-US"},{"@type":"ImageObject","inLanguage":"en-US","@id":"https:\/\/www.visit-ulcinj.com\/blog\/2014\/09\/01\/canka-ocekujem-da-budemo-bolji-sezone-ce-biti\/#primaryimage","url":"https:\/\/www.visit-ulcinj.com\/blog\/wp-content\/uploads\/2014\/09\/Ulcinj-Sezona-Uspjesna.jpg","contentUrl":"https:\/\/www.visit-ulcinj.com\/blog\/wp-content\/uploads\/2014\/09\/Ulcinj-Sezona-Uspjesna.jpg","width":1020,"height":575},{"@type":"WebPage","@id":"https:\/\/www.visit-ulcinj.com\/blog\/2014\/09\/01\/canka-ocekujem-da-budemo-bolji-sezone-ce-biti\/#webpage","url":"https:\/\/www.visit-ulcinj.com\/blog\/2014\/09\/01\/canka-ocekujem-da-budemo-bolji-sezone-ce-biti\/","name":"Canka: O\u010dekujem da budemo bolji i sezone ce biti - Lajme nga Ulqini","isPartOf":{"@id":"https:\/\/www.visit-ulcinj.com\/blog\/#website"},"primaryImageOfPage":{"@id":"https:\/\/www.visit-ulcinj.com\/blog\/2014\/09\/01\/canka-ocekujem-da-budemo-bolji-sezone-ce-biti\/#primaryimage"},"datePublished":"2014-09-01T14:29:19+00:00","dateModified":"2014-09-01T14:30:26+00:00","author":{"@id":"https:\/\/www.visit-ulcinj.com\/blog\/#\/schema\/person\/dcab619c614d3038751c63bc2aadc06d"},"description":"Samo je jedno izvjesno nakon zavr\u0161etka glavne turisti\u010dke sezone u Ulcinju: sa ovom infuzijom bi\u0107e mnogo manje te\u0161ko\u0107a da se pregura zima. Jer, ve\u0107ina","breadcrumb":{"@id":"https:\/\/www.visit-ulcinj.com\/blog\/2014\/09\/01\/canka-ocekujem-da-budemo-bolji-sezone-ce-biti\/#breadcrumb"},"inLanguage":"en-US","potentialAction":[{"@type":"ReadAction","target":["https:\/\/www.visit-ulcinj.com\/blog\/2014\/09\/01\/canka-ocekujem-da-budemo-bolji-sezone-ce-biti\/"]}]},{"@type":"BreadcrumbList","@id":"https:\/\/www.visit-ulcinj.com\/blog\/2014\/09\/01\/canka-ocekujem-da-budemo-bolji-sezone-ce-biti\/#breadcrumb","itemListElement":[{"@type":"ListItem","position":1,"name":"Canka: O\u010dekujem da budemo bolji i sezone ce biti"}]},{"@type":"Person","@id":"https:\/\/www.visit-ulcinj.com\/blog\/#\/schema\/person\/dcab619c614d3038751c63bc2aadc06d","name":"ulqini","sameAs":["http:\/\/www.visit-ulcinj.com"],"url":"https:\/\/www.visit-ulcinj.com\/blog\/author\/admin\/"}]}},"jetpack_featured_media_url":"","jetpack_sharing_enabled":true,"jetpack_shortlink":"https:\/\/wp.me\/pe6lTn-m4K","_links":{"self":[{"href":"https:\/\/www.visit-ulcinj.com\/blog\/wp-json\/wp\/v2\/posts\/84862"}],"collection":[{"href":"https:\/\/www.visit-ulcinj.com\/blog\/wp-json\/wp\/v2\/posts"}],"about":[{"href":"https:\/\/www.visit-ulcinj.com\/blog\/wp-json\/wp\/v2\/types\/post"}],"author":[{"embeddable":true,"href":"https:\/\/www.visit-ulcinj.com\/blog\/wp-json\/wp\/v2\/users\/1"}],"replies":[{"embeddable":true,"href":"https:\/\/www.visit-ulcinj.com\/blog\/wp-json\/wp\/v2\/comments?post=84862"}],"version-history":[{"count":2,"href":"https:\/\/www.visit-ulcinj.com\/blog\/wp-json\/wp\/v2\/posts\/84862\/revisions"}],"predecessor-version":[{"id":84865,"href":"https:\/\/www.visit-ulcinj.com\/blog\/wp-json\/wp\/v2\/posts\/84862\/revisions\/84865"}],"wp:attachment":[{"href":"https:\/\/www.visit-ulcinj.com\/blog\/wp-json\/wp\/v2\/media?parent=84862"}],"wp:term":[{"taxonomy":"category","embeddable":true,"href":"https:\/\/www.visit-ulcinj.com\/blog\/wp-json\/wp\/v2\/categories?post=84862"},{"taxonomy":"post_tag","embeddable":true,"href":"https:\/\/www.visit-ulcinj.com\/blog\/wp-json\/wp\/v2\/tags?post=84862"}],"curies":[{"name":"wp","href":"https:\/\/api.w.org\/{rel}","templated":true}]}}