{"id":84866,"date":"2014-09-01T16:24:21","date_gmt":"2014-09-01T15:24:21","guid":{"rendered":"http:\/\/www.visit-ulcinj.com\/blog\/?p=84866"},"modified":"2014-09-01T16:24:21","modified_gmt":"2014-09-01T15:24:21","slug":"delegacioni-nga-komuna-e-ulqinit-viziton-republiken-e-turqise","status":"publish","type":"post","link":"https:\/\/www.visit-ulcinj.com\/blog\/2014\/09\/01\/delegacioni-nga-komuna-e-ulqinit-viziton-republiken-e-turqise\/","title":{"rendered":"Delegacioni nga Komuna e Ulqinit viziton Republik\u00ebn e Turqis\u00eb"},"content":{"rendered":"<p><a href=\"http:\/\/www.visit-ulcinj.com\/blog\/wp-content\/uploads\/2014\/08\/Fatmir-Gjeka-1.jpg\"><img loading=\"lazy\" class=\"alignleft wp-image-84665\" src=\"http:\/\/www.visit-ulcinj.com\/blog\/wp-content\/uploads\/2014\/08\/Fatmir-Gjeka-1.jpg\" alt=\"Fatmir-Gjeka-1\" width=\"508\" height=\"377\" srcset=\"https:\/\/www.visit-ulcinj.com\/blog\/wp-content\/uploads\/2014\/08\/Fatmir-Gjeka-1.jpg 407w, https:\/\/www.visit-ulcinj.com\/blog\/wp-content\/uploads\/2014\/08\/Fatmir-Gjeka-1-300x222.jpg 300w\" sizes=\"(max-width: 508px) 100vw, 508px\" \/><\/a>Nj\u00eb delegacion i Komun\u00ebs s\u00eb Ulqinit i kryesuar nga Kryetari Fatmir Gjeka do t\u00eb b\u00ebjn\u00eb nj\u00eb vizit\u00eb disa dit\u00ebshe n\u00eb Republik\u00ebn e Turqis\u00eb. Merret vesht se delegacioni nga Ulqini do t\u00eb pritet nga nj\u00eb audienc\u00eb e vecant\u00eb, perfshir\u00eb dhe zyrtar\u00eb t\u00eb lart\u00eb n\u00eb Qeverin\u00eb e Turqis\u00eb.<\/p>\n<p>Teme diskutimi do t\u00eb jet\u00eb gjetja e mundesive p\u00ebr investime n\u00eb komun\u00ebn ton\u00eb, forcimi i maredhenijeve t\u00eb nd\u00ebrsjellta dhe bashkepunim n\u00eb fusha t\u00eb ndryshme me interes reciprok. Pjes\u00eb e vizit\u00ebs do t\u00eb jet\u00eb dhe n\u00ebnshkrimi i mareveshtjes s\u00eb binjak\u00ebzimit me qytetin Serik.<br \/>\nGjat\u00eb vizit\u00ebs Kryetari i Ulqinit do t\u00eb shoqerohet nga Kryetari i Kuvendit, n\u00ebnkryetar\u00ebt, dhe perfaqesues t\u00eb zyres p\u00ebr mar\u00ebdh\u00ebnije nd\u00ebrkombetare.<\/p>\n<p><strong>Komuna Ulqinit<\/strong><\/p>\n","protected":false},"excerpt":{"rendered":"<p>Nj\u00eb delegacion i Komun\u00ebs s\u00eb Ulqinit i kryesuar nga Kryetari Fatmir Gjeka do t\u00eb b\u00ebjn\u00eb nj\u00eb vizit\u00eb disa dit\u00ebshe n\u00eb Republik\u00ebn e Turqis\u00eb. Merret vesht se delegacioni nga Ulqini do t\u00eb pritet nga nj\u00eb audienc\u00eb e vecant\u00eb, perfshir\u00eb dhe zyrtar\u00eb t\u00eb lart\u00eb n\u00eb Qeverin\u00eb e Turqis\u00eb. Teme diskutimi do t\u00eb jet\u00eb gjetja e mundesive p\u00ebr [&hellip;]<\/p>\n","protected":false},"author":1,"featured_media":0,"comment_status":"closed","ping_status":"closed","sticky":false,"template":"","format":"standard","meta":{"spay_email":"","jetpack_publicize_message":"","jetpack_is_tweetstorm":false,"jetpack_publicize_feature_enabled":true},"categories":[12],"tags":[],"jetpack_publicize_connections":[],"yoast_head":"<!-- This site is optimized with the Yoast SEO plugin v19.1 - https:\/\/yoast.com\/wordpress\/plugins\/seo\/ -->\n<title>Delegacioni nga Komuna e Ulqinit viziton Republik\u00ebn e Turqis\u00eb - Lajme nga Ulqini<\/title>\n<meta name=\"description\" content=\"Nj\u00eb delegacion i Komun\u00ebs s\u00eb Ulqinit i kryesuar nga Kryetari Fatmir Gjeka do t\u00eb b\u00ebjn\u00eb nj\u00eb vizit\u00eb disa dit\u00ebshe n\u00eb Republik\u00ebn e Turqis\u00eb. Merret vesht se\" \/>\n<meta name=\"robots\" content=\"index, follow, max-snippet:-1, max-image-preview:large, max-video-preview:-1\" \/>\n<link rel=\"canonical\" href=\"https:\/\/www.visit-ulcinj.com\/blog\/2014\/09\/01\/delegacioni-nga-komuna-e-ulqinit-viziton-republiken-e-turqise\/\" \/>\n<meta property=\"og:locale\" content=\"en_US\" \/>\n<meta property=\"og:type\" content=\"article\" \/>\n<meta property=\"og:title\" content=\"Delegacioni nga Komuna e Ulqinit viziton Republik\u00ebn e Turqis\u00eb - Lajme nga Ulqini\" \/>\n<meta property=\"og:description\" content=\"Nj\u00eb delegacion i Komun\u00ebs s\u00eb Ulqinit i kryesuar nga Kryetari Fatmir Gjeka do t\u00eb b\u00ebjn\u00eb nj\u00eb vizit\u00eb disa dit\u00ebshe n\u00eb Republik\u00ebn e Turqis\u00eb. Merret vesht se\" \/>\n<meta property=\"og:url\" content=\"https:\/\/www.visit-ulcinj.com\/blog\/2014\/09\/01\/delegacioni-nga-komuna-e-ulqinit-viziton-republiken-e-turqise\/\" \/>\n<meta property=\"og:site_name\" content=\"Lajme nga Ulqini\" \/>\n<meta property=\"article:published_time\" content=\"2014-09-01T15:24:21+00:00\" \/>\n<meta property=\"og:image\" content=\"http:\/\/www.visit-ulcinj.com\/blog\/wp-content\/uploads\/2014\/08\/Fatmir-Gjeka-1.jpg\" \/>\n<meta name=\"twitter:label1\" content=\"Written by\" \/>\n\t<meta name=\"twitter:data1\" content=\"ulqini\" \/>\n\t<meta name=\"twitter:label2\" content=\"Est. reading time\" \/>\n\t<meta name=\"twitter:data2\" content=\"1 minute\" \/>\n<script type=\"application\/ld+json\" class=\"yoast-schema-graph\">{\"@context\":\"https:\/\/schema.org\",\"@graph\":[{\"@type\":\"WebSite\",\"@id\":\"https:\/\/www.visit-ulcinj.com\/blog\/#website\",\"url\":\"https:\/\/www.visit-ulcinj.com\/blog\/\",\"name\":\"Lajme nga Ulqini\",\"description\":\"Lajme,Vijesti,Ulqini,Ulqin,Crna Gora,Mali i Zi\",\"potentialAction\":[{\"@type\":\"SearchAction\",\"target\":{\"@type\":\"EntryPoint\",\"urlTemplate\":\"https:\/\/www.visit-ulcinj.com\/blog\/?s={search_term_string}\"},\"query-input\":\"required name=search_term_string\"}],\"inLanguage\":\"en-US\"},{\"@type\":\"ImageObject\",\"inLanguage\":\"en-US\",\"@id\":\"https:\/\/www.visit-ulcinj.com\/blog\/2014\/09\/01\/delegacioni-nga-komuna-e-ulqinit-viziton-republiken-e-turqise\/#primaryimage\",\"url\":\"https:\/\/www.visit-ulcinj.com\/blog\/wp-content\/uploads\/2014\/08\/Fatmir-Gjeka-1.jpg\",\"contentUrl\":\"https:\/\/www.visit-ulcinj.com\/blog\/wp-content\/uploads\/2014\/08\/Fatmir-Gjeka-1.jpg\",\"width\":407,\"height\":302},{\"@type\":\"WebPage\",\"@id\":\"https:\/\/www.visit-ulcinj.com\/blog\/2014\/09\/01\/delegacioni-nga-komuna-e-ulqinit-viziton-republiken-e-turqise\/#webpage\",\"url\":\"https:\/\/www.visit-ulcinj.com\/blog\/2014\/09\/01\/delegacioni-nga-komuna-e-ulqinit-viziton-republiken-e-turqise\/\",\"name\":\"Delegacioni nga Komuna e Ulqinit viziton Republik\u00ebn e Turqis\u00eb - Lajme nga Ulqini\",\"isPartOf\":{\"@id\":\"https:\/\/www.visit-ulcinj.com\/blog\/#website\"},\"primaryImageOfPage\":{\"@id\":\"https:\/\/www.visit-ulcinj.com\/blog\/2014\/09\/01\/delegacioni-nga-komuna-e-ulqinit-viziton-republiken-e-turqise\/#primaryimage\"},\"datePublished\":\"2014-09-01T15:24:21+00:00\",\"dateModified\":\"2014-09-01T15:24:21+00:00\",\"author\":{\"@id\":\"https:\/\/www.visit-ulcinj.com\/blog\/#\/schema\/person\/dcab619c614d3038751c63bc2aadc06d\"},\"description\":\"Nj\u00eb delegacion i Komun\u00ebs s\u00eb Ulqinit i kryesuar nga Kryetari Fatmir Gjeka do t\u00eb b\u00ebjn\u00eb nj\u00eb vizit\u00eb disa dit\u00ebshe n\u00eb Republik\u00ebn e Turqis\u00eb. Merret vesht se\",\"breadcrumb\":{\"@id\":\"https:\/\/www.visit-ulcinj.com\/blog\/2014\/09\/01\/delegacioni-nga-komuna-e-ulqinit-viziton-republiken-e-turqise\/#breadcrumb\"},\"inLanguage\":\"en-US\",\"potentialAction\":[{\"@type\":\"ReadAction\",\"target\":[\"https:\/\/www.visit-ulcinj.com\/blog\/2014\/09\/01\/delegacioni-nga-komuna-e-ulqinit-viziton-republiken-e-turqise\/\"]}]},{\"@type\":\"BreadcrumbList\",\"@id\":\"https:\/\/www.visit-ulcinj.com\/blog\/2014\/09\/01\/delegacioni-nga-komuna-e-ulqinit-viziton-republiken-e-turqise\/#breadcrumb\",\"itemListElement\":[{\"@type\":\"ListItem\",\"position\":1,\"name\":\"Delegacioni nga Komuna e Ulqinit viziton Republik\u00ebn e Turqis\u00eb\"}]},{\"@type\":\"Person\",\"@id\":\"https:\/\/www.visit-ulcinj.com\/blog\/#\/schema\/person\/dcab619c614d3038751c63bc2aadc06d\",\"name\":\"ulqini\",\"sameAs\":[\"http:\/\/www.visit-ulcinj.com\"],\"url\":\"https:\/\/www.visit-ulcinj.com\/blog\/author\/admin\/\"}]}<\/script>\n<!-- \/ Yoast SEO plugin. -->","yoast_head_json":{"title":"Delegacioni nga Komuna e Ulqinit viziton Republik\u00ebn e Turqis\u00eb - Lajme nga Ulqini","description":"Nj\u00eb delegacion i Komun\u00ebs s\u00eb Ulqinit i kryesuar nga Kryetari Fatmir Gjeka do t\u00eb b\u00ebjn\u00eb nj\u00eb vizit\u00eb disa dit\u00ebshe n\u00eb Republik\u00ebn e Turqis\u00eb. Merret vesht se","robots":{"index":"index","follow":"follow","max-snippet":"max-snippet:-1","max-image-preview":"max-image-preview:large","max-video-preview":"max-video-preview:-1"},"canonical":"https:\/\/www.visit-ulcinj.com\/blog\/2014\/09\/01\/delegacioni-nga-komuna-e-ulqinit-viziton-republiken-e-turqise\/","og_locale":"en_US","og_type":"article","og_title":"Delegacioni nga Komuna e Ulqinit viziton Republik\u00ebn e Turqis\u00eb - Lajme nga Ulqini","og_description":"Nj\u00eb delegacion i Komun\u00ebs s\u00eb Ulqinit i kryesuar nga Kryetari Fatmir Gjeka do t\u00eb b\u00ebjn\u00eb nj\u00eb vizit\u00eb disa dit\u00ebshe n\u00eb Republik\u00ebn e Turqis\u00eb. Merret vesht se","og_url":"https:\/\/www.visit-ulcinj.com\/blog\/2014\/09\/01\/delegacioni-nga-komuna-e-ulqinit-viziton-republiken-e-turqise\/","og_site_name":"Lajme nga Ulqini","article_published_time":"2014-09-01T15:24:21+00:00","og_image":[{"url":"http:\/\/www.visit-ulcinj.com\/blog\/wp-content\/uploads\/2014\/08\/Fatmir-Gjeka-1.jpg"}],"twitter_misc":{"Written by":"ulqini","Est. reading time":"1 minute"},"schema":{"@context":"https:\/\/schema.org","@graph":[{"@type":"WebSite","@id":"https:\/\/www.visit-ulcinj.com\/blog\/#website","url":"https:\/\/www.visit-ulcinj.com\/blog\/","name":"Lajme nga Ulqini","description":"Lajme,Vijesti,Ulqini,Ulqin,Crna Gora,Mali i Zi","potentialAction":[{"@type":"SearchAction","target":{"@type":"EntryPoint","urlTemplate":"https:\/\/www.visit-ulcinj.com\/blog\/?s={search_term_string}"},"query-input":"required name=search_term_string"}],"inLanguage":"en-US"},{"@type":"ImageObject","inLanguage":"en-US","@id":"https:\/\/www.visit-ulcinj.com\/blog\/2014\/09\/01\/delegacioni-nga-komuna-e-ulqinit-viziton-republiken-e-turqise\/#primaryimage","url":"https:\/\/www.visit-ulcinj.com\/blog\/wp-content\/uploads\/2014\/08\/Fatmir-Gjeka-1.jpg","contentUrl":"https:\/\/www.visit-ulcinj.com\/blog\/wp-content\/uploads\/2014\/08\/Fatmir-Gjeka-1.jpg","width":407,"height":302},{"@type":"WebPage","@id":"https:\/\/www.visit-ulcinj.com\/blog\/2014\/09\/01\/delegacioni-nga-komuna-e-ulqinit-viziton-republiken-e-turqise\/#webpage","url":"https:\/\/www.visit-ulcinj.com\/blog\/2014\/09\/01\/delegacioni-nga-komuna-e-ulqinit-viziton-republiken-e-turqise\/","name":"Delegacioni nga Komuna e Ulqinit viziton Republik\u00ebn e Turqis\u00eb - Lajme nga Ulqini","isPartOf":{"@id":"https:\/\/www.visit-ulcinj.com\/blog\/#website"},"primaryImageOfPage":{"@id":"https:\/\/www.visit-ulcinj.com\/blog\/2014\/09\/01\/delegacioni-nga-komuna-e-ulqinit-viziton-republiken-e-turqise\/#primaryimage"},"datePublished":"2014-09-01T15:24:21+00:00","dateModified":"2014-09-01T15:24:21+00:00","author":{"@id":"https:\/\/www.visit-ulcinj.com\/blog\/#\/schema\/person\/dcab619c614d3038751c63bc2aadc06d"},"description":"Nj\u00eb delegacion i Komun\u00ebs s\u00eb Ulqinit i kryesuar nga Kryetari Fatmir Gjeka do t\u00eb b\u00ebjn\u00eb nj\u00eb vizit\u00eb disa dit\u00ebshe n\u00eb Republik\u00ebn e Turqis\u00eb. Merret vesht se","breadcrumb":{"@id":"https:\/\/www.visit-ulcinj.com\/blog\/2014\/09\/01\/delegacioni-nga-komuna-e-ulqinit-viziton-republiken-e-turqise\/#breadcrumb"},"inLanguage":"en-US","potentialAction":[{"@type":"ReadAction","target":["https:\/\/www.visit-ulcinj.com\/blog\/2014\/09\/01\/delegacioni-nga-komuna-e-ulqinit-viziton-republiken-e-turqise\/"]}]},{"@type":"BreadcrumbList","@id":"https:\/\/www.visit-ulcinj.com\/blog\/2014\/09\/01\/delegacioni-nga-komuna-e-ulqinit-viziton-republiken-e-turqise\/#breadcrumb","itemListElement":[{"@type":"ListItem","position":1,"name":"Delegacioni nga Komuna e Ulqinit viziton Republik\u00ebn e Turqis\u00eb"}]},{"@type":"Person","@id":"https:\/\/www.visit-ulcinj.com\/blog\/#\/schema\/person\/dcab619c614d3038751c63bc2aadc06d","name":"ulqini","sameAs":["http:\/\/www.visit-ulcinj.com"],"url":"https:\/\/www.visit-ulcinj.com\/blog\/author\/admin\/"}]}},"jetpack_featured_media_url":"","jetpack_sharing_enabled":true,"jetpack_shortlink":"https:\/\/wp.me\/pe6lTn-m4O","_links":{"self":[{"href":"https:\/\/www.visit-ulcinj.com\/blog\/wp-json\/wp\/v2\/posts\/84866"}],"collection":[{"href":"https:\/\/www.visit-ulcinj.com\/blog\/wp-json\/wp\/v2\/posts"}],"about":[{"href":"https:\/\/www.visit-ulcinj.com\/blog\/wp-json\/wp\/v2\/types\/post"}],"author":[{"embeddable":true,"href":"https:\/\/www.visit-ulcinj.com\/blog\/wp-json\/wp\/v2\/users\/1"}],"replies":[{"embeddable":true,"href":"https:\/\/www.visit-ulcinj.com\/blog\/wp-json\/wp\/v2\/comments?post=84866"}],"version-history":[{"count":1,"href":"https:\/\/www.visit-ulcinj.com\/blog\/wp-json\/wp\/v2\/posts\/84866\/revisions"}],"predecessor-version":[{"id":84867,"href":"https:\/\/www.visit-ulcinj.com\/blog\/wp-json\/wp\/v2\/posts\/84866\/revisions\/84867"}],"wp:attachment":[{"href":"https:\/\/www.visit-ulcinj.com\/blog\/wp-json\/wp\/v2\/media?parent=84866"}],"wp:term":[{"taxonomy":"category","embeddable":true,"href":"https:\/\/www.visit-ulcinj.com\/blog\/wp-json\/wp\/v2\/categories?post=84866"},{"taxonomy":"post_tag","embeddable":true,"href":"https:\/\/www.visit-ulcinj.com\/blog\/wp-json\/wp\/v2\/tags?post=84866"}],"curies":[{"name":"wp","href":"https:\/\/api.w.org\/{rel}","templated":true}]}}