{"id":84871,"date":"2014-09-01T16:46:12","date_gmt":"2014-09-01T15:46:12","guid":{"rendered":"http:\/\/www.visit-ulcinj.com\/blog\/?p=84871"},"modified":"2014-09-01T16:46:12","modified_gmt":"2014-09-01T15:46:12","slug":"amela-terzic-iz-ulcinja-ide-da-trci-u-roveretu","status":"publish","type":"post","link":"https:\/\/www.visit-ulcinj.com\/blog\/2014\/09\/01\/amela-terzic-iz-ulcinja-ide-da-trci-u-roveretu\/","title":{"rendered":"Amela Terzi\u0107 iz Ulcinja ide da tr\u010di u Roveretu"},"content":{"rendered":"<p><a href=\"http:\/\/www.visit-ulcinj.com\/blog\/wp-content\/uploads\/2014\/09\/Amela-Terzic.jpg\"><img loading=\"lazy\" class=\"alignleft wp-image-84872\" src=\"http:\/\/www.visit-ulcinj.com\/blog\/wp-content\/uploads\/2014\/09\/Amela-Terzic.jpg\" alt=\"Amela-Terzic\" width=\"508\" height=\"351\" srcset=\"https:\/\/www.visit-ulcinj.com\/blog\/wp-content\/uploads\/2014\/09\/Amela-Terzic.jpg 594w, https:\/\/www.visit-ulcinj.com\/blog\/wp-content\/uploads\/2014\/09\/Amela-Terzic-300x207.jpg 300w\" sizes=\"(max-width: 508px) 100vw, 508px\" \/><\/a>NOVI PAZAR, 1. septembra 2014. (Beta) &#8211; Atleti\u010darka Amela Terzi\u0107 nastupi\u0107e u utorak u trci na 1.500 metara u italijanskom Roveretu, a njen trener Rifat Zilki\u0107 rekao je da se ta reprezentativka Srbije oporavila od povrede zadobijene tokom finala Evropskog prvenstva u Cirihu.<\/p>\n<p>&#8220;Amela pravo iz Ulcinja ide u Rovereto, gde \u0107e tr\u010dati u jakoj konkurenciji. Vi\u0161e ne ose\u0107a posledice povrede i proba\u0107e da ostvari \u0161to bolji plasman&#8221;, rekao je Zilki\u0107 radiju Sto plus.<\/p>\n<p>Ova 21-godi\u0161nja Novopazarka je sa li\u010dnim rekordom od 4:05,69 minuta peta od 16 prijavljenih atleti\u010darki, dok je njeno najbolje ovogodi\u0161nje ostvarenje (4:07,34) sedmo u toj konkurenciji.<\/p>\n<p>Trka \u017eena na 1.500 metara startova\u0107e u 20.35.<\/p>\n<p>Takmi\u010denje u Roveretu pripada seriji evropskih Premium Permit mitinga.<\/p>\n<p style=\"font-size: 0.95em;\"><strong>Izvor: Beta<\/strong><\/p>\n","protected":false},"excerpt":{"rendered":"<p>NOVI PAZAR, 1. septembra 2014. (Beta) &#8211; Atleti\u010darka Amela Terzi\u0107 nastupi\u0107e u utorak u trci na 1.500 metara u italijanskom Roveretu, a njen trener Rifat Zilki\u0107 rekao je da se ta reprezentativka Srbije oporavila od povrede zadobijene tokom finala Evropskog prvenstva u Cirihu. &#8220;Amela pravo iz Ulcinja ide u Rovereto, gde \u0107e tr\u010dati u jakoj [&hellip;]<\/p>\n","protected":false},"author":1,"featured_media":0,"comment_status":"closed","ping_status":"closed","sticky":false,"template":"","format":"standard","meta":{"spay_email":"","jetpack_publicize_message":"","jetpack_is_tweetstorm":false,"jetpack_publicize_feature_enabled":true},"categories":[6950],"tags":[],"jetpack_publicize_connections":[],"yoast_head":"<!-- This site is optimized with the Yoast SEO plugin v19.1 - https:\/\/yoast.com\/wordpress\/plugins\/seo\/ -->\n<title>Amela Terzi\u0107 iz Ulcinja ide da tr\u010di u Roveretu - Lajme nga Ulqini<\/title>\n<meta name=\"description\" content=\"NOVI PAZAR, 1. septembra 2014. (Beta) - Atleti\u010darka Amela Terzi\u0107 nastupi\u0107e u utorak u trci na 1.500 metara u italijanskom Roveretu, a njen trener Rifat\" \/>\n<meta name=\"robots\" content=\"index, follow, max-snippet:-1, max-image-preview:large, max-video-preview:-1\" \/>\n<link rel=\"canonical\" href=\"https:\/\/www.visit-ulcinj.com\/blog\/2014\/09\/01\/amela-terzic-iz-ulcinja-ide-da-trci-u-roveretu\/\" \/>\n<meta property=\"og:locale\" content=\"en_US\" \/>\n<meta property=\"og:type\" content=\"article\" \/>\n<meta property=\"og:title\" content=\"Amela Terzi\u0107 iz Ulcinja ide da tr\u010di u Roveretu - Lajme nga Ulqini\" \/>\n<meta property=\"og:description\" content=\"NOVI PAZAR, 1. septembra 2014. (Beta) - Atleti\u010darka Amela Terzi\u0107 nastupi\u0107e u utorak u trci na 1.500 metara u italijanskom Roveretu, a njen trener Rifat\" \/>\n<meta property=\"og:url\" content=\"https:\/\/www.visit-ulcinj.com\/blog\/2014\/09\/01\/amela-terzic-iz-ulcinja-ide-da-trci-u-roveretu\/\" \/>\n<meta property=\"og:site_name\" content=\"Lajme nga Ulqini\" \/>\n<meta property=\"article:published_time\" content=\"2014-09-01T15:46:12+00:00\" \/>\n<meta property=\"og:image\" content=\"http:\/\/www.visit-ulcinj.com\/blog\/wp-content\/uploads\/2014\/09\/Amela-Terzic.jpg\" \/>\n<meta name=\"twitter:label1\" content=\"Written by\" \/>\n\t<meta name=\"twitter:data1\" content=\"ulqini\" \/>\n\t<meta name=\"twitter:label2\" content=\"Est. reading time\" \/>\n\t<meta name=\"twitter:data2\" content=\"1 minute\" \/>\n<script type=\"application\/ld+json\" class=\"yoast-schema-graph\">{\"@context\":\"https:\/\/schema.org\",\"@graph\":[{\"@type\":\"WebSite\",\"@id\":\"https:\/\/www.visit-ulcinj.com\/blog\/#website\",\"url\":\"https:\/\/www.visit-ulcinj.com\/blog\/\",\"name\":\"Lajme nga Ulqini\",\"description\":\"Lajme,Vijesti,Ulqini,Ulqin,Crna Gora,Mali i Zi\",\"potentialAction\":[{\"@type\":\"SearchAction\",\"target\":{\"@type\":\"EntryPoint\",\"urlTemplate\":\"https:\/\/www.visit-ulcinj.com\/blog\/?s={search_term_string}\"},\"query-input\":\"required name=search_term_string\"}],\"inLanguage\":\"en-US\"},{\"@type\":\"ImageObject\",\"inLanguage\":\"en-US\",\"@id\":\"https:\/\/www.visit-ulcinj.com\/blog\/2014\/09\/01\/amela-terzic-iz-ulcinja-ide-da-trci-u-roveretu\/#primaryimage\",\"url\":\"https:\/\/www.visit-ulcinj.com\/blog\/wp-content\/uploads\/2014\/09\/Amela-Terzic.jpg\",\"contentUrl\":\"https:\/\/www.visit-ulcinj.com\/blog\/wp-content\/uploads\/2014\/09\/Amela-Terzic.jpg\",\"width\":594,\"height\":411},{\"@type\":\"WebPage\",\"@id\":\"https:\/\/www.visit-ulcinj.com\/blog\/2014\/09\/01\/amela-terzic-iz-ulcinja-ide-da-trci-u-roveretu\/#webpage\",\"url\":\"https:\/\/www.visit-ulcinj.com\/blog\/2014\/09\/01\/amela-terzic-iz-ulcinja-ide-da-trci-u-roveretu\/\",\"name\":\"Amela Terzi\u0107 iz Ulcinja ide da tr\u010di u Roveretu - Lajme nga Ulqini\",\"isPartOf\":{\"@id\":\"https:\/\/www.visit-ulcinj.com\/blog\/#website\"},\"primaryImageOfPage\":{\"@id\":\"https:\/\/www.visit-ulcinj.com\/blog\/2014\/09\/01\/amela-terzic-iz-ulcinja-ide-da-trci-u-roveretu\/#primaryimage\"},\"datePublished\":\"2014-09-01T15:46:12+00:00\",\"dateModified\":\"2014-09-01T15:46:12+00:00\",\"author\":{\"@id\":\"https:\/\/www.visit-ulcinj.com\/blog\/#\/schema\/person\/dcab619c614d3038751c63bc2aadc06d\"},\"description\":\"NOVI PAZAR, 1. septembra 2014. (Beta) - Atleti\u010darka Amela Terzi\u0107 nastupi\u0107e u utorak u trci na 1.500 metara u italijanskom Roveretu, a njen trener Rifat\",\"breadcrumb\":{\"@id\":\"https:\/\/www.visit-ulcinj.com\/blog\/2014\/09\/01\/amela-terzic-iz-ulcinja-ide-da-trci-u-roveretu\/#breadcrumb\"},\"inLanguage\":\"en-US\",\"potentialAction\":[{\"@type\":\"ReadAction\",\"target\":[\"https:\/\/www.visit-ulcinj.com\/blog\/2014\/09\/01\/amela-terzic-iz-ulcinja-ide-da-trci-u-roveretu\/\"]}]},{\"@type\":\"BreadcrumbList\",\"@id\":\"https:\/\/www.visit-ulcinj.com\/blog\/2014\/09\/01\/amela-terzic-iz-ulcinja-ide-da-trci-u-roveretu\/#breadcrumb\",\"itemListElement\":[{\"@type\":\"ListItem\",\"position\":1,\"name\":\"Amela Terzi\u0107 iz Ulcinja ide da tr\u010di u Roveretu\"}]},{\"@type\":\"Person\",\"@id\":\"https:\/\/www.visit-ulcinj.com\/blog\/#\/schema\/person\/dcab619c614d3038751c63bc2aadc06d\",\"name\":\"ulqini\",\"sameAs\":[\"http:\/\/www.visit-ulcinj.com\"],\"url\":\"https:\/\/www.visit-ulcinj.com\/blog\/author\/admin\/\"}]}<\/script>\n<!-- \/ Yoast SEO plugin. -->","yoast_head_json":{"title":"Amela Terzi\u0107 iz Ulcinja ide da tr\u010di u Roveretu - Lajme nga Ulqini","description":"NOVI PAZAR, 1. septembra 2014. (Beta) - Atleti\u010darka Amela Terzi\u0107 nastupi\u0107e u utorak u trci na 1.500 metara u italijanskom Roveretu, a njen trener Rifat","robots":{"index":"index","follow":"follow","max-snippet":"max-snippet:-1","max-image-preview":"max-image-preview:large","max-video-preview":"max-video-preview:-1"},"canonical":"https:\/\/www.visit-ulcinj.com\/blog\/2014\/09\/01\/amela-terzic-iz-ulcinja-ide-da-trci-u-roveretu\/","og_locale":"en_US","og_type":"article","og_title":"Amela Terzi\u0107 iz Ulcinja ide da tr\u010di u Roveretu - Lajme nga Ulqini","og_description":"NOVI PAZAR, 1. septembra 2014. (Beta) - Atleti\u010darka Amela Terzi\u0107 nastupi\u0107e u utorak u trci na 1.500 metara u italijanskom Roveretu, a njen trener Rifat","og_url":"https:\/\/www.visit-ulcinj.com\/blog\/2014\/09\/01\/amela-terzic-iz-ulcinja-ide-da-trci-u-roveretu\/","og_site_name":"Lajme nga Ulqini","article_published_time":"2014-09-01T15:46:12+00:00","og_image":[{"url":"http:\/\/www.visit-ulcinj.com\/blog\/wp-content\/uploads\/2014\/09\/Amela-Terzic.jpg"}],"twitter_misc":{"Written by":"ulqini","Est. reading time":"1 minute"},"schema":{"@context":"https:\/\/schema.org","@graph":[{"@type":"WebSite","@id":"https:\/\/www.visit-ulcinj.com\/blog\/#website","url":"https:\/\/www.visit-ulcinj.com\/blog\/","name":"Lajme nga Ulqini","description":"Lajme,Vijesti,Ulqini,Ulqin,Crna Gora,Mali i Zi","potentialAction":[{"@type":"SearchAction","target":{"@type":"EntryPoint","urlTemplate":"https:\/\/www.visit-ulcinj.com\/blog\/?s={search_term_string}"},"query-input":"required name=search_term_string"}],"inLanguage":"en-US"},{"@type":"ImageObject","inLanguage":"en-US","@id":"https:\/\/www.visit-ulcinj.com\/blog\/2014\/09\/01\/amela-terzic-iz-ulcinja-ide-da-trci-u-roveretu\/#primaryimage","url":"https:\/\/www.visit-ulcinj.com\/blog\/wp-content\/uploads\/2014\/09\/Amela-Terzic.jpg","contentUrl":"https:\/\/www.visit-ulcinj.com\/blog\/wp-content\/uploads\/2014\/09\/Amela-Terzic.jpg","width":594,"height":411},{"@type":"WebPage","@id":"https:\/\/www.visit-ulcinj.com\/blog\/2014\/09\/01\/amela-terzic-iz-ulcinja-ide-da-trci-u-roveretu\/#webpage","url":"https:\/\/www.visit-ulcinj.com\/blog\/2014\/09\/01\/amela-terzic-iz-ulcinja-ide-da-trci-u-roveretu\/","name":"Amela Terzi\u0107 iz Ulcinja ide da tr\u010di u Roveretu - Lajme nga Ulqini","isPartOf":{"@id":"https:\/\/www.visit-ulcinj.com\/blog\/#website"},"primaryImageOfPage":{"@id":"https:\/\/www.visit-ulcinj.com\/blog\/2014\/09\/01\/amela-terzic-iz-ulcinja-ide-da-trci-u-roveretu\/#primaryimage"},"datePublished":"2014-09-01T15:46:12+00:00","dateModified":"2014-09-01T15:46:12+00:00","author":{"@id":"https:\/\/www.visit-ulcinj.com\/blog\/#\/schema\/person\/dcab619c614d3038751c63bc2aadc06d"},"description":"NOVI PAZAR, 1. septembra 2014. (Beta) - Atleti\u010darka Amela Terzi\u0107 nastupi\u0107e u utorak u trci na 1.500 metara u italijanskom Roveretu, a njen trener Rifat","breadcrumb":{"@id":"https:\/\/www.visit-ulcinj.com\/blog\/2014\/09\/01\/amela-terzic-iz-ulcinja-ide-da-trci-u-roveretu\/#breadcrumb"},"inLanguage":"en-US","potentialAction":[{"@type":"ReadAction","target":["https:\/\/www.visit-ulcinj.com\/blog\/2014\/09\/01\/amela-terzic-iz-ulcinja-ide-da-trci-u-roveretu\/"]}]},{"@type":"BreadcrumbList","@id":"https:\/\/www.visit-ulcinj.com\/blog\/2014\/09\/01\/amela-terzic-iz-ulcinja-ide-da-trci-u-roveretu\/#breadcrumb","itemListElement":[{"@type":"ListItem","position":1,"name":"Amela Terzi\u0107 iz Ulcinja ide da tr\u010di u Roveretu"}]},{"@type":"Person","@id":"https:\/\/www.visit-ulcinj.com\/blog\/#\/schema\/person\/dcab619c614d3038751c63bc2aadc06d","name":"ulqini","sameAs":["http:\/\/www.visit-ulcinj.com"],"url":"https:\/\/www.visit-ulcinj.com\/blog\/author\/admin\/"}]}},"jetpack_featured_media_url":"","jetpack_sharing_enabled":true,"jetpack_shortlink":"https:\/\/wp.me\/pe6lTn-m4T","_links":{"self":[{"href":"https:\/\/www.visit-ulcinj.com\/blog\/wp-json\/wp\/v2\/posts\/84871"}],"collection":[{"href":"https:\/\/www.visit-ulcinj.com\/blog\/wp-json\/wp\/v2\/posts"}],"about":[{"href":"https:\/\/www.visit-ulcinj.com\/blog\/wp-json\/wp\/v2\/types\/post"}],"author":[{"embeddable":true,"href":"https:\/\/www.visit-ulcinj.com\/blog\/wp-json\/wp\/v2\/users\/1"}],"replies":[{"embeddable":true,"href":"https:\/\/www.visit-ulcinj.com\/blog\/wp-json\/wp\/v2\/comments?post=84871"}],"version-history":[{"count":1,"href":"https:\/\/www.visit-ulcinj.com\/blog\/wp-json\/wp\/v2\/posts\/84871\/revisions"}],"predecessor-version":[{"id":84873,"href":"https:\/\/www.visit-ulcinj.com\/blog\/wp-json\/wp\/v2\/posts\/84871\/revisions\/84873"}],"wp:attachment":[{"href":"https:\/\/www.visit-ulcinj.com\/blog\/wp-json\/wp\/v2\/media?parent=84871"}],"wp:term":[{"taxonomy":"category","embeddable":true,"href":"https:\/\/www.visit-ulcinj.com\/blog\/wp-json\/wp\/v2\/categories?post=84871"},{"taxonomy":"post_tag","embeddable":true,"href":"https:\/\/www.visit-ulcinj.com\/blog\/wp-json\/wp\/v2\/tags?post=84871"}],"curies":[{"name":"wp","href":"https:\/\/api.w.org\/{rel}","templated":true}]}}