{"id":84874,"date":"2014-09-01T18:08:30","date_gmt":"2014-09-01T17:08:30","guid":{"rendered":"http:\/\/www.visit-ulcinj.com\/blog\/?p=84874"},"modified":"2014-09-04T14:19:03","modified_gmt":"2014-09-04T13:19:03","slug":"foto-ekskluzive-nga-martesa-e-hana-cakulit","status":"publish","type":"post","link":"https:\/\/www.visit-ulcinj.com\/blog\/2014\/09\/01\/foto-ekskluzive-nga-martesa-e-hana-cakulit\/","title":{"rendered":"Foto ekskluzive nga Martesa e Hana Cakulit"},"content":{"rendered":"<p><a href=\"http:\/\/www.visit-ulcinj.com\/blog\/wp-content\/uploads\/2014\/09\/Martesa-Hana-Cakuli-Driton-Shurdha.jpg\"><img loading=\"lazy\" class=\"alignleft wp-image-84875\" src=\"http:\/\/www.visit-ulcinj.com\/blog\/wp-content\/uploads\/2014\/09\/Martesa-Hana-Cakuli-Driton-Shurdha.jpg\" alt=\"Martesa-Hana-Cakuli-Driton-Shurdha\" width=\"508\" height=\"381\" \/><\/a>K\u00ebng\u00ebtarja Hana Cakuli\u00a0 duket se i ka dh\u00ebn\u00eb fund beqaris\u00eb para disa dit\u00ebve n\u00eb Ulqin. Ajo shihet me fustan t\u00eb bardh\u00eb, derisa mashkulli p\u00ebrkrah\u00eb saj Driton Shurdha \u00ebsht\u00eb gjithashtu person i jet\u00ebs publike n\u00eb Kosov\u00eb por edhe n\u00eb Gjermani.<\/p>\n<p><a href=\"http:\/\/www.visit-ulcinj.com\/blog\/wp-content\/uploads\/2014\/09\/Martesa-Hana-Cakuli-Driton-Shurdha-.jpg\"><img loading=\"lazy\" class=\"alignleft wp-image-84876\" src=\"http:\/\/www.visit-ulcinj.com\/blog\/wp-content\/uploads\/2014\/09\/Martesa-Hana-Cakuli-Driton-Shurdha-.jpg\" alt=\"Martesa-Hana-Cakuli-Driton-Shurdha-\" width=\"508\" height=\"381\" \/><\/a><\/p>\n<p>Lajmin p\u00ebr martes\u00ebn e k\u00ebng\u00ebtares e ka b\u00ebr\u00eb t\u00eb ditur nj\u00eb nd\u00ebr mikeshat e saj t\u00eb ngushta Rona Nishliu, e cila ka mundur t\u00eb shkrep edhe nj\u00eb &#8220;selfie&#8221; me nusen.<\/p>\n<p><a href=\"http:\/\/www.visit-ulcinj.com\/blog\/wp-content\/uploads\/2014\/09\/Martesa-Hana-Cakuli-Driton-Shurdha-2.jpg\"><img loading=\"lazy\" class=\"alignleft wp-image-84877\" src=\"http:\/\/www.visit-ulcinj.com\/blog\/wp-content\/uploads\/2014\/09\/Martesa-Hana-Cakuli-Driton-Shurdha-2.jpg\" alt=\"Martesa-Hana-Cakuli-Driton-Shurdha-2\" width=\"508\" height=\"381\" \/><\/a><\/p>\n<p>Hana \u00ebsht\u00eb kthyer n\u00eb Ulqin pas studimeve pas-universitare n\u00eb Mynih t\u00eb Gjermanis\u00eb, ku ka q\u00ebndruar bashk\u00eb me partnerin e saj, i cili m\u00ebsohet se \u00ebsht\u00eb po nga Ulqini.<\/p>\n<p><a href=\"http:\/\/www.visit-ulcinj.com\/blog\/wp-content\/uploads\/2014\/09\/Martesa-Hana-Cakuli-Driton-Shurdha-1.jpg\"><img loading=\"lazy\" class=\"alignleft wp-image-84878\" src=\"http:\/\/www.visit-ulcinj.com\/blog\/wp-content\/uploads\/2014\/09\/Martesa-Hana-Cakuli-Driton-Shurdha-1.jpg\" alt=\"Martesa-Hana-Cakuli-Driton-Shurdha-1\" width=\"508\" height=\"381\" \/><\/a><\/p>\n<p>Ajo e ka zhvilluar karrier\u00ebn e saj si k\u00ebng\u00ebtare fillimisht n\u00eb vendlindje por edhe n\u00eb Kosov\u00eb e Shqip\u00ebri nd\u00ebrsa para largimit n\u00eb Gjermani ka punuar edh\u00eb n\u00eb nj\u00eb radio n\u00eb Ulqin.<\/p>\n<p><a href=\"http:\/\/www.visit-ulcinj.com\/blog\/wp-content\/uploads\/2014\/09\/Martesa-Hana-Cakuli-Driton-Shurdha-3.jpg\"><img loading=\"lazy\" class=\"alignleft wp-image-84879\" src=\"http:\/\/www.visit-ulcinj.com\/blog\/wp-content\/uploads\/2014\/09\/Martesa-Hana-Cakuli-Driton-Shurdha-3.jpg\" alt=\"Martesa-Hana-Cakuli-Driton-Shurdha-3\" width=\"508\" height=\"381\" \/><\/a><\/p>\n<p>N\u00eb Shqip\u00ebri ajo \u00ebsht\u00eb e njohur p\u00ebr pjesmarrjen n\u00eb festivalin K\u00ebnga Magjike 2008 me k\u00ebng\u00ebn \u201cU Sherova\u201d, nj\u00eb sukses p\u00ebr publikun shqiptar, por edhe me k\u00ebng\u00ebt: \u201cSimbol\u201d, \u201cDashuria e fatit tim\u201d, \u201cKopshti\u201d apo \u201cUne vendos\u201d.<\/p>\n<p><a href=\"http:\/\/www.visit-ulcinj.com\/blog\/wp-content\/uploads\/2014\/09\/Martesa-Hana-Cakuli-Driton-Shurdha-6.jpg\"><img loading=\"lazy\" class=\"alignleft wp-image-84948\" src=\"http:\/\/www.visit-ulcinj.com\/blog\/wp-content\/uploads\/2014\/09\/Martesa-Hana-Cakuli-Driton-Shurdha-6.jpg\" alt=\"Martesa-Hana-Cakuli-Driton-Shurdha-6\" width=\"508\" height=\"643\" \/><\/a> <\/p>\n<p><a href=\"http:\/\/www.visit-ulcinj.com\/blog\/wp-content\/uploads\/2014\/09\/Martesa-Hana-Cakuli-Driton-Shurdha-7.jpg\"><img loading=\"lazy\" class=\"alignleft wp-image-84949\" src=\"http:\/\/www.visit-ulcinj.com\/blog\/wp-content\/uploads\/2014\/09\/Martesa-Hana-Cakuli-Driton-Shurdha-7.jpg\" alt=\"Martesa-Hana-Cakuli-Driton-Shurdha-7\" width=\"508\" height=\"445\" \/><\/a> <\/p>\n<p><a href=\"http:\/\/www.visit-ulcinj.com\/blog\/wp-content\/uploads\/2014\/09\/Martesa-Hana-Cakuli-Driton-Shurdha-8.jpg\"><img loading=\"lazy\" class=\"alignleft wp-image-84950\" src=\"http:\/\/www.visit-ulcinj.com\/blog\/wp-content\/uploads\/2014\/09\/Martesa-Hana-Cakuli-Driton-Shurdha-8.jpg\" alt=\"Martesa-Hana-Cakuli-Driton-Shurdha-8\" width=\"508\" height=\"882\" \/><\/a><\/p>\n","protected":false},"excerpt":{"rendered":"<p>K\u00ebng\u00ebtarja Hana Cakuli\u00a0 duket se i ka dh\u00ebn\u00eb fund beqaris\u00eb para disa dit\u00ebve n\u00eb Ulqin. Ajo shihet me fustan t\u00eb bardh\u00eb, derisa mashkulli p\u00ebrkrah\u00eb saj Driton Shurdha \u00ebsht\u00eb gjithashtu person i jet\u00ebs publike n\u00eb Kosov\u00eb por edhe n\u00eb Gjermani. Lajmin p\u00ebr martes\u00ebn e k\u00ebng\u00ebtares e ka b\u00ebr\u00eb t\u00eb ditur nj\u00eb nd\u00ebr mikeshat e saj t\u00eb [&hellip;]<\/p>\n","protected":false},"author":1,"featured_media":0,"comment_status":"closed","ping_status":"closed","sticky":false,"template":"","format":"standard","meta":{"spay_email":"","jetpack_publicize_message":"","jetpack_is_tweetstorm":false,"jetpack_publicize_feature_enabled":true},"categories":[1],"tags":[],"jetpack_publicize_connections":[],"yoast_head":"<!-- This site is optimized with the Yoast SEO plugin v19.1 - https:\/\/yoast.com\/wordpress\/plugins\/seo\/ -->\n<title>Foto ekskluzive nga Martesa e Hana Cakulit - Lajme nga Ulqini<\/title>\n<meta name=\"description\" content=\"K\u00ebng\u00ebtarja Hana Cakuli\u00a0 duket se i ka dh\u00ebn\u00eb fund beqaris\u00eb para disa dit\u00ebve n\u00eb Ulqin. Ajo shihet me fustan t\u00eb bardh\u00eb, derisa mashkulli p\u00ebrkrah\u00eb saj Driton\" \/>\n<meta name=\"robots\" content=\"index, follow, max-snippet:-1, max-image-preview:large, max-video-preview:-1\" \/>\n<link rel=\"canonical\" href=\"https:\/\/www.visit-ulcinj.com\/blog\/2014\/09\/01\/foto-ekskluzive-nga-martesa-e-hana-cakulit\/\" \/>\n<meta property=\"og:locale\" content=\"en_US\" \/>\n<meta property=\"og:type\" content=\"article\" \/>\n<meta property=\"og:title\" content=\"Foto ekskluzive nga Martesa e Hana Cakulit - Lajme nga Ulqini\" \/>\n<meta property=\"og:description\" content=\"K\u00ebng\u00ebtarja Hana Cakuli\u00a0 duket se i ka dh\u00ebn\u00eb fund beqaris\u00eb para disa dit\u00ebve n\u00eb Ulqin. Ajo shihet me fustan t\u00eb bardh\u00eb, derisa mashkulli p\u00ebrkrah\u00eb saj Driton\" \/>\n<meta property=\"og:url\" content=\"https:\/\/www.visit-ulcinj.com\/blog\/2014\/09\/01\/foto-ekskluzive-nga-martesa-e-hana-cakulit\/\" \/>\n<meta property=\"og:site_name\" content=\"Lajme nga Ulqini\" \/>\n<meta property=\"article:published_time\" content=\"2014-09-01T17:08:30+00:00\" \/>\n<meta property=\"article:modified_time\" content=\"2014-09-04T13:19:03+00:00\" \/>\n<meta property=\"og:image\" content=\"http:\/\/www.visit-ulcinj.com\/blog\/wp-content\/uploads\/2014\/09\/Martesa-Hana-Cakuli-Driton-Shurdha.jpg\" \/>\n<meta name=\"twitter:label1\" content=\"Written by\" \/>\n\t<meta name=\"twitter:data1\" content=\"ulqini\" \/>\n\t<meta name=\"twitter:label2\" content=\"Est. reading time\" \/>\n\t<meta name=\"twitter:data2\" content=\"1 minute\" \/>\n<script type=\"application\/ld+json\" class=\"yoast-schema-graph\">{\"@context\":\"https:\/\/schema.org\",\"@graph\":[{\"@type\":\"WebSite\",\"@id\":\"https:\/\/www.visit-ulcinj.com\/blog\/#website\",\"url\":\"https:\/\/www.visit-ulcinj.com\/blog\/\",\"name\":\"Lajme nga Ulqini\",\"description\":\"Lajme,Vijesti,Ulqini,Ulqin,Crna Gora,Mali i Zi\",\"potentialAction\":[{\"@type\":\"SearchAction\",\"target\":{\"@type\":\"EntryPoint\",\"urlTemplate\":\"https:\/\/www.visit-ulcinj.com\/blog\/?s={search_term_string}\"},\"query-input\":\"required name=search_term_string\"}],\"inLanguage\":\"en-US\"},{\"@type\":\"ImageObject\",\"inLanguage\":\"en-US\",\"@id\":\"https:\/\/www.visit-ulcinj.com\/blog\/2014\/09\/01\/foto-ekskluzive-nga-martesa-e-hana-cakulit\/#primaryimage\",\"url\":\"http:\/\/www.visit-ulcinj.com\/blog\/wp-content\/uploads\/2014\/09\/Martesa-Hana-Cakuli-Driton-Shurdha.jpg\",\"contentUrl\":\"http:\/\/www.visit-ulcinj.com\/blog\/wp-content\/uploads\/2014\/09\/Martesa-Hana-Cakuli-Driton-Shurdha.jpg\"},{\"@type\":\"WebPage\",\"@id\":\"https:\/\/www.visit-ulcinj.com\/blog\/2014\/09\/01\/foto-ekskluzive-nga-martesa-e-hana-cakulit\/#webpage\",\"url\":\"https:\/\/www.visit-ulcinj.com\/blog\/2014\/09\/01\/foto-ekskluzive-nga-martesa-e-hana-cakulit\/\",\"name\":\"Foto ekskluzive nga Martesa e Hana Cakulit - Lajme nga Ulqini\",\"isPartOf\":{\"@id\":\"https:\/\/www.visit-ulcinj.com\/blog\/#website\"},\"primaryImageOfPage\":{\"@id\":\"https:\/\/www.visit-ulcinj.com\/blog\/2014\/09\/01\/foto-ekskluzive-nga-martesa-e-hana-cakulit\/#primaryimage\"},\"datePublished\":\"2014-09-01T17:08:30+00:00\",\"dateModified\":\"2014-09-04T13:19:03+00:00\",\"author\":{\"@id\":\"https:\/\/www.visit-ulcinj.com\/blog\/#\/schema\/person\/dcab619c614d3038751c63bc2aadc06d\"},\"description\":\"K\u00ebng\u00ebtarja Hana Cakuli\u00a0 duket se i ka dh\u00ebn\u00eb fund beqaris\u00eb para disa dit\u00ebve n\u00eb Ulqin. Ajo shihet me fustan t\u00eb bardh\u00eb, derisa mashkulli p\u00ebrkrah\u00eb saj Driton\",\"breadcrumb\":{\"@id\":\"https:\/\/www.visit-ulcinj.com\/blog\/2014\/09\/01\/foto-ekskluzive-nga-martesa-e-hana-cakulit\/#breadcrumb\"},\"inLanguage\":\"en-US\",\"potentialAction\":[{\"@type\":\"ReadAction\",\"target\":[\"https:\/\/www.visit-ulcinj.com\/blog\/2014\/09\/01\/foto-ekskluzive-nga-martesa-e-hana-cakulit\/\"]}]},{\"@type\":\"BreadcrumbList\",\"@id\":\"https:\/\/www.visit-ulcinj.com\/blog\/2014\/09\/01\/foto-ekskluzive-nga-martesa-e-hana-cakulit\/#breadcrumb\",\"itemListElement\":[{\"@type\":\"ListItem\",\"position\":1,\"name\":\"Foto ekskluzive nga Martesa e Hana Cakulit\"}]},{\"@type\":\"Person\",\"@id\":\"https:\/\/www.visit-ulcinj.com\/blog\/#\/schema\/person\/dcab619c614d3038751c63bc2aadc06d\",\"name\":\"ulqini\",\"sameAs\":[\"http:\/\/www.visit-ulcinj.com\"],\"url\":\"https:\/\/www.visit-ulcinj.com\/blog\/author\/admin\/\"}]}<\/script>\n<!-- \/ Yoast SEO plugin. -->","yoast_head_json":{"title":"Foto ekskluzive nga Martesa e Hana Cakulit - Lajme nga Ulqini","description":"K\u00ebng\u00ebtarja Hana Cakuli\u00a0 duket se i ka dh\u00ebn\u00eb fund beqaris\u00eb para disa dit\u00ebve n\u00eb Ulqin. Ajo shihet me fustan t\u00eb bardh\u00eb, derisa mashkulli p\u00ebrkrah\u00eb saj Driton","robots":{"index":"index","follow":"follow","max-snippet":"max-snippet:-1","max-image-preview":"max-image-preview:large","max-video-preview":"max-video-preview:-1"},"canonical":"https:\/\/www.visit-ulcinj.com\/blog\/2014\/09\/01\/foto-ekskluzive-nga-martesa-e-hana-cakulit\/","og_locale":"en_US","og_type":"article","og_title":"Foto ekskluzive nga Martesa e Hana Cakulit - Lajme nga Ulqini","og_description":"K\u00ebng\u00ebtarja Hana Cakuli\u00a0 duket se i ka dh\u00ebn\u00eb fund beqaris\u00eb para disa dit\u00ebve n\u00eb Ulqin. Ajo shihet me fustan t\u00eb bardh\u00eb, derisa mashkulli p\u00ebrkrah\u00eb saj Driton","og_url":"https:\/\/www.visit-ulcinj.com\/blog\/2014\/09\/01\/foto-ekskluzive-nga-martesa-e-hana-cakulit\/","og_site_name":"Lajme nga Ulqini","article_published_time":"2014-09-01T17:08:30+00:00","article_modified_time":"2014-09-04T13:19:03+00:00","og_image":[{"url":"http:\/\/www.visit-ulcinj.com\/blog\/wp-content\/uploads\/2014\/09\/Martesa-Hana-Cakuli-Driton-Shurdha.jpg"}],"twitter_misc":{"Written by":"ulqini","Est. reading time":"1 minute"},"schema":{"@context":"https:\/\/schema.org","@graph":[{"@type":"WebSite","@id":"https:\/\/www.visit-ulcinj.com\/blog\/#website","url":"https:\/\/www.visit-ulcinj.com\/blog\/","name":"Lajme nga Ulqini","description":"Lajme,Vijesti,Ulqini,Ulqin,Crna Gora,Mali i Zi","potentialAction":[{"@type":"SearchAction","target":{"@type":"EntryPoint","urlTemplate":"https:\/\/www.visit-ulcinj.com\/blog\/?s={search_term_string}"},"query-input":"required name=search_term_string"}],"inLanguage":"en-US"},{"@type":"ImageObject","inLanguage":"en-US","@id":"https:\/\/www.visit-ulcinj.com\/blog\/2014\/09\/01\/foto-ekskluzive-nga-martesa-e-hana-cakulit\/#primaryimage","url":"http:\/\/www.visit-ulcinj.com\/blog\/wp-content\/uploads\/2014\/09\/Martesa-Hana-Cakuli-Driton-Shurdha.jpg","contentUrl":"http:\/\/www.visit-ulcinj.com\/blog\/wp-content\/uploads\/2014\/09\/Martesa-Hana-Cakuli-Driton-Shurdha.jpg"},{"@type":"WebPage","@id":"https:\/\/www.visit-ulcinj.com\/blog\/2014\/09\/01\/foto-ekskluzive-nga-martesa-e-hana-cakulit\/#webpage","url":"https:\/\/www.visit-ulcinj.com\/blog\/2014\/09\/01\/foto-ekskluzive-nga-martesa-e-hana-cakulit\/","name":"Foto ekskluzive nga Martesa e Hana Cakulit - Lajme nga Ulqini","isPartOf":{"@id":"https:\/\/www.visit-ulcinj.com\/blog\/#website"},"primaryImageOfPage":{"@id":"https:\/\/www.visit-ulcinj.com\/blog\/2014\/09\/01\/foto-ekskluzive-nga-martesa-e-hana-cakulit\/#primaryimage"},"datePublished":"2014-09-01T17:08:30+00:00","dateModified":"2014-09-04T13:19:03+00:00","author":{"@id":"https:\/\/www.visit-ulcinj.com\/blog\/#\/schema\/person\/dcab619c614d3038751c63bc2aadc06d"},"description":"K\u00ebng\u00ebtarja Hana Cakuli\u00a0 duket se i ka dh\u00ebn\u00eb fund beqaris\u00eb para disa dit\u00ebve n\u00eb Ulqin. Ajo shihet me fustan t\u00eb bardh\u00eb, derisa mashkulli p\u00ebrkrah\u00eb saj Driton","breadcrumb":{"@id":"https:\/\/www.visit-ulcinj.com\/blog\/2014\/09\/01\/foto-ekskluzive-nga-martesa-e-hana-cakulit\/#breadcrumb"},"inLanguage":"en-US","potentialAction":[{"@type":"ReadAction","target":["https:\/\/www.visit-ulcinj.com\/blog\/2014\/09\/01\/foto-ekskluzive-nga-martesa-e-hana-cakulit\/"]}]},{"@type":"BreadcrumbList","@id":"https:\/\/www.visit-ulcinj.com\/blog\/2014\/09\/01\/foto-ekskluzive-nga-martesa-e-hana-cakulit\/#breadcrumb","itemListElement":[{"@type":"ListItem","position":1,"name":"Foto ekskluzive nga Martesa e Hana Cakulit"}]},{"@type":"Person","@id":"https:\/\/www.visit-ulcinj.com\/blog\/#\/schema\/person\/dcab619c614d3038751c63bc2aadc06d","name":"ulqini","sameAs":["http:\/\/www.visit-ulcinj.com"],"url":"https:\/\/www.visit-ulcinj.com\/blog\/author\/admin\/"}]}},"jetpack_featured_media_url":"","jetpack_sharing_enabled":true,"jetpack_shortlink":"https:\/\/wp.me\/pe6lTn-m4W","_links":{"self":[{"href":"https:\/\/www.visit-ulcinj.com\/blog\/wp-json\/wp\/v2\/posts\/84874"}],"collection":[{"href":"https:\/\/www.visit-ulcinj.com\/blog\/wp-json\/wp\/v2\/posts"}],"about":[{"href":"https:\/\/www.visit-ulcinj.com\/blog\/wp-json\/wp\/v2\/types\/post"}],"author":[{"embeddable":true,"href":"https:\/\/www.visit-ulcinj.com\/blog\/wp-json\/wp\/v2\/users\/1"}],"replies":[{"embeddable":true,"href":"https:\/\/www.visit-ulcinj.com\/blog\/wp-json\/wp\/v2\/comments?post=84874"}],"version-history":[{"count":4,"href":"https:\/\/www.visit-ulcinj.com\/blog\/wp-json\/wp\/v2\/posts\/84874\/revisions"}],"predecessor-version":[{"id":84952,"href":"https:\/\/www.visit-ulcinj.com\/blog\/wp-json\/wp\/v2\/posts\/84874\/revisions\/84952"}],"wp:attachment":[{"href":"https:\/\/www.visit-ulcinj.com\/blog\/wp-json\/wp\/v2\/media?parent=84874"}],"wp:term":[{"taxonomy":"category","embeddable":true,"href":"https:\/\/www.visit-ulcinj.com\/blog\/wp-json\/wp\/v2\/categories?post=84874"},{"taxonomy":"post_tag","embeddable":true,"href":"https:\/\/www.visit-ulcinj.com\/blog\/wp-json\/wp\/v2\/tags?post=84874"}],"curies":[{"name":"wp","href":"https:\/\/api.w.org\/{rel}","templated":true}]}}