{"id":84883,"date":"2014-09-02T15:49:24","date_gmt":"2014-09-02T14:49:24","guid":{"rendered":"http:\/\/www.visit-ulcinj.com\/blog\/?p=84883"},"modified":"2014-09-02T15:49:24","modified_gmt":"2014-09-02T14:49:24","slug":"institutit-idea-uron-fillimin-e-vitit-te-ri-shkollor-201415","status":"publish","type":"post","link":"https:\/\/www.visit-ulcinj.com\/blog\/2014\/09\/02\/institutit-idea-uron-fillimin-e-vitit-te-ri-shkollor-201415\/","title":{"rendered":"Institutit IDEA uron fillimin e Vitit t\u00eb Ri shkollor 2014\/15"},"content":{"rendered":"<div class=\"entry\">\n<p><a href=\"http:\/\/www.visit-ulcinj.com\/blog\/wp-content\/uploads\/2014\/09\/nx\u00ebn\u00ebsit-2014_2015.jpg\"><img loading=\"lazy\" class=\"alignleft wp-image-84884\" src=\"http:\/\/www.visit-ulcinj.com\/blog\/wp-content\/uploads\/2014\/09\/nx\u00ebn\u00ebsit-2014_2015.jpg\" alt=\"nx\u00ebn\u00ebsit 2014_2015\" width=\"508\" height=\"335\" srcset=\"https:\/\/www.visit-ulcinj.com\/blog\/wp-content\/uploads\/2014\/09\/nx\u00ebn\u00ebsit-2014_2015.jpg 640w, https:\/\/www.visit-ulcinj.com\/blog\/wp-content\/uploads\/2014\/09\/nx\u00ebn\u00ebsit-2014_2015-300x197.jpg 300w\" sizes=\"(max-width: 508px) 100vw, 508px\" \/><\/a>T\u00eb nderuar dhe t\u00eb respektuar m\u00ebsues, prind\u00ebr, nx\u00ebn\u00ebs, e dashamir\u00eb t\u00eb arsimit!<\/p>\n<p>Kemi k\u00ebnaq\u00ebsin\u00eb\u00a0e ve\u00e7ant\u00eb\u00a0 q\u00eb me rastin e\u00a0 vitit t\u00eb ri\u00a0 shkollor 2014-2015 t\u00eb ju p\u00ebrcjellim\u00a0urimet\u00a0 m\u00eb t\u00eb p\u00ebrzem\u00ebrta\u00a0 p\u00ebr k\u00ebt\u00eb dit\u00eb t\u00eb madhe.<\/p>\n<p>N\u00eb m\u00ebnyr\u00eb t\u00eb ve\u00e7ant\u00eb, uroj vog\u00eblush\u00ebt dhe vog\u00eblushet q\u00eb p\u00ebr her\u00eb t\u00eb par\u00eb, hyjn\u00eb n\u00eb udh\u00ebn e bukur e t\u00eb pafund t\u00eb dituris\u00eb; ata q\u00eb jan\u00eb sot shpresa, krenaria dhe dashuria e prind\u00ebrve dhe gjysh\u00ebrve t\u00eb tyre, por nj\u00ebkoh\u00ebsisht, edhe e ardhmja e jon\u00eb.<br \/>\nT\u00eb nderuar m\u00ebsues dhe nx\u00ebn\u00ebs, pun\u00eb t\u00eb mbar\u00eb e suksese n\u00eb vitin e ri arsimor.<\/p>\n<p>Ne jemi me ju dhe vler\u00ebsojm\u00eb lart pun\u00ebn dhe p\u00ebrpjekjet tuaja.<\/p>\n<p>Urime dhe suksese n\u00eb vitin e ri shkollor!<\/p>\n<p><strong>Departamenti i Institutit IDEA<\/strong><br \/>\n<strong> Zyra p\u00ebr informim, Ulqin \u2013 Mali i Zi<\/strong><\/p>\n<p><strong>Burimi: idea-ul.com<\/strong><\/p>\n<\/div>\n","protected":false},"excerpt":{"rendered":"<p>T\u00eb nderuar dhe t\u00eb respektuar m\u00ebsues, prind\u00ebr, nx\u00ebn\u00ebs, e dashamir\u00eb t\u00eb arsimit! Kemi k\u00ebnaq\u00ebsin\u00eb\u00a0e ve\u00e7ant\u00eb\u00a0 q\u00eb me rastin e\u00a0 vitit t\u00eb ri\u00a0 shkollor 2014-2015 t\u00eb ju p\u00ebrcjellim\u00a0urimet\u00a0 m\u00eb t\u00eb p\u00ebrzem\u00ebrta\u00a0 p\u00ebr k\u00ebt\u00eb dit\u00eb t\u00eb madhe. N\u00eb m\u00ebnyr\u00eb t\u00eb ve\u00e7ant\u00eb, uroj vog\u00eblush\u00ebt dhe vog\u00eblushet q\u00eb p\u00ebr her\u00eb t\u00eb par\u00eb, hyjn\u00eb n\u00eb udh\u00ebn e bukur e t\u00eb [&hellip;]<\/p>\n","protected":false},"author":1,"featured_media":0,"comment_status":"closed","ping_status":"closed","sticky":false,"template":"","format":"standard","meta":{"spay_email":"","jetpack_publicize_message":"","jetpack_is_tweetstorm":false,"jetpack_publicize_feature_enabled":true},"categories":[7],"tags":[],"jetpack_publicize_connections":[],"yoast_head":"<!-- This site is optimized with the Yoast SEO plugin v19.1 - https:\/\/yoast.com\/wordpress\/plugins\/seo\/ -->\n<title>Institutit IDEA uron fillimin e Vitit t\u00eb Ri shkollor 2014\/15 - Lajme nga Ulqini<\/title>\n<meta name=\"description\" content=\"T\u00eb nderuar dhe t\u00eb respektuar m\u00ebsues, prind\u00ebr, nx\u00ebn\u00ebs, e dashamir\u00eb t\u00eb arsimit! Kemi k\u00ebnaq\u00ebsin\u00eb\u00a0e ve\u00e7ant\u00eb\u00a0 q\u00eb me rastin e\u00a0 vitit t\u00eb ri\u00a0 shkollor 2014-2015\" \/>\n<meta name=\"robots\" content=\"index, follow, max-snippet:-1, max-image-preview:large, max-video-preview:-1\" \/>\n<link rel=\"canonical\" href=\"https:\/\/www.visit-ulcinj.com\/blog\/2014\/09\/02\/institutit-idea-uron-fillimin-e-vitit-te-ri-shkollor-201415\/\" \/>\n<meta property=\"og:locale\" content=\"en_US\" \/>\n<meta property=\"og:type\" content=\"article\" \/>\n<meta property=\"og:title\" content=\"Institutit IDEA uron fillimin e Vitit t\u00eb Ri shkollor 2014\/15 - Lajme nga Ulqini\" \/>\n<meta property=\"og:description\" content=\"T\u00eb nderuar dhe t\u00eb respektuar m\u00ebsues, prind\u00ebr, nx\u00ebn\u00ebs, e dashamir\u00eb t\u00eb arsimit! Kemi k\u00ebnaq\u00ebsin\u00eb\u00a0e ve\u00e7ant\u00eb\u00a0 q\u00eb me rastin e\u00a0 vitit t\u00eb ri\u00a0 shkollor 2014-2015\" \/>\n<meta property=\"og:url\" content=\"https:\/\/www.visit-ulcinj.com\/blog\/2014\/09\/02\/institutit-idea-uron-fillimin-e-vitit-te-ri-shkollor-201415\/\" \/>\n<meta property=\"og:site_name\" content=\"Lajme nga Ulqini\" \/>\n<meta property=\"article:published_time\" content=\"2014-09-02T14:49:24+00:00\" \/>\n<meta name=\"twitter:label1\" content=\"Written by\" \/>\n\t<meta name=\"twitter:data1\" content=\"ulqini\" \/>\n\t<meta name=\"twitter:label2\" content=\"Est. reading time\" \/>\n\t<meta name=\"twitter:data2\" content=\"1 minute\" \/>\n<script type=\"application\/ld+json\" class=\"yoast-schema-graph\">{\"@context\":\"https:\/\/schema.org\",\"@graph\":[{\"@type\":\"WebSite\",\"@id\":\"https:\/\/www.visit-ulcinj.com\/blog\/#website\",\"url\":\"https:\/\/www.visit-ulcinj.com\/blog\/\",\"name\":\"Lajme nga Ulqini\",\"description\":\"Lajme,Vijesti,Ulqini,Ulqin,Crna Gora,Mali i Zi\",\"potentialAction\":[{\"@type\":\"SearchAction\",\"target\":{\"@type\":\"EntryPoint\",\"urlTemplate\":\"https:\/\/www.visit-ulcinj.com\/blog\/?s={search_term_string}\"},\"query-input\":\"required name=search_term_string\"}],\"inLanguage\":\"en-US\"},{\"@type\":\"WebPage\",\"@id\":\"https:\/\/www.visit-ulcinj.com\/blog\/2014\/09\/02\/institutit-idea-uron-fillimin-e-vitit-te-ri-shkollor-201415\/#webpage\",\"url\":\"https:\/\/www.visit-ulcinj.com\/blog\/2014\/09\/02\/institutit-idea-uron-fillimin-e-vitit-te-ri-shkollor-201415\/\",\"name\":\"Institutit IDEA uron fillimin e Vitit t\u00eb Ri shkollor 2014\/15 - Lajme nga Ulqini\",\"isPartOf\":{\"@id\":\"https:\/\/www.visit-ulcinj.com\/blog\/#website\"},\"datePublished\":\"2014-09-02T14:49:24+00:00\",\"dateModified\":\"2014-09-02T14:49:24+00:00\",\"author\":{\"@id\":\"https:\/\/www.visit-ulcinj.com\/blog\/#\/schema\/person\/dcab619c614d3038751c63bc2aadc06d\"},\"description\":\"T\u00eb nderuar dhe t\u00eb respektuar m\u00ebsues, prind\u00ebr, nx\u00ebn\u00ebs, e dashamir\u00eb t\u00eb arsimit! Kemi k\u00ebnaq\u00ebsin\u00eb\u00a0e ve\u00e7ant\u00eb\u00a0 q\u00eb me rastin e\u00a0 vitit t\u00eb ri\u00a0 shkollor 2014-2015\",\"breadcrumb\":{\"@id\":\"https:\/\/www.visit-ulcinj.com\/blog\/2014\/09\/02\/institutit-idea-uron-fillimin-e-vitit-te-ri-shkollor-201415\/#breadcrumb\"},\"inLanguage\":\"en-US\",\"potentialAction\":[{\"@type\":\"ReadAction\",\"target\":[\"https:\/\/www.visit-ulcinj.com\/blog\/2014\/09\/02\/institutit-idea-uron-fillimin-e-vitit-te-ri-shkollor-201415\/\"]}]},{\"@type\":\"BreadcrumbList\",\"@id\":\"https:\/\/www.visit-ulcinj.com\/blog\/2014\/09\/02\/institutit-idea-uron-fillimin-e-vitit-te-ri-shkollor-201415\/#breadcrumb\",\"itemListElement\":[{\"@type\":\"ListItem\",\"position\":1,\"name\":\"Institutit IDEA uron fillimin e Vitit t\u00eb Ri shkollor 2014\/15\"}]},{\"@type\":\"Person\",\"@id\":\"https:\/\/www.visit-ulcinj.com\/blog\/#\/schema\/person\/dcab619c614d3038751c63bc2aadc06d\",\"name\":\"ulqini\",\"sameAs\":[\"http:\/\/www.visit-ulcinj.com\"],\"url\":\"https:\/\/www.visit-ulcinj.com\/blog\/author\/admin\/\"}]}<\/script>\n<!-- \/ Yoast SEO plugin. -->","yoast_head_json":{"title":"Institutit IDEA uron fillimin e Vitit t\u00eb Ri shkollor 2014\/15 - Lajme nga Ulqini","description":"T\u00eb nderuar dhe t\u00eb respektuar m\u00ebsues, prind\u00ebr, nx\u00ebn\u00ebs, e dashamir\u00eb t\u00eb arsimit! Kemi k\u00ebnaq\u00ebsin\u00eb\u00a0e ve\u00e7ant\u00eb\u00a0 q\u00eb me rastin e\u00a0 vitit t\u00eb ri\u00a0 shkollor 2014-2015","robots":{"index":"index","follow":"follow","max-snippet":"max-snippet:-1","max-image-preview":"max-image-preview:large","max-video-preview":"max-video-preview:-1"},"canonical":"https:\/\/www.visit-ulcinj.com\/blog\/2014\/09\/02\/institutit-idea-uron-fillimin-e-vitit-te-ri-shkollor-201415\/","og_locale":"en_US","og_type":"article","og_title":"Institutit IDEA uron fillimin e Vitit t\u00eb Ri shkollor 2014\/15 - Lajme nga Ulqini","og_description":"T\u00eb nderuar dhe t\u00eb respektuar m\u00ebsues, prind\u00ebr, nx\u00ebn\u00ebs, e dashamir\u00eb t\u00eb arsimit! Kemi k\u00ebnaq\u00ebsin\u00eb\u00a0e ve\u00e7ant\u00eb\u00a0 q\u00eb me rastin e\u00a0 vitit t\u00eb ri\u00a0 shkollor 2014-2015","og_url":"https:\/\/www.visit-ulcinj.com\/blog\/2014\/09\/02\/institutit-idea-uron-fillimin-e-vitit-te-ri-shkollor-201415\/","og_site_name":"Lajme nga Ulqini","article_published_time":"2014-09-02T14:49:24+00:00","twitter_misc":{"Written by":"ulqini","Est. reading time":"1 minute"},"schema":{"@context":"https:\/\/schema.org","@graph":[{"@type":"WebSite","@id":"https:\/\/www.visit-ulcinj.com\/blog\/#website","url":"https:\/\/www.visit-ulcinj.com\/blog\/","name":"Lajme nga Ulqini","description":"Lajme,Vijesti,Ulqini,Ulqin,Crna Gora,Mali i Zi","potentialAction":[{"@type":"SearchAction","target":{"@type":"EntryPoint","urlTemplate":"https:\/\/www.visit-ulcinj.com\/blog\/?s={search_term_string}"},"query-input":"required name=search_term_string"}],"inLanguage":"en-US"},{"@type":"WebPage","@id":"https:\/\/www.visit-ulcinj.com\/blog\/2014\/09\/02\/institutit-idea-uron-fillimin-e-vitit-te-ri-shkollor-201415\/#webpage","url":"https:\/\/www.visit-ulcinj.com\/blog\/2014\/09\/02\/institutit-idea-uron-fillimin-e-vitit-te-ri-shkollor-201415\/","name":"Institutit IDEA uron fillimin e Vitit t\u00eb Ri shkollor 2014\/15 - Lajme nga Ulqini","isPartOf":{"@id":"https:\/\/www.visit-ulcinj.com\/blog\/#website"},"datePublished":"2014-09-02T14:49:24+00:00","dateModified":"2014-09-02T14:49:24+00:00","author":{"@id":"https:\/\/www.visit-ulcinj.com\/blog\/#\/schema\/person\/dcab619c614d3038751c63bc2aadc06d"},"description":"T\u00eb nderuar dhe t\u00eb respektuar m\u00ebsues, prind\u00ebr, nx\u00ebn\u00ebs, e dashamir\u00eb t\u00eb arsimit! Kemi k\u00ebnaq\u00ebsin\u00eb\u00a0e ve\u00e7ant\u00eb\u00a0 q\u00eb me rastin e\u00a0 vitit t\u00eb ri\u00a0 shkollor 2014-2015","breadcrumb":{"@id":"https:\/\/www.visit-ulcinj.com\/blog\/2014\/09\/02\/institutit-idea-uron-fillimin-e-vitit-te-ri-shkollor-201415\/#breadcrumb"},"inLanguage":"en-US","potentialAction":[{"@type":"ReadAction","target":["https:\/\/www.visit-ulcinj.com\/blog\/2014\/09\/02\/institutit-idea-uron-fillimin-e-vitit-te-ri-shkollor-201415\/"]}]},{"@type":"BreadcrumbList","@id":"https:\/\/www.visit-ulcinj.com\/blog\/2014\/09\/02\/institutit-idea-uron-fillimin-e-vitit-te-ri-shkollor-201415\/#breadcrumb","itemListElement":[{"@type":"ListItem","position":1,"name":"Institutit IDEA uron fillimin e Vitit t\u00eb Ri shkollor 2014\/15"}]},{"@type":"Person","@id":"https:\/\/www.visit-ulcinj.com\/blog\/#\/schema\/person\/dcab619c614d3038751c63bc2aadc06d","name":"ulqini","sameAs":["http:\/\/www.visit-ulcinj.com"],"url":"https:\/\/www.visit-ulcinj.com\/blog\/author\/admin\/"}]}},"jetpack_featured_media_url":"","jetpack_sharing_enabled":true,"jetpack_shortlink":"https:\/\/wp.me\/pe6lTn-m55","_links":{"self":[{"href":"https:\/\/www.visit-ulcinj.com\/blog\/wp-json\/wp\/v2\/posts\/84883"}],"collection":[{"href":"https:\/\/www.visit-ulcinj.com\/blog\/wp-json\/wp\/v2\/posts"}],"about":[{"href":"https:\/\/www.visit-ulcinj.com\/blog\/wp-json\/wp\/v2\/types\/post"}],"author":[{"embeddable":true,"href":"https:\/\/www.visit-ulcinj.com\/blog\/wp-json\/wp\/v2\/users\/1"}],"replies":[{"embeddable":true,"href":"https:\/\/www.visit-ulcinj.com\/blog\/wp-json\/wp\/v2\/comments?post=84883"}],"version-history":[{"count":1,"href":"https:\/\/www.visit-ulcinj.com\/blog\/wp-json\/wp\/v2\/posts\/84883\/revisions"}],"predecessor-version":[{"id":84885,"href":"https:\/\/www.visit-ulcinj.com\/blog\/wp-json\/wp\/v2\/posts\/84883\/revisions\/84885"}],"wp:attachment":[{"href":"https:\/\/www.visit-ulcinj.com\/blog\/wp-json\/wp\/v2\/media?parent=84883"}],"wp:term":[{"taxonomy":"category","embeddable":true,"href":"https:\/\/www.visit-ulcinj.com\/blog\/wp-json\/wp\/v2\/categories?post=84883"},{"taxonomy":"post_tag","embeddable":true,"href":"https:\/\/www.visit-ulcinj.com\/blog\/wp-json\/wp\/v2\/tags?post=84883"}],"curies":[{"name":"wp","href":"https:\/\/api.w.org\/{rel}","templated":true}]}}