{"id":84971,"date":"2014-09-07T13:48:39","date_gmt":"2014-09-07T12:48:39","guid":{"rendered":"http:\/\/www.visit-ulcinj.com\/blog\/?p=84971"},"modified":"2014-09-08T07:33:09","modified_gmt":"2014-09-08T06:33:09","slug":"forca-te-pavertetat-e-mediave-reth-projetkit-te-parkingut-dhe-gjelberimit-urban-ne-rane-foto","status":"publish","type":"post","link":"https:\/\/www.visit-ulcinj.com\/blog\/2014\/09\/07\/forca-te-pavertetat-e-mediave-reth-projetkit-te-parkingut-dhe-gjelberimit-urban-ne-rane-foto\/","title":{"rendered":"Forca: T\u00eb pav\u00ebrtetat e mediave reth Projetkit te Parkingut dhe Gjelberimit Urban n\u00eb Ran\u00eb + Foto"},"content":{"rendered":"<h3 style=\"text-align: center;\"><strong><a href=\"http:\/\/www.visit-ulcinj.com\/blog\/wp-content\/uploads\/2014\/09\/Parkingu-dhe-Gjelberimit-Urban-ne-Ran\u00eb-1.jpg\"><img loading=\"lazy\" class=\"alignleft wp-image-84972\" src=\"http:\/\/www.visit-ulcinj.com\/blog\/wp-content\/uploads\/2014\/09\/Parkingu-dhe-Gjelberimit-Urban-ne-Ran\u00eb-1.jpg\" alt=\"Parkingu dhe Gjelberimit Urban ne Ran\u00eb-1\" width=\"508\" height=\"327\" srcset=\"https:\/\/www.visit-ulcinj.com\/blog\/wp-content\/uploads\/2014\/09\/Parkingu-dhe-Gjelberimit-Urban-ne-Ran\u00eb-1.jpg 1024w, https:\/\/www.visit-ulcinj.com\/blog\/wp-content\/uploads\/2014\/09\/Parkingu-dhe-Gjelberimit-Urban-ne-Ran\u00eb-1-300x193.jpg 300w\" sizes=\"(max-width: 508px) 100vw, 508px\" \/><\/a>Kumtese per media<\/strong><\/h3>\n<p>Ulqin. 06.09.2014<\/p>\n<p>Nr.95\/2014<\/p>\n<p>&nbsp;<\/p>\n<p>Ne lidhje me reagimet e subjeketve politike apo perfaqesueseve te tyre si dhe shkrimve ne mediat e shkruara apo elektronike, per Projetkin e Parkingut dhe Gjelberimit Urban kemi si obligim ti demantojme si te paverteta dhe qellimkeqija, se ky objekt ka prapaskene te fitimeve personale.<\/p>\n<p>Gjithsesi duhet te ceket qe kjo hapesire per 40 vite ka qene e lene mbas dore dhe ishte nje germadhe dhe deponi e eger, me shkalla te ngushta dhe pa ndricim publik. Forca ka treguar vizion si I pari pushtet per ta rregulluar kete hapesire.<\/p>\n<p><a href=\"http:\/\/www.visit-ulcinj.com\/blog\/wp-content\/uploads\/2014\/09\/Parkingu-dhe-Gjelberimit-Urban-ne-Ran\u00eb.jpg\"><img loading=\"lazy\" class=\"alignleft wp-image-84973\" src=\"http:\/\/www.visit-ulcinj.com\/blog\/wp-content\/uploads\/2014\/09\/Parkingu-dhe-Gjelberimit-Urban-ne-Ran\u00eb.jpg\" alt=\"Parkingu dhe Gjelberimit Urban ne Ran\u00eb\" width=\"508\" height=\"381\" srcset=\"https:\/\/www.visit-ulcinj.com\/blog\/wp-content\/uploads\/2014\/09\/Parkingu-dhe-Gjelberimit-Urban-ne-Ran\u00eb.jpg 1024w, https:\/\/www.visit-ulcinj.com\/blog\/wp-content\/uploads\/2014\/09\/Parkingu-dhe-Gjelberimit-Urban-ne-Ran\u00eb-300x225.jpg 300w\" sizes=\"(max-width: 508px) 100vw, 508px\" \/><\/a><\/p>\n<p>Vlera e kontrates prej 94.449,00 euro jane per regullimin e gjithe projektit qe do te thote per vende parkimi, por edhe per rregullimin e hapesires, duke filluar prej shkalleve, ndricimit publik, uleseve, parkut te lojerave.<\/p>\n<p>Ne perfundim te projektiti do te jete e qarte qe ky investim nuk ka asnje prapavije per kinse perfitime personale, por eshte I dedikuar jo vetem per parking por edhe per krijimin e nje hapesire &#8211; parkut per qytataret e Ulqinit dhe vizituesit e Komunes sone.<\/p>\n<p><a href=\"http:\/\/www.visit-ulcinj.com\/blog\/wp-content\/uploads\/2014\/09\/Parkingu-dhe-Gjelberimit-Urban-ne-Ran\u00eb-3.jpg\"><img loading=\"lazy\" class=\"alignleft wp-image-84974\" src=\"http:\/\/www.visit-ulcinj.com\/blog\/wp-content\/uploads\/2014\/09\/Parkingu-dhe-Gjelberimit-Urban-ne-Ran\u00eb-3.jpg\" alt=\"Parkingu dhe Gjelberimit Urban ne Ran\u00eb-3\" width=\"508\" height=\"381\" srcset=\"https:\/\/www.visit-ulcinj.com\/blog\/wp-content\/uploads\/2014\/09\/Parkingu-dhe-Gjelberimit-Urban-ne-Ran\u00eb-3.jpg 800w, https:\/\/www.visit-ulcinj.com\/blog\/wp-content\/uploads\/2014\/09\/Parkingu-dhe-Gjelberimit-Urban-ne-Ran\u00eb-3-300x225.jpg 300w\" sizes=\"(max-width: 508px) 100vw, 508px\" \/><\/a><\/p>\n<p>Forca e re demokratike punon per te miren e qytetareve kurse vleresimet e praktikanteve politik jane te papjekura dhe te paverteta dhe I vleresojme si keqperodrim nga ato qe rriijne ne prapaskene dhe qe vazhdojne te krijojne nje fryme anti Force ne Komunen e Ulqinit duke sulmuar cdo gje qe deri me tani ka punuar Forca.<\/p>\n<p>Nese ky komunitet nuk ka vullnet te rrespketoje ligjin te punoje me transparence, me leje te ndertimit sic eshte rasti I ketij objekti me procedure ligjore, atehere mund ti besoje atyre qe jane te njohtur per ushtrimin e politikes pa rregulla pa ligje pa transparence.<\/p>\n<p><a href=\"http:\/\/www.visit-ulcinj.com\/blog\/wp-content\/uploads\/2014\/09\/Parkingu-dhe-Gjelberimit-Urban-ne-Ran\u00eb-2.jpg\"><img loading=\"lazy\" class=\"alignleft wp-image-84975\" src=\"http:\/\/www.visit-ulcinj.com\/blog\/wp-content\/uploads\/2014\/09\/Parkingu-dhe-Gjelberimit-Urban-ne-Ran\u00eb-2.jpg\" alt=\"Parkingu dhe Gjelberimit Urban ne Ran\u00eb-2\" width=\"508\" height=\"381\" srcset=\"https:\/\/www.visit-ulcinj.com\/blog\/wp-content\/uploads\/2014\/09\/Parkingu-dhe-Gjelberimit-Urban-ne-Ran\u00eb-2.jpg 1024w, https:\/\/www.visit-ulcinj.com\/blog\/wp-content\/uploads\/2014\/09\/Parkingu-dhe-Gjelberimit-Urban-ne-Ran\u00eb-2-300x225.jpg 300w\" sizes=\"(max-width: 508px) 100vw, 508px\" \/><\/a><\/p>\n<p>Demantimi me I mire I insinuative dhe dezinformatave per vleren e ketij projekti jane fotografite nga projekti per regullimit e parkingut dhe gjelberimit urban e punuar nga ana e Agjesionit per ndertim dhe zhvillim te Ulqinit I nenshkruar nga gjashte arhitekt dhe inzhinjer te kesaj agjensie, poashtu me revizion te kryer dhe me lejen e ndertimit.<\/p>\n<p><strong>Sherbimi per informim<\/strong><\/p>\n","protected":false},"excerpt":{"rendered":"<p>Kumtese per media Ulqin. 06.09.2014 Nr.95\/2014 &nbsp; Ne lidhje me reagimet e subjeketve politike apo perfaqesueseve te tyre si dhe shkrimve ne mediat e shkruara apo elektronike, per Projetkin e Parkingut dhe Gjelberimit Urban kemi si obligim ti demantojme si te paverteta dhe qellimkeqija, se ky objekt ka prapaskene te fitimeve personale. Gjithsesi duhet te [&hellip;]<\/p>\n","protected":false},"author":1,"featured_media":0,"comment_status":"closed","ping_status":"closed","sticky":false,"template":"","format":"standard","meta":{"spay_email":"","jetpack_publicize_message":"","jetpack_is_tweetstorm":false,"jetpack_publicize_feature_enabled":true},"categories":[1,6],"tags":[],"jetpack_publicize_connections":[],"yoast_head":"<!-- This site is optimized with the Yoast SEO plugin v19.1 - https:\/\/yoast.com\/wordpress\/plugins\/seo\/ -->\n<title>Forca: T\u00eb pav\u00ebrtetat e mediave reth Projetkit te Parkingut dhe Gjelberimit Urban n\u00eb Ran\u00eb + Foto - Lajme nga Ulqini<\/title>\n<meta name=\"description\" content=\"Kumtese per media Ulqin. 06.09.2014 Nr.95\/2014 &nbsp; Ne lidhje me reagimet e subjeketve politike apo perfaqesueseve te tyre si dhe shkrimve ne mediat e\" \/>\n<meta name=\"robots\" content=\"index, follow, max-snippet:-1, max-image-preview:large, max-video-preview:-1\" \/>\n<link rel=\"canonical\" href=\"https:\/\/www.visit-ulcinj.com\/blog\/2014\/09\/07\/forca-te-pavertetat-e-mediave-reth-projetkit-te-parkingut-dhe-gjelberimit-urban-ne-rane-foto\/\" \/>\n<meta property=\"og:locale\" content=\"en_US\" \/>\n<meta property=\"og:type\" content=\"article\" \/>\n<meta property=\"og:title\" content=\"Forca: T\u00eb pav\u00ebrtetat e mediave reth Projetkit te Parkingut dhe Gjelberimit Urban n\u00eb Ran\u00eb + Foto - Lajme nga Ulqini\" \/>\n<meta property=\"og:description\" content=\"Kumtese per media Ulqin. 06.09.2014 Nr.95\/2014 &nbsp; Ne lidhje me reagimet e subjeketve politike apo perfaqesueseve te tyre si dhe shkrimve ne mediat e\" \/>\n<meta property=\"og:url\" content=\"https:\/\/www.visit-ulcinj.com\/blog\/2014\/09\/07\/forca-te-pavertetat-e-mediave-reth-projetkit-te-parkingut-dhe-gjelberimit-urban-ne-rane-foto\/\" \/>\n<meta property=\"og:site_name\" content=\"Lajme nga Ulqini\" \/>\n<meta property=\"article:published_time\" content=\"2014-09-07T12:48:39+00:00\" \/>\n<meta property=\"article:modified_time\" content=\"2014-09-08T06:33:09+00:00\" \/>\n<meta name=\"twitter:label1\" content=\"Written by\" \/>\n\t<meta name=\"twitter:data1\" content=\"ulqini\" \/>\n\t<meta name=\"twitter:label2\" content=\"Est. reading time\" \/>\n\t<meta name=\"twitter:data2\" content=\"2 minutes\" \/>\n<script type=\"application\/ld+json\" class=\"yoast-schema-graph\">{\"@context\":\"https:\/\/schema.org\",\"@graph\":[{\"@type\":\"WebSite\",\"@id\":\"https:\/\/www.visit-ulcinj.com\/blog\/#website\",\"url\":\"https:\/\/www.visit-ulcinj.com\/blog\/\",\"name\":\"Lajme nga Ulqini\",\"description\":\"Lajme,Vijesti,Ulqini,Ulqin,Crna Gora,Mali i Zi\",\"potentialAction\":[{\"@type\":\"SearchAction\",\"target\":{\"@type\":\"EntryPoint\",\"urlTemplate\":\"https:\/\/www.visit-ulcinj.com\/blog\/?s={search_term_string}\"},\"query-input\":\"required name=search_term_string\"}],\"inLanguage\":\"en-US\"},{\"@type\":\"WebPage\",\"@id\":\"https:\/\/www.visit-ulcinj.com\/blog\/2014\/09\/07\/forca-te-pavertetat-e-mediave-reth-projetkit-te-parkingut-dhe-gjelberimit-urban-ne-rane-foto\/#webpage\",\"url\":\"https:\/\/www.visit-ulcinj.com\/blog\/2014\/09\/07\/forca-te-pavertetat-e-mediave-reth-projetkit-te-parkingut-dhe-gjelberimit-urban-ne-rane-foto\/\",\"name\":\"Forca: T\u00eb pav\u00ebrtetat e mediave reth Projetkit te Parkingut dhe Gjelberimit Urban n\u00eb Ran\u00eb + Foto - Lajme nga Ulqini\",\"isPartOf\":{\"@id\":\"https:\/\/www.visit-ulcinj.com\/blog\/#website\"},\"datePublished\":\"2014-09-07T12:48:39+00:00\",\"dateModified\":\"2014-09-08T06:33:09+00:00\",\"author\":{\"@id\":\"https:\/\/www.visit-ulcinj.com\/blog\/#\/schema\/person\/dcab619c614d3038751c63bc2aadc06d\"},\"description\":\"Kumtese per media Ulqin. 06.09.2014 Nr.95\/2014 &nbsp; Ne lidhje me reagimet e subjeketve politike apo perfaqesueseve te tyre si dhe shkrimve ne mediat e\",\"breadcrumb\":{\"@id\":\"https:\/\/www.visit-ulcinj.com\/blog\/2014\/09\/07\/forca-te-pavertetat-e-mediave-reth-projetkit-te-parkingut-dhe-gjelberimit-urban-ne-rane-foto\/#breadcrumb\"},\"inLanguage\":\"en-US\",\"potentialAction\":[{\"@type\":\"ReadAction\",\"target\":[\"https:\/\/www.visit-ulcinj.com\/blog\/2014\/09\/07\/forca-te-pavertetat-e-mediave-reth-projetkit-te-parkingut-dhe-gjelberimit-urban-ne-rane-foto\/\"]}]},{\"@type\":\"BreadcrumbList\",\"@id\":\"https:\/\/www.visit-ulcinj.com\/blog\/2014\/09\/07\/forca-te-pavertetat-e-mediave-reth-projetkit-te-parkingut-dhe-gjelberimit-urban-ne-rane-foto\/#breadcrumb\",\"itemListElement\":[{\"@type\":\"ListItem\",\"position\":1,\"name\":\"Forca: T\u00eb pav\u00ebrtetat e mediave reth Projetkit te Parkingut dhe Gjelberimit Urban n\u00eb Ran\u00eb + Foto\"}]},{\"@type\":\"Person\",\"@id\":\"https:\/\/www.visit-ulcinj.com\/blog\/#\/schema\/person\/dcab619c614d3038751c63bc2aadc06d\",\"name\":\"ulqini\",\"sameAs\":[\"http:\/\/www.visit-ulcinj.com\"],\"url\":\"https:\/\/www.visit-ulcinj.com\/blog\/author\/admin\/\"}]}<\/script>\n<!-- \/ Yoast SEO plugin. -->","yoast_head_json":{"title":"Forca: T\u00eb pav\u00ebrtetat e mediave reth Projetkit te Parkingut dhe Gjelberimit Urban n\u00eb Ran\u00eb + Foto - Lajme nga Ulqini","description":"Kumtese per media Ulqin. 06.09.2014 Nr.95\/2014 &nbsp; Ne lidhje me reagimet e subjeketve politike apo perfaqesueseve te tyre si dhe shkrimve ne mediat e","robots":{"index":"index","follow":"follow","max-snippet":"max-snippet:-1","max-image-preview":"max-image-preview:large","max-video-preview":"max-video-preview:-1"},"canonical":"https:\/\/www.visit-ulcinj.com\/blog\/2014\/09\/07\/forca-te-pavertetat-e-mediave-reth-projetkit-te-parkingut-dhe-gjelberimit-urban-ne-rane-foto\/","og_locale":"en_US","og_type":"article","og_title":"Forca: T\u00eb pav\u00ebrtetat e mediave reth Projetkit te Parkingut dhe Gjelberimit Urban n\u00eb Ran\u00eb + Foto - Lajme nga Ulqini","og_description":"Kumtese per media Ulqin. 06.09.2014 Nr.95\/2014 &nbsp; Ne lidhje me reagimet e subjeketve politike apo perfaqesueseve te tyre si dhe shkrimve ne mediat e","og_url":"https:\/\/www.visit-ulcinj.com\/blog\/2014\/09\/07\/forca-te-pavertetat-e-mediave-reth-projetkit-te-parkingut-dhe-gjelberimit-urban-ne-rane-foto\/","og_site_name":"Lajme nga Ulqini","article_published_time":"2014-09-07T12:48:39+00:00","article_modified_time":"2014-09-08T06:33:09+00:00","twitter_misc":{"Written by":"ulqini","Est. reading time":"2 minutes"},"schema":{"@context":"https:\/\/schema.org","@graph":[{"@type":"WebSite","@id":"https:\/\/www.visit-ulcinj.com\/blog\/#website","url":"https:\/\/www.visit-ulcinj.com\/blog\/","name":"Lajme nga Ulqini","description":"Lajme,Vijesti,Ulqini,Ulqin,Crna Gora,Mali i Zi","potentialAction":[{"@type":"SearchAction","target":{"@type":"EntryPoint","urlTemplate":"https:\/\/www.visit-ulcinj.com\/blog\/?s={search_term_string}"},"query-input":"required name=search_term_string"}],"inLanguage":"en-US"},{"@type":"WebPage","@id":"https:\/\/www.visit-ulcinj.com\/blog\/2014\/09\/07\/forca-te-pavertetat-e-mediave-reth-projetkit-te-parkingut-dhe-gjelberimit-urban-ne-rane-foto\/#webpage","url":"https:\/\/www.visit-ulcinj.com\/blog\/2014\/09\/07\/forca-te-pavertetat-e-mediave-reth-projetkit-te-parkingut-dhe-gjelberimit-urban-ne-rane-foto\/","name":"Forca: T\u00eb pav\u00ebrtetat e mediave reth Projetkit te Parkingut dhe Gjelberimit Urban n\u00eb Ran\u00eb + Foto - Lajme nga Ulqini","isPartOf":{"@id":"https:\/\/www.visit-ulcinj.com\/blog\/#website"},"datePublished":"2014-09-07T12:48:39+00:00","dateModified":"2014-09-08T06:33:09+00:00","author":{"@id":"https:\/\/www.visit-ulcinj.com\/blog\/#\/schema\/person\/dcab619c614d3038751c63bc2aadc06d"},"description":"Kumtese per media Ulqin. 06.09.2014 Nr.95\/2014 &nbsp; Ne lidhje me reagimet e subjeketve politike apo perfaqesueseve te tyre si dhe shkrimve ne mediat e","breadcrumb":{"@id":"https:\/\/www.visit-ulcinj.com\/blog\/2014\/09\/07\/forca-te-pavertetat-e-mediave-reth-projetkit-te-parkingut-dhe-gjelberimit-urban-ne-rane-foto\/#breadcrumb"},"inLanguage":"en-US","potentialAction":[{"@type":"ReadAction","target":["https:\/\/www.visit-ulcinj.com\/blog\/2014\/09\/07\/forca-te-pavertetat-e-mediave-reth-projetkit-te-parkingut-dhe-gjelberimit-urban-ne-rane-foto\/"]}]},{"@type":"BreadcrumbList","@id":"https:\/\/www.visit-ulcinj.com\/blog\/2014\/09\/07\/forca-te-pavertetat-e-mediave-reth-projetkit-te-parkingut-dhe-gjelberimit-urban-ne-rane-foto\/#breadcrumb","itemListElement":[{"@type":"ListItem","position":1,"name":"Forca: T\u00eb pav\u00ebrtetat e mediave reth Projetkit te Parkingut dhe Gjelberimit Urban n\u00eb Ran\u00eb + Foto"}]},{"@type":"Person","@id":"https:\/\/www.visit-ulcinj.com\/blog\/#\/schema\/person\/dcab619c614d3038751c63bc2aadc06d","name":"ulqini","sameAs":["http:\/\/www.visit-ulcinj.com"],"url":"https:\/\/www.visit-ulcinj.com\/blog\/author\/admin\/"}]}},"jetpack_featured_media_url":"","jetpack_sharing_enabled":true,"jetpack_shortlink":"https:\/\/wp.me\/pe6lTn-m6v","_links":{"self":[{"href":"https:\/\/www.visit-ulcinj.com\/blog\/wp-json\/wp\/v2\/posts\/84971"}],"collection":[{"href":"https:\/\/www.visit-ulcinj.com\/blog\/wp-json\/wp\/v2\/posts"}],"about":[{"href":"https:\/\/www.visit-ulcinj.com\/blog\/wp-json\/wp\/v2\/types\/post"}],"author":[{"embeddable":true,"href":"https:\/\/www.visit-ulcinj.com\/blog\/wp-json\/wp\/v2\/users\/1"}],"replies":[{"embeddable":true,"href":"https:\/\/www.visit-ulcinj.com\/blog\/wp-json\/wp\/v2\/comments?post=84971"}],"version-history":[{"count":1,"href":"https:\/\/www.visit-ulcinj.com\/blog\/wp-json\/wp\/v2\/posts\/84971\/revisions"}],"predecessor-version":[{"id":84976,"href":"https:\/\/www.visit-ulcinj.com\/blog\/wp-json\/wp\/v2\/posts\/84971\/revisions\/84976"}],"wp:attachment":[{"href":"https:\/\/www.visit-ulcinj.com\/blog\/wp-json\/wp\/v2\/media?parent=84971"}],"wp:term":[{"taxonomy":"category","embeddable":true,"href":"https:\/\/www.visit-ulcinj.com\/blog\/wp-json\/wp\/v2\/categories?post=84971"},{"taxonomy":"post_tag","embeddable":true,"href":"https:\/\/www.visit-ulcinj.com\/blog\/wp-json\/wp\/v2\/tags?post=84971"}],"curies":[{"name":"wp","href":"https:\/\/api.w.org\/{rel}","templated":true}]}}