{"id":84990,"date":"2014-09-08T07:31:37","date_gmt":"2014-09-08T06:31:37","guid":{"rendered":"http:\/\/www.visit-ulcinj.com\/blog\/?p=84990"},"modified":"2014-09-09T10:12:40","modified_gmt":"2014-09-09T09:12:40","slug":"sabri-salaj-diplomacia-e-fuqive-te-medha-ceshtja-e-ulqinit1","status":"publish","type":"post","link":"https:\/\/www.visit-ulcinj.com\/blog\/2014\/09\/08\/sabri-salaj-diplomacia-e-fuqive-te-medha-ceshtja-e-ulqinit1\/","title":{"rendered":"SABRI SALAJ: Diplomacia e Fuqive t\u00eb M\u00ebdha &#8211; \u00c7\u00cbSHTJA E ULQINIT(1)"},"content":{"rendered":"<p><a href=\"http:\/\/www.visit-ulcinj.com\/blog\/wp-content\/uploads\/2014\/09\/SABRI-SALAJ.jpg\"><img loading=\"lazy\" class=\"alignleft wp-image-84991\" src=\"http:\/\/www.visit-ulcinj.com\/blog\/wp-content\/uploads\/2014\/09\/SABRI-SALAJ.jpg\" alt=\"SABRI SALAJ\" width=\"508\" height=\"381\" srcset=\"https:\/\/www.visit-ulcinj.com\/blog\/wp-content\/uploads\/2014\/09\/SABRI-SALAJ.jpg 640w, https:\/\/www.visit-ulcinj.com\/blog\/wp-content\/uploads\/2014\/09\/SABRI-SALAJ-300x225.jpg 300w\" sizes=\"(max-width: 508px) 100vw, 508px\" \/><\/a>Mosrealizimi i dispozitave t\u00eb Traktatit t\u00eb Berlinit konkretisht nenit 28, si dhe protokolli i posa\u00e7\u00ebm i 18 prillit 1880, p\u00ebrcaktimi i vij\u00ebs kufitare nd\u00ebrmjet Malit t\u00eb Zi dhe Perandoris\u00eb Osmane mori nj\u00eb dimension tjet\u00ebr dhe n\u00eb sken\u00ebn nd\u00ebrkomb\u00ebtare, diplomacit\u00eb e Fuqive t\u00eb M\u00ebdha nxor\u00ebn \u00e7\u00ebshtjen e Ulqinit. P\u00ebrplasjet diplomatike nd\u00ebrmjet Fuqive t\u00eb M\u00ebdha p\u00ebr \u00e7\u00ebshtjen e Ulqinit nxor\u00ebn n\u00eb drit\u00eb se Kongresi i Berlinit nuk ishte b\u00ebr\u00eb mbi baz\u00ebn e drejt\u00ebs s\u00eb popujve por mbi baz\u00ebn e interesave t\u00eb Fuqive t\u00eb M\u00ebdha. Propozimi q\u00eb Ulqini me lumin Buna t\u00eb jet\u00eb pjes\u00eb e territorit t\u00eb Malit t\u00eb Zi n\u00eb parim i bashkonte Fuqit\u00eb e M\u00ebdha kurse p\u00ebrplasja m\u00eb e madhe diplomatike zhvillohej n\u00eb prapaskena me marr\u00ebveshje sekrete p\u00ebr ndarjen e zonave t\u00eb influencimit n\u00eb k\u00ebto pjes\u00eb t\u00eb territorit t\u00eb Perandoris\u00eb.<\/p>\n<p>\u00c7\u00ebshtja shqiptare nuk u trajtua si nj\u00eb \u00e7\u00ebshtje m\u00eb vete e n\u00eb m\u00ebnyr\u00eb t\u00ebr\u00ebsore n\u00eb tryezat diplomatike n\u00eb Berlin, por Fuqit\u00eb e M\u00ebdha u detyruan t\u00eb merren me te vet\u00ebm at\u00ebher\u00eb kur nga interesat e tyre rrezikohej shnd\u00ebrrimi i Kriz\u00ebs Lindore n\u00eb nj\u00eb kriz\u00eb globale. Lidhja Shqiptare ishte n\u00eb mbrojtje t\u00eb truallit t\u00eb vet etnik, nga vendimet e padrejta t\u00eb Fuqive t\u00eb M\u00ebdha dhe kjo b\u00ebri q\u00eb \u00e7\u00ebshtja shqiptare t\u00eb nd\u00ebrkomb\u00ebtarizohej dhe n\u00eb kombinimet e ardhshme diplomatike t\u00eb fuqive t\u00eb m\u00ebdha, \u00e7\u00ebshtja shqiptare t\u00eb jet\u00eb pjes\u00eb e politikave nd\u00ebrkomb\u00ebtare, pa t\u00eb cilat nuk mund t\u00eb rregulloheshin marr\u00ebdh\u00ebniet nd\u00ebrkomb\u00ebtare.<\/p>\n<p>Zgjidhja e problemit t\u00eb Shqip\u00ebris\u00eb Veriore p\u00ebrb\u00ebnte p\u00ebrplasjen m\u00eb t\u00eb madhe diplomatike nd\u00ebrmjet Fuqive t\u00eb M\u00ebdha, ku si rezultat i k\u00ebsaj rrezikohej nj\u00eb p\u00ebrplasje ushtarake nd\u00ebrmjet Fuqive t\u00eb M\u00ebdha dhe Perandoris\u00eb Osmane. Interesat e Fuqive t\u00eb M\u00ebdha n\u00eb k\u00ebto pjes\u00eb t\u00eb Shqip\u00ebris\u00eb p\u00ebr ndarje t\u00eb zonave t\u00eb interesit nga shp\u00ebrb\u00ebrja e Perandoris\u00eb Osmane d\u00ebshmuan se \u00e7\u00ebshtja shqiptare nuk u zgjidh asnj\u00ebher\u00eb n\u00eb t\u00eb mir\u00eb t\u00eb popullit shqiptar, por n\u00eb prizmin e interesave t\u00eb vet fuqive.<\/p>\n<p>Londra e dinte mir\u00eb se n\u00eb zon\u00ebn veriore t\u00eb Shqip\u00ebris\u00eb shtriheshin interesat e Austro-Hungaris\u00eb, prandaj vendosi t\u00eb veproj\u00eb n\u00eb bashk\u00ebpunim me Vjen\u00ebn p\u00ebr zgjidhjen e \u00e7\u00ebshtjes s\u00eb Shqip\u00ebris\u00eb Veriore. Tendencat e Rusis\u00eb p\u00ebr realizimin e Traktatit t\u00eb Sh\u00ebn Stefanit nuk ishin shuar, k\u00ebshtu q\u00eb Britania e Madhe ishte e detyruar t\u00eb kerkonte zgjidhje sa m\u00eb t\u00eb shpejt\u00eb t\u00eb k\u00ebtij problemi, nga i cili problem rrezikohej edhe pjes\u00eb t\u00eb territoreve tjera t\u00eb Perandoris\u00eb Osmane, zon\u00eb e interesit t\u00eb saj.<\/p>\n<p><a href=\"http:\/\/www.visit-ulcinj.com\/blog\/wp-content\/uploads\/2014\/09\/Ulqini-ne-vitet-1901.jpg\"><img loading=\"lazy\" class=\"alignleft wp-image-85009\" src=\"http:\/\/www.visit-ulcinj.com\/blog\/wp-content\/uploads\/2014\/09\/Ulqini-ne-vitet-1901.jpg\" alt=\"Ulqini-ne-vitet-1901\" width=\"508\" height=\"313\" srcset=\"https:\/\/www.visit-ulcinj.com\/blog\/wp-content\/uploads\/2014\/09\/Ulqini-ne-vitet-1901.jpg 547w, https:\/\/www.visit-ulcinj.com\/blog\/wp-content\/uploads\/2014\/09\/Ulqini-ne-vitet-1901-300x184.jpg 300w\" sizes=\"(max-width: 508px) 100vw, 508px\" \/><\/a><\/p>\n<p>N\u00eb prag t\u00eb mbledhjes s\u00eb Konferenc\u00ebs s\u00eb Ambasador\u00ebve n\u00eb Berlin, Konsulli i Anglis\u00eb n\u00eb Shkod\u00ebr, Green dhe ai i Austro-Hungaris\u00eb, Lippich kishin b\u00ebr\u00eb planin p\u00ebr t\u2019i dh\u00ebn\u00eb Malit t\u00eb Zi n\u00eb vend t\u00eb Hotit dhe Grud\u00ebs q\u00eb si mori dot, nj\u00eb krahin\u00eb tjet\u00ebr nd\u00ebrmjet liqenit t\u00eb Shkodr\u00ebs dhe detit Adriatik, e cila p\u00ebrfshinte Ulqinin dhe rrethin e tij gjer t\u00eb gryka e Bun\u00ebs. Green n\u00eb nj\u00eb shkres\u00eb t\u00eb tij drejtuar Londr\u00ebs, m\u00eb 29 maj 1880, deklaronte se,,kam biseduar n\u00eb t\u00ebr\u00ebsi m\u00eb z. Lippich, konsullin e p\u00ebrgjithsh\u00ebm austriak, \u00e7\u00ebshtjen e dh\u00ebnies s\u00eb territorit Malit t\u00eb Zi, n\u00eb per\u00ebndim t\u00eb Liqenit t\u00eb Shkodr\u00ebs, n\u00eb vend t\u00eb territorit t\u00eb definuar n\u00eb Konvent\u00eb\u2026 N\u00eb asnj\u00eb pik\u00eb un\u00eb dhe Lippich nuk kemi pasur mendim tjet\u00ebr\u201d.<\/p>\n<p>Plani i Green u kritikua ashp\u00ebr nga Ambasadori Special i Britanis\u00eb n\u00eb Stamboll, Xhorxh Goshen, i cili e shikonte \u00e7\u00ebshtjen shqiptare si nj\u00eb problem t\u00eb p\u00ebrgjithsh\u00ebm q\u00eb nuk mund t\u00eb anashkalohet nga diplomacia e Fuqive t\u00eb M\u00ebdha.<\/p>\n<p>T\u00eb gjitha argumentet e tij ai i parashtroi n\u00eb nj\u00eb let\u00ebrd\u00ebrges\u00eb drejtuar Lordit Grandville m\u00eb 26 korrik 1880. N\u00eb analiz\u00ebn e tij Goshen vjen n\u00eb p\u00ebrfundim se dy jan\u00eb elementet kryesor q\u00eb duhet t\u00eb merren p\u00ebr baz\u00eb: korrekt\u00ebsia apo drejt\u00ebsia n\u00eb nj\u00ebr\u00ebn an\u00eb dhe leverdia apo realpolitika n\u00eb an\u00ebn tjet\u00ebr. N\u00eb an\u00ebn e korrekt\u00ebsis\u00eb ai vinte n\u00eb pah se \u201cl\u00ebvizja shqiptare \u00ebsht\u00eb e krejt\u00ebsisht e natyrshme. Nj\u00eb rac\u00eb po aq e lasht\u00eb dhe e ve\u00e7ant\u00eb kan\u00eb po aq t\u00eb drejt\u00eb sa t\u00eb gjith\u00eb popujt tjer\u00eb q\u00eb i rrethojn\u00eb \u2026 ata me t\u00eb drejt\u00eb pretendojn\u00eb t\u00eb jen\u00eb t\u00eb pavarur\u2026 Komb\u00ebsia e tyre po injorohet dhe territori i banuar me shqiptar\u00eb po u jepet n\u00eb veri malazez\u00ebve, p\u00ebr t\u00eb k\u00ebnaqur Malin e Zi, protegjeun e Rusis\u00eb, kurse n\u00eb jug Greqis\u00eb, protegjeut t\u00eb Anglis\u00eb dhe Franc\u00ebs\u201d.<\/p>\n<p>Vjena e nisur nga synimet e saja politike d\u00ebshironte q\u00eb Ulqinin ta lidhte m\u00eb nenin 29 t\u00eb Kongresit t\u00eb Berlin, ku portin e Tivarit e kishte n\u00ebn administrimin e saj, po ashtu t\u00eb nj\u00ebjt\u00ebn gj\u00eb k\u00ebrkonte edhe mbi bregdetin e Ulqinit ku n\u00ebp\u00ebrmjet lumit Buna t\u00eb dilte n\u00eb portat e Shkodr\u00ebs nj\u00eb qytet q\u00eb zinte vend m\u00eb rend\u00ebsi n\u00eb perspektiv\u00ebn e diplomacis\u00eb Austro-Hungareze.<\/p>\n<p>Duke u nisur nga k\u00ebto Austro-Hungaria nuk doli haptas si autore e projektit p\u00ebr Ulqinin,por n\u00ebp\u00ebrmjet Anglis\u00eb derisa t\u00eb sigurohej miratimi i Fuqive t\u00eb M\u00ebdha. Pasi Fuqit\u00eb e M\u00ebdha e aprovuan vendimin e ri, Anglia dhe Austro-Hungaria k\u00ebrkonin m\u00ebnyr\u00ebn sesi duhet t\u00eb realizohet nj\u00eb vendim i till\u00eb. N\u00eb bisedat q\u00eb Green dhe Lippich kishin nd\u00ebrmjet veti ran\u00eb dakord q\u00eb t\u00eb b\u00ebhet nj\u00eb demonstrat\u00eb detare n\u00eb bregdetin e Adriatikut si presion ndaj Shqiptar\u00ebve dhe Port\u00ebs s\u00eb Lart\u00eb, p\u00ebr dor\u00ebzimin e Ulqinit.<\/p>\n<p>Grandvilli, minist\u00ebr i Pun\u00ebve t\u00eb Jashtme i Britanis\u00eb s\u00eb Madhe, i ka parashtruar kontit Karoly, p\u00ebrfaq\u00ebsues t\u00eb Vjen\u00ebs n\u00eb Lond\u00ebr, organizimin e demonstrat\u00ebs m\u00eb pjes\u00ebmarrjen e t\u00eb gjitha Fuqive t\u00eb M\u00ebdha, mir\u00ebpo diplomacia austro-hungareze donte ta kufizonte pjes\u00ebmarrjen e demonstrat\u00ebs, sepse nuk donte anije ruse e italiane n\u00eb k\u00ebt\u00eb pjes\u00eb t\u00eb bregdetit Adriatik, zon\u00eb e interesit t\u00eb saj.<\/p>\n<p>Sipas protokolleve t\u00eb seanc\u00ebs s\u00eb 20 gushtit t\u00eb vitit 1880, ku mor\u00ebn pjes\u00eb q\u00eb t\u00eb gjith\u00eb p\u00ebrfaq\u00ebsuesit e Konferenc\u00ebs s\u00eb Ambasador\u00ebve n\u00eb Berlin, u vendos q\u00eb Fuqit\u00eb e M\u00ebdha t\u00eb demonstrojn\u00eb forc\u00ebn para shqiptar\u00ebve, nd\u00ebrkoh\u00eb q\u00eb n\u00eb operacionet e drejtp\u00ebrdrejta ushtarake kundrejt tyre t\u00eb futej Porta. N\u00eb k\u00ebt\u00eb mbledhje u vendos q\u00eb flota e aleat\u00ebve t\u00eb dal\u00eb para Ulqinit n\u00eb fillim t\u00eb shtatorit me k\u00ebt\u00eb arsenal lufte: tri anije franceze, dy anije angleze, dy anije austro-hungareze, nj\u00eb ruse dhe nj\u00eb gjermane. Forcave do t\u2019u prij\u00eb admirali anglez Sejmour.<\/p>\n<p>M\u00eb 26 qershor Fuqit\u00eb e M\u00ebdha i propozuan Port\u00ebs s\u00eb Lart\u00eb q\u00eb t\u2019i l\u00ebshonte Malit t\u00eb Zi, Ulqinin me rrethet dhe t\u00eb gjente m\u00ebnyr\u00ebn p\u00ebr t\u2019i dh\u00ebn\u00eb nj\u00eb fare autonomie vilajetit t\u00eb Shkodr\u00ebs. Humbja e k\u00ebtij limani t\u00eb r\u00ebnd\u00ebsish\u00ebm q\u00eb vinte n\u00eb rrezik edhe sigurimin e Shkodr\u00ebs, ishte e d\u00ebmshme p\u00ebr Turqin\u00eb, por sidomos nj\u00eb gjymtim i r\u00ebnd\u00eb p\u00ebr Shqip\u00ebrin\u00eb. Shkodra ishte fort e lidhur m\u00eb Ulqinin. Ky qytet ishte porti kryesor i Shkodr\u00ebs. Lidhjet e Shkodr\u00ebs me Ulqinin ishin t\u00eb shumta n\u00eb t\u00eb gjitha drejtimet, prandaj humbja e Ulqinit p\u00ebr Shkodr\u00ebn ishte e madhe sidomos n\u00eb pik\u00ebpamjen tregtare e cila me an\u00ebn e k\u00ebtij porti zhvillonte tregtin\u00eb m\u00eb bot\u00ebn tjet\u00ebr. N\u00eb vitin 1818, flota ulqinake num\u00ebronte 400 nj\u00ebsi lundruese.<\/p>\n","protected":false},"excerpt":{"rendered":"<p>Mosrealizimi i dispozitave t\u00eb Traktatit t\u00eb Berlinit konkretisht nenit 28, si dhe protokolli i posa\u00e7\u00ebm i 18 prillit 1880, p\u00ebrcaktimi i vij\u00ebs kufitare nd\u00ebrmjet Malit t\u00eb Zi dhe Perandoris\u00eb Osmane mori nj\u00eb dimension tjet\u00ebr dhe n\u00eb sken\u00ebn nd\u00ebrkomb\u00ebtare, diplomacit\u00eb e Fuqive t\u00eb M\u00ebdha nxor\u00ebn \u00e7\u00ebshtjen e Ulqinit. P\u00ebrplasjet diplomatike nd\u00ebrmjet Fuqive t\u00eb M\u00ebdha p\u00ebr \u00e7\u00ebshtjen [&hellip;]<\/p>\n","protected":false},"author":1,"featured_media":0,"comment_status":"closed","ping_status":"closed","sticky":false,"template":"","format":"standard","meta":{"spay_email":"","jetpack_publicize_message":"","jetpack_is_tweetstorm":false,"jetpack_publicize_feature_enabled":true},"categories":[1,14249],"tags":[],"jetpack_publicize_connections":[],"yoast_head":"<!-- This site is optimized with the Yoast SEO plugin v19.1 - https:\/\/yoast.com\/wordpress\/plugins\/seo\/ -->\n<title>SABRI SALAJ: Diplomacia e Fuqive t\u00eb M\u00ebdha - \u00c7\u00cbSHTJA E ULQINIT(1) - Lajme nga Ulqini<\/title>\n<meta name=\"description\" content=\"Mosrealizimi i dispozitave t\u00eb Traktatit t\u00eb Berlinit konkretisht nenit 28, si dhe protokolli i posa\u00e7\u00ebm i 18 prillit 1880, p\u00ebrcaktimi i vij\u00ebs kufitare\" \/>\n<meta name=\"robots\" content=\"index, follow, max-snippet:-1, max-image-preview:large, max-video-preview:-1\" \/>\n<link rel=\"canonical\" href=\"https:\/\/www.visit-ulcinj.com\/blog\/2014\/09\/08\/sabri-salaj-diplomacia-e-fuqive-te-medha-ceshtja-e-ulqinit1\/\" \/>\n<meta property=\"og:locale\" content=\"en_US\" \/>\n<meta property=\"og:type\" content=\"article\" \/>\n<meta property=\"og:title\" content=\"SABRI SALAJ: Diplomacia e Fuqive t\u00eb M\u00ebdha - \u00c7\u00cbSHTJA E ULQINIT(1) - Lajme nga Ulqini\" \/>\n<meta property=\"og:description\" content=\"Mosrealizimi i dispozitave t\u00eb Traktatit t\u00eb Berlinit konkretisht nenit 28, si dhe protokolli i posa\u00e7\u00ebm i 18 prillit 1880, p\u00ebrcaktimi i vij\u00ebs kufitare\" \/>\n<meta property=\"og:url\" content=\"https:\/\/www.visit-ulcinj.com\/blog\/2014\/09\/08\/sabri-salaj-diplomacia-e-fuqive-te-medha-ceshtja-e-ulqinit1\/\" \/>\n<meta property=\"og:site_name\" content=\"Lajme nga Ulqini\" \/>\n<meta property=\"article:published_time\" content=\"2014-09-08T06:31:37+00:00\" \/>\n<meta property=\"article:modified_time\" content=\"2014-09-09T09:12:40+00:00\" \/>\n<meta property=\"og:image\" content=\"http:\/\/www.visit-ulcinj.com\/blog\/wp-content\/uploads\/2014\/09\/SABRI-SALAJ.jpg\" \/>\n<meta name=\"twitter:label1\" content=\"Written by\" \/>\n\t<meta name=\"twitter:data1\" content=\"ulqini\" \/>\n\t<meta name=\"twitter:label2\" content=\"Est. reading time\" \/>\n\t<meta name=\"twitter:data2\" content=\"6 minutes\" \/>\n<script type=\"application\/ld+json\" class=\"yoast-schema-graph\">{\"@context\":\"https:\/\/schema.org\",\"@graph\":[{\"@type\":\"WebSite\",\"@id\":\"https:\/\/www.visit-ulcinj.com\/blog\/#website\",\"url\":\"https:\/\/www.visit-ulcinj.com\/blog\/\",\"name\":\"Lajme nga Ulqini\",\"description\":\"Lajme,Vijesti,Ulqini,Ulqin,Crna Gora,Mali i Zi\",\"potentialAction\":[{\"@type\":\"SearchAction\",\"target\":{\"@type\":\"EntryPoint\",\"urlTemplate\":\"https:\/\/www.visit-ulcinj.com\/blog\/?s={search_term_string}\"},\"query-input\":\"required name=search_term_string\"}],\"inLanguage\":\"en-US\"},{\"@type\":\"ImageObject\",\"inLanguage\":\"en-US\",\"@id\":\"https:\/\/www.visit-ulcinj.com\/blog\/2014\/09\/08\/sabri-salaj-diplomacia-e-fuqive-te-medha-ceshtja-e-ulqinit1\/#primaryimage\",\"url\":\"https:\/\/www.visit-ulcinj.com\/blog\/wp-content\/uploads\/2014\/09\/SABRI-SALAJ.jpg\",\"contentUrl\":\"https:\/\/www.visit-ulcinj.com\/blog\/wp-content\/uploads\/2014\/09\/SABRI-SALAJ.jpg\",\"width\":640,\"height\":480},{\"@type\":\"WebPage\",\"@id\":\"https:\/\/www.visit-ulcinj.com\/blog\/2014\/09\/08\/sabri-salaj-diplomacia-e-fuqive-te-medha-ceshtja-e-ulqinit1\/#webpage\",\"url\":\"https:\/\/www.visit-ulcinj.com\/blog\/2014\/09\/08\/sabri-salaj-diplomacia-e-fuqive-te-medha-ceshtja-e-ulqinit1\/\",\"name\":\"SABRI SALAJ: Diplomacia e Fuqive t\u00eb M\u00ebdha - \u00c7\u00cbSHTJA E ULQINIT(1) - Lajme nga Ulqini\",\"isPartOf\":{\"@id\":\"https:\/\/www.visit-ulcinj.com\/blog\/#website\"},\"primaryImageOfPage\":{\"@id\":\"https:\/\/www.visit-ulcinj.com\/blog\/2014\/09\/08\/sabri-salaj-diplomacia-e-fuqive-te-medha-ceshtja-e-ulqinit1\/#primaryimage\"},\"datePublished\":\"2014-09-08T06:31:37+00:00\",\"dateModified\":\"2014-09-09T09:12:40+00:00\",\"author\":{\"@id\":\"https:\/\/www.visit-ulcinj.com\/blog\/#\/schema\/person\/dcab619c614d3038751c63bc2aadc06d\"},\"description\":\"Mosrealizimi i dispozitave t\u00eb Traktatit t\u00eb Berlinit konkretisht nenit 28, si dhe protokolli i posa\u00e7\u00ebm i 18 prillit 1880, p\u00ebrcaktimi i vij\u00ebs kufitare\",\"breadcrumb\":{\"@id\":\"https:\/\/www.visit-ulcinj.com\/blog\/2014\/09\/08\/sabri-salaj-diplomacia-e-fuqive-te-medha-ceshtja-e-ulqinit1\/#breadcrumb\"},\"inLanguage\":\"en-US\",\"potentialAction\":[{\"@type\":\"ReadAction\",\"target\":[\"https:\/\/www.visit-ulcinj.com\/blog\/2014\/09\/08\/sabri-salaj-diplomacia-e-fuqive-te-medha-ceshtja-e-ulqinit1\/\"]}]},{\"@type\":\"BreadcrumbList\",\"@id\":\"https:\/\/www.visit-ulcinj.com\/blog\/2014\/09\/08\/sabri-salaj-diplomacia-e-fuqive-te-medha-ceshtja-e-ulqinit1\/#breadcrumb\",\"itemListElement\":[{\"@type\":\"ListItem\",\"position\":1,\"name\":\"SABRI SALAJ: Diplomacia e Fuqive t\u00eb M\u00ebdha &#8211; \u00c7\u00cbSHTJA E ULQINIT(1)\"}]},{\"@type\":\"Person\",\"@id\":\"https:\/\/www.visit-ulcinj.com\/blog\/#\/schema\/person\/dcab619c614d3038751c63bc2aadc06d\",\"name\":\"ulqini\",\"sameAs\":[\"http:\/\/www.visit-ulcinj.com\"],\"url\":\"https:\/\/www.visit-ulcinj.com\/blog\/author\/admin\/\"}]}<\/script>\n<!-- \/ Yoast SEO plugin. -->","yoast_head_json":{"title":"SABRI SALAJ: Diplomacia e Fuqive t\u00eb M\u00ebdha - \u00c7\u00cbSHTJA E ULQINIT(1) - Lajme nga Ulqini","description":"Mosrealizimi i dispozitave t\u00eb Traktatit t\u00eb Berlinit konkretisht nenit 28, si dhe protokolli i posa\u00e7\u00ebm i 18 prillit 1880, p\u00ebrcaktimi i vij\u00ebs kufitare","robots":{"index":"index","follow":"follow","max-snippet":"max-snippet:-1","max-image-preview":"max-image-preview:large","max-video-preview":"max-video-preview:-1"},"canonical":"https:\/\/www.visit-ulcinj.com\/blog\/2014\/09\/08\/sabri-salaj-diplomacia-e-fuqive-te-medha-ceshtja-e-ulqinit1\/","og_locale":"en_US","og_type":"article","og_title":"SABRI SALAJ: Diplomacia e Fuqive t\u00eb M\u00ebdha - \u00c7\u00cbSHTJA E ULQINIT(1) - Lajme nga Ulqini","og_description":"Mosrealizimi i dispozitave t\u00eb Traktatit t\u00eb Berlinit konkretisht nenit 28, si dhe protokolli i posa\u00e7\u00ebm i 18 prillit 1880, p\u00ebrcaktimi i vij\u00ebs kufitare","og_url":"https:\/\/www.visit-ulcinj.com\/blog\/2014\/09\/08\/sabri-salaj-diplomacia-e-fuqive-te-medha-ceshtja-e-ulqinit1\/","og_site_name":"Lajme nga Ulqini","article_published_time":"2014-09-08T06:31:37+00:00","article_modified_time":"2014-09-09T09:12:40+00:00","og_image":[{"url":"http:\/\/www.visit-ulcinj.com\/blog\/wp-content\/uploads\/2014\/09\/SABRI-SALAJ.jpg"}],"twitter_misc":{"Written by":"ulqini","Est. reading time":"6 minutes"},"schema":{"@context":"https:\/\/schema.org","@graph":[{"@type":"WebSite","@id":"https:\/\/www.visit-ulcinj.com\/blog\/#website","url":"https:\/\/www.visit-ulcinj.com\/blog\/","name":"Lajme nga Ulqini","description":"Lajme,Vijesti,Ulqini,Ulqin,Crna Gora,Mali i Zi","potentialAction":[{"@type":"SearchAction","target":{"@type":"EntryPoint","urlTemplate":"https:\/\/www.visit-ulcinj.com\/blog\/?s={search_term_string}"},"query-input":"required name=search_term_string"}],"inLanguage":"en-US"},{"@type":"ImageObject","inLanguage":"en-US","@id":"https:\/\/www.visit-ulcinj.com\/blog\/2014\/09\/08\/sabri-salaj-diplomacia-e-fuqive-te-medha-ceshtja-e-ulqinit1\/#primaryimage","url":"https:\/\/www.visit-ulcinj.com\/blog\/wp-content\/uploads\/2014\/09\/SABRI-SALAJ.jpg","contentUrl":"https:\/\/www.visit-ulcinj.com\/blog\/wp-content\/uploads\/2014\/09\/SABRI-SALAJ.jpg","width":640,"height":480},{"@type":"WebPage","@id":"https:\/\/www.visit-ulcinj.com\/blog\/2014\/09\/08\/sabri-salaj-diplomacia-e-fuqive-te-medha-ceshtja-e-ulqinit1\/#webpage","url":"https:\/\/www.visit-ulcinj.com\/blog\/2014\/09\/08\/sabri-salaj-diplomacia-e-fuqive-te-medha-ceshtja-e-ulqinit1\/","name":"SABRI SALAJ: Diplomacia e Fuqive t\u00eb M\u00ebdha - \u00c7\u00cbSHTJA E ULQINIT(1) - Lajme nga Ulqini","isPartOf":{"@id":"https:\/\/www.visit-ulcinj.com\/blog\/#website"},"primaryImageOfPage":{"@id":"https:\/\/www.visit-ulcinj.com\/blog\/2014\/09\/08\/sabri-salaj-diplomacia-e-fuqive-te-medha-ceshtja-e-ulqinit1\/#primaryimage"},"datePublished":"2014-09-08T06:31:37+00:00","dateModified":"2014-09-09T09:12:40+00:00","author":{"@id":"https:\/\/www.visit-ulcinj.com\/blog\/#\/schema\/person\/dcab619c614d3038751c63bc2aadc06d"},"description":"Mosrealizimi i dispozitave t\u00eb Traktatit t\u00eb Berlinit konkretisht nenit 28, si dhe protokolli i posa\u00e7\u00ebm i 18 prillit 1880, p\u00ebrcaktimi i vij\u00ebs kufitare","breadcrumb":{"@id":"https:\/\/www.visit-ulcinj.com\/blog\/2014\/09\/08\/sabri-salaj-diplomacia-e-fuqive-te-medha-ceshtja-e-ulqinit1\/#breadcrumb"},"inLanguage":"en-US","potentialAction":[{"@type":"ReadAction","target":["https:\/\/www.visit-ulcinj.com\/blog\/2014\/09\/08\/sabri-salaj-diplomacia-e-fuqive-te-medha-ceshtja-e-ulqinit1\/"]}]},{"@type":"BreadcrumbList","@id":"https:\/\/www.visit-ulcinj.com\/blog\/2014\/09\/08\/sabri-salaj-diplomacia-e-fuqive-te-medha-ceshtja-e-ulqinit1\/#breadcrumb","itemListElement":[{"@type":"ListItem","position":1,"name":"SABRI SALAJ: Diplomacia e Fuqive t\u00eb M\u00ebdha &#8211; \u00c7\u00cbSHTJA E ULQINIT(1)"}]},{"@type":"Person","@id":"https:\/\/www.visit-ulcinj.com\/blog\/#\/schema\/person\/dcab619c614d3038751c63bc2aadc06d","name":"ulqini","sameAs":["http:\/\/www.visit-ulcinj.com"],"url":"https:\/\/www.visit-ulcinj.com\/blog\/author\/admin\/"}]}},"jetpack_featured_media_url":"","jetpack_sharing_enabled":true,"jetpack_shortlink":"https:\/\/wp.me\/pe6lTn-m6O","_links":{"self":[{"href":"https:\/\/www.visit-ulcinj.com\/blog\/wp-json\/wp\/v2\/posts\/84990"}],"collection":[{"href":"https:\/\/www.visit-ulcinj.com\/blog\/wp-json\/wp\/v2\/posts"}],"about":[{"href":"https:\/\/www.visit-ulcinj.com\/blog\/wp-json\/wp\/v2\/types\/post"}],"author":[{"embeddable":true,"href":"https:\/\/www.visit-ulcinj.com\/blog\/wp-json\/wp\/v2\/users\/1"}],"replies":[{"embeddable":true,"href":"https:\/\/www.visit-ulcinj.com\/blog\/wp-json\/wp\/v2\/comments?post=84990"}],"version-history":[{"count":2,"href":"https:\/\/www.visit-ulcinj.com\/blog\/wp-json\/wp\/v2\/posts\/84990\/revisions"}],"predecessor-version":[{"id":85010,"href":"https:\/\/www.visit-ulcinj.com\/blog\/wp-json\/wp\/v2\/posts\/84990\/revisions\/85010"}],"wp:attachment":[{"href":"https:\/\/www.visit-ulcinj.com\/blog\/wp-json\/wp\/v2\/media?parent=84990"}],"wp:term":[{"taxonomy":"category","embeddable":true,"href":"https:\/\/www.visit-ulcinj.com\/blog\/wp-json\/wp\/v2\/categories?post=84990"},{"taxonomy":"post_tag","embeddable":true,"href":"https:\/\/www.visit-ulcinj.com\/blog\/wp-json\/wp\/v2\/tags?post=84990"}],"curies":[{"name":"wp","href":"https:\/\/api.w.org\/{rel}","templated":true}]}}