{"id":85,"date":"2008-01-08T04:26:41","date_gmt":"2008-01-08T09:26:41","guid":{"rendered":"http:\/\/www.visit-ulcinj.com\/blog\/2008\/01\/08\/u-ulcinju-slavili-sa-svih-meridijana\/"},"modified":"2008-02-12T18:06:26","modified_gmt":"2008-02-12T23:06:26","slug":"u-ulcinju-slavili-sa-svih-meridijana","status":"publish","type":"post","link":"https:\/\/www.visit-ulcinj.com\/blog\/2008\/01\/08\/u-ulcinju-slavili-sa-svih-meridijana\/","title":{"rendered":"U Ulcinju slavili sa svih meridijana"},"content":{"rendered":"<p><img loading=\"lazy\" src=\"http:\/\/www.visit-ulcinj.com\/blog\/wp-content\/uploads\/2008\/01\/cestitkaburekoo7-2.thumbnail.jpg\" align=\"left\" height=\"85\" hspace=\"2\" vspace=\"2\" width=\"128\" \/><strong><span class=\"style30\"><span class=\"style6\">Nikad bolje<\/span><\/span><\/strong><\/p>\n<p align=\"justify\">&nbsp;<\/p>\n<p align=\"justify\"> <span class=\"style32\">Neobi?no miran grad, tih dana, podsje?ao je na metropolu, posebno kada sunce za?e. Oki?ene ulice, nasmijani ljudi, prepuni kafi?i, diskoteke dupke pune. U restoranima se tra\u017eilo mjesto vi\u0161e. A dobar provod na svakom<\/span><!--more--><span class=\"style32\"> koraku- gdje god da ste u\u0161li nijeste mogli pogrije\u0161iti. Ulcinjani ne pamte bolje organizovan do?ek Nove godine<br \/>\nNakon novogodi\u0161nje euforije na\u0161 najju\u017eniji grad polako po?inje da se vra?a u \u201enormalu\u201c. Kafi?i su prepuni, uglavnom se sabiraju utisci sa novogodi\u0161nje proslave. A utisci su, kao nikada do sada &#8211; fenomenalni&#8230;<br \/>\nUlcinj je, ina?e, neobi?no miran grad tokom zimskih mjeseci, ali proteklih dana bi se slobodno mogao porediti sa nekom metropolom, posebno kada sunce za?e&#8230; Tek, 31. decembra grad je bio prepun.<br \/>\nPodgori?ani, Barani, Bosanci, Novosa?ani, dijaspora&#8230;Gosti sa svih meridijana doprinijeli su da Ulcinjani do?ek 2008. godine pamte samo po dobroj atmosferi&#8230;Slavilo se svuda- i svuda je bilo dupke puno. Po?ev\u0161i od Male pla\u017ee, gdje je Op\u0161tina organizovala do?ek na otvorenom. Fenomenalnu atmosferu, nije poremetila ni hladno?a, a posebno slavlje je potpisano vatrometom koji je osvijetlio nebo ta?no u pono?&#8230;<br \/>\nMalo dalje do jutra se veselilo u diskoteci Renome.<br \/>\nPero Trokadero i Suzana Tot nijesu \u0161tedjeli sebe \u2013 pjevalo se po volji gostiju do ranih jutarnjih sati. U Renomeu je kulminiralo prvog dana 2008. godine, kada je \u0160ako Polumenta prisutnima pru\u017eio ve?e za pam?enje. Organizacija na nivou, bez gurkanja u prepunoj diskoteci, preko hiljadu ljudi zajedno je slavilo na jednom mjestu&#8230;iako je i DJ bio na svojoj poziciji, te ve?eri je odmarao. \u0160ako Polumenta, Pero Trokadero i Suzana Tot odr\u017eavali su atmosferu do samog vrhunca sve do jutra. Malo dalje night club Galera&#8230;Goste tog no?nog kluba zabavljao je Anto Vuk?evi?. Ka\u017eu, da ne pamte tako dobar \u0161timung, od kada Galera postoji, \u0161to dokazuje i repriza 1. i 2. januara kada je lokal tako?e bio prepun Ulcinjana, Podgori?ana, Barana&#8230;<br \/>\nNa Velikoj pla\u017ei diskoteka Primavera i mega zvijezda Halid Be\u0161li?. Zadnje no?i u 2007. godini u Primaveri je zaista bilo ludo, uz dobru staru narodnu pjesmu veselilo se na stotine ljudi. A iznena?enje ve?eri, na op\u0161tu radost mu\u0161ke populacije, bila je Ksenija Paj?in. Iako je nastup Halida Be\u0161li?a u Primaveri bio zakazan samo za 31. decembar, zbog velikog interesovanja ovaj pjeva? je nastupao i 1. januara. Sa njim je u Primaveri nastupala i Ana Nikoli?, tako da je bilo \u201eveselo\u201c do jutra.<br \/>\nI u diskoteci hotela Albatros organizovan je do?ek 2008. Prvog dana nove godine Bojan Deli? je bio \u201ezadu\u017een\u201c za pravo slavlje, dok je 2. januara goste diskoteke Albatros zabavljao Alen Mukovi?.<br \/>\nUlcinjani ka\u017eu da ne pamte ljep\u0161i i bolje organizovaniji do?ek od ovogodi\u0161njeg. Koji god lokal ili diskoteka da se pomene &#8211; ?uju se samo rije?i hvale.<br \/>\nSlavilo se i ulcinjskim kafi?ima. U caffe baru Montenegro smjestili su se stalni gosti. Uz muziku, pi?e i dobru ekipu do?ekala se Nova godina. Tako je bilo i 1. i 2. januara. U lokalu Art taverna svirao je ulcinjski Sexy very much band, dobra atmosfera ni u tom lokalu nije izostala.<br \/>\nZa idealno \u201eslaganje\u201c utisaka &#8211; idealno je bilo u novootvorenom Piano baru, ukoliko ste imali sre?u da prona?ete slobodno mjesto. Naravno, i Venusu, Avantiju, Irish pabu, Blu baru se tra\u017eilo mjesto vi\u0161e.<br \/>\nNova 2008. godina u Ulcinju je po?ela zaista veselo&#8230;<\/span><br \/>\n<strong><span class=\"style35\">Slavilo se i uz violinu i klavir<\/span><\/strong><br \/>\n<span class=\"style32\">Bilo je zabave i za one koji preferiraju intimniju atmosferu uz zvuke klavira i violine u restoranu Grand, u samom centru grada. Uz dobar zalogaj, ako ne i najbolji na primorju prema tvrdnjama tamo\u0161njih gostiju i romanti?nu muziku, u\u017eivali su oni koji su se zasitili gu\u017eve i preglasne muzike. U Grandu je bilo romanti?no i prijatno i 1. i 2. januara. U svakom slu?aju, uz predivan ambijent, &#8221;de\u017eurni krivci&#8221; za potragu za mjestom vi\u0161e u Grandu su nesvakida\u0161nji meni i nesvakida\u0161nje ukusna hrana. Ba\u0161 tako je bilo i tokom \u201eprazni?nih\u201c dana.<\/span><br \/>\n<strong><span class=\"style34\">Suzana Gani?<\/span><br \/>\nwww.republika.cg.yu<\/strong><\/p>\n","protected":false},"excerpt":{"rendered":"<p><img loading=\"lazy\" src=\"http:\/\/www.visit-ulcinj.com\/blog\/wp-content\/uploads\/2008\/01\/cestitkaburekoo7-2.thumbnail.jpg\" height=\"140\" width=\"140\" \/><\/p>\n","protected":false},"author":1,"featured_media":0,"comment_status":"open","ping_status":"closed","sticky":false,"template":"","format":"standard","meta":{"spay_email":"","jetpack_publicize_message":"","jetpack_is_tweetstorm":false,"jetpack_publicize_feature_enabled":true},"categories":[12],"tags":[1168,362,359],"jetpack_publicize_connections":[],"yoast_head":"<!-- This site is optimized with the Yoast SEO plugin v19.1 - https:\/\/yoast.com\/wordpress\/plugins\/seo\/ -->\n<title>U Ulcinju slavili sa svih meridijana - Lajme nga Ulqini<\/title>\n<meta name=\"robots\" content=\"index, follow, max-snippet:-1, max-image-preview:large, max-video-preview:-1\" \/>\n<link rel=\"canonical\" href=\"https:\/\/www.visit-ulcinj.com\/blog\/2008\/01\/08\/u-ulcinju-slavili-sa-svih-meridijana\/\" \/>\n<meta property=\"og:locale\" content=\"en_US\" \/>\n<meta property=\"og:type\" content=\"article\" \/>\n<meta property=\"og:title\" content=\"U Ulcinju slavili sa svih meridijana - Lajme nga Ulqini\" \/>\n<meta property=\"og:url\" content=\"https:\/\/www.visit-ulcinj.com\/blog\/2008\/01\/08\/u-ulcinju-slavili-sa-svih-meridijana\/\" \/>\n<meta property=\"og:site_name\" content=\"Lajme nga Ulqini\" \/>\n<meta property=\"article:published_time\" content=\"2008-01-08T09:26:41+00:00\" \/>\n<meta property=\"article:modified_time\" content=\"2008-02-12T23:06:26+00:00\" \/>\n<meta property=\"og:image\" content=\"http:\/\/www.visit-ulcinj.com\/blog\/wp-content\/uploads\/2008\/01\/cestitkaburekoo7-2.thumbnail.jpg\" \/>\n<meta name=\"twitter:label1\" content=\"Written by\" \/>\n\t<meta name=\"twitter:data1\" content=\"ulqini\" \/>\n\t<meta name=\"twitter:label2\" content=\"Est. reading time\" \/>\n\t<meta name=\"twitter:data2\" content=\"4 minutes\" \/>\n<script type=\"application\/ld+json\" class=\"yoast-schema-graph\">{\"@context\":\"https:\/\/schema.org\",\"@graph\":[{\"@type\":\"WebSite\",\"@id\":\"https:\/\/www.visit-ulcinj.com\/blog\/#website\",\"url\":\"https:\/\/www.visit-ulcinj.com\/blog\/\",\"name\":\"Lajme nga Ulqini\",\"description\":\"Lajme,Vijesti,Ulqini,Ulqin,Crna Gora,Mali i Zi\",\"potentialAction\":[{\"@type\":\"SearchAction\",\"target\":{\"@type\":\"EntryPoint\",\"urlTemplate\":\"https:\/\/www.visit-ulcinj.com\/blog\/?s={search_term_string}\"},\"query-input\":\"required name=search_term_string\"}],\"inLanguage\":\"en-US\"},{\"@type\":\"ImageObject\",\"inLanguage\":\"en-US\",\"@id\":\"https:\/\/www.visit-ulcinj.com\/blog\/2008\/01\/08\/u-ulcinju-slavili-sa-svih-meridijana\/#primaryimage\",\"url\":\"http:\/\/www.visit-ulcinj.com\/blog\/wp-content\/uploads\/2008\/01\/cestitkaburekoo7-2.thumbnail.jpg\",\"contentUrl\":\"http:\/\/www.visit-ulcinj.com\/blog\/wp-content\/uploads\/2008\/01\/cestitkaburekoo7-2.thumbnail.jpg\"},{\"@type\":\"WebPage\",\"@id\":\"https:\/\/www.visit-ulcinj.com\/blog\/2008\/01\/08\/u-ulcinju-slavili-sa-svih-meridijana\/#webpage\",\"url\":\"https:\/\/www.visit-ulcinj.com\/blog\/2008\/01\/08\/u-ulcinju-slavili-sa-svih-meridijana\/\",\"name\":\"U Ulcinju slavili sa svih meridijana - Lajme nga Ulqini\",\"isPartOf\":{\"@id\":\"https:\/\/www.visit-ulcinj.com\/blog\/#website\"},\"primaryImageOfPage\":{\"@id\":\"https:\/\/www.visit-ulcinj.com\/blog\/2008\/01\/08\/u-ulcinju-slavili-sa-svih-meridijana\/#primaryimage\"},\"datePublished\":\"2008-01-08T09:26:41+00:00\",\"dateModified\":\"2008-02-12T23:06:26+00:00\",\"author\":{\"@id\":\"https:\/\/www.visit-ulcinj.com\/blog\/#\/schema\/person\/dcab619c614d3038751c63bc2aadc06d\"},\"breadcrumb\":{\"@id\":\"https:\/\/www.visit-ulcinj.com\/blog\/2008\/01\/08\/u-ulcinju-slavili-sa-svih-meridijana\/#breadcrumb\"},\"inLanguage\":\"en-US\",\"potentialAction\":[{\"@type\":\"ReadAction\",\"target\":[\"https:\/\/www.visit-ulcinj.com\/blog\/2008\/01\/08\/u-ulcinju-slavili-sa-svih-meridijana\/\"]}]},{\"@type\":\"BreadcrumbList\",\"@id\":\"https:\/\/www.visit-ulcinj.com\/blog\/2008\/01\/08\/u-ulcinju-slavili-sa-svih-meridijana\/#breadcrumb\",\"itemListElement\":[{\"@type\":\"ListItem\",\"position\":1,\"name\":\"U Ulcinju slavili sa svih meridijana\"}]},{\"@type\":\"Person\",\"@id\":\"https:\/\/www.visit-ulcinj.com\/blog\/#\/schema\/person\/dcab619c614d3038751c63bc2aadc06d\",\"name\":\"ulqini\",\"sameAs\":[\"http:\/\/www.visit-ulcinj.com\"],\"url\":\"https:\/\/www.visit-ulcinj.com\/blog\/author\/admin\/\"}]}<\/script>\n<!-- \/ Yoast SEO plugin. -->","yoast_head_json":{"title":"U Ulcinju slavili sa svih meridijana - Lajme nga Ulqini","robots":{"index":"index","follow":"follow","max-snippet":"max-snippet:-1","max-image-preview":"max-image-preview:large","max-video-preview":"max-video-preview:-1"},"canonical":"https:\/\/www.visit-ulcinj.com\/blog\/2008\/01\/08\/u-ulcinju-slavili-sa-svih-meridijana\/","og_locale":"en_US","og_type":"article","og_title":"U Ulcinju slavili sa svih meridijana - Lajme nga Ulqini","og_url":"https:\/\/www.visit-ulcinj.com\/blog\/2008\/01\/08\/u-ulcinju-slavili-sa-svih-meridijana\/","og_site_name":"Lajme nga Ulqini","article_published_time":"2008-01-08T09:26:41+00:00","article_modified_time":"2008-02-12T23:06:26+00:00","og_image":[{"url":"http:\/\/www.visit-ulcinj.com\/blog\/wp-content\/uploads\/2008\/01\/cestitkaburekoo7-2.thumbnail.jpg"}],"twitter_misc":{"Written by":"ulqini","Est. reading time":"4 minutes"},"schema":{"@context":"https:\/\/schema.org","@graph":[{"@type":"WebSite","@id":"https:\/\/www.visit-ulcinj.com\/blog\/#website","url":"https:\/\/www.visit-ulcinj.com\/blog\/","name":"Lajme nga Ulqini","description":"Lajme,Vijesti,Ulqini,Ulqin,Crna Gora,Mali i Zi","potentialAction":[{"@type":"SearchAction","target":{"@type":"EntryPoint","urlTemplate":"https:\/\/www.visit-ulcinj.com\/blog\/?s={search_term_string}"},"query-input":"required name=search_term_string"}],"inLanguage":"en-US"},{"@type":"ImageObject","inLanguage":"en-US","@id":"https:\/\/www.visit-ulcinj.com\/blog\/2008\/01\/08\/u-ulcinju-slavili-sa-svih-meridijana\/#primaryimage","url":"http:\/\/www.visit-ulcinj.com\/blog\/wp-content\/uploads\/2008\/01\/cestitkaburekoo7-2.thumbnail.jpg","contentUrl":"http:\/\/www.visit-ulcinj.com\/blog\/wp-content\/uploads\/2008\/01\/cestitkaburekoo7-2.thumbnail.jpg"},{"@type":"WebPage","@id":"https:\/\/www.visit-ulcinj.com\/blog\/2008\/01\/08\/u-ulcinju-slavili-sa-svih-meridijana\/#webpage","url":"https:\/\/www.visit-ulcinj.com\/blog\/2008\/01\/08\/u-ulcinju-slavili-sa-svih-meridijana\/","name":"U Ulcinju slavili sa svih meridijana - Lajme nga Ulqini","isPartOf":{"@id":"https:\/\/www.visit-ulcinj.com\/blog\/#website"},"primaryImageOfPage":{"@id":"https:\/\/www.visit-ulcinj.com\/blog\/2008\/01\/08\/u-ulcinju-slavili-sa-svih-meridijana\/#primaryimage"},"datePublished":"2008-01-08T09:26:41+00:00","dateModified":"2008-02-12T23:06:26+00:00","author":{"@id":"https:\/\/www.visit-ulcinj.com\/blog\/#\/schema\/person\/dcab619c614d3038751c63bc2aadc06d"},"breadcrumb":{"@id":"https:\/\/www.visit-ulcinj.com\/blog\/2008\/01\/08\/u-ulcinju-slavili-sa-svih-meridijana\/#breadcrumb"},"inLanguage":"en-US","potentialAction":[{"@type":"ReadAction","target":["https:\/\/www.visit-ulcinj.com\/blog\/2008\/01\/08\/u-ulcinju-slavili-sa-svih-meridijana\/"]}]},{"@type":"BreadcrumbList","@id":"https:\/\/www.visit-ulcinj.com\/blog\/2008\/01\/08\/u-ulcinju-slavili-sa-svih-meridijana\/#breadcrumb","itemListElement":[{"@type":"ListItem","position":1,"name":"U Ulcinju slavili sa svih meridijana"}]},{"@type":"Person","@id":"https:\/\/www.visit-ulcinj.com\/blog\/#\/schema\/person\/dcab619c614d3038751c63bc2aadc06d","name":"ulqini","sameAs":["http:\/\/www.visit-ulcinj.com"],"url":"https:\/\/www.visit-ulcinj.com\/blog\/author\/admin\/"}]}},"jetpack_featured_media_url":"","jetpack_sharing_enabled":true,"jetpack_shortlink":"https:\/\/wp.me\/pe6lTn-1n","_links":{"self":[{"href":"https:\/\/www.visit-ulcinj.com\/blog\/wp-json\/wp\/v2\/posts\/85"}],"collection":[{"href":"https:\/\/www.visit-ulcinj.com\/blog\/wp-json\/wp\/v2\/posts"}],"about":[{"href":"https:\/\/www.visit-ulcinj.com\/blog\/wp-json\/wp\/v2\/types\/post"}],"author":[{"embeddable":true,"href":"https:\/\/www.visit-ulcinj.com\/blog\/wp-json\/wp\/v2\/users\/1"}],"replies":[{"embeddable":true,"href":"https:\/\/www.visit-ulcinj.com\/blog\/wp-json\/wp\/v2\/comments?post=85"}],"version-history":[{"count":0,"href":"https:\/\/www.visit-ulcinj.com\/blog\/wp-json\/wp\/v2\/posts\/85\/revisions"}],"wp:attachment":[{"href":"https:\/\/www.visit-ulcinj.com\/blog\/wp-json\/wp\/v2\/media?parent=85"}],"wp:term":[{"taxonomy":"category","embeddable":true,"href":"https:\/\/www.visit-ulcinj.com\/blog\/wp-json\/wp\/v2\/categories?post=85"},{"taxonomy":"post_tag","embeddable":true,"href":"https:\/\/www.visit-ulcinj.com\/blog\/wp-json\/wp\/v2\/tags?post=85"}],"curies":[{"name":"wp","href":"https:\/\/api.w.org\/{rel}","templated":true}]}}