{"id":85015,"date":"2014-09-09T10:08:37","date_gmt":"2014-09-09T09:08:37","guid":{"rendered":"http:\/\/www.visit-ulcinj.com\/blog\/?p=85015"},"modified":"2014-09-09T12:34:22","modified_gmt":"2014-09-09T11:34:22","slug":"nika-tito-ne-ulqin-1971","status":"publish","type":"post","link":"https:\/\/www.visit-ulcinj.com\/blog\/2014\/09\/09\/nika-tito-ne-ulqin-1971\/","title":{"rendered":"Nika: Tito n\u00eb Ulqin 1971"},"content":{"rendered":"<p><a href=\"http:\/\/www.visit-ulcinj.com\/blog\/wp-content\/uploads\/2012\/10\/Tito-u-Ulcinj.jpg\"><img loading=\"lazy\" class=\"alignleft wp-image-64580\" src=\"http:\/\/www.visit-ulcinj.com\/blog\/wp-content\/uploads\/2012\/10\/Tito-u-Ulcinj.jpg\" alt=\"Foto: Vijesti\" width=\"508\" height=\"309\" srcset=\"https:\/\/www.visit-ulcinj.com\/blog\/wp-content\/uploads\/2012\/10\/Tito-u-Ulcinj.jpg 519w, https:\/\/www.visit-ulcinj.com\/blog\/wp-content\/uploads\/2012\/10\/Tito-u-Ulcinj-300x182.jpg 300w\" sizes=\"(max-width: 508px) 100vw, 508px\" \/><\/a><strong><em>Shkruan: Muhamet Nika,<\/em><\/strong><\/p>\n<p><strong><em>\u00a0<\/em><\/strong><\/p>\n<p><strong><em>\u201c YES ! AM A LONG WAY FROM HOME- Mogvai \u201c<\/em><\/strong><\/p>\n<p><strong><em>( Po!Un\u00eb jam shum\u00eb larg sht\u00ebpis\u00eb)<\/em><\/strong><\/p>\n<p><strong><em>TITO N\u00cb ULQIN 1971) <\/em><\/strong><\/p>\n<p><strong><em>\u00a0<\/em><\/strong><\/p>\n<p>Si pioner i Titos, q\u00eb isha,mbaj mend se gjith\u00eb her\u00eb kur Titoja, nisej me anijen e tij n\u00ebp\u00ebr bot\u00eb, isha , shum\u00eb i shqet\u00ebsuar p\u00ebr koh\u00ebzgjatjen e udh\u00ebtimit t\u00eb tij n\u00eb det\u2026?!! Shqet\u00ebsimi im lidhej me nj\u00eb p\u00ebrfytyrim t\u00eb detit dhe oqeanit t\u00eb trazuar dhe me plot\u00eb furtun\u00eb q\u00eb mund t\u00eb \u00e7ante mu n\u00eb mes anijen dhe larg qoft\u00eb vet\u00eb AT\u00cb ?!!! Andaj, kur ktheheshim nga shkolla, me shok\u00ebt, i hapnim vesh\u00ebt, p\u00ebr t\u00eb rrokur ndonj\u00eb val\u00eb\u00a0\u00a0 radiostacioni ashtu t\u00eb rrall p\u00ebr koh\u00ebn, q\u00eb lidhej me fatin e Titos n\u00eb det t\u00eb hapur\u2026?!! Mbase dikush p\u00ebr k\u00ebto shqet\u00ebsime t\u00eb mija djaloshare, do t\u00eb kish heshtur duke e fshehur k\u00ebt\u00eb !! Dhe mbase do t\u00eb kish kujtuar , q\u00eb me te, nuk ish hesapi n\u00eb rregull?!!! Por un\u00eb me gjith\u00eb at\u00eb vendosa ta rr\u00ebfej k\u00ebt\u00eb shqet\u00ebsim t\u00eb marr\u00eb timin.<\/p>\n<p>Pasi jetojm\u00eb n\u00eb nj\u00eb epok\u00eb tjet\u00ebr, p\u00ebr brezin m\u00eb t\u00eb ri, them q\u00eb Josip Broz Tito, ishte themelues dhe kryetar i Jugosllavis\u00eb socialiste prej \u00e7lirimit t\u00eb saj nga gjermanet e deri n\u00eb vdekje . Tjet\u00ebr ai, n\u00eb memoaret e veta , thuhet se paska shkruar, q\u00eb kishte nj\u00eb d\u00ebshir\u00eb t\u00eb madhe t\u00eb na vizitonte dhe t\u2019i kalonte pushimet n\u00eb Ulqin. Ja pra q\u00eb shqet\u00ebsimi im , si pioner i tij , na qenk\u00ebsh krejt i zakonsh\u00ebm. Ai me gjith\u00eb at\u00eb, me sa duket, paska qen\u00eb n\u00eb dijeni, q\u00eb un\u00eb me shok\u00ebt e mi rrinim pa gjum\u00eb deri sa Titoja t\u00eb kthehej sh\u00ebndosh e mire me anije. Pastaj n\u00eb bot\u00ebn f\u00ebmij\u00ebrore, parafytyroja , se si, ai, kur dilte pas shum\u00eb dit\u00ebve diku n\u00eb ndonj\u00eb tok\u00eb bot\u00ebs, ndoshta mund t\u00eb ket\u00eb shkruar edhe ndonj\u00eb let\u00ebr p\u00ebr t\u00eb af\u00ebrmit e vet, ose dike tjet\u00ebr, me fjal\u00ebt, si: \u201c<strong><em>\u2026.Po! Un\u00eb jam shum\u00eb larg sht\u00ebpis\u00eb<\/em><\/strong>\u2026?!!<\/p>\n<p><strong><em>Andrej Nikollaidis p\u00ebr Titon n\u00eb Ulqin<\/em><\/strong><\/p>\n<p>Q\u00eb shqet\u00ebsimi im p\u00ebr Titon, pask\u00ebsh qen\u00eb krejt i natyrsh\u00ebm, e zbulova kur Andreja Nikollaidis- nj\u00eb shkrimtar modern malazez ,shum\u00eb m\u00eb i ri nga un\u00eb n\u00eb mosh\u00eb, me sa duket, pati sukses t\u00eb kapi k\u00ebt\u00eb shqet\u00ebsim tonin. Ai duke shkruar p\u00ebr ardhjen e Titos n\u00eb Ulqin, n\u00eb romanin e tij Mimesis, rr\u00ebfimit, p\u00ebr vizit\u00ebn e Titos, i kish v\u00ebn\u00eb jo pa q\u00ebllim, titullin e nj\u00eb k\u00ebnge t\u00eb pop-rrokut t\u00eb koh\u00ebs , q\u00eb \u00ebsht\u00eb: <strong><em>YES ! AM A LONG WAY FROM HOME\u2026.?!!! <\/em><\/strong><\/p>\n<p><a href=\"http:\/\/www.visit-ulcinj.com\/blog\/wp-content\/uploads\/2014\/09\/vizita-Titos-Ulqin.jpg\"><img loading=\"lazy\" class=\"alignleft wp-image-85016\" src=\"http:\/\/www.visit-ulcinj.com\/blog\/wp-content\/uploads\/2014\/09\/vizita-Titos-Ulqin.jpg\" alt=\"vizita-Titos-Ulqin\" width=\"508\" height=\"320\" srcset=\"https:\/\/www.visit-ulcinj.com\/blog\/wp-content\/uploads\/2014\/09\/vizita-Titos-Ulqin.jpg 640w, https:\/\/www.visit-ulcinj.com\/blog\/wp-content\/uploads\/2014\/09\/vizita-Titos-Ulqin-300x188.jpg 300w\" sizes=\"(max-width: 508px) 100vw, 508px\" \/><\/a><\/p>\n<p>P\u00ebr k\u00ebt\u00eb do t\u00eb kisha v\u00ebn\u00eb bast, me k\u00ebdo , q\u00eb me n\u00ebntitullin e cekur -Andreja, ka p\u00ebrdorur nj\u00eb metafor\u00eb t\u00eb p\u00ebrkryer tipike ulqinake, e cila flet p\u00ebr bot\u00ebkuptimin shqiptar dhe malazias, q\u00eb lidhej me lundrimet e Titos dhe lundrimet tjera n\u00eb det! Von\u00eb e kuptova, q\u00eb ai, me siguri nuk kish nevoj\u00eb t\u00eb shkruante letra , nga se po thuhet , nuk kish as t\u00eb dashur as t\u00eb af\u00ebrt\u2026.?!! Bile nj\u00eb kush\u00ebri i tiji , kur e takoi Titon,- m\u00eb von\u00eb deklaroi, se \u201c Titoja i madh , nuk ishte Jozha i vog\u00ebl\u2026\u201d ?!!<\/p>\n<p>Kurse nga ana e tjet\u00ebr, \u201cbukuroshja Teja\u201d- e cila \u00ebsht\u00eb nj\u00eb fem\u00ebr e p\u00ebrdal\u00eb\u201d n\u00eb roman, e q\u00eb shkrimtari Andreja, nuk \u00ebsht\u00eb se e don fort edhe pse mban me t\u00eb let\u00ebr k\u00ebmbim me t\u00eb, gjithashtu, p\u00ebrs\u00ebri v\u00eb bast, q\u00eb \u00ebsht\u00eb nj\u00eb metafor\u00eb e p\u00ebrkryer p\u00ebr Titon dhe e Tejave (pili-vesave), t\u00eb mareshalit me t\u00eb cilat\u201c\u00a0plakushi\u201d mbushte anijen p\u00ebr nj\u00eb udh\u00ebtim sa m\u00eb t\u00eb rehatsh\u00ebm!!!<\/p>\n<p>Ja q\u00eb pse shqet\u00ebsimi im, q\u00eb Titoja , ishte p\u00ebr \u201ctu dhimt\u00eb \u201c dhe q\u00eb hiqte keq, duke udh\u00ebtuar n\u00ebp\u00ebr uj\u00eb, n\u00eb vend se t\u00eb udh\u00ebtoj\u00eb me aeroplan , ka qen jo real\u2026?!!!<\/p>\n<p><strong><em>\u201c\u2026Si e kujtojn\u00eb komunist\u00ebt ulqinak vizit\u00ebn e Titos?!\u201d<\/em><\/strong><\/p>\n<p>N\u00eb vitin 1971 ai e viziton Ulqinin bashk\u00eb me bashk\u00ebshorten e tij Jovanken dhe n\u00eb shenimet e tija autobiografike shkruan:<br \/>\nDit\u00ebn e vitit 1971 kur duhej ta l\u00ebshoja hotel &#8220;Galebin&#8221; mu duk aq r\u00ebnd\u00eb sa q\u00eb kur Vukmanoviq Tempo m\u00eb tha: &#8220;Hajde plakush shkojm\u00eb tani&#8221;.<br \/>\nJu drejtova atij duke i th\u00ebn\u00eb: Pa shiko k\u00ebt\u00eb njeri k\u00ebtu pran\u00eb meje se sa i mir\u00eb dhe i k\u00ebndsh\u00ebm \u00ebsht\u00eb. (Josip brozi k\u00ebtu e ka fjal\u00ebn p\u00ebr kryetarin e komun\u00ebs Fadil Taipin nga Ana e Malit gjegj\u00ebsisht nga Kat\u00ebrkolla.)<\/p>\n<p>Pastaj Tito me plot inat i drejtohet Vukmanoviqit duke e marr\u00eb at\u00eb si fajtor q\u00eb po e ndan\u00eb nga kjo mikpritje e ve\u00e7ant\u00eb shqiptare nga komuna e Ulqinit, dhe shton: &#8211; Dhe k\u00ebto t\u00eb tjer\u00ebt sa bukur na prit\u00ebn- duke treguar me dor\u00eb nga Nijazi Resulbegoviqi dhe Ruzhdi Dervishi.<br \/>\nPastaj shtoi &#8211; Me t\u00eb v\u00ebrtet\u00eb nuk po m\u00eb shkohet, dua t\u00eb rri k\u00ebtu me k\u00ebto mikprit\u00ebs aq t\u00eb mir\u00eb.<\/p>\n<p>&nbsp;<\/p>\n<p><strong><em>Lajmi p\u00ebr vizit\u00ebn e Titos dhe fati tragjik i kuzhinierit Ibro Dedeiqi<\/em><\/strong><\/p>\n<p><strong><em> -marr\u00eb nga romani Mimesis i A. Nikollaidisit<\/em><\/strong><\/p>\n<p>\u201c\u2026.D\u00ebshmitar\u00ebt kall\u00ebzojn\u00eb se ajo q\u00eb ka p\u00ebrgatitur Ibro Dedeiqi nuk ka qen\u00eb ushqim do si do: ka qen\u00eb ajo nj\u00eb kryevep\u00ebr gastronomike .Thon\u00eb se shumica e gjell\u00ebve t\u00eb cilat sot jan\u00eb ekskluzivitet i kuzhin\u00ebs luksoze franceze jan\u00eb t\u00eb menduara dhe p\u00ebr her\u00eb t\u00eb pare t\u00eb gatuara n\u00eb pallatin mbret\u00ebror rus\u2026\u2026\u2026<\/p>\n<p>Udh\u00ebheq\u00ebsit komunist\u00eb ulqinak\u00eb n\u00eb sigurimin e gj\u00ebrave ushqimore p\u00ebr pritjen e Mareshallit Tito, kan\u00eb aplikuar di\u00e7ka nga p\u00ebrvojat e pallatit mbret\u00ebror rus. Ibro Dedeiqi , ka marr\u00eb p\u00eblqimin p\u00ebr tu ofruar sa t\u00eb kish d\u00ebshir\u00eb n\u00eb rezervatet shtazore e shpezore t\u00eb Jugosllavis\u00eb. N\u00eb se Ibroja ka dashur peshk nga rrethi i Hvarit,ver\u00eb t\u00eb Peleshacit, speca nga Maqedonia, djath\u00eb nga rrethi i Travnikut, kaproj nga Sllovenia&#8230;, ka qen\u00eb e mjaftueshme q\u00eb k\u00ebrkes\u00ebn t\u2019ua parashtroj\u00eb pushtetar\u00ebve lokal\u00eb, sepse maja komuniste e Ulqinit p\u00ebr at\u00eb rast, me manit\u00eb e heronjve t\u00eb Marvelit \u00ebsht\u00eb transformuar n\u00eb nj\u00eb lloj t\u00eb sup\u00ebr-intendantur\u00ebs.<\/p>\n<p>Por derisa Ibroja, n\u00eb dit\u00ebn e ardhjes s\u00eb Titos, ka b\u00ebr\u00eb edhe disa p\u00ebrmir\u00ebsime aranzhimi t\u00eb vogla, n\u00eb mas\u00ebn gjat\u00eb rrug\u00ebve t\u00eb Ulqinit ka dal\u00eb fjala se Titoja, si\u00e7 \u00ebsht\u00eb lajm\u00ebruar, <em>p\u00ebr shkaqe diplomatike e anulon vizit\u00ebn n\u00eb qytetin m\u00eb jugor t\u00eb bregdetit ton\u00eb. <\/em>Mileti i tubuar \u00ebsht\u00eb shp\u00ebrndar\u00eb, nd\u00ebrsa maja komuniste ka ngarendur n\u00eb hotelin \u201cJadran\u201d.<\/p>\n<p>Sikur milingonat e kuqe gjigante, e kan\u00eb zhdukur gostin\u00eb e Ibros. Ate q\u00eb s\u2019kan\u00eb mundur ta rrasin n\u00eb lukthe , me shiqare e kan\u00eb \u00e7uar n\u00ebp\u00ebr sht\u00ebpi. N\u00eb fund ajo salla e gjer\u00eb p\u00ebr bankete e \u201cJadranit\u201d\u00ebsht\u00eb dukur sikur n\u00ebp\u00ebr te ka vrapuar nj\u00eb kope e thive t\u00eb egj\u00ebr.<\/p>\n<p>\u00c7thurja tragjike e k\u00ebtij tregimi ndodh kur prej Tivarit n\u00eb Ulqin, arrin depesha , n\u00eb t\u00eb cil\u00ebn thuhej se . Mareshalli, duke pasur konsiderat\u00eb ndaj t\u00eb tubuarve, popullit t\u00eb gazmuar, prap\u00eb, me anijen e kryetarit do t\u00eb vij\u00eb n\u00eb Ulqin. Kasneci i lajmit duke vrapuar me ngut n\u00eb hotelin \u201cJadran\u201d filloi e b\u00ebrtiti: <em>Titoja me gjith\u00eb at\u00eb do t\u00eb vij\u00eb, Titoja po vjen!<\/em> N\u00eb \u00e7astin kur e d\u00ebgjon lajmin Ibro Dedeiqi, u mb\u00ebshtet n\u00eb der\u00ebn e kuzhin\u00ebs dhe desh e ndezi cigaren. Nuk arriti t\u00eb thith\u00eb as nj\u00eb tym sepse m\u00eb par\u00eb i kish r\u00ebn\u00eb pika n\u00eb zem\u00ebr, kurse trupi i tij i pa jet\u00eb q\u00ebndronte shtrir\u00eb n\u00eb dyshemen\u00eb prej mermeri, n\u00ebp\u00ebr t\u00eb cil\u00ebn disa or\u00eb m\u00eb von\u00eb do t\u00eb kaloj\u00eb Mareshalli&#8230;\u201d<\/p>\n<p>Pas k\u00ebsaj ngjarjeje, me sa duket -Titoja, e kuptoi, n\u00eb m\u00ebnyr\u00eb t\u00eb t\u00ebrthort\u00eb, se \u00e7far\u00eb rasti tragjik kish ndodhur n\u00eb Ulqin nga frik\u00eb respekti i mikpritjes q\u00eb kishim p\u00ebr t\u00eb. K\u00ebshtu q\u00eb kjo vizit\u00eb ishte e fundit \u00a0e cila sh\u00ebnoi ardhjen e tij n\u00eb k\u00ebt\u00eb qytet. Her\u00ebn e fundit , p\u00ebr t\u00eb na kursyer nga vdekja- l\u00ebshimi i zemr\u00ebs , gjat\u00eb vizit\u00ebs s\u00eb fundit, q\u00eb i b\u00ebri Tivarit- Ku u pa duke qar\u00eb gjat\u00eb diskutimit&#8230;, nuk u kthye m\u00eb fare me anijen e vet n\u00eb Ulqin..?!!! Disa komunist\u00eb ulqinak\u00eb, t\u00eb qar\u00ebn e Titos e kishin komentuar si m\u00ebrzi t\u00eb tij\u00ebn, q\u00eb po ndahej pa e par\u00eb edhe nj\u00ebher\u00eb Ulqinin dhe ndoshta \u201ct\u00eb mjerit\u201d, i kujtohej mikpritja e \u201d Xha Brahos\u201d&#8230;?!!!<\/p>\n","protected":false},"excerpt":{"rendered":"<p>Shkruan: Muhamet Nika, \u00a0 \u201c YES ! AM A LONG WAY FROM HOME- Mogvai \u201c ( Po!Un\u00eb jam shum\u00eb larg sht\u00ebpis\u00eb) TITO N\u00cb ULQIN 1971) \u00a0 Si pioner i Titos, q\u00eb isha,mbaj mend se gjith\u00eb her\u00eb kur Titoja, nisej me anijen e tij n\u00ebp\u00ebr bot\u00eb, isha , shum\u00eb i shqet\u00ebsuar p\u00ebr koh\u00ebzgjatjen e udh\u00ebtimit t\u00eb [&hellip;]<\/p>\n","protected":false},"author":1,"featured_media":0,"comment_status":"closed","ping_status":"closed","sticky":false,"template":"","format":"standard","meta":{"spay_email":"","jetpack_publicize_message":"","jetpack_is_tweetstorm":false,"jetpack_publicize_feature_enabled":true},"categories":[1,13],"tags":[],"jetpack_publicize_connections":[],"yoast_head":"<!-- This site is optimized with the Yoast SEO plugin v19.1 - https:\/\/yoast.com\/wordpress\/plugins\/seo\/ -->\n<title>Nika: Tito n\u00eb Ulqin 1971 - Lajme nga Ulqini<\/title>\n<meta name=\"description\" content=\"Shkruan: Muhamet Nika, \u00a0 \u201c YES ! AM A LONG WAY FROM HOME- Mogvai \u201c ( Po!Un\u00eb jam shum\u00eb larg sht\u00ebpis\u00eb) TITO N\u00cb ULQIN 1971) \u00a0 Si pioner i Titos, q\u00eb isha,mbaj\" \/>\n<meta name=\"robots\" content=\"index, follow, max-snippet:-1, max-image-preview:large, max-video-preview:-1\" \/>\n<link rel=\"canonical\" href=\"https:\/\/www.visit-ulcinj.com\/blog\/2014\/09\/09\/nika-tito-ne-ulqin-1971\/\" \/>\n<meta property=\"og:locale\" content=\"en_US\" \/>\n<meta property=\"og:type\" content=\"article\" \/>\n<meta property=\"og:title\" content=\"Nika: Tito n\u00eb Ulqin 1971 - Lajme nga Ulqini\" \/>\n<meta property=\"og:description\" content=\"Shkruan: Muhamet Nika, \u00a0 \u201c YES ! AM A LONG WAY FROM HOME- Mogvai \u201c ( Po!Un\u00eb jam shum\u00eb larg sht\u00ebpis\u00eb) TITO N\u00cb ULQIN 1971) \u00a0 Si pioner i Titos, q\u00eb isha,mbaj\" \/>\n<meta property=\"og:url\" content=\"https:\/\/www.visit-ulcinj.com\/blog\/2014\/09\/09\/nika-tito-ne-ulqin-1971\/\" \/>\n<meta property=\"og:site_name\" content=\"Lajme nga Ulqini\" \/>\n<meta property=\"article:published_time\" content=\"2014-09-09T09:08:37+00:00\" \/>\n<meta property=\"article:modified_time\" content=\"2014-09-09T11:34:22+00:00\" \/>\n<meta property=\"og:image\" content=\"http:\/\/www.visit-ulcinj.com\/blog\/wp-content\/uploads\/2012\/10\/Tito-u-Ulcinj.jpg\" \/>\n<meta name=\"twitter:label1\" content=\"Written by\" \/>\n\t<meta name=\"twitter:data1\" content=\"ulqini\" \/>\n\t<meta name=\"twitter:label2\" content=\"Est. reading time\" \/>\n\t<meta name=\"twitter:data2\" content=\"7 minutes\" \/>\n<script type=\"application\/ld+json\" class=\"yoast-schema-graph\">{\"@context\":\"https:\/\/schema.org\",\"@graph\":[{\"@type\":\"WebSite\",\"@id\":\"https:\/\/www.visit-ulcinj.com\/blog\/#website\",\"url\":\"https:\/\/www.visit-ulcinj.com\/blog\/\",\"name\":\"Lajme nga Ulqini\",\"description\":\"Lajme,Vijesti,Ulqini,Ulqin,Crna Gora,Mali i Zi\",\"potentialAction\":[{\"@type\":\"SearchAction\",\"target\":{\"@type\":\"EntryPoint\",\"urlTemplate\":\"https:\/\/www.visit-ulcinj.com\/blog\/?s={search_term_string}\"},\"query-input\":\"required name=search_term_string\"}],\"inLanguage\":\"en-US\"},{\"@type\":\"ImageObject\",\"inLanguage\":\"en-US\",\"@id\":\"https:\/\/www.visit-ulcinj.com\/blog\/2014\/09\/09\/nika-tito-ne-ulqin-1971\/#primaryimage\",\"url\":\"https:\/\/www.visit-ulcinj.com\/blog\/wp-content\/uploads\/2012\/10\/Tito-u-Ulcinj.jpg\",\"contentUrl\":\"https:\/\/www.visit-ulcinj.com\/blog\/wp-content\/uploads\/2012\/10\/Tito-u-Ulcinj.jpg\",\"width\":\"519\",\"height\":\"316\",\"caption\":\"Foto: Vijesti\"},{\"@type\":\"WebPage\",\"@id\":\"https:\/\/www.visit-ulcinj.com\/blog\/2014\/09\/09\/nika-tito-ne-ulqin-1971\/#webpage\",\"url\":\"https:\/\/www.visit-ulcinj.com\/blog\/2014\/09\/09\/nika-tito-ne-ulqin-1971\/\",\"name\":\"Nika: Tito n\u00eb Ulqin 1971 - Lajme nga Ulqini\",\"isPartOf\":{\"@id\":\"https:\/\/www.visit-ulcinj.com\/blog\/#website\"},\"primaryImageOfPage\":{\"@id\":\"https:\/\/www.visit-ulcinj.com\/blog\/2014\/09\/09\/nika-tito-ne-ulqin-1971\/#primaryimage\"},\"datePublished\":\"2014-09-09T09:08:37+00:00\",\"dateModified\":\"2014-09-09T11:34:22+00:00\",\"author\":{\"@id\":\"https:\/\/www.visit-ulcinj.com\/blog\/#\/schema\/person\/dcab619c614d3038751c63bc2aadc06d\"},\"description\":\"Shkruan: Muhamet Nika, \u00a0 \u201c YES ! AM A LONG WAY FROM HOME- Mogvai \u201c ( Po!Un\u00eb jam shum\u00eb larg sht\u00ebpis\u00eb) TITO N\u00cb ULQIN 1971) \u00a0 Si pioner i Titos, q\u00eb isha,mbaj\",\"breadcrumb\":{\"@id\":\"https:\/\/www.visit-ulcinj.com\/blog\/2014\/09\/09\/nika-tito-ne-ulqin-1971\/#breadcrumb\"},\"inLanguage\":\"en-US\",\"potentialAction\":[{\"@type\":\"ReadAction\",\"target\":[\"https:\/\/www.visit-ulcinj.com\/blog\/2014\/09\/09\/nika-tito-ne-ulqin-1971\/\"]}]},{\"@type\":\"BreadcrumbList\",\"@id\":\"https:\/\/www.visit-ulcinj.com\/blog\/2014\/09\/09\/nika-tito-ne-ulqin-1971\/#breadcrumb\",\"itemListElement\":[{\"@type\":\"ListItem\",\"position\":1,\"name\":\"Nika: Tito n\u00eb Ulqin 1971\"}]},{\"@type\":\"Person\",\"@id\":\"https:\/\/www.visit-ulcinj.com\/blog\/#\/schema\/person\/dcab619c614d3038751c63bc2aadc06d\",\"name\":\"ulqini\",\"sameAs\":[\"http:\/\/www.visit-ulcinj.com\"],\"url\":\"https:\/\/www.visit-ulcinj.com\/blog\/author\/admin\/\"}]}<\/script>\n<!-- \/ Yoast SEO plugin. -->","yoast_head_json":{"title":"Nika: Tito n\u00eb Ulqin 1971 - Lajme nga Ulqini","description":"Shkruan: Muhamet Nika, \u00a0 \u201c YES ! AM A LONG WAY FROM HOME- Mogvai \u201c ( Po!Un\u00eb jam shum\u00eb larg sht\u00ebpis\u00eb) TITO N\u00cb ULQIN 1971) \u00a0 Si pioner i Titos, q\u00eb isha,mbaj","robots":{"index":"index","follow":"follow","max-snippet":"max-snippet:-1","max-image-preview":"max-image-preview:large","max-video-preview":"max-video-preview:-1"},"canonical":"https:\/\/www.visit-ulcinj.com\/blog\/2014\/09\/09\/nika-tito-ne-ulqin-1971\/","og_locale":"en_US","og_type":"article","og_title":"Nika: Tito n\u00eb Ulqin 1971 - Lajme nga Ulqini","og_description":"Shkruan: Muhamet Nika, \u00a0 \u201c YES ! AM A LONG WAY FROM HOME- Mogvai \u201c ( Po!Un\u00eb jam shum\u00eb larg sht\u00ebpis\u00eb) TITO N\u00cb ULQIN 1971) \u00a0 Si pioner i Titos, q\u00eb isha,mbaj","og_url":"https:\/\/www.visit-ulcinj.com\/blog\/2014\/09\/09\/nika-tito-ne-ulqin-1971\/","og_site_name":"Lajme nga Ulqini","article_published_time":"2014-09-09T09:08:37+00:00","article_modified_time":"2014-09-09T11:34:22+00:00","og_image":[{"url":"http:\/\/www.visit-ulcinj.com\/blog\/wp-content\/uploads\/2012\/10\/Tito-u-Ulcinj.jpg"}],"twitter_misc":{"Written by":"ulqini","Est. reading time":"7 minutes"},"schema":{"@context":"https:\/\/schema.org","@graph":[{"@type":"WebSite","@id":"https:\/\/www.visit-ulcinj.com\/blog\/#website","url":"https:\/\/www.visit-ulcinj.com\/blog\/","name":"Lajme nga Ulqini","description":"Lajme,Vijesti,Ulqini,Ulqin,Crna Gora,Mali i Zi","potentialAction":[{"@type":"SearchAction","target":{"@type":"EntryPoint","urlTemplate":"https:\/\/www.visit-ulcinj.com\/blog\/?s={search_term_string}"},"query-input":"required name=search_term_string"}],"inLanguage":"en-US"},{"@type":"ImageObject","inLanguage":"en-US","@id":"https:\/\/www.visit-ulcinj.com\/blog\/2014\/09\/09\/nika-tito-ne-ulqin-1971\/#primaryimage","url":"https:\/\/www.visit-ulcinj.com\/blog\/wp-content\/uploads\/2012\/10\/Tito-u-Ulcinj.jpg","contentUrl":"https:\/\/www.visit-ulcinj.com\/blog\/wp-content\/uploads\/2012\/10\/Tito-u-Ulcinj.jpg","width":"519","height":"316","caption":"Foto: Vijesti"},{"@type":"WebPage","@id":"https:\/\/www.visit-ulcinj.com\/blog\/2014\/09\/09\/nika-tito-ne-ulqin-1971\/#webpage","url":"https:\/\/www.visit-ulcinj.com\/blog\/2014\/09\/09\/nika-tito-ne-ulqin-1971\/","name":"Nika: Tito n\u00eb Ulqin 1971 - Lajme nga Ulqini","isPartOf":{"@id":"https:\/\/www.visit-ulcinj.com\/blog\/#website"},"primaryImageOfPage":{"@id":"https:\/\/www.visit-ulcinj.com\/blog\/2014\/09\/09\/nika-tito-ne-ulqin-1971\/#primaryimage"},"datePublished":"2014-09-09T09:08:37+00:00","dateModified":"2014-09-09T11:34:22+00:00","author":{"@id":"https:\/\/www.visit-ulcinj.com\/blog\/#\/schema\/person\/dcab619c614d3038751c63bc2aadc06d"},"description":"Shkruan: Muhamet Nika, \u00a0 \u201c YES ! AM A LONG WAY FROM HOME- Mogvai \u201c ( Po!Un\u00eb jam shum\u00eb larg sht\u00ebpis\u00eb) TITO N\u00cb ULQIN 1971) \u00a0 Si pioner i Titos, q\u00eb isha,mbaj","breadcrumb":{"@id":"https:\/\/www.visit-ulcinj.com\/blog\/2014\/09\/09\/nika-tito-ne-ulqin-1971\/#breadcrumb"},"inLanguage":"en-US","potentialAction":[{"@type":"ReadAction","target":["https:\/\/www.visit-ulcinj.com\/blog\/2014\/09\/09\/nika-tito-ne-ulqin-1971\/"]}]},{"@type":"BreadcrumbList","@id":"https:\/\/www.visit-ulcinj.com\/blog\/2014\/09\/09\/nika-tito-ne-ulqin-1971\/#breadcrumb","itemListElement":[{"@type":"ListItem","position":1,"name":"Nika: Tito n\u00eb Ulqin 1971"}]},{"@type":"Person","@id":"https:\/\/www.visit-ulcinj.com\/blog\/#\/schema\/person\/dcab619c614d3038751c63bc2aadc06d","name":"ulqini","sameAs":["http:\/\/www.visit-ulcinj.com"],"url":"https:\/\/www.visit-ulcinj.com\/blog\/author\/admin\/"}]}},"jetpack_featured_media_url":"","jetpack_sharing_enabled":true,"jetpack_shortlink":"https:\/\/wp.me\/pe6lTn-m7d","_links":{"self":[{"href":"https:\/\/www.visit-ulcinj.com\/blog\/wp-json\/wp\/v2\/posts\/85015"}],"collection":[{"href":"https:\/\/www.visit-ulcinj.com\/blog\/wp-json\/wp\/v2\/posts"}],"about":[{"href":"https:\/\/www.visit-ulcinj.com\/blog\/wp-json\/wp\/v2\/types\/post"}],"author":[{"embeddable":true,"href":"https:\/\/www.visit-ulcinj.com\/blog\/wp-json\/wp\/v2\/users\/1"}],"replies":[{"embeddable":true,"href":"https:\/\/www.visit-ulcinj.com\/blog\/wp-json\/wp\/v2\/comments?post=85015"}],"version-history":[{"count":2,"href":"https:\/\/www.visit-ulcinj.com\/blog\/wp-json\/wp\/v2\/posts\/85015\/revisions"}],"predecessor-version":[{"id":85018,"href":"https:\/\/www.visit-ulcinj.com\/blog\/wp-json\/wp\/v2\/posts\/85015\/revisions\/85018"}],"wp:attachment":[{"href":"https:\/\/www.visit-ulcinj.com\/blog\/wp-json\/wp\/v2\/media?parent=85015"}],"wp:term":[{"taxonomy":"category","embeddable":true,"href":"https:\/\/www.visit-ulcinj.com\/blog\/wp-json\/wp\/v2\/categories?post=85015"},{"taxonomy":"post_tag","embeddable":true,"href":"https:\/\/www.visit-ulcinj.com\/blog\/wp-json\/wp\/v2\/tags?post=85015"}],"curies":[{"name":"wp","href":"https:\/\/api.w.org\/{rel}","templated":true}]}}