{"id":85019,"date":"2014-09-09T10:48:37","date_gmt":"2014-09-09T09:48:37","guid":{"rendered":"http:\/\/www.visit-ulcinj.com\/blog\/?p=85019"},"modified":"2014-09-13T05:58:39","modified_gmt":"2014-09-13T04:58:39","slug":"perfundon-ekspozita-ulqini-ne-telajo-foto","status":"publish","type":"post","link":"https:\/\/www.visit-ulcinj.com\/blog\/2014\/09\/09\/perfundon-ekspozita-ulqini-ne-telajo-foto\/","title":{"rendered":"P\u00ebrfundon Ekspozita \u201cUlqini n\u00eb telajo\u201d + Foto + Video"},"content":{"rendered":"<p><a href=\"http:\/\/www.visit-ulcinj.com\/blog\/wp-content\/uploads\/2014\/09\/Ekspozita-Ulqini-n\u00eb-telajo-.jpg\"><img loading=\"lazy\" class=\"alignleft wp-image-85020\" src=\"http:\/\/www.visit-ulcinj.com\/blog\/wp-content\/uploads\/2014\/09\/Ekspozita-Ulqini-n\u00eb-telajo-.jpg\" alt=\"Ekspozita-Ulqini-n\u00eb-telajo-\" width=\"508\" height=\"338\" srcset=\"https:\/\/www.visit-ulcinj.com\/blog\/wp-content\/uploads\/2014\/09\/Ekspozita-Ulqini-n\u00eb-telajo-.jpg 960w, https:\/\/www.visit-ulcinj.com\/blog\/wp-content\/uploads\/2014\/09\/Ekspozita-Ulqini-n\u00eb-telajo--300x199.jpg 300w\" sizes=\"(max-width: 508px) 100vw, 508px\" \/><\/a>Shum\u00eb piktor\u00eb kan\u00eb bashk\u00ebpunuar p\u00ebr t\u00eb hapur nj\u00eb ekspozit\u00eb me 30 piktura n\u00eb qytetin e Ulqinit. Kjo ekspozit\u00eb mban titullin \u201cUlqini n\u00eb Telajo\u201d dhe n\u00eb t\u00eb dominojn\u00eb pikturat me peizazhe dhe motive nga Ulqini. \u00c7elja e ekspozit\u00ebs u ba n\u00eb hotelin &#8220;Albatros&#8221; n\u00ebn kujdesin e kryetarit t\u00eb komun\u00ebs Fatmir Gjeka i cili ka shprehur k\u00ebnaq\u00ebsin\u00eb q\u00eb piktor\u00ebt nga disa vende t\u00eb regjionit u mblodh\u00ebn me k\u00ebt\u00eb rast n\u00eb Ulqin.<\/p>\n<p><a href=\"http:\/\/www.visit-ulcinj.com\/blog\/wp-content\/uploads\/2014\/09\/Ekspozita-Ulqini-n\u00eb-telajo-6.jpg\"><img loading=\"lazy\" class=\"alignleft wp-image-85022\" src=\"http:\/\/www.visit-ulcinj.com\/blog\/wp-content\/uploads\/2014\/09\/Ekspozita-Ulqini-n\u00eb-telajo-6.jpg\" alt=\"Ekspozita-Ulqini-n\u00eb-telajo-6\" width=\"508\" height=\"764\" srcset=\"https:\/\/www.visit-ulcinj.com\/blog\/wp-content\/uploads\/2014\/09\/Ekspozita-Ulqini-n\u00eb-telajo-6.jpg 638w, https:\/\/www.visit-ulcinj.com\/blog\/wp-content\/uploads\/2014\/09\/Ekspozita-Ulqini-n\u00eb-telajo-6-199x300.jpg 199w\" sizes=\"(max-width: 508px) 100vw, 508px\" \/><\/a><\/p>\n<p>\u00c7elja e saj \u00ebsht\u00eb nj\u00eb inisiative e Institutit t\u00eb Librit dhe Promocionit te ekspozit\u00ebs \u201cUlqini n\u00eb Telajo\u201d, u b\u00eb n\u00ebn kujdesin e drejtoresh\u00ebs s\u00eb Institutit Irena To\u00e7i, si dhe drejtoresha e Organizat\u00ebs turistike t\u00eb Ulinit Zana Sarvan, si dhe disa pjes\u00ebmarr\u00ebs t\u00eb kolonis\u00eb.<\/p>\n<p>Ato kan vler\u00ebsuar p\u00ebrkushtimin e artist\u00ebve, p\u00ebr t\u00eb sjell\u00eb n\u00eb form\u00eb arti, nj\u00eb tjet\u00ebr guide p\u00ebr t\u00eb gjith\u00eb ata q\u00eb duan t\u00eb njihen me bukurit\u00eb e k\u00ebtij vendi.<\/p>\n<p>Artist\u00ebt iu fal\u00ebnderuan organizator\u00ebve t\u00eb ekspozit\u00ebs dhe Ulqinak\u00ebve p\u00ebr mikpritje t\u00eb ngroht\u00eb duke theksuar q\u00eb presin q\u00eb n\u00eb t\u00eb ardhmen do t\u00eb ket\u00eb m\u00eb shum\u00eb manifestime t\u00eb tilla n\u00eb qytetin e Ulqinit.<\/p>\n<p><iframe loading=\"lazy\" width=\"508\" height=\"360\" src=\"\/\/www.youtube.com\/embed\/9D_q68IjHDo\" frameborder=\"0\" allowfullscreen><\/iframe><\/p>\n<p><strong>Ja pra d<span class=\"userContent\">isa Foto nga nata perfundimtare e Kolonis se piktoreve shqipetar nga te gjitha trevet e mbajtur ne Ulqin &#8230;&#8230;Hotel Albatros<\/span><\/strong><\/p>\n\n\t\t<style type=\"text\/css\">\n\t\t\t#gallery-1 {\n\t\t\t\tmargin: auto;\n\t\t\t}\n\t\t\t#gallery-1 .gallery-item {\n\t\t\t\tfloat: left;\n\t\t\t\tmargin-top: 10px;\n\t\t\t\ttext-align: center;\n\t\t\t\twidth: 33%;\n\t\t\t}\n\t\t\t#gallery-1 img {\n\t\t\t\tborder: 2px solid #cfcfcf;\n\t\t\t}\n\t\t\t#gallery-1 .gallery-caption {\n\t\t\t\tmargin-left: 0;\n\t\t\t}\n\t\t\t\/* see gallery_shortcode() in wp-includes\/media.php *\/\n\t\t<\/style>\n\t\t<div id='gallery-1' class='gallery galleryid-85019 gallery-columns-3 gallery-size-thumbnail'><dl class='gallery-item'>\n\t\t\t<dt class='gallery-icon portrait'>\n\t\t\t\t<a href='https:\/\/www.visit-ulcinj.com\/blog\/2014\/09\/09\/perfundon-ekspozita-ulqini-ne-telajo-foto\/ekspozita-ulqini-ne-telajo-2\/'><img width=\"150\" height=\"150\" src=\"https:\/\/www.visit-ulcinj.com\/blog\/wp-content\/uploads\/2014\/09\/Ekspozita-Ulqini-n\u00eb-telajo-2-150x150.jpg\" class=\"attachment-thumbnail size-thumbnail\" alt=\"\" loading=\"lazy\" \/><\/a>\n\t\t\t<\/dt><\/dl><dl class='gallery-item'>\n\t\t\t<dt class='gallery-icon portrait'>\n\t\t\t\t<a href='https:\/\/www.visit-ulcinj.com\/blog\/2014\/09\/09\/perfundon-ekspozita-ulqini-ne-telajo-foto\/ekspozita-ulqini-ne-telajo-3\/'><img width=\"150\" height=\"150\" src=\"https:\/\/www.visit-ulcinj.com\/blog\/wp-content\/uploads\/2014\/09\/Ekspozita-Ulqini-n\u00eb-telajo-3-150x150.jpg\" class=\"attachment-thumbnail size-thumbnail\" alt=\"\" loading=\"lazy\" \/><\/a>\n\t\t\t<\/dt><\/dl><dl class='gallery-item'>\n\t\t\t<dt class='gallery-icon portrait'>\n\t\t\t\t<a href='https:\/\/www.visit-ulcinj.com\/blog\/2014\/09\/09\/perfundon-ekspozita-ulqini-ne-telajo-foto\/ekspozita-ulqini-ne-telajo-4\/'><img width=\"150\" height=\"150\" src=\"https:\/\/www.visit-ulcinj.com\/blog\/wp-content\/uploads\/2014\/09\/Ekspozita-Ulqini-n\u00eb-telajo-4-150x150.jpg\" class=\"attachment-thumbnail size-thumbnail\" alt=\"\" loading=\"lazy\" \/><\/a>\n\t\t\t<\/dt><\/dl><br style=\"clear: both\" \/><dl class='gallery-item'>\n\t\t\t<dt class='gallery-icon landscape'>\n\t\t\t\t<a href='https:\/\/www.visit-ulcinj.com\/blog\/2014\/09\/09\/perfundon-ekspozita-ulqini-ne-telajo-foto\/ekspozita-ulqini-ne-telajo-5\/'><img width=\"150\" height=\"150\" src=\"https:\/\/www.visit-ulcinj.com\/blog\/wp-content\/uploads\/2014\/09\/Ekspozita-Ulqini-n\u00eb-telajo-5-150x150.jpg\" class=\"attachment-thumbnail size-thumbnail\" alt=\"\" loading=\"lazy\" \/><\/a>\n\t\t\t<\/dt><\/dl><dl class='gallery-item'>\n\t\t\t<dt class='gallery-icon portrait'>\n\t\t\t\t<a href='https:\/\/www.visit-ulcinj.com\/blog\/2014\/09\/09\/perfundon-ekspozita-ulqini-ne-telajo-foto\/ekspozita-ulqini-ne-telajo-7\/'><img width=\"150\" height=\"150\" src=\"https:\/\/www.visit-ulcinj.com\/blog\/wp-content\/uploads\/2014\/09\/Ekspozita-Ulqini-n\u00eb-telajo-7-150x150.jpg\" class=\"attachment-thumbnail size-thumbnail\" alt=\"\" loading=\"lazy\" \/><\/a>\n\t\t\t<\/dt><\/dl><dl class='gallery-item'>\n\t\t\t<dt class='gallery-icon portrait'>\n\t\t\t\t<a href='https:\/\/www.visit-ulcinj.com\/blog\/2014\/09\/09\/perfundon-ekspozita-ulqini-ne-telajo-foto\/ekspozita-ulqini-ne-telajo-8-2\/'><img width=\"150\" height=\"150\" src=\"https:\/\/www.visit-ulcinj.com\/blog\/wp-content\/uploads\/2014\/09\/Ekspozita-Ulqini-n\u00eb-telajo-81-150x150.jpg\" class=\"attachment-thumbnail size-thumbnail\" alt=\"\" loading=\"lazy\" \/><\/a>\n\t\t\t<\/dt><\/dl><br style=\"clear: both\" \/><dl class='gallery-item'>\n\t\t\t<dt class='gallery-icon portrait'>\n\t\t\t\t<a href='https:\/\/www.visit-ulcinj.com\/blog\/2014\/09\/09\/perfundon-ekspozita-ulqini-ne-telajo-foto\/ekspozita-ulqini-ne-telajo-9\/'><img width=\"150\" height=\"150\" src=\"https:\/\/www.visit-ulcinj.com\/blog\/wp-content\/uploads\/2014\/09\/Ekspozita-Ulqini-n\u00eb-telajo-9-150x150.jpg\" class=\"attachment-thumbnail size-thumbnail\" alt=\"\" loading=\"lazy\" \/><\/a>\n\t\t\t<\/dt><\/dl><dl class='gallery-item'>\n\t\t\t<dt class='gallery-icon landscape'>\n\t\t\t\t<a href='https:\/\/www.visit-ulcinj.com\/blog\/2014\/09\/09\/perfundon-ekspozita-ulqini-ne-telajo-foto\/ekspozita-ulqini-ne-telajo-10\/'><img width=\"150\" height=\"150\" src=\"https:\/\/www.visit-ulcinj.com\/blog\/wp-content\/uploads\/2014\/09\/Ekspozita-Ulqini-n\u00eb-telajo-10-150x150.jpg\" class=\"attachment-thumbnail size-thumbnail\" alt=\"\" loading=\"lazy\" \/><\/a>\n\t\t\t<\/dt><\/dl><dl class='gallery-item'>\n\t\t\t<dt class='gallery-icon portrait'>\n\t\t\t\t<a href='https:\/\/www.visit-ulcinj.com\/blog\/2014\/09\/09\/perfundon-ekspozita-ulqini-ne-telajo-foto\/ekspozita-ulqini-ne-telajo-8\/'><img width=\"150\" height=\"150\" src=\"https:\/\/www.visit-ulcinj.com\/blog\/wp-content\/uploads\/2014\/09\/Ekspozita-Ulqini-n\u00eb-telajo-8-150x150.jpg\" class=\"attachment-thumbnail size-thumbnail\" alt=\"\" loading=\"lazy\" \/><\/a>\n\t\t\t<\/dt><\/dl><br style=\"clear: both\" \/><dl class='gallery-item'>\n\t\t\t<dt class='gallery-icon landscape'>\n\t\t\t\t<a href='https:\/\/www.visit-ulcinj.com\/blog\/2014\/09\/09\/perfundon-ekspozita-ulqini-ne-telajo-foto\/ekspozita-ulqini-ne-telajo-05\/'><img width=\"150\" height=\"150\" src=\"https:\/\/www.visit-ulcinj.com\/blog\/wp-content\/uploads\/2014\/09\/Ekspozita-Ulqini-n\u00eb-telajo-05-150x150.jpg\" class=\"attachment-thumbnail size-thumbnail\" alt=\"\" loading=\"lazy\" \/><\/a>\n\t\t\t<\/dt><\/dl><dl class='gallery-item'>\n\t\t\t<dt class='gallery-icon landscape'>\n\t\t\t\t<a href='https:\/\/www.visit-ulcinj.com\/blog\/2014\/09\/09\/perfundon-ekspozita-ulqini-ne-telajo-foto\/ekspozita-ulqini-ne-telajo-04\/'><img width=\"150\" height=\"150\" src=\"https:\/\/www.visit-ulcinj.com\/blog\/wp-content\/uploads\/2014\/09\/Ekspozita-Ulqini-n\u00eb-telajo-04-150x150.jpg\" class=\"attachment-thumbnail size-thumbnail\" alt=\"\" loading=\"lazy\" \/><\/a>\n\t\t\t<\/dt><\/dl><dl class='gallery-item'>\n\t\t\t<dt class='gallery-icon landscape'>\n\t\t\t\t<a href='https:\/\/www.visit-ulcinj.com\/blog\/2014\/09\/09\/perfundon-ekspozita-ulqini-ne-telajo-foto\/ekspozita-ulqini-ne-telajo-1\/'><img width=\"150\" height=\"150\" src=\"https:\/\/www.visit-ulcinj.com\/blog\/wp-content\/uploads\/2014\/09\/Ekspozita-Ulqini-n\u00eb-telajo-1-150x150.jpg\" class=\"attachment-thumbnail size-thumbnail\" alt=\"\" loading=\"lazy\" \/><\/a>\n\t\t\t<\/dt><\/dl><br style=\"clear: both\" \/>\n\t\t<\/div>\n\n","protected":false},"excerpt":{"rendered":"<p>Shum\u00eb piktor\u00eb kan\u00eb bashk\u00ebpunuar p\u00ebr t\u00eb hapur nj\u00eb ekspozit\u00eb me 30 piktura n\u00eb qytetin e Ulqinit. Kjo ekspozit\u00eb mban titullin \u201cUlqini n\u00eb Telajo\u201d dhe n\u00eb t\u00eb dominojn\u00eb pikturat me peizazhe dhe motive nga Ulqini. \u00c7elja e ekspozit\u00ebs u ba n\u00eb hotelin &#8220;Albatros&#8221; n\u00ebn kujdesin e kryetarit t\u00eb komun\u00ebs Fatmir Gjeka i cili ka shprehur k\u00ebnaq\u00ebsin\u00eb [&hellip;]<\/p>\n","protected":false},"author":1,"featured_media":0,"comment_status":"closed","ping_status":"closed","sticky":false,"template":"","format":"standard","meta":{"spay_email":"","jetpack_publicize_message":"","jetpack_is_tweetstorm":false,"jetpack_publicize_feature_enabled":true},"categories":[5,1],"tags":[],"jetpack_publicize_connections":[],"yoast_head":"<!-- This site is optimized with the Yoast SEO plugin v19.1 - https:\/\/yoast.com\/wordpress\/plugins\/seo\/ -->\n<title>P\u00ebrfundon Ekspozita \u201cUlqini n\u00eb telajo\u201d + Foto + Video - Lajme nga Ulqini<\/title>\n<meta name=\"description\" content=\"Shum\u00eb piktor\u00eb kan\u00eb bashk\u00ebpunuar p\u00ebr t\u00eb hapur nj\u00eb ekspozit\u00eb me 30 piktura n\u00eb qytetin e Ulqinit. Kjo ekspozit\u00eb mban titullin \u201cUlqini n\u00eb Telajo\u201d dhe n\u00eb t\u00eb\" \/>\n<meta name=\"robots\" content=\"index, follow, max-snippet:-1, max-image-preview:large, max-video-preview:-1\" \/>\n<link rel=\"canonical\" href=\"https:\/\/www.visit-ulcinj.com\/blog\/2014\/09\/09\/perfundon-ekspozita-ulqini-ne-telajo-foto\/\" \/>\n<meta property=\"og:locale\" content=\"en_US\" \/>\n<meta property=\"og:type\" content=\"article\" \/>\n<meta property=\"og:title\" content=\"P\u00ebrfundon Ekspozita \u201cUlqini n\u00eb telajo\u201d + Foto + Video - Lajme nga Ulqini\" \/>\n<meta property=\"og:description\" content=\"Shum\u00eb piktor\u00eb kan\u00eb bashk\u00ebpunuar p\u00ebr t\u00eb hapur nj\u00eb ekspozit\u00eb me 30 piktura n\u00eb qytetin e Ulqinit. Kjo ekspozit\u00eb mban titullin \u201cUlqini n\u00eb Telajo\u201d dhe n\u00eb t\u00eb\" \/>\n<meta property=\"og:url\" content=\"https:\/\/www.visit-ulcinj.com\/blog\/2014\/09\/09\/perfundon-ekspozita-ulqini-ne-telajo-foto\/\" \/>\n<meta property=\"og:site_name\" content=\"Lajme nga Ulqini\" \/>\n<meta property=\"article:published_time\" content=\"2014-09-09T09:48:37+00:00\" \/>\n<meta property=\"article:modified_time\" content=\"2014-09-13T04:58:39+00:00\" \/>\n<meta property=\"og:image\" content=\"https:\/\/www.visit-ulcinj.com\/blog\/wp-content\/uploads\/2014\/09\/Ekspozita-Ulqini-n\u00eb-telajo-2-150x150.jpg\" \/>\n<meta name=\"twitter:label1\" content=\"Written by\" \/>\n\t<meta name=\"twitter:data1\" content=\"ulqini\" \/>\n\t<meta name=\"twitter:label2\" content=\"Est. reading time\" \/>\n\t<meta name=\"twitter:data2\" content=\"1 minute\" \/>\n<script type=\"application\/ld+json\" class=\"yoast-schema-graph\">{\"@context\":\"https:\/\/schema.org\",\"@graph\":[{\"@type\":\"WebSite\",\"@id\":\"https:\/\/www.visit-ulcinj.com\/blog\/#website\",\"url\":\"https:\/\/www.visit-ulcinj.com\/blog\/\",\"name\":\"Lajme nga Ulqini\",\"description\":\"Lajme,Vijesti,Ulqini,Ulqin,Crna Gora,Mali i Zi\",\"potentialAction\":[{\"@type\":\"SearchAction\",\"target\":{\"@type\":\"EntryPoint\",\"urlTemplate\":\"https:\/\/www.visit-ulcinj.com\/blog\/?s={search_term_string}\"},\"query-input\":\"required name=search_term_string\"}],\"inLanguage\":\"en-US\"},{\"@type\":\"WebPage\",\"@id\":\"https:\/\/www.visit-ulcinj.com\/blog\/2014\/09\/09\/perfundon-ekspozita-ulqini-ne-telajo-foto\/#webpage\",\"url\":\"https:\/\/www.visit-ulcinj.com\/blog\/2014\/09\/09\/perfundon-ekspozita-ulqini-ne-telajo-foto\/\",\"name\":\"P\u00ebrfundon Ekspozita \u201cUlqini n\u00eb telajo\u201d + Foto + Video - Lajme nga Ulqini\",\"isPartOf\":{\"@id\":\"https:\/\/www.visit-ulcinj.com\/blog\/#website\"},\"datePublished\":\"2014-09-09T09:48:37+00:00\",\"dateModified\":\"2014-09-13T04:58:39+00:00\",\"author\":{\"@id\":\"https:\/\/www.visit-ulcinj.com\/blog\/#\/schema\/person\/dcab619c614d3038751c63bc2aadc06d\"},\"description\":\"Shum\u00eb piktor\u00eb kan\u00eb bashk\u00ebpunuar p\u00ebr t\u00eb hapur nj\u00eb ekspozit\u00eb me 30 piktura n\u00eb qytetin e Ulqinit. Kjo ekspozit\u00eb mban titullin \u201cUlqini n\u00eb Telajo\u201d dhe n\u00eb t\u00eb\",\"breadcrumb\":{\"@id\":\"https:\/\/www.visit-ulcinj.com\/blog\/2014\/09\/09\/perfundon-ekspozita-ulqini-ne-telajo-foto\/#breadcrumb\"},\"inLanguage\":\"en-US\",\"potentialAction\":[{\"@type\":\"ReadAction\",\"target\":[\"https:\/\/www.visit-ulcinj.com\/blog\/2014\/09\/09\/perfundon-ekspozita-ulqini-ne-telajo-foto\/\"]}]},{\"@type\":\"BreadcrumbList\",\"@id\":\"https:\/\/www.visit-ulcinj.com\/blog\/2014\/09\/09\/perfundon-ekspozita-ulqini-ne-telajo-foto\/#breadcrumb\",\"itemListElement\":[{\"@type\":\"ListItem\",\"position\":1,\"name\":\"P\u00ebrfundon Ekspozita \u201cUlqini n\u00eb telajo\u201d + Foto + Video\"}]},{\"@type\":\"Person\",\"@id\":\"https:\/\/www.visit-ulcinj.com\/blog\/#\/schema\/person\/dcab619c614d3038751c63bc2aadc06d\",\"name\":\"ulqini\",\"sameAs\":[\"http:\/\/www.visit-ulcinj.com\"],\"url\":\"https:\/\/www.visit-ulcinj.com\/blog\/author\/admin\/\"}]}<\/script>\n<!-- \/ Yoast SEO plugin. -->","yoast_head_json":{"title":"P\u00ebrfundon Ekspozita \u201cUlqini n\u00eb telajo\u201d + Foto + Video - Lajme nga Ulqini","description":"Shum\u00eb piktor\u00eb kan\u00eb bashk\u00ebpunuar p\u00ebr t\u00eb hapur nj\u00eb ekspozit\u00eb me 30 piktura n\u00eb qytetin e Ulqinit. Kjo ekspozit\u00eb mban titullin \u201cUlqini n\u00eb Telajo\u201d dhe n\u00eb t\u00eb","robots":{"index":"index","follow":"follow","max-snippet":"max-snippet:-1","max-image-preview":"max-image-preview:large","max-video-preview":"max-video-preview:-1"},"canonical":"https:\/\/www.visit-ulcinj.com\/blog\/2014\/09\/09\/perfundon-ekspozita-ulqini-ne-telajo-foto\/","og_locale":"en_US","og_type":"article","og_title":"P\u00ebrfundon Ekspozita \u201cUlqini n\u00eb telajo\u201d + Foto + Video - Lajme nga Ulqini","og_description":"Shum\u00eb piktor\u00eb kan\u00eb bashk\u00ebpunuar p\u00ebr t\u00eb hapur nj\u00eb ekspozit\u00eb me 30 piktura n\u00eb qytetin e Ulqinit. Kjo ekspozit\u00eb mban titullin \u201cUlqini n\u00eb Telajo\u201d dhe n\u00eb t\u00eb","og_url":"https:\/\/www.visit-ulcinj.com\/blog\/2014\/09\/09\/perfundon-ekspozita-ulqini-ne-telajo-foto\/","og_site_name":"Lajme nga Ulqini","article_published_time":"2014-09-09T09:48:37+00:00","article_modified_time":"2014-09-13T04:58:39+00:00","og_image":[{"url":"https:\/\/www.visit-ulcinj.com\/blog\/wp-content\/uploads\/2014\/09\/Ekspozita-Ulqini-n\u00eb-telajo-2-150x150.jpg"}],"twitter_misc":{"Written by":"ulqini","Est. reading time":"1 minute"},"schema":{"@context":"https:\/\/schema.org","@graph":[{"@type":"WebSite","@id":"https:\/\/www.visit-ulcinj.com\/blog\/#website","url":"https:\/\/www.visit-ulcinj.com\/blog\/","name":"Lajme nga Ulqini","description":"Lajme,Vijesti,Ulqini,Ulqin,Crna Gora,Mali i Zi","potentialAction":[{"@type":"SearchAction","target":{"@type":"EntryPoint","urlTemplate":"https:\/\/www.visit-ulcinj.com\/blog\/?s={search_term_string}"},"query-input":"required name=search_term_string"}],"inLanguage":"en-US"},{"@type":"WebPage","@id":"https:\/\/www.visit-ulcinj.com\/blog\/2014\/09\/09\/perfundon-ekspozita-ulqini-ne-telajo-foto\/#webpage","url":"https:\/\/www.visit-ulcinj.com\/blog\/2014\/09\/09\/perfundon-ekspozita-ulqini-ne-telajo-foto\/","name":"P\u00ebrfundon Ekspozita \u201cUlqini n\u00eb telajo\u201d + Foto + Video - Lajme nga Ulqini","isPartOf":{"@id":"https:\/\/www.visit-ulcinj.com\/blog\/#website"},"datePublished":"2014-09-09T09:48:37+00:00","dateModified":"2014-09-13T04:58:39+00:00","author":{"@id":"https:\/\/www.visit-ulcinj.com\/blog\/#\/schema\/person\/dcab619c614d3038751c63bc2aadc06d"},"description":"Shum\u00eb piktor\u00eb kan\u00eb bashk\u00ebpunuar p\u00ebr t\u00eb hapur nj\u00eb ekspozit\u00eb me 30 piktura n\u00eb qytetin e Ulqinit. Kjo ekspozit\u00eb mban titullin \u201cUlqini n\u00eb Telajo\u201d dhe n\u00eb t\u00eb","breadcrumb":{"@id":"https:\/\/www.visit-ulcinj.com\/blog\/2014\/09\/09\/perfundon-ekspozita-ulqini-ne-telajo-foto\/#breadcrumb"},"inLanguage":"en-US","potentialAction":[{"@type":"ReadAction","target":["https:\/\/www.visit-ulcinj.com\/blog\/2014\/09\/09\/perfundon-ekspozita-ulqini-ne-telajo-foto\/"]}]},{"@type":"BreadcrumbList","@id":"https:\/\/www.visit-ulcinj.com\/blog\/2014\/09\/09\/perfundon-ekspozita-ulqini-ne-telajo-foto\/#breadcrumb","itemListElement":[{"@type":"ListItem","position":1,"name":"P\u00ebrfundon Ekspozita \u201cUlqini n\u00eb telajo\u201d + Foto + Video"}]},{"@type":"Person","@id":"https:\/\/www.visit-ulcinj.com\/blog\/#\/schema\/person\/dcab619c614d3038751c63bc2aadc06d","name":"ulqini","sameAs":["http:\/\/www.visit-ulcinj.com"],"url":"https:\/\/www.visit-ulcinj.com\/blog\/author\/admin\/"}]}},"jetpack_featured_media_url":"","jetpack_sharing_enabled":true,"jetpack_shortlink":"https:\/\/wp.me\/pe6lTn-m7h","_links":{"self":[{"href":"https:\/\/www.visit-ulcinj.com\/blog\/wp-json\/wp\/v2\/posts\/85019"}],"collection":[{"href":"https:\/\/www.visit-ulcinj.com\/blog\/wp-json\/wp\/v2\/posts"}],"about":[{"href":"https:\/\/www.visit-ulcinj.com\/blog\/wp-json\/wp\/v2\/types\/post"}],"author":[{"embeddable":true,"href":"https:\/\/www.visit-ulcinj.com\/blog\/wp-json\/wp\/v2\/users\/1"}],"replies":[{"embeddable":true,"href":"https:\/\/www.visit-ulcinj.com\/blog\/wp-json\/wp\/v2\/comments?post=85019"}],"version-history":[{"count":15,"href":"https:\/\/www.visit-ulcinj.com\/blog\/wp-json\/wp\/v2\/posts\/85019\/revisions"}],"predecessor-version":[{"id":85151,"href":"https:\/\/www.visit-ulcinj.com\/blog\/wp-json\/wp\/v2\/posts\/85019\/revisions\/85151"}],"wp:attachment":[{"href":"https:\/\/www.visit-ulcinj.com\/blog\/wp-json\/wp\/v2\/media?parent=85019"}],"wp:term":[{"taxonomy":"category","embeddable":true,"href":"https:\/\/www.visit-ulcinj.com\/blog\/wp-json\/wp\/v2\/categories?post=85019"},{"taxonomy":"post_tag","embeddable":true,"href":"https:\/\/www.visit-ulcinj.com\/blog\/wp-json\/wp\/v2\/tags?post=85019"}],"curies":[{"name":"wp","href":"https:\/\/api.w.org\/{rel}","templated":true}]}}