{"id":85041,"date":"2014-09-09T17:54:48","date_gmt":"2014-09-09T16:54:48","guid":{"rendered":"http:\/\/www.visit-ulcinj.com\/blog\/?p=85041"},"modified":"2014-09-09T17:54:48","modified_gmt":"2014-09-09T16:54:48","slug":"bajkeri-u-starom-gradu-ulcinja","status":"publish","type":"post","link":"https:\/\/www.visit-ulcinj.com\/blog\/2014\/09\/09\/bajkeri-u-starom-gradu-ulcinja\/","title":{"rendered":"Bajkeri u starom gradu Ulcinja"},"content":{"rendered":"<p><a href=\"http:\/\/www.visit-ulcinj.com\/blog\/wp-content\/uploads\/2014\/09\/Bajkeri-u-starom-gradu-Ulcinja.jpg\"><img loading=\"lazy\" class=\"alignleft wp-image-85042\" src=\"http:\/\/www.visit-ulcinj.com\/blog\/wp-content\/uploads\/2014\/09\/Bajkeri-u-starom-gradu-Ulcinja.jpg\" alt=\"Bajkeri u starom gradu Ulcinja\" width=\"508\" height=\"381\" srcset=\"https:\/\/www.visit-ulcinj.com\/blog\/wp-content\/uploads\/2014\/09\/Bajkeri-u-starom-gradu-Ulcinja.jpg 960w, https:\/\/www.visit-ulcinj.com\/blog\/wp-content\/uploads\/2014\/09\/Bajkeri-u-starom-gradu-Ulcinja-300x225.jpg 300w\" sizes=\"(max-width: 508px) 100vw, 508px\" \/><\/a>Vi\u0161e stotina &#8220;Bajkera&#8221; je dva dana boravila na Velikoj pla\u017ei u autokampu &#8220;Safari&#8221;. Nakon velike \u017eurke, zabave i provoda i naravno velikog &#8220;defilea&#8221; kroz ulcinjske ulice, danas su napustili na\u0161 grad. Silne ma\u0161ine i ogroman broj KS ulijevalo je respekt i po\u0161tovanje, dok je kolona prolazila gradskim ulicama. Me\u0111u njima ima puno mladih entuzijasta, ali ima i ljudi raznih profila, kojima je zajedni\u010dki hoby motor.<\/p>\n<p><a href=\"http:\/\/www.visit-ulcinj.com\/blog\/wp-content\/uploads\/2014\/09\/Bajkeri-u-starom-gradu-Ulcinja-1.jpg\"><img loading=\"lazy\" class=\"alignleft wp-image-85043\" src=\"http:\/\/www.visit-ulcinj.com\/blog\/wp-content\/uploads\/2014\/09\/Bajkeri-u-starom-gradu-Ulcinja-1.jpg\" alt=\"Bajkeri u starom gradu Ulcinja-1\" width=\"508\" height=\"381\" srcset=\"https:\/\/www.visit-ulcinj.com\/blog\/wp-content\/uploads\/2014\/09\/Bajkeri-u-starom-gradu-Ulcinja-1.jpg 960w, https:\/\/www.visit-ulcinj.com\/blog\/wp-content\/uploads\/2014\/09\/Bajkeri-u-starom-gradu-Ulcinja-1-300x225.jpg 300w\" sizes=\"(max-width: 508px) 100vw, 508px\" \/><\/a><\/p>\n<p>Ju\u010der sam imao \u010dast i zadovoljstvo da jednoj biranoj grupi &#8220;Baj<span class=\"text_exposed_show\">kera&#8221;budem vodi\u010d, kroz Stari grad. Sam dolazak motorima do Velike skele bila je scena koju je vrijedno pomenuti, jer je to bio poseban doga\u0111aj za turiste i gra\u0111ane, koji su se zatekli u tom dijelu Pristana i pla\u017ee. Me\u0111u njima je bilo &#8220;bajkera&#8221; iz svih dijelova biv\u0161e Jugoslavije, Albanije, Bugarske i sa Kosova. Mu\u0161karce i \u017eene raznih profila i profesija najvi\u0161e je interesovala istorija, kultura i nekada\u0161nji turizam kod nas..s obzirom da je me\u0111u njima bilo i onih koji pamte ta vremena.<\/span><\/p>\n<p><a href=\"http:\/\/www.visit-ulcinj.com\/blog\/wp-content\/uploads\/2014\/09\/Bajkeri-u-starom-gradu-Ulcinja-12.jpg\"><img loading=\"lazy\" class=\"alignleft wp-image-85044\" src=\"http:\/\/www.visit-ulcinj.com\/blog\/wp-content\/uploads\/2014\/09\/Bajkeri-u-starom-gradu-Ulcinja-12.jpg\" alt=\"Bajkeri u starom gradu Ulcinja-12\" width=\"508\" height=\"381\" srcset=\"https:\/\/www.visit-ulcinj.com\/blog\/wp-content\/uploads\/2014\/09\/Bajkeri-u-starom-gradu-Ulcinja-12.jpg 960w, https:\/\/www.visit-ulcinj.com\/blog\/wp-content\/uploads\/2014\/09\/Bajkeri-u-starom-gradu-Ulcinja-12-300x225.jpg 300w\" sizes=\"(max-width: 508px) 100vw, 508px\" \/><\/a><\/p>\n<p><span class=\"text_exposed_show\">Ljubazan personal apartmanskog komleksa &#8220;Dvori Bal\u0161i\u0107a&#8221; i &#8220;Palate Venecija&#8221; gdje je bio i organizovan glavni do\u010dek gostiju, bilo je, kao i uvijek kada se organizuju sli\u010dne manifestacije, na visokom nivou. I ja sam imao posebnu inspiraciju da im pri\u010dam, s obzirom da je me\u0111u njima bilo nekoliko njih, koji su bili vrsni poznavaoci op\u0161te istorije, posebno istorije na\u0161ih krajeva&#8230; <\/span><\/p>\n<p><a href=\"http:\/\/www.visit-ulcinj.com\/blog\/wp-content\/uploads\/2014\/09\/Bajkeri-u-starom-gradu-Ulcinja-9.jpg\"><img loading=\"lazy\" class=\"alignleft wp-image-85045\" src=\"http:\/\/www.visit-ulcinj.com\/blog\/wp-content\/uploads\/2014\/09\/Bajkeri-u-starom-gradu-Ulcinja-9.jpg\" alt=\"Bajkeri u starom gradu Ulcinja-9\" width=\"508\" height=\"381\" srcset=\"https:\/\/www.visit-ulcinj.com\/blog\/wp-content\/uploads\/2014\/09\/Bajkeri-u-starom-gradu-Ulcinja-9.jpg 960w, https:\/\/www.visit-ulcinj.com\/blog\/wp-content\/uploads\/2014\/09\/Bajkeri-u-starom-gradu-Ulcinja-9-300x225.jpg 300w\" sizes=\"(max-width: 508px) 100vw, 508px\" \/><\/a><\/p>\n<p><span class=\"text_exposed_show\">Na kraju moram da pohvalim i organizatore ove manifestacije, koji su za svo vrijeme boravka gostiju u na\u0161em gradu bili mobilni 24 sata&#8230; Zbog svega ovoga ubije\u0111en sam, i ho\u0107u da vjerujem da su gosti iz na\u0161eg grada ponijeli lijepe i nezaboravne utiske&#8230;.<\/span><\/p>\n<p>&nbsp;<\/p>\n<p><strong><a id=\"js_29\" class=\"taggee\" href=\"https:\/\/www.facebook.com\/ismet.karamanaga?fref=photo\" data-tag=\"1359492972\" data-hovercard=\"\/ajax\/hovercard\/hovercard.php?id=1359492972&amp;media_info=6.10204652901466671&amp;type=mediatag\">Ismet Karamanaga <\/a>Facebook<\/strong><\/p>\n\n\t\t<style type=\"text\/css\">\n\t\t\t#gallery-1 {\n\t\t\t\tmargin: auto;\n\t\t\t}\n\t\t\t#gallery-1 .gallery-item {\n\t\t\t\tfloat: left;\n\t\t\t\tmargin-top: 10px;\n\t\t\t\ttext-align: center;\n\t\t\t\twidth: 33%;\n\t\t\t}\n\t\t\t#gallery-1 img {\n\t\t\t\tborder: 2px solid #cfcfcf;\n\t\t\t}\n\t\t\t#gallery-1 .gallery-caption {\n\t\t\t\tmargin-left: 0;\n\t\t\t}\n\t\t\t\/* see gallery_shortcode() in wp-includes\/media.php *\/\n\t\t<\/style>\n\t\t<div id='gallery-1' class='gallery galleryid-85041 gallery-columns-3 gallery-size-thumbnail'><dl class='gallery-item'>\n\t\t\t<dt class='gallery-icon landscape'>\n\t\t\t\t<a href='https:\/\/www.visit-ulcinj.com\/blog\/2014\/09\/09\/bajkeri-u-starom-gradu-ulcinja\/bajkeri-u-starom-gradu-ulcinja-3\/'><img width=\"150\" height=\"150\" src=\"https:\/\/www.visit-ulcinj.com\/blog\/wp-content\/uploads\/2014\/09\/Bajkeri-u-starom-gradu-Ulcinja-3-150x150.jpg\" class=\"attachment-thumbnail size-thumbnail\" alt=\"\" loading=\"lazy\" \/><\/a>\n\t\t\t<\/dt><\/dl><dl class='gallery-item'>\n\t\t\t<dt class='gallery-icon landscape'>\n\t\t\t\t<a href='https:\/\/www.visit-ulcinj.com\/blog\/2014\/09\/09\/bajkeri-u-starom-gradu-ulcinja\/bajkeri-u-starom-gradu-ulcinja-8\/'><img width=\"150\" height=\"150\" src=\"https:\/\/www.visit-ulcinj.com\/blog\/wp-content\/uploads\/2014\/09\/Bajkeri-u-starom-gradu-Ulcinja-8-150x150.jpg\" class=\"attachment-thumbnail size-thumbnail\" alt=\"\" loading=\"lazy\" \/><\/a>\n\t\t\t<\/dt><\/dl><dl class='gallery-item'>\n\t\t\t<dt class='gallery-icon landscape'>\n\t\t\t\t<a href='https:\/\/www.visit-ulcinj.com\/blog\/2014\/09\/09\/bajkeri-u-starom-gradu-ulcinja\/bajkeri-u-starom-gradu-ulcinja-13\/'><img width=\"150\" height=\"150\" src=\"https:\/\/www.visit-ulcinj.com\/blog\/wp-content\/uploads\/2014\/09\/Bajkeri-u-starom-gradu-Ulcinja-13-150x150.jpg\" class=\"attachment-thumbnail size-thumbnail\" alt=\"\" loading=\"lazy\" \/><\/a>\n\t\t\t<\/dt><\/dl><br style=\"clear: both\" \/><dl class='gallery-item'>\n\t\t\t<dt class='gallery-icon landscape'>\n\t\t\t\t<a href='https:\/\/www.visit-ulcinj.com\/blog\/2014\/09\/09\/bajkeri-u-starom-gradu-ulcinja\/bajkeri-u-starom-gradu-ulcinja-5\/'><img width=\"150\" height=\"150\" src=\"https:\/\/www.visit-ulcinj.com\/blog\/wp-content\/uploads\/2014\/09\/Bajkeri-u-starom-gradu-Ulcinja-5-150x150.jpg\" class=\"attachment-thumbnail size-thumbnail\" alt=\"\" loading=\"lazy\" \/><\/a>\n\t\t\t<\/dt><\/dl><dl class='gallery-item'>\n\t\t\t<dt class='gallery-icon landscape'>\n\t\t\t\t<a href='https:\/\/www.visit-ulcinj.com\/blog\/2014\/09\/09\/bajkeri-u-starom-gradu-ulcinja\/bajkeri-u-starom-gradu-ulcinja-4\/'><img width=\"150\" height=\"150\" src=\"https:\/\/www.visit-ulcinj.com\/blog\/wp-content\/uploads\/2014\/09\/Bajkeri-u-starom-gradu-Ulcinja-4-150x150.jpg\" class=\"attachment-thumbnail size-thumbnail\" alt=\"\" loading=\"lazy\" \/><\/a>\n\t\t\t<\/dt><\/dl><dl class='gallery-item'>\n\t\t\t<dt class='gallery-icon landscape'>\n\t\t\t\t<a href='https:\/\/www.visit-ulcinj.com\/blog\/2014\/09\/09\/bajkeri-u-starom-gradu-ulcinja\/bajkeri-u-starom-gradu-ulcinja-7\/'><img width=\"150\" height=\"150\" src=\"https:\/\/www.visit-ulcinj.com\/blog\/wp-content\/uploads\/2014\/09\/Bajkeri-u-starom-gradu-Ulcinja-7-150x150.jpg\" class=\"attachment-thumbnail size-thumbnail\" alt=\"\" loading=\"lazy\" \/><\/a>\n\t\t\t<\/dt><\/dl><br style=\"clear: both\" \/><dl class='gallery-item'>\n\t\t\t<dt class='gallery-icon landscape'>\n\t\t\t\t<a href='https:\/\/www.visit-ulcinj.com\/blog\/2014\/09\/09\/bajkeri-u-starom-gradu-ulcinja\/bajkeri-u-starom-gradu-ulcinja-6\/'><img width=\"150\" height=\"150\" src=\"https:\/\/www.visit-ulcinj.com\/blog\/wp-content\/uploads\/2014\/09\/Bajkeri-u-starom-gradu-Ulcinja-6-150x150.jpg\" class=\"attachment-thumbnail size-thumbnail\" alt=\"\" loading=\"lazy\" \/><\/a>\n\t\t\t<\/dt><\/dl><dl class='gallery-item'>\n\t\t\t<dt class='gallery-icon landscape'>\n\t\t\t\t<a href='https:\/\/www.visit-ulcinj.com\/blog\/2014\/09\/09\/bajkeri-u-starom-gradu-ulcinja\/bajkeri-u-starom-gradu-ulcinja-11\/'><img width=\"150\" height=\"150\" src=\"https:\/\/www.visit-ulcinj.com\/blog\/wp-content\/uploads\/2014\/09\/Bajkeri-u-starom-gradu-Ulcinja-11-150x150.jpg\" class=\"attachment-thumbnail size-thumbnail\" alt=\"\" loading=\"lazy\" \/><\/a>\n\t\t\t<\/dt><\/dl><dl class='gallery-item'>\n\t\t\t<dt class='gallery-icon landscape'>\n\t\t\t\t<a href='https:\/\/www.visit-ulcinj.com\/blog\/2014\/09\/09\/bajkeri-u-starom-gradu-ulcinja\/bajkeri-u-starom-gradu-ulcinja-10\/'><img width=\"150\" height=\"150\" src=\"https:\/\/www.visit-ulcinj.com\/blog\/wp-content\/uploads\/2014\/09\/Bajkeri-u-starom-gradu-Ulcinja-10-150x150.jpg\" class=\"attachment-thumbnail size-thumbnail\" alt=\"\" loading=\"lazy\" \/><\/a>\n\t\t\t<\/dt><\/dl><br style=\"clear: both\" \/><dl class='gallery-item'>\n\t\t\t<dt class='gallery-icon landscape'>\n\t\t\t\t<a href='https:\/\/www.visit-ulcinj.com\/blog\/2014\/09\/09\/bajkeri-u-starom-gradu-ulcinja\/bajkeri-u-starom-gradu-ulcinja-9\/'><img width=\"150\" height=\"150\" src=\"https:\/\/www.visit-ulcinj.com\/blog\/wp-content\/uploads\/2014\/09\/Bajkeri-u-starom-gradu-Ulcinja-9-150x150.jpg\" class=\"attachment-thumbnail size-thumbnail\" alt=\"\" loading=\"lazy\" \/><\/a>\n\t\t\t<\/dt><\/dl><dl class='gallery-item'>\n\t\t\t<dt class='gallery-icon landscape'>\n\t\t\t\t<a href='https:\/\/www.visit-ulcinj.com\/blog\/2014\/09\/09\/bajkeri-u-starom-gradu-ulcinja\/bajkeri-u-starom-gradu-ulcinja-2\/'><img width=\"150\" height=\"150\" src=\"https:\/\/www.visit-ulcinj.com\/blog\/wp-content\/uploads\/2014\/09\/Bajkeri-u-starom-gradu-Ulcinja-2-150x150.jpg\" class=\"attachment-thumbnail size-thumbnail\" alt=\"\" loading=\"lazy\" \/><\/a>\n\t\t\t<\/dt><\/dl>\n\t\t\t<br style='clear: both' \/>\n\t\t<\/div>\n\n","protected":false},"excerpt":{"rendered":"<p>Vi\u0161e stotina &#8220;Bajkera&#8221; je dva dana boravila na Velikoj pla\u017ei u autokampu &#8220;Safari&#8221;. Nakon velike \u017eurke, zabave i provoda i naravno velikog &#8220;defilea&#8221; kroz ulcinjske ulice, danas su napustili na\u0161 grad. Silne ma\u0161ine i ogroman broj KS ulijevalo je respekt i po\u0161tovanje, dok je kolona prolazila gradskim ulicama. Me\u0111u njima ima puno mladih entuzijasta, ali [&hellip;]<\/p>\n","protected":false},"author":1,"featured_media":0,"comment_status":"closed","ping_status":"closed","sticky":false,"template":"","format":"standard","meta":{"spay_email":"","jetpack_publicize_message":"","jetpack_is_tweetstorm":false,"jetpack_publicize_feature_enabled":true},"categories":[8337],"tags":[],"jetpack_publicize_connections":[],"yoast_head":"<!-- This site is optimized with the Yoast SEO plugin v19.1 - https:\/\/yoast.com\/wordpress\/plugins\/seo\/ -->\n<title>Bajkeri u starom gradu Ulcinja - Lajme nga Ulqini<\/title>\n<meta name=\"description\" content=\"Vi\u0161e stotina &quot;Bajkera&quot; je dva dana boravila na Velikoj pla\u017ei u autokampu &quot;Safari&quot;. Nakon velike \u017eurke, zabave i provoda i naravno velikog &quot;defilea&quot; kroz\" \/>\n<meta name=\"robots\" content=\"index, follow, max-snippet:-1, max-image-preview:large, max-video-preview:-1\" \/>\n<link rel=\"canonical\" href=\"https:\/\/www.visit-ulcinj.com\/blog\/2014\/09\/09\/bajkeri-u-starom-gradu-ulcinja\/\" \/>\n<meta property=\"og:locale\" content=\"en_US\" \/>\n<meta property=\"og:type\" content=\"article\" \/>\n<meta property=\"og:title\" content=\"Bajkeri u starom gradu Ulcinja - Lajme nga Ulqini\" \/>\n<meta property=\"og:description\" content=\"Vi\u0161e stotina &quot;Bajkera&quot; je dva dana boravila na Velikoj pla\u017ei u autokampu &quot;Safari&quot;. Nakon velike \u017eurke, zabave i provoda i naravno velikog &quot;defilea&quot; kroz\" \/>\n<meta property=\"og:url\" content=\"https:\/\/www.visit-ulcinj.com\/blog\/2014\/09\/09\/bajkeri-u-starom-gradu-ulcinja\/\" \/>\n<meta property=\"og:site_name\" content=\"Lajme nga Ulqini\" \/>\n<meta property=\"article:published_time\" content=\"2014-09-09T16:54:48+00:00\" \/>\n<meta property=\"og:image\" content=\"https:\/\/www.visit-ulcinj.com\/blog\/wp-content\/uploads\/2014\/09\/Bajkeri-u-starom-gradu-Ulcinja-3-150x150.jpg\" \/>\n<meta name=\"twitter:label1\" content=\"Written by\" \/>\n\t<meta name=\"twitter:data1\" content=\"ulqini\" \/>\n\t<meta name=\"twitter:label2\" content=\"Est. reading time\" \/>\n\t<meta name=\"twitter:data2\" content=\"1 minute\" \/>\n<script type=\"application\/ld+json\" class=\"yoast-schema-graph\">{\"@context\":\"https:\/\/schema.org\",\"@graph\":[{\"@type\":\"WebSite\",\"@id\":\"https:\/\/www.visit-ulcinj.com\/blog\/#website\",\"url\":\"https:\/\/www.visit-ulcinj.com\/blog\/\",\"name\":\"Lajme nga Ulqini\",\"description\":\"Lajme,Vijesti,Ulqini,Ulqin,Crna Gora,Mali i Zi\",\"potentialAction\":[{\"@type\":\"SearchAction\",\"target\":{\"@type\":\"EntryPoint\",\"urlTemplate\":\"https:\/\/www.visit-ulcinj.com\/blog\/?s={search_term_string}\"},\"query-input\":\"required name=search_term_string\"}],\"inLanguage\":\"en-US\"},{\"@type\":\"ImageObject\",\"inLanguage\":\"en-US\",\"@id\":\"https:\/\/www.visit-ulcinj.com\/blog\/2014\/09\/09\/bajkeri-u-starom-gradu-ulcinja\/#primaryimage\",\"url\":\"https:\/\/www.visit-ulcinj.com\/blog\/wp-content\/uploads\/2014\/09\/Bajkeri-u-starom-gradu-Ulcinja.jpg\",\"contentUrl\":\"https:\/\/www.visit-ulcinj.com\/blog\/wp-content\/uploads\/2014\/09\/Bajkeri-u-starom-gradu-Ulcinja.jpg\",\"width\":960,\"height\":720},{\"@type\":\"WebPage\",\"@id\":\"https:\/\/www.visit-ulcinj.com\/blog\/2014\/09\/09\/bajkeri-u-starom-gradu-ulcinja\/#webpage\",\"url\":\"https:\/\/www.visit-ulcinj.com\/blog\/2014\/09\/09\/bajkeri-u-starom-gradu-ulcinja\/\",\"name\":\"Bajkeri u starom gradu Ulcinja - Lajme nga Ulqini\",\"isPartOf\":{\"@id\":\"https:\/\/www.visit-ulcinj.com\/blog\/#website\"},\"primaryImageOfPage\":{\"@id\":\"https:\/\/www.visit-ulcinj.com\/blog\/2014\/09\/09\/bajkeri-u-starom-gradu-ulcinja\/#primaryimage\"},\"datePublished\":\"2014-09-09T16:54:48+00:00\",\"dateModified\":\"2014-09-09T16:54:48+00:00\",\"author\":{\"@id\":\"https:\/\/www.visit-ulcinj.com\/blog\/#\/schema\/person\/dcab619c614d3038751c63bc2aadc06d\"},\"description\":\"Vi\u0161e stotina \\\"Bajkera\\\" je dva dana boravila na Velikoj pla\u017ei u autokampu \\\"Safari\\\". Nakon velike \u017eurke, zabave i provoda i naravno velikog \\\"defilea\\\" kroz\",\"breadcrumb\":{\"@id\":\"https:\/\/www.visit-ulcinj.com\/blog\/2014\/09\/09\/bajkeri-u-starom-gradu-ulcinja\/#breadcrumb\"},\"inLanguage\":\"en-US\",\"potentialAction\":[{\"@type\":\"ReadAction\",\"target\":[\"https:\/\/www.visit-ulcinj.com\/blog\/2014\/09\/09\/bajkeri-u-starom-gradu-ulcinja\/\"]}]},{\"@type\":\"BreadcrumbList\",\"@id\":\"https:\/\/www.visit-ulcinj.com\/blog\/2014\/09\/09\/bajkeri-u-starom-gradu-ulcinja\/#breadcrumb\",\"itemListElement\":[{\"@type\":\"ListItem\",\"position\":1,\"name\":\"Bajkeri u starom gradu Ulcinja\"}]},{\"@type\":\"Person\",\"@id\":\"https:\/\/www.visit-ulcinj.com\/blog\/#\/schema\/person\/dcab619c614d3038751c63bc2aadc06d\",\"name\":\"ulqini\",\"sameAs\":[\"http:\/\/www.visit-ulcinj.com\"],\"url\":\"https:\/\/www.visit-ulcinj.com\/blog\/author\/admin\/\"}]}<\/script>\n<!-- \/ Yoast SEO plugin. -->","yoast_head_json":{"title":"Bajkeri u starom gradu Ulcinja - Lajme nga Ulqini","description":"Vi\u0161e stotina \"Bajkera\" je dva dana boravila na Velikoj pla\u017ei u autokampu \"Safari\". Nakon velike \u017eurke, zabave i provoda i naravno velikog \"defilea\" kroz","robots":{"index":"index","follow":"follow","max-snippet":"max-snippet:-1","max-image-preview":"max-image-preview:large","max-video-preview":"max-video-preview:-1"},"canonical":"https:\/\/www.visit-ulcinj.com\/blog\/2014\/09\/09\/bajkeri-u-starom-gradu-ulcinja\/","og_locale":"en_US","og_type":"article","og_title":"Bajkeri u starom gradu Ulcinja - Lajme nga Ulqini","og_description":"Vi\u0161e stotina \"Bajkera\" je dva dana boravila na Velikoj pla\u017ei u autokampu \"Safari\". Nakon velike \u017eurke, zabave i provoda i naravno velikog \"defilea\" kroz","og_url":"https:\/\/www.visit-ulcinj.com\/blog\/2014\/09\/09\/bajkeri-u-starom-gradu-ulcinja\/","og_site_name":"Lajme nga Ulqini","article_published_time":"2014-09-09T16:54:48+00:00","og_image":[{"url":"https:\/\/www.visit-ulcinj.com\/blog\/wp-content\/uploads\/2014\/09\/Bajkeri-u-starom-gradu-Ulcinja-3-150x150.jpg"}],"twitter_misc":{"Written by":"ulqini","Est. reading time":"1 minute"},"schema":{"@context":"https:\/\/schema.org","@graph":[{"@type":"WebSite","@id":"https:\/\/www.visit-ulcinj.com\/blog\/#website","url":"https:\/\/www.visit-ulcinj.com\/blog\/","name":"Lajme nga Ulqini","description":"Lajme,Vijesti,Ulqini,Ulqin,Crna Gora,Mali i Zi","potentialAction":[{"@type":"SearchAction","target":{"@type":"EntryPoint","urlTemplate":"https:\/\/www.visit-ulcinj.com\/blog\/?s={search_term_string}"},"query-input":"required name=search_term_string"}],"inLanguage":"en-US"},{"@type":"ImageObject","inLanguage":"en-US","@id":"https:\/\/www.visit-ulcinj.com\/blog\/2014\/09\/09\/bajkeri-u-starom-gradu-ulcinja\/#primaryimage","url":"https:\/\/www.visit-ulcinj.com\/blog\/wp-content\/uploads\/2014\/09\/Bajkeri-u-starom-gradu-Ulcinja.jpg","contentUrl":"https:\/\/www.visit-ulcinj.com\/blog\/wp-content\/uploads\/2014\/09\/Bajkeri-u-starom-gradu-Ulcinja.jpg","width":960,"height":720},{"@type":"WebPage","@id":"https:\/\/www.visit-ulcinj.com\/blog\/2014\/09\/09\/bajkeri-u-starom-gradu-ulcinja\/#webpage","url":"https:\/\/www.visit-ulcinj.com\/blog\/2014\/09\/09\/bajkeri-u-starom-gradu-ulcinja\/","name":"Bajkeri u starom gradu Ulcinja - Lajme nga Ulqini","isPartOf":{"@id":"https:\/\/www.visit-ulcinj.com\/blog\/#website"},"primaryImageOfPage":{"@id":"https:\/\/www.visit-ulcinj.com\/blog\/2014\/09\/09\/bajkeri-u-starom-gradu-ulcinja\/#primaryimage"},"datePublished":"2014-09-09T16:54:48+00:00","dateModified":"2014-09-09T16:54:48+00:00","author":{"@id":"https:\/\/www.visit-ulcinj.com\/blog\/#\/schema\/person\/dcab619c614d3038751c63bc2aadc06d"},"description":"Vi\u0161e stotina \"Bajkera\" je dva dana boravila na Velikoj pla\u017ei u autokampu \"Safari\". Nakon velike \u017eurke, zabave i provoda i naravno velikog \"defilea\" kroz","breadcrumb":{"@id":"https:\/\/www.visit-ulcinj.com\/blog\/2014\/09\/09\/bajkeri-u-starom-gradu-ulcinja\/#breadcrumb"},"inLanguage":"en-US","potentialAction":[{"@type":"ReadAction","target":["https:\/\/www.visit-ulcinj.com\/blog\/2014\/09\/09\/bajkeri-u-starom-gradu-ulcinja\/"]}]},{"@type":"BreadcrumbList","@id":"https:\/\/www.visit-ulcinj.com\/blog\/2014\/09\/09\/bajkeri-u-starom-gradu-ulcinja\/#breadcrumb","itemListElement":[{"@type":"ListItem","position":1,"name":"Bajkeri u starom gradu Ulcinja"}]},{"@type":"Person","@id":"https:\/\/www.visit-ulcinj.com\/blog\/#\/schema\/person\/dcab619c614d3038751c63bc2aadc06d","name":"ulqini","sameAs":["http:\/\/www.visit-ulcinj.com"],"url":"https:\/\/www.visit-ulcinj.com\/blog\/author\/admin\/"}]}},"jetpack_featured_media_url":"","jetpack_sharing_enabled":true,"jetpack_shortlink":"https:\/\/wp.me\/pe6lTn-m7D","_links":{"self":[{"href":"https:\/\/www.visit-ulcinj.com\/blog\/wp-json\/wp\/v2\/posts\/85041"}],"collection":[{"href":"https:\/\/www.visit-ulcinj.com\/blog\/wp-json\/wp\/v2\/posts"}],"about":[{"href":"https:\/\/www.visit-ulcinj.com\/blog\/wp-json\/wp\/v2\/types\/post"}],"author":[{"embeddable":true,"href":"https:\/\/www.visit-ulcinj.com\/blog\/wp-json\/wp\/v2\/users\/1"}],"replies":[{"embeddable":true,"href":"https:\/\/www.visit-ulcinj.com\/blog\/wp-json\/wp\/v2\/comments?post=85041"}],"version-history":[{"count":1,"href":"https:\/\/www.visit-ulcinj.com\/blog\/wp-json\/wp\/v2\/posts\/85041\/revisions"}],"predecessor-version":[{"id":85056,"href":"https:\/\/www.visit-ulcinj.com\/blog\/wp-json\/wp\/v2\/posts\/85041\/revisions\/85056"}],"wp:attachment":[{"href":"https:\/\/www.visit-ulcinj.com\/blog\/wp-json\/wp\/v2\/media?parent=85041"}],"wp:term":[{"taxonomy":"category","embeddable":true,"href":"https:\/\/www.visit-ulcinj.com\/blog\/wp-json\/wp\/v2\/categories?post=85041"},{"taxonomy":"post_tag","embeddable":true,"href":"https:\/\/www.visit-ulcinj.com\/blog\/wp-json\/wp\/v2\/tags?post=85041"}],"curies":[{"name":"wp","href":"https:\/\/api.w.org\/{rel}","templated":true}]}}