{"id":85061,"date":"2014-09-09T19:10:37","date_gmt":"2014-09-09T18:10:37","guid":{"rendered":"http:\/\/www.visit-ulcinj.com\/blog\/?p=85061"},"modified":"2014-09-09T19:10:37","modified_gmt":"2014-09-09T18:10:37","slug":"kthehen-57-rome-nga-podgorica-ne-kosove","status":"publish","type":"post","link":"https:\/\/www.visit-ulcinj.com\/blog\/2014\/09\/09\/kthehen-57-rome-nga-podgorica-ne-kosove\/","title":{"rendered":"Kthehen 57 rom\u00eb nga Podgorica n\u00eb Kosov\u00eb"},"content":{"rendered":"<p><strong><a href=\"http:\/\/www.visit-ulcinj.com\/blog\/wp-content\/uploads\/2014\/09\/kthehen-romet-ne-kosove.jpg\"><img loading=\"lazy\" class=\"alignleft wp-image-85062\" src=\"http:\/\/www.visit-ulcinj.com\/blog\/wp-content\/uploads\/2014\/09\/kthehen-romet-ne-kosove.jpg\" alt=\"kthehen-romet-ne-kosove\" width=\"508\" height=\"381\" srcset=\"https:\/\/www.visit-ulcinj.com\/blog\/wp-content\/uploads\/2014\/09\/kthehen-romet-ne-kosove.jpg 810w, https:\/\/www.visit-ulcinj.com\/blog\/wp-content\/uploads\/2014\/09\/kthehen-romet-ne-kosove-300x225.jpg 300w\" sizes=\"(max-width: 508px) 100vw, 508px\" \/><\/a>Nga Mali i Zi n\u00eb Kosov\u00eb dje vullnetarisht jan\u00eb kthyer 57 persona q\u00eb n\u00eb Podgoric\u00eb kishin ardhur n\u00eb vitin 1999.<\/strong><\/p>\n<div>\n<p>Personat rom\u00eb jan\u00eb p\u00ebrcjell\u00eb n\u00eb m\u00ebnyr\u00eb t\u00eb organizuar nga kampi i refugjat\u00ebve n\u00eb fshatin Klinavac af\u00ebr kryeqytetit Podgoric\u00eb, p\u00ebr n\u00eb Klin\u00eb t\u00eb Kosov\u00ebs, ku p\u00ebr ta jan\u00eb nd\u00ebrtuar sht\u00ebpi p\u00ebr banim, kan\u00eb kumtuar p\u00ebrfaq\u00ebsuesit e Ministris\u00eb s\u00eb pun\u00ebs dhe p\u00ebrkujdesit social t\u00eb Malit t\u00eb Zi dhe ata t\u00eb Komisariatit t\u00eb Lart\u00eb t\u00eb Kombeve t\u00eb Bashkuara p\u00ebr refugjat\u00eb.<\/p>\n<p>Ky kthim \u00ebsht\u00eb b\u00ebr\u00eb n\u00eb kuad\u00ebr t\u00eb nj\u00eb projekti, i cili financohet nga Bashkimi Evropian.<\/p>\n<p>N\u00eb kampin Klinavac jetojn\u00eb afro 1400 rom\u00eb q\u00eb kishin ikur nga Kosova gjat\u00eb bombardimeve t\u00eb NATO-s n\u00eb vitin 1999.<\/p>\n<p>Kthimi ka filluar vitin e kaluar kur n\u00eb Kosov\u00eb jan\u00eb kthyer 14 familje me 64 an\u00ebtar\u00eb, raporton agjencia e lajmeve \u201cBeta\u201d nga Podgorica.<\/p>\n<p><strong>lajmi.net<\/strong><\/p>\n<\/div>\n","protected":false},"excerpt":{"rendered":"<p>Nga Mali i Zi n\u00eb Kosov\u00eb dje vullnetarisht jan\u00eb kthyer 57 persona q\u00eb n\u00eb Podgoric\u00eb kishin ardhur n\u00eb vitin 1999. Personat rom\u00eb jan\u00eb p\u00ebrcjell\u00eb n\u00eb m\u00ebnyr\u00eb t\u00eb organizuar nga kampi i refugjat\u00ebve n\u00eb fshatin Klinavac af\u00ebr kryeqytetit Podgoric\u00eb, p\u00ebr n\u00eb Klin\u00eb t\u00eb Kosov\u00ebs, ku p\u00ebr ta jan\u00eb nd\u00ebrtuar sht\u00ebpi p\u00ebr banim, kan\u00eb kumtuar p\u00ebrfaq\u00ebsuesit e [&hellip;]<\/p>\n","protected":false},"author":1,"featured_media":0,"comment_status":"closed","ping_status":"closed","sticky":false,"template":"","format":"standard","meta":{"spay_email":"","jetpack_publicize_message":"","jetpack_is_tweetstorm":false,"jetpack_publicize_feature_enabled":true},"categories":[14],"tags":[],"jetpack_publicize_connections":[],"yoast_head":"<!-- This site is optimized with the Yoast SEO plugin v19.1 - https:\/\/yoast.com\/wordpress\/plugins\/seo\/ -->\n<title>Kthehen 57 rom\u00eb nga Podgorica n\u00eb Kosov\u00eb - Lajme nga Ulqini<\/title>\n<meta name=\"description\" content=\"Nga Mali i Zi n\u00eb Kosov\u00eb dje vullnetarisht jan\u00eb kthyer 57 persona q\u00eb n\u00eb Podgoric\u00eb kishin ardhur n\u00eb vitin 1999. Personat rom\u00eb jan\u00eb p\u00ebrcjell\u00eb n\u00eb m\u00ebnyr\u00eb t\u00eb\" \/>\n<meta name=\"robots\" content=\"index, follow, max-snippet:-1, max-image-preview:large, max-video-preview:-1\" \/>\n<link rel=\"canonical\" href=\"https:\/\/www.visit-ulcinj.com\/blog\/2014\/09\/09\/kthehen-57-rome-nga-podgorica-ne-kosove\/\" \/>\n<meta property=\"og:locale\" content=\"en_US\" \/>\n<meta property=\"og:type\" content=\"article\" \/>\n<meta property=\"og:title\" content=\"Kthehen 57 rom\u00eb nga Podgorica n\u00eb Kosov\u00eb - Lajme nga Ulqini\" \/>\n<meta property=\"og:description\" content=\"Nga Mali i Zi n\u00eb Kosov\u00eb dje vullnetarisht jan\u00eb kthyer 57 persona q\u00eb n\u00eb Podgoric\u00eb kishin ardhur n\u00eb vitin 1999. Personat rom\u00eb jan\u00eb p\u00ebrcjell\u00eb n\u00eb m\u00ebnyr\u00eb t\u00eb\" \/>\n<meta property=\"og:url\" content=\"https:\/\/www.visit-ulcinj.com\/blog\/2014\/09\/09\/kthehen-57-rome-nga-podgorica-ne-kosove\/\" \/>\n<meta property=\"og:site_name\" content=\"Lajme nga Ulqini\" \/>\n<meta property=\"article:published_time\" content=\"2014-09-09T18:10:37+00:00\" \/>\n<meta property=\"og:image\" content=\"http:\/\/www.visit-ulcinj.com\/blog\/wp-content\/uploads\/2014\/09\/kthehen-romet-ne-kosove.jpg\" \/>\n<meta name=\"twitter:label1\" content=\"Written by\" \/>\n\t<meta name=\"twitter:data1\" content=\"ulqini\" \/>\n\t<meta name=\"twitter:label2\" content=\"Est. reading time\" \/>\n\t<meta name=\"twitter:data2\" content=\"1 minute\" \/>\n<script type=\"application\/ld+json\" class=\"yoast-schema-graph\">{\"@context\":\"https:\/\/schema.org\",\"@graph\":[{\"@type\":\"WebSite\",\"@id\":\"https:\/\/www.visit-ulcinj.com\/blog\/#website\",\"url\":\"https:\/\/www.visit-ulcinj.com\/blog\/\",\"name\":\"Lajme nga Ulqini\",\"description\":\"Lajme,Vijesti,Ulqini,Ulqin,Crna Gora,Mali i Zi\",\"potentialAction\":[{\"@type\":\"SearchAction\",\"target\":{\"@type\":\"EntryPoint\",\"urlTemplate\":\"https:\/\/www.visit-ulcinj.com\/blog\/?s={search_term_string}\"},\"query-input\":\"required name=search_term_string\"}],\"inLanguage\":\"en-US\"},{\"@type\":\"ImageObject\",\"inLanguage\":\"en-US\",\"@id\":\"https:\/\/www.visit-ulcinj.com\/blog\/2014\/09\/09\/kthehen-57-rome-nga-podgorica-ne-kosove\/#primaryimage\",\"url\":\"https:\/\/www.visit-ulcinj.com\/blog\/wp-content\/uploads\/2014\/09\/kthehen-romet-ne-kosove.jpg\",\"contentUrl\":\"https:\/\/www.visit-ulcinj.com\/blog\/wp-content\/uploads\/2014\/09\/kthehen-romet-ne-kosove.jpg\",\"width\":810,\"height\":608},{\"@type\":\"WebPage\",\"@id\":\"https:\/\/www.visit-ulcinj.com\/blog\/2014\/09\/09\/kthehen-57-rome-nga-podgorica-ne-kosove\/#webpage\",\"url\":\"https:\/\/www.visit-ulcinj.com\/blog\/2014\/09\/09\/kthehen-57-rome-nga-podgorica-ne-kosove\/\",\"name\":\"Kthehen 57 rom\u00eb nga Podgorica n\u00eb Kosov\u00eb - Lajme nga Ulqini\",\"isPartOf\":{\"@id\":\"https:\/\/www.visit-ulcinj.com\/blog\/#website\"},\"primaryImageOfPage\":{\"@id\":\"https:\/\/www.visit-ulcinj.com\/blog\/2014\/09\/09\/kthehen-57-rome-nga-podgorica-ne-kosove\/#primaryimage\"},\"datePublished\":\"2014-09-09T18:10:37+00:00\",\"dateModified\":\"2014-09-09T18:10:37+00:00\",\"author\":{\"@id\":\"https:\/\/www.visit-ulcinj.com\/blog\/#\/schema\/person\/dcab619c614d3038751c63bc2aadc06d\"},\"description\":\"Nga Mali i Zi n\u00eb Kosov\u00eb dje vullnetarisht jan\u00eb kthyer 57 persona q\u00eb n\u00eb Podgoric\u00eb kishin ardhur n\u00eb vitin 1999. Personat rom\u00eb jan\u00eb p\u00ebrcjell\u00eb n\u00eb m\u00ebnyr\u00eb t\u00eb\",\"breadcrumb\":{\"@id\":\"https:\/\/www.visit-ulcinj.com\/blog\/2014\/09\/09\/kthehen-57-rome-nga-podgorica-ne-kosove\/#breadcrumb\"},\"inLanguage\":\"en-US\",\"potentialAction\":[{\"@type\":\"ReadAction\",\"target\":[\"https:\/\/www.visit-ulcinj.com\/blog\/2014\/09\/09\/kthehen-57-rome-nga-podgorica-ne-kosove\/\"]}]},{\"@type\":\"BreadcrumbList\",\"@id\":\"https:\/\/www.visit-ulcinj.com\/blog\/2014\/09\/09\/kthehen-57-rome-nga-podgorica-ne-kosove\/#breadcrumb\",\"itemListElement\":[{\"@type\":\"ListItem\",\"position\":1,\"name\":\"Kthehen 57 rom\u00eb nga Podgorica n\u00eb Kosov\u00eb\"}]},{\"@type\":\"Person\",\"@id\":\"https:\/\/www.visit-ulcinj.com\/blog\/#\/schema\/person\/dcab619c614d3038751c63bc2aadc06d\",\"name\":\"ulqini\",\"sameAs\":[\"http:\/\/www.visit-ulcinj.com\"],\"url\":\"https:\/\/www.visit-ulcinj.com\/blog\/author\/admin\/\"}]}<\/script>\n<!-- \/ Yoast SEO plugin. -->","yoast_head_json":{"title":"Kthehen 57 rom\u00eb nga Podgorica n\u00eb Kosov\u00eb - Lajme nga Ulqini","description":"Nga Mali i Zi n\u00eb Kosov\u00eb dje vullnetarisht jan\u00eb kthyer 57 persona q\u00eb n\u00eb Podgoric\u00eb kishin ardhur n\u00eb vitin 1999. Personat rom\u00eb jan\u00eb p\u00ebrcjell\u00eb n\u00eb m\u00ebnyr\u00eb t\u00eb","robots":{"index":"index","follow":"follow","max-snippet":"max-snippet:-1","max-image-preview":"max-image-preview:large","max-video-preview":"max-video-preview:-1"},"canonical":"https:\/\/www.visit-ulcinj.com\/blog\/2014\/09\/09\/kthehen-57-rome-nga-podgorica-ne-kosove\/","og_locale":"en_US","og_type":"article","og_title":"Kthehen 57 rom\u00eb nga Podgorica n\u00eb Kosov\u00eb - Lajme nga Ulqini","og_description":"Nga Mali i Zi n\u00eb Kosov\u00eb dje vullnetarisht jan\u00eb kthyer 57 persona q\u00eb n\u00eb Podgoric\u00eb kishin ardhur n\u00eb vitin 1999. Personat rom\u00eb jan\u00eb p\u00ebrcjell\u00eb n\u00eb m\u00ebnyr\u00eb t\u00eb","og_url":"https:\/\/www.visit-ulcinj.com\/blog\/2014\/09\/09\/kthehen-57-rome-nga-podgorica-ne-kosove\/","og_site_name":"Lajme nga Ulqini","article_published_time":"2014-09-09T18:10:37+00:00","og_image":[{"url":"http:\/\/www.visit-ulcinj.com\/blog\/wp-content\/uploads\/2014\/09\/kthehen-romet-ne-kosove.jpg"}],"twitter_misc":{"Written by":"ulqini","Est. reading time":"1 minute"},"schema":{"@context":"https:\/\/schema.org","@graph":[{"@type":"WebSite","@id":"https:\/\/www.visit-ulcinj.com\/blog\/#website","url":"https:\/\/www.visit-ulcinj.com\/blog\/","name":"Lajme nga Ulqini","description":"Lajme,Vijesti,Ulqini,Ulqin,Crna Gora,Mali i Zi","potentialAction":[{"@type":"SearchAction","target":{"@type":"EntryPoint","urlTemplate":"https:\/\/www.visit-ulcinj.com\/blog\/?s={search_term_string}"},"query-input":"required name=search_term_string"}],"inLanguage":"en-US"},{"@type":"ImageObject","inLanguage":"en-US","@id":"https:\/\/www.visit-ulcinj.com\/blog\/2014\/09\/09\/kthehen-57-rome-nga-podgorica-ne-kosove\/#primaryimage","url":"https:\/\/www.visit-ulcinj.com\/blog\/wp-content\/uploads\/2014\/09\/kthehen-romet-ne-kosove.jpg","contentUrl":"https:\/\/www.visit-ulcinj.com\/blog\/wp-content\/uploads\/2014\/09\/kthehen-romet-ne-kosove.jpg","width":810,"height":608},{"@type":"WebPage","@id":"https:\/\/www.visit-ulcinj.com\/blog\/2014\/09\/09\/kthehen-57-rome-nga-podgorica-ne-kosove\/#webpage","url":"https:\/\/www.visit-ulcinj.com\/blog\/2014\/09\/09\/kthehen-57-rome-nga-podgorica-ne-kosove\/","name":"Kthehen 57 rom\u00eb nga Podgorica n\u00eb Kosov\u00eb - Lajme nga Ulqini","isPartOf":{"@id":"https:\/\/www.visit-ulcinj.com\/blog\/#website"},"primaryImageOfPage":{"@id":"https:\/\/www.visit-ulcinj.com\/blog\/2014\/09\/09\/kthehen-57-rome-nga-podgorica-ne-kosove\/#primaryimage"},"datePublished":"2014-09-09T18:10:37+00:00","dateModified":"2014-09-09T18:10:37+00:00","author":{"@id":"https:\/\/www.visit-ulcinj.com\/blog\/#\/schema\/person\/dcab619c614d3038751c63bc2aadc06d"},"description":"Nga Mali i Zi n\u00eb Kosov\u00eb dje vullnetarisht jan\u00eb kthyer 57 persona q\u00eb n\u00eb Podgoric\u00eb kishin ardhur n\u00eb vitin 1999. Personat rom\u00eb jan\u00eb p\u00ebrcjell\u00eb n\u00eb m\u00ebnyr\u00eb t\u00eb","breadcrumb":{"@id":"https:\/\/www.visit-ulcinj.com\/blog\/2014\/09\/09\/kthehen-57-rome-nga-podgorica-ne-kosove\/#breadcrumb"},"inLanguage":"en-US","potentialAction":[{"@type":"ReadAction","target":["https:\/\/www.visit-ulcinj.com\/blog\/2014\/09\/09\/kthehen-57-rome-nga-podgorica-ne-kosove\/"]}]},{"@type":"BreadcrumbList","@id":"https:\/\/www.visit-ulcinj.com\/blog\/2014\/09\/09\/kthehen-57-rome-nga-podgorica-ne-kosove\/#breadcrumb","itemListElement":[{"@type":"ListItem","position":1,"name":"Kthehen 57 rom\u00eb nga Podgorica n\u00eb Kosov\u00eb"}]},{"@type":"Person","@id":"https:\/\/www.visit-ulcinj.com\/blog\/#\/schema\/person\/dcab619c614d3038751c63bc2aadc06d","name":"ulqini","sameAs":["http:\/\/www.visit-ulcinj.com"],"url":"https:\/\/www.visit-ulcinj.com\/blog\/author\/admin\/"}]}},"jetpack_featured_media_url":"","jetpack_sharing_enabled":true,"jetpack_shortlink":"https:\/\/wp.me\/pe6lTn-m7X","_links":{"self":[{"href":"https:\/\/www.visit-ulcinj.com\/blog\/wp-json\/wp\/v2\/posts\/85061"}],"collection":[{"href":"https:\/\/www.visit-ulcinj.com\/blog\/wp-json\/wp\/v2\/posts"}],"about":[{"href":"https:\/\/www.visit-ulcinj.com\/blog\/wp-json\/wp\/v2\/types\/post"}],"author":[{"embeddable":true,"href":"https:\/\/www.visit-ulcinj.com\/blog\/wp-json\/wp\/v2\/users\/1"}],"replies":[{"embeddable":true,"href":"https:\/\/www.visit-ulcinj.com\/blog\/wp-json\/wp\/v2\/comments?post=85061"}],"version-history":[{"count":1,"href":"https:\/\/www.visit-ulcinj.com\/blog\/wp-json\/wp\/v2\/posts\/85061\/revisions"}],"predecessor-version":[{"id":85063,"href":"https:\/\/www.visit-ulcinj.com\/blog\/wp-json\/wp\/v2\/posts\/85061\/revisions\/85063"}],"wp:attachment":[{"href":"https:\/\/www.visit-ulcinj.com\/blog\/wp-json\/wp\/v2\/media?parent=85061"}],"wp:term":[{"taxonomy":"category","embeddable":true,"href":"https:\/\/www.visit-ulcinj.com\/blog\/wp-json\/wp\/v2\/categories?post=85061"},{"taxonomy":"post_tag","embeddable":true,"href":"https:\/\/www.visit-ulcinj.com\/blog\/wp-json\/wp\/v2\/tags?post=85061"}],"curies":[{"name":"wp","href":"https:\/\/api.w.org\/{rel}","templated":true}]}}