{"id":85064,"date":"2014-09-10T08:42:17","date_gmt":"2014-09-10T07:42:17","guid":{"rendered":"http:\/\/www.visit-ulcinj.com\/blog\/?p=85064"},"modified":"2017-08-21T18:54:26","modified_gmt":"2017-08-21T17:54:26","slug":"ulqini-ka-tejkaluar-parashikimet-e-numrit-te-madh-te-turisteve","status":"publish","type":"post","link":"https:\/\/www.visit-ulcinj.com\/blog\/2014\/09\/10\/ulqini-ka-tejkaluar-parashikimet-e-numrit-te-madh-te-turisteve\/","title":{"rendered":"Ulqini ka tejkaluar parashikimet e numrit t\u00eb madh t\u00eb turist\u00ebve"},"content":{"rendered":"<p><a href=\"http:\/\/www.visit-ulcinj.com\/blog\/wp-content\/uploads\/2014\/09\/ULQINI-SOT-.jpg\"><img loading=\"lazy\" class=\"alignleft wp-image-85065\" src=\"http:\/\/www.visit-ulcinj.com\/blog\/wp-content\/uploads\/2014\/09\/ULQINI-SOT-.jpg\" alt=\"ULQINI-SOT-\" width=\"508\" height=\"339\" srcset=\"https:\/\/www.visit-ulcinj.com\/blog\/wp-content\/uploads\/2014\/09\/ULQINI-SOT-.jpg 1024w, https:\/\/www.visit-ulcinj.com\/blog\/wp-content\/uploads\/2014\/09\/ULQINI-SOT--300x200.jpg 300w\" sizes=\"(max-width: 508px) 100vw, 508px\" \/><\/a><strong>Nga Besim Toska<\/strong><\/p>\n<p>Pushimet n\u00eb Ulqin vazhdojn\u00eb ti kalojn\u00eb nj\u00eb num\u00ebr jo i vog\u00ebl i turist\u00ebve nga vende t\u00eb ndryshme.\u00a0 Sivjet kjo komun\u00eb e populluar me shumic\u00eb thuajse qind p\u00ebr qind shqiptare \u00a0n\u00eb Malin e Zi, sivjet kan\u00eb pasur nj\u00eb ver\u00eb t\u00eb begatshme nga turizmi q\u00eb e kan\u00eb edhe \u00a0pun\u00eb kryesore p\u00ebr jet\u00ebn.<\/p>\n<p>T\u00eb k\u00ebnaqur jan\u00eb ndar\u00eb thuajse t\u00eb gjith\u00eb ulqinak\u00ebt e m\u00eb gjer\u00eb, edhe pse sivjet koha ka qen\u00eb e p\u00ebrshkuar ehd eme reshje shiu dhe mujain e Ramazanit q\u00eb ishte gjat\u00eb ver\u00ebs. K\u00ebto nuk kan\u00eb qen\u00eb pneges\u00eb q\u00eb ulqinak\u00ebt t\u00eb kompen\u00ebsojn\u00eb dit\u00ebt e humbura nga Ramazani dhe shiu dhe gjat\u00eb muajit gusht kan\u00eb shnuar rezultate mjaft t\u00eb mira.<\/p>\n<p><a href=\"http:\/\/www.visit-ulcinj.com\/blog\/wp-content\/uploads\/2014\/03\/Isat-Dragovoja.jpg\"><img loading=\"lazy\" class=\"alignleft wp-image-81096\" src=\"http:\/\/www.visit-ulcinj.com\/blog\/wp-content\/uploads\/2014\/03\/Isat-Dragovoja.jpg\" alt=\"Isat-Dragovoja\" width=\"508\" height=\"377\" srcset=\"https:\/\/www.visit-ulcinj.com\/blog\/wp-content\/uploads\/2014\/03\/Isat-Dragovoja.jpg 525w, https:\/\/www.visit-ulcinj.com\/blog\/wp-content\/uploads\/2014\/03\/Isat-Dragovoja-300x222.jpg 300w\" sizes=\"(max-width: 508px) 100vw, 508px\" \/><\/a>Isat Dragovoja, menaxher i shitjes n\u00eb kompleksin hotelier publik \u201cRiviera e Ulqinit\u201d, tha p\u00ebr portalin \u201cToskanapress.info\u201dse\u00a0 sivjet kan\u00eb pasur nj\u00eb sezon\u00eb t\u00eb suksesshme turistike, edhe p\u00ebrkund\u00ebr se koha jo rrall\u00eb her\u00eb ka qen\u00eb me shi dhe po ashtu ishte edhe muaji i Ramazanit gjat\u00eb ver\u00ebs.<\/p>\n<p>Ai tregon se kan\u00eb pasur num\u00ebr t\u00eb madh turist\u00ebsh ku edhe disa her\u00eb kapacitetet kan\u00eb qen\u00eb t\u00eb gjitha t\u00eb mbushura dhe nuk ka pasur vende boshe.\u00a0 Kompleksi Reveiera e Ulqinit, ka pasur n\u00eb shfryt\u00ebzim k\u00ebt\u00eb sezon\u00eb mbi nj\u00eb mij\u00eb shtret\u00ebr n\u00eb tre hotele: Olimpik, Bellevue dhe vilat tek fshati turistik Ada e Bun\u00ebs.<\/p>\n<p>Isat Dragovoja, tregon p\u00ebr portalin \u201cToskanapress.info\u201d, se \u00e7mimet kan\u00eb qen\u00eb ato q\u00eb ishin viteve t\u00eb kaluara, nd\u00ebrsa \u00ebsht\u00eb rritur vet\u00ebm cil\u00ebsia e sh\u00ebrbimeve.<br \/>\nNd\u00ebrsa tregon se nga t\u00eb gjitha trevat shqiptare kan\u00eb pasur mysafir\u00eb, por numri m\u00eb i madh i turist\u00ebve ishin nga \u00c7ekia, Rusia, Gjermania e vende t\u00eb tjera.<\/p>\n<p>Luz Nikolla, pronar i plazhit e restorantit Toni grill, tha p\u00ebr portalin \u201cToskanapress.info\u201d se kan\u00eb pasur nj\u00eb ver\u00eb mjaft t\u00eb sukseshshme. Sipas tij numri i m\u00eb i madh i turist\u00ebve ka qen\u00eb nga Kosova t\u00eb cil\u00ebt \u00e7do vit pushojn\u00eb e ushqehen n\u00eb plazhin e restorantin Toni grill.<\/p>\n<p>Ai tregoi se \u00e7mimet n\u00eb k\u00ebt\u00eb plash e restorant ishin t\u00eb nj\u00ebjta me vitet e shkuara si dhe jan\u00eb t\u00eb nj\u00ebjta nga Kosova. Nd\u00ebrsa pushuesit kan\u00eb pasur mund\u00ebsi q\u00eb t\u00eb ken\u00eb kushtet adekuate dhe kulitetin\u00a0 lart\u00eb t\u00eb sh\u00ebrbimeve.<\/p>\n<p>Ali Resulbegu, pronar i kompleksit Eneida, tha p\u00ebr portalin \u201cToskanapress.info\u201d, sivjet\u00a0 puna ka ecur shum\u00eb mir\u00eb, pos gjat\u00eb muajit t\u00eb Ramazanit ka qen\u00eb m\u00eb dob\u00ebt. Kompkesi ka kat\u00ebrdhjet shtret\u00ebr\u00a0n\u00eb apartmente t\u00eb ndryshme.<\/p>\n<p>\u201c\u00c7mimet jan\u00eb t\u00eb arsyeshme p\u00ebr turist\u00ebt n\u00eb krahasim me kushtet dhe cil\u00ebsin\u00eb e lart\u00eb q\u00eb ofrohet. Meq\u00eb kemi num\u00ebr t\u00eb madh t\u00eb turist\u00ebve dhe kemi rezervime deri n\u00eb gjysm\u00ebn e shtatorit, mendojm\u00eb se \u00e7mimet jan\u00eb t\u00eb lira\u201d, tha Resulbegu.<\/p>\n<p>Sipas tij numri m\u00eb i madh i turist\u00ebve\u00a0 jan\u00eb nga Gjermania, Rusia, Austria, Danimarka, Belgjika, por nuk mungojn\u00eb edhe shqiptar\u00ebt nga diaspora dhe Kosova.<\/p>\n<p>&nbsp;<\/p>\n<p>Edhe Arben Truma, pronar i plazhit dhe restorantit Saranda beach, tregon p\u00ebr \u201cToskanapress.info\u201d se kan\u00eb pasur nj\u00eb sezon\u00eb t\u00eb begatshme<\/p>\n<p>\u201cSivjet kemi pasur turist\u00eb edhe m\u00eb shum\u00eb n\u00eb krahasim me vitin e kaluar\u201d, tha Truma. Sipas tijplazha dhe restoranti, edhe sivjet i kan\u00eb pasur \u00e7mimet m\u00eb t\u00eb lira n\u00eb rajon dhe t\u00eb cilat nuk ndryshojn\u00eb\u00a0gjat\u00eb t\u00ebr\u00eb vitit. Ky restorant punon n\u00ebn stop dhe jovet\u00ebm gjat\u00eb ver\u00ebs, por gjith\u00eb vitin. Numri m\u00eb i madh i turist\u00ebve edhe sivjet ishte ai nga Kosova.<\/p>\n<p><a href=\"http:\/\/www.visit-ulcinj.com\/blog\/wp-content\/uploads\/2014\/09\/Emina-Derveshi-OTU.jpg\"><img loading=\"lazy\" class=\"alignleft wp-image-85067\" src=\"http:\/\/www.visit-ulcinj.com\/blog\/wp-content\/uploads\/2014\/09\/Emina-Derveshi-OTU.jpg\" alt=\"Emina-Derveshi-OTU\" width=\"508\" height=\"381\" srcset=\"https:\/\/www.visit-ulcinj.com\/blog\/wp-content\/uploads\/2014\/09\/Emina-Derveshi-OTU.jpg 960w, https:\/\/www.visit-ulcinj.com\/blog\/wp-content\/uploads\/2014\/09\/Emina-Derveshi-OTU-300x225.jpg 300w\" sizes=\"(max-width: 508px) 100vw, 508px\" \/><\/a><\/p>\n<p>Emina Dervishi, nga Organizata Turistike e Ulqinit, tha p\u00ebr portalin \u201cToskanapress.info\u201d se me koh\u00eb kishin b\u00ebr\u00eb p\u00ebrpjekje t\u00eb m\u00ebdha q\u00eb edhe ky sezon t\u00eb jet\u00eb i suksessh\u00ebm.<\/p>\n<p>\u201cSezona turistike akoma po vazhdon edhe k\u00ebtyre dit\u00ebve\u00a0t\u00eb shtatorit ku ka nj\u00eb num\u00ebr t\u00eb konsideruesh\u00ebm t\u00eb turist\u00ebve nga\u00a0vendet evropiane dhe besojme q\u00eb n\u00ebse edhe koha t\u00eb jet\u00eb e mir\u00eb sezoni do\u00a0t\u00eb vazhdoj\u00eb deri n\u00eb dit\u00ebt e para t\u00eb tetorit\u201d, tha Dervishi.<\/p>\n<p>Zyrtarja e OTU-s\u00eb, tha se q\u00eb n\u00eb\u00a0p\u00ebgjith\u00ebsi jan\u00eb t\u00eb k\u00ebnaqur me k\u00ebt\u00eb sezon, ku gushti i ka\u00a0tejkaluar parashikimet e t\u00eb gjith\u00ebve dhe ka mbuluar at\u00eb shpraz\u00ebtir\u00ebn e\u00a0korrikut ku edhe ka mbizot\u00ebruar moti me shi.<\/p>\n<p>Struktura e turist\u00ebve viteve t\u00eb fundit po ndryshon gjithnj\u00eb dhe tani\u00a0p\u00ebrve\u00e7 turist\u00ebve nga Kosova ka nj\u00eb num\u00ebr t\u00eb madh edhe t\u00eb turist\u00ebve nga\u00a0Rusia, Gjermania, \u00c7ekia, Polonia, BiH dhe Serbija.<\/p>\n<p>\u201cNormalisht kosovar\u00ebt\u00a0nga diaspora nuk e harrojn\u00eb Ulqinin kurr\u00eb k\u00ebshtu q\u00eb numri m\u00eb i madh i\u00a0turist\u00ebve ishte pik\u00ebrisht i kosovar\u00ebve q\u00eb jetojn\u00eb jasht\u00eb kufij\u00ebve\u00a0shqip\u00ebtar, tha Emina Dervishi.<\/p>\n<p>Sipas saj edhe p\u00ebr Ulqinin Kosova \u00ebsht\u00eb nj\u00eb treg i r\u00ebnd\u00ebsish\u00ebm dhe\u00a0gjith\u00ebmon\u00eb mundohet q\u00eb promovimi i ofert\u00ebs n\u00eb k\u00ebt\u00eb vend t\u00eb jet\u00eb n\u00eb nj\u00eb nivel shum\u00eb t\u00eb lart\u00eb gjithnj\u00eb n\u00eb bashk\u00ebpunim me Komun\u00ebn e Ulqinit.<\/p>\n<p>Sa i p\u00ebrket numrit t\u00eb turist\u00ebve akoma nuk ka analizat p\u00ebrfundimtare\u00a0k\u00ebshtu q\u00eb nuk mund t\u00eb b\u00ebjm\u00eb krahasime me vitin e kaluar.<\/p>\n<p>Ulqini edhe viteve tjera i fton kosovar\u00ebt q\u00eb destinacion tyrin t\u00eb preferaur t\u00eb ken\u00eb Ulqinin.<\/p>\n<p>&nbsp;<\/p>\n<p><strong>Burimi: www.toskanapress.info<\/strong><\/p>\n","protected":false},"excerpt":{"rendered":"<p>Nga Besim Toska Pushimet n\u00eb Ulqin vazhdojn\u00eb ti kalojn\u00eb nj\u00eb num\u00ebr jo i vog\u00ebl i turist\u00ebve nga vende t\u00eb ndryshme.\u00a0 Sivjet kjo komun\u00eb e populluar me shumic\u00eb thuajse qind p\u00ebr qind shqiptare \u00a0n\u00eb Malin e Zi, sivjet kan\u00eb pasur nj\u00eb ver\u00eb t\u00eb begatshme nga turizmi q\u00eb e kan\u00eb edhe \u00a0pun\u00eb kryesore p\u00ebr jet\u00ebn. T\u00eb k\u00ebnaqur [&hellip;]<\/p>\n","protected":false},"author":1,"featured_media":0,"comment_status":"closed","ping_status":"closed","sticky":false,"template":"","format":"standard","meta":{"spay_email":"","jetpack_publicize_message":"","jetpack_is_tweetstorm":false,"jetpack_publicize_feature_enabled":true},"categories":[1,15],"tags":[],"jetpack_publicize_connections":[],"yoast_head":"<!-- This site is optimized with the Yoast SEO plugin v19.1 - https:\/\/yoast.com\/wordpress\/plugins\/seo\/ -->\n<title>Ulqini ka tejkaluar parashikimet e numrit t\u00eb madh t\u00eb turist\u00ebve - Lajme nga Ulqini<\/title>\n<meta name=\"description\" content=\"Nga Besim Toska Pushimet n\u00eb Ulqin vazhdojn\u00eb ti kalojn\u00eb nj\u00eb num\u00ebr jo i vog\u00ebl i turist\u00ebve nga vende t\u00eb ndryshme.\u00a0 Sivjet kjo komun\u00eb e populluar me shumic\u00eb\" \/>\n<meta name=\"robots\" content=\"index, follow, max-snippet:-1, max-image-preview:large, max-video-preview:-1\" \/>\n<link rel=\"canonical\" href=\"https:\/\/www.visit-ulcinj.com\/blog\/2014\/09\/10\/ulqini-ka-tejkaluar-parashikimet-e-numrit-te-madh-te-turisteve\/\" \/>\n<meta property=\"og:locale\" content=\"en_US\" \/>\n<meta property=\"og:type\" content=\"article\" \/>\n<meta property=\"og:title\" content=\"Ulqini ka tejkaluar parashikimet e numrit t\u00eb madh t\u00eb turist\u00ebve - Lajme nga Ulqini\" \/>\n<meta property=\"og:description\" content=\"Nga Besim Toska Pushimet n\u00eb Ulqin vazhdojn\u00eb ti kalojn\u00eb nj\u00eb num\u00ebr jo i vog\u00ebl i turist\u00ebve nga vende t\u00eb ndryshme.\u00a0 Sivjet kjo komun\u00eb e populluar me shumic\u00eb\" \/>\n<meta property=\"og:url\" content=\"https:\/\/www.visit-ulcinj.com\/blog\/2014\/09\/10\/ulqini-ka-tejkaluar-parashikimet-e-numrit-te-madh-te-turisteve\/\" \/>\n<meta property=\"og:site_name\" content=\"Lajme nga Ulqini\" \/>\n<meta property=\"article:published_time\" content=\"2014-09-10T07:42:17+00:00\" \/>\n<meta property=\"article:modified_time\" content=\"2017-08-21T17:54:26+00:00\" \/>\n<meta property=\"og:image\" content=\"http:\/\/www.visit-ulcinj.com\/blog\/wp-content\/uploads\/2014\/09\/ULQINI-SOT-.jpg\" \/>\n<meta name=\"twitter:label1\" content=\"Written by\" \/>\n\t<meta name=\"twitter:data1\" content=\"ulqini\" \/>\n\t<meta name=\"twitter:label2\" content=\"Est. reading time\" \/>\n\t<meta name=\"twitter:data2\" content=\"4 minutes\" \/>\n<script type=\"application\/ld+json\" class=\"yoast-schema-graph\">{\"@context\":\"https:\/\/schema.org\",\"@graph\":[{\"@type\":\"WebSite\",\"@id\":\"https:\/\/www.visit-ulcinj.com\/blog\/#website\",\"url\":\"https:\/\/www.visit-ulcinj.com\/blog\/\",\"name\":\"Lajme nga Ulqini\",\"description\":\"Lajme,Vijesti,Ulqini,Ulqin,Crna Gora,Mali i Zi\",\"potentialAction\":[{\"@type\":\"SearchAction\",\"target\":{\"@type\":\"EntryPoint\",\"urlTemplate\":\"https:\/\/www.visit-ulcinj.com\/blog\/?s={search_term_string}\"},\"query-input\":\"required name=search_term_string\"}],\"inLanguage\":\"en-US\"},{\"@type\":\"ImageObject\",\"inLanguage\":\"en-US\",\"@id\":\"https:\/\/www.visit-ulcinj.com\/blog\/2014\/09\/10\/ulqini-ka-tejkaluar-parashikimet-e-numrit-te-madh-te-turisteve\/#primaryimage\",\"url\":\"https:\/\/www.visit-ulcinj.com\/blog\/wp-content\/uploads\/2014\/09\/ULQINI-SOT-.jpg\",\"contentUrl\":\"https:\/\/www.visit-ulcinj.com\/blog\/wp-content\/uploads\/2014\/09\/ULQINI-SOT-.jpg\",\"width\":1024,\"height\":683},{\"@type\":\"WebPage\",\"@id\":\"https:\/\/www.visit-ulcinj.com\/blog\/2014\/09\/10\/ulqini-ka-tejkaluar-parashikimet-e-numrit-te-madh-te-turisteve\/#webpage\",\"url\":\"https:\/\/www.visit-ulcinj.com\/blog\/2014\/09\/10\/ulqini-ka-tejkaluar-parashikimet-e-numrit-te-madh-te-turisteve\/\",\"name\":\"Ulqini ka tejkaluar parashikimet e numrit t\u00eb madh t\u00eb turist\u00ebve - Lajme nga Ulqini\",\"isPartOf\":{\"@id\":\"https:\/\/www.visit-ulcinj.com\/blog\/#website\"},\"primaryImageOfPage\":{\"@id\":\"https:\/\/www.visit-ulcinj.com\/blog\/2014\/09\/10\/ulqini-ka-tejkaluar-parashikimet-e-numrit-te-madh-te-turisteve\/#primaryimage\"},\"datePublished\":\"2014-09-10T07:42:17+00:00\",\"dateModified\":\"2017-08-21T17:54:26+00:00\",\"author\":{\"@id\":\"https:\/\/www.visit-ulcinj.com\/blog\/#\/schema\/person\/dcab619c614d3038751c63bc2aadc06d\"},\"description\":\"Nga Besim Toska Pushimet n\u00eb Ulqin vazhdojn\u00eb ti kalojn\u00eb nj\u00eb num\u00ebr jo i vog\u00ebl i turist\u00ebve nga vende t\u00eb ndryshme.\u00a0 Sivjet kjo komun\u00eb e populluar me shumic\u00eb\",\"breadcrumb\":{\"@id\":\"https:\/\/www.visit-ulcinj.com\/blog\/2014\/09\/10\/ulqini-ka-tejkaluar-parashikimet-e-numrit-te-madh-te-turisteve\/#breadcrumb\"},\"inLanguage\":\"en-US\",\"potentialAction\":[{\"@type\":\"ReadAction\",\"target\":[\"https:\/\/www.visit-ulcinj.com\/blog\/2014\/09\/10\/ulqini-ka-tejkaluar-parashikimet-e-numrit-te-madh-te-turisteve\/\"]}]},{\"@type\":\"BreadcrumbList\",\"@id\":\"https:\/\/www.visit-ulcinj.com\/blog\/2014\/09\/10\/ulqini-ka-tejkaluar-parashikimet-e-numrit-te-madh-te-turisteve\/#breadcrumb\",\"itemListElement\":[{\"@type\":\"ListItem\",\"position\":1,\"name\":\"Ulqini ka tejkaluar parashikimet e numrit t\u00eb madh t\u00eb turist\u00ebve\"}]},{\"@type\":\"Person\",\"@id\":\"https:\/\/www.visit-ulcinj.com\/blog\/#\/schema\/person\/dcab619c614d3038751c63bc2aadc06d\",\"name\":\"ulqini\",\"sameAs\":[\"http:\/\/www.visit-ulcinj.com\"],\"url\":\"https:\/\/www.visit-ulcinj.com\/blog\/author\/admin\/\"}]}<\/script>\n<!-- \/ Yoast SEO plugin. -->","yoast_head_json":{"title":"Ulqini ka tejkaluar parashikimet e numrit t\u00eb madh t\u00eb turist\u00ebve - Lajme nga Ulqini","description":"Nga Besim Toska Pushimet n\u00eb Ulqin vazhdojn\u00eb ti kalojn\u00eb nj\u00eb num\u00ebr jo i vog\u00ebl i turist\u00ebve nga vende t\u00eb ndryshme.\u00a0 Sivjet kjo komun\u00eb e populluar me shumic\u00eb","robots":{"index":"index","follow":"follow","max-snippet":"max-snippet:-1","max-image-preview":"max-image-preview:large","max-video-preview":"max-video-preview:-1"},"canonical":"https:\/\/www.visit-ulcinj.com\/blog\/2014\/09\/10\/ulqini-ka-tejkaluar-parashikimet-e-numrit-te-madh-te-turisteve\/","og_locale":"en_US","og_type":"article","og_title":"Ulqini ka tejkaluar parashikimet e numrit t\u00eb madh t\u00eb turist\u00ebve - Lajme nga Ulqini","og_description":"Nga Besim Toska Pushimet n\u00eb Ulqin vazhdojn\u00eb ti kalojn\u00eb nj\u00eb num\u00ebr jo i vog\u00ebl i turist\u00ebve nga vende t\u00eb ndryshme.\u00a0 Sivjet kjo komun\u00eb e populluar me shumic\u00eb","og_url":"https:\/\/www.visit-ulcinj.com\/blog\/2014\/09\/10\/ulqini-ka-tejkaluar-parashikimet-e-numrit-te-madh-te-turisteve\/","og_site_name":"Lajme nga Ulqini","article_published_time":"2014-09-10T07:42:17+00:00","article_modified_time":"2017-08-21T17:54:26+00:00","og_image":[{"url":"http:\/\/www.visit-ulcinj.com\/blog\/wp-content\/uploads\/2014\/09\/ULQINI-SOT-.jpg"}],"twitter_misc":{"Written by":"ulqini","Est. reading time":"4 minutes"},"schema":{"@context":"https:\/\/schema.org","@graph":[{"@type":"WebSite","@id":"https:\/\/www.visit-ulcinj.com\/blog\/#website","url":"https:\/\/www.visit-ulcinj.com\/blog\/","name":"Lajme nga Ulqini","description":"Lajme,Vijesti,Ulqini,Ulqin,Crna Gora,Mali i Zi","potentialAction":[{"@type":"SearchAction","target":{"@type":"EntryPoint","urlTemplate":"https:\/\/www.visit-ulcinj.com\/blog\/?s={search_term_string}"},"query-input":"required name=search_term_string"}],"inLanguage":"en-US"},{"@type":"ImageObject","inLanguage":"en-US","@id":"https:\/\/www.visit-ulcinj.com\/blog\/2014\/09\/10\/ulqini-ka-tejkaluar-parashikimet-e-numrit-te-madh-te-turisteve\/#primaryimage","url":"https:\/\/www.visit-ulcinj.com\/blog\/wp-content\/uploads\/2014\/09\/ULQINI-SOT-.jpg","contentUrl":"https:\/\/www.visit-ulcinj.com\/blog\/wp-content\/uploads\/2014\/09\/ULQINI-SOT-.jpg","width":1024,"height":683},{"@type":"WebPage","@id":"https:\/\/www.visit-ulcinj.com\/blog\/2014\/09\/10\/ulqini-ka-tejkaluar-parashikimet-e-numrit-te-madh-te-turisteve\/#webpage","url":"https:\/\/www.visit-ulcinj.com\/blog\/2014\/09\/10\/ulqini-ka-tejkaluar-parashikimet-e-numrit-te-madh-te-turisteve\/","name":"Ulqini ka tejkaluar parashikimet e numrit t\u00eb madh t\u00eb turist\u00ebve - Lajme nga Ulqini","isPartOf":{"@id":"https:\/\/www.visit-ulcinj.com\/blog\/#website"},"primaryImageOfPage":{"@id":"https:\/\/www.visit-ulcinj.com\/blog\/2014\/09\/10\/ulqini-ka-tejkaluar-parashikimet-e-numrit-te-madh-te-turisteve\/#primaryimage"},"datePublished":"2014-09-10T07:42:17+00:00","dateModified":"2017-08-21T17:54:26+00:00","author":{"@id":"https:\/\/www.visit-ulcinj.com\/blog\/#\/schema\/person\/dcab619c614d3038751c63bc2aadc06d"},"description":"Nga Besim Toska Pushimet n\u00eb Ulqin vazhdojn\u00eb ti kalojn\u00eb nj\u00eb num\u00ebr jo i vog\u00ebl i turist\u00ebve nga vende t\u00eb ndryshme.\u00a0 Sivjet kjo komun\u00eb e populluar me shumic\u00eb","breadcrumb":{"@id":"https:\/\/www.visit-ulcinj.com\/blog\/2014\/09\/10\/ulqini-ka-tejkaluar-parashikimet-e-numrit-te-madh-te-turisteve\/#breadcrumb"},"inLanguage":"en-US","potentialAction":[{"@type":"ReadAction","target":["https:\/\/www.visit-ulcinj.com\/blog\/2014\/09\/10\/ulqini-ka-tejkaluar-parashikimet-e-numrit-te-madh-te-turisteve\/"]}]},{"@type":"BreadcrumbList","@id":"https:\/\/www.visit-ulcinj.com\/blog\/2014\/09\/10\/ulqini-ka-tejkaluar-parashikimet-e-numrit-te-madh-te-turisteve\/#breadcrumb","itemListElement":[{"@type":"ListItem","position":1,"name":"Ulqini ka tejkaluar parashikimet e numrit t\u00eb madh t\u00eb turist\u00ebve"}]},{"@type":"Person","@id":"https:\/\/www.visit-ulcinj.com\/blog\/#\/schema\/person\/dcab619c614d3038751c63bc2aadc06d","name":"ulqini","sameAs":["http:\/\/www.visit-ulcinj.com"],"url":"https:\/\/www.visit-ulcinj.com\/blog\/author\/admin\/"}]}},"jetpack_featured_media_url":"","jetpack_sharing_enabled":true,"jetpack_shortlink":"https:\/\/wp.me\/pe6lTn-m80","_links":{"self":[{"href":"https:\/\/www.visit-ulcinj.com\/blog\/wp-json\/wp\/v2\/posts\/85064"}],"collection":[{"href":"https:\/\/www.visit-ulcinj.com\/blog\/wp-json\/wp\/v2\/posts"}],"about":[{"href":"https:\/\/www.visit-ulcinj.com\/blog\/wp-json\/wp\/v2\/types\/post"}],"author":[{"embeddable":true,"href":"https:\/\/www.visit-ulcinj.com\/blog\/wp-json\/wp\/v2\/users\/1"}],"replies":[{"embeddable":true,"href":"https:\/\/www.visit-ulcinj.com\/blog\/wp-json\/wp\/v2\/comments?post=85064"}],"version-history":[{"count":4,"href":"https:\/\/www.visit-ulcinj.com\/blog\/wp-json\/wp\/v2\/posts\/85064\/revisions"}],"predecessor-version":[{"id":106482,"href":"https:\/\/www.visit-ulcinj.com\/blog\/wp-json\/wp\/v2\/posts\/85064\/revisions\/106482"}],"wp:attachment":[{"href":"https:\/\/www.visit-ulcinj.com\/blog\/wp-json\/wp\/v2\/media?parent=85064"}],"wp:term":[{"taxonomy":"category","embeddable":true,"href":"https:\/\/www.visit-ulcinj.com\/blog\/wp-json\/wp\/v2\/categories?post=85064"},{"taxonomy":"post_tag","embeddable":true,"href":"https:\/\/www.visit-ulcinj.com\/blog\/wp-json\/wp\/v2\/tags?post=85064"}],"curies":[{"name":"wp","href":"https:\/\/api.w.org\/{rel}","templated":true}]}}