{"id":85071,"date":"2014-09-10T09:12:42","date_gmt":"2014-09-10T08:12:42","guid":{"rendered":"http:\/\/www.visit-ulcinj.com\/blog\/?p=85071"},"modified":"2014-09-10T09:14:28","modified_gmt":"2014-09-10T08:14:28","slug":"ekoloska-bomba-ulcinja-port-milena","status":"publish","type":"post","link":"https:\/\/www.visit-ulcinj.com\/blog\/2014\/09\/10\/ekoloska-bomba-ulcinja-port-milena\/","title":{"rendered":"Ekolo\u0161ka bomba Ulcinja &#8221; Port Milena&#8221;"},"content":{"rendered":"<p><a href=\"http:\/\/www.visit-ulcinj.com\/blog\/wp-content\/uploads\/2014\/09\/Ekoloska-bomba-Ulcinja-Port-Milena.jpg\"><img loading=\"lazy\" class=\"alignleft wp-image-85072\" src=\"http:\/\/www.visit-ulcinj.com\/blog\/wp-content\/uploads\/2014\/09\/Ekoloska-bomba-Ulcinja-Port-Milena.jpg\" alt=\"Ekoloska bomba Ulcinja-Port-Milena\" width=\"508\" height=\"381\" srcset=\"https:\/\/www.visit-ulcinj.com\/blog\/wp-content\/uploads\/2014\/09\/Ekoloska-bomba-Ulcinja-Port-Milena.jpg 960w, https:\/\/www.visit-ulcinj.com\/blog\/wp-content\/uploads\/2014\/09\/Ekoloska-bomba-Ulcinja-Port-Milena-300x225.jpg 300w\" sizes=\"(max-width: 508px) 100vw, 508px\" \/><\/a>&#8220;Portomilena&#8221; je danas &#8220;ekolo\u0161ka bomba&#8221; Ulcinja, neko ka\u017ee i Crne Gore. Ja se ne sla\u017eem sa tom konstatacijom, zbog toga \u0161to Crna Gora ne brine mnogo o Portamileni, bez obzira \u0161to ona nosi tako zvu\u010dno ime. Izgleda da je u glavama lokalnih i Republi\u010dkih mo\u0107nika sazrela ideja da je dobro Portamilenu i Solanu &#8220;vratiti &#8220;prirodi. Na tome se ve\u0107 uveliko radi, Sollana izgleda kao da ju je neko &#8220;bombardovao&#8221;, sve je oplja\u010dkano, poru\u0161eno i napu\u0161teno, pumpe, uklju\u010diju\u0107i i ou glavnu na rtu od \u0110erana namjerno isklju\u010dene i uni\u0161tene, tako da su bazeni ve\u0107 puni vode, i sve polako dobija svoj prvobitni izgled.<\/p>\n<p><a href=\"http:\/\/www.visit-ulcinj.com\/blog\/wp-content\/uploads\/2014\/09\/Ekoloska-bomba-Ulcinja-Port-Milena-1.jpg\"><img loading=\"lazy\" class=\"alignleft wp-image-85073\" src=\"http:\/\/www.visit-ulcinj.com\/blog\/wp-content\/uploads\/2014\/09\/Ekoloska-bomba-Ulcinja-Port-Milena-1.jpg\" alt=\"Ekoloska bomba Ulcinja-Port-Milena-1\" width=\"508\" height=\"381\" srcset=\"https:\/\/www.visit-ulcinj.com\/blog\/wp-content\/uploads\/2014\/09\/Ekoloska-bomba-Ulcinja-Port-Milena-1.jpg 960w, https:\/\/www.visit-ulcinj.com\/blog\/wp-content\/uploads\/2014\/09\/Ekoloska-bomba-Ulcinja-Port-Milena-1-300x225.jpg 300w\" sizes=\"(max-width: 508px) 100vw, 508px\" \/><\/a><\/p>\n<p>A prvobitni izgled je bio jo\u0161 davne 1885 god. kada je po naredbi Knjaza i Gospodara Crne Gore, ruski in\u017einjer Varman prokopao kanal koji je narod iz milo\u0161te dao ime Milena, po Kneginji Mileni. Naravno, Knjaz je bi pametan i znao je zbog \u010dega je dao tu ideju i taj nalog. \u017delio je da tu bude \u017eitnica Crne Gore, me\u0111utim, Varman nije znao da je taj sistem kripto depresija, pa je slana voda doprla u kanal. Ali ta slana voda je imala drugu prednost, uni\u0161tila je komarce, dok je u njega doprla \u010dista morska voda, bogata ribom, po kojemu je kanal dugo bio poznat i prepoznat. Kasnije izgradnjom Solane, kanalom se transportovala so do Rta od \u0110erane, malom dresinom.<\/p>\n<p><a href=\"http:\/\/www.visit-ulcinj.com\/blog\/wp-content\/uploads\/2010\/12\/PORT-MILENA-\u2013-Ekoloska-Bomba-Ulcinja-i-Crne-Gore.4.jpg\"><img loading=\"lazy\" class=\"alignleft wp-image-41698\" src=\"http:\/\/www.visit-ulcinj.com\/blog\/wp-content\/uploads\/2010\/12\/PORT-MILENA-\u2013-Ekoloska-Bomba-Ulcinja-i-Crne-Gore.4.jpg\" alt=\"PORT MILENA \u2013 Ekoloska Bomba Ulcinja i Crne Gore.4\" width=\"508\" height=\"381\" srcset=\"https:\/\/www.visit-ulcinj.com\/blog\/wp-content\/uploads\/2010\/12\/PORT-MILENA-\u2013-Ekoloska-Bomba-Ulcinja-i-Crne-Gore.4.jpg 720w, https:\/\/www.visit-ulcinj.com\/blog\/wp-content\/uploads\/2010\/12\/PORT-MILENA-\u2013-Ekoloska-Bomba-Ulcinja-i-Crne-Gore.4-300x225.jpg 300w\" sizes=\"(max-width: 508px) 100vw, 508px\" \/><\/a><\/p>\n<p>Danas je Portamilena toliko zaga\u0111ena, kanalizacjom, otpadnim vodama i raznim tvrdim materijalima, uljima i sli\u010dno, tako da mi, koji smo ponekad prinu\u0111eni da tu ve\u017eemo \u010damce kada je nevrijeme, se te\u0161ko odlu\u010dujeo da je zagazimo. Morate imati potpuno zdrave ekstremitete da bi ste odvezali \u010damac i krenuli prema moru, u protivnom postoji mogu\u0107nost infekcije oboljenja. Tako vam danas izgleda mjesto, po kojemu je Ulcinj bio prepoznatliv, jer je u ovom dijelu bio i jedan veliki restoran &#8220;Kalimera&#8221;, kao i bezbroj malih ribarskih ku\u0107ica nazvanih &#8220;Kalimere&#8221; sa kojih je lovljena riba. Sada tu nema vi\u0161e ni\u010dega, ostala je po neka mala ku\u0107ica, kao sje\u0107anje na onaj turizam iz zlatnih vremena, i jedan ekosistem koji se polako pretvara u &#8220;Ekolo\u0161ku bombu&#8221; u &#8220;Ekolo\u0161koj dr\u017eavi&#8221;&#8230;<\/p>\n<p><strong><a id=\"js_205\" href=\"https:\/\/www.facebook.com\/ismet.karamanaga?fref=photo\" data-hovercard=\"\/ajax\/hovercard\/user.php?id=1359492972\">Ismet Karamanaga <\/a>Facebook<\/strong><\/p>\n","protected":false},"excerpt":{"rendered":"<p>&#8220;Portomilena&#8221; je danas &#8220;ekolo\u0161ka bomba&#8221; Ulcinja, neko ka\u017ee i Crne Gore. Ja se ne sla\u017eem sa tom konstatacijom, zbog toga \u0161to Crna Gora ne brine mnogo o Portamileni, bez obzira \u0161to ona nosi tako zvu\u010dno ime. Izgleda da je u glavama lokalnih i Republi\u010dkih mo\u0107nika sazrela ideja da je dobro Portamilenu i Solanu &#8220;vratiti &#8220;prirodi. [&hellip;]<\/p>\n","protected":false},"author":1,"featured_media":0,"comment_status":"closed","ping_status":"closed","sticky":false,"template":"","format":"standard","meta":{"spay_email":"","jetpack_publicize_message":"","jetpack_is_tweetstorm":false,"jetpack_publicize_feature_enabled":true},"categories":[8337],"tags":[],"jetpack_publicize_connections":[],"yoast_head":"<!-- This site is optimized with the Yoast SEO plugin v19.1 - https:\/\/yoast.com\/wordpress\/plugins\/seo\/ -->\n<title>Ekolo\u0161ka bomba Ulcinja &quot; Port Milena&quot; - Lajme nga Ulqini<\/title>\n<meta name=\"description\" content=\"&quot;Portomilena&quot; je danas &quot;ekolo\u0161ka bomba&quot; Ulcinja, neko ka\u017ee i Crne Gore. Ja se ne sla\u017eem sa tom konstatacijom, zbog toga \u0161to Crna Gora ne brine mnogo o\" \/>\n<meta name=\"robots\" content=\"index, follow, max-snippet:-1, max-image-preview:large, max-video-preview:-1\" \/>\n<link rel=\"canonical\" href=\"https:\/\/www.visit-ulcinj.com\/blog\/2014\/09\/10\/ekoloska-bomba-ulcinja-port-milena\/\" \/>\n<meta property=\"og:locale\" content=\"en_US\" \/>\n<meta property=\"og:type\" content=\"article\" \/>\n<meta property=\"og:title\" content=\"Ekolo\u0161ka bomba Ulcinja &quot; Port Milena&quot; - Lajme nga Ulqini\" \/>\n<meta property=\"og:description\" content=\"&quot;Portomilena&quot; je danas &quot;ekolo\u0161ka bomba&quot; Ulcinja, neko ka\u017ee i Crne Gore. Ja se ne sla\u017eem sa tom konstatacijom, zbog toga \u0161to Crna Gora ne brine mnogo o\" \/>\n<meta property=\"og:url\" content=\"https:\/\/www.visit-ulcinj.com\/blog\/2014\/09\/10\/ekoloska-bomba-ulcinja-port-milena\/\" \/>\n<meta property=\"og:site_name\" content=\"Lajme nga Ulqini\" \/>\n<meta property=\"article:published_time\" content=\"2014-09-10T08:12:42+00:00\" \/>\n<meta property=\"article:modified_time\" content=\"2014-09-10T08:14:28+00:00\" \/>\n<meta property=\"og:image\" content=\"http:\/\/www.visit-ulcinj.com\/blog\/wp-content\/uploads\/2014\/09\/Ekoloska-bomba-Ulcinja-Port-Milena.jpg\" \/>\n<meta name=\"twitter:label1\" content=\"Written by\" \/>\n\t<meta name=\"twitter:data1\" content=\"ulqini\" \/>\n\t<meta name=\"twitter:label2\" content=\"Est. reading time\" \/>\n\t<meta name=\"twitter:data2\" content=\"2 minutes\" \/>\n<script type=\"application\/ld+json\" class=\"yoast-schema-graph\">{\"@context\":\"https:\/\/schema.org\",\"@graph\":[{\"@type\":\"WebSite\",\"@id\":\"https:\/\/www.visit-ulcinj.com\/blog\/#website\",\"url\":\"https:\/\/www.visit-ulcinj.com\/blog\/\",\"name\":\"Lajme nga Ulqini\",\"description\":\"Lajme,Vijesti,Ulqini,Ulqin,Crna Gora,Mali i Zi\",\"potentialAction\":[{\"@type\":\"SearchAction\",\"target\":{\"@type\":\"EntryPoint\",\"urlTemplate\":\"https:\/\/www.visit-ulcinj.com\/blog\/?s={search_term_string}\"},\"query-input\":\"required name=search_term_string\"}],\"inLanguage\":\"en-US\"},{\"@type\":\"ImageObject\",\"inLanguage\":\"en-US\",\"@id\":\"https:\/\/www.visit-ulcinj.com\/blog\/2014\/09\/10\/ekoloska-bomba-ulcinja-port-milena\/#primaryimage\",\"url\":\"https:\/\/www.visit-ulcinj.com\/blog\/wp-content\/uploads\/2014\/09\/Ekoloska-bomba-Ulcinja-Port-Milena.jpg\",\"contentUrl\":\"https:\/\/www.visit-ulcinj.com\/blog\/wp-content\/uploads\/2014\/09\/Ekoloska-bomba-Ulcinja-Port-Milena.jpg\",\"width\":960,\"height\":720},{\"@type\":\"WebPage\",\"@id\":\"https:\/\/www.visit-ulcinj.com\/blog\/2014\/09\/10\/ekoloska-bomba-ulcinja-port-milena\/#webpage\",\"url\":\"https:\/\/www.visit-ulcinj.com\/blog\/2014\/09\/10\/ekoloska-bomba-ulcinja-port-milena\/\",\"name\":\"Ekolo\u0161ka bomba Ulcinja \\\" Port Milena\\\" - Lajme nga Ulqini\",\"isPartOf\":{\"@id\":\"https:\/\/www.visit-ulcinj.com\/blog\/#website\"},\"primaryImageOfPage\":{\"@id\":\"https:\/\/www.visit-ulcinj.com\/blog\/2014\/09\/10\/ekoloska-bomba-ulcinja-port-milena\/#primaryimage\"},\"datePublished\":\"2014-09-10T08:12:42+00:00\",\"dateModified\":\"2014-09-10T08:14:28+00:00\",\"author\":{\"@id\":\"https:\/\/www.visit-ulcinj.com\/blog\/#\/schema\/person\/dcab619c614d3038751c63bc2aadc06d\"},\"description\":\"\\\"Portomilena\\\" je danas \\\"ekolo\u0161ka bomba\\\" Ulcinja, neko ka\u017ee i Crne Gore. Ja se ne sla\u017eem sa tom konstatacijom, zbog toga \u0161to Crna Gora ne brine mnogo o\",\"breadcrumb\":{\"@id\":\"https:\/\/www.visit-ulcinj.com\/blog\/2014\/09\/10\/ekoloska-bomba-ulcinja-port-milena\/#breadcrumb\"},\"inLanguage\":\"en-US\",\"potentialAction\":[{\"@type\":\"ReadAction\",\"target\":[\"https:\/\/www.visit-ulcinj.com\/blog\/2014\/09\/10\/ekoloska-bomba-ulcinja-port-milena\/\"]}]},{\"@type\":\"BreadcrumbList\",\"@id\":\"https:\/\/www.visit-ulcinj.com\/blog\/2014\/09\/10\/ekoloska-bomba-ulcinja-port-milena\/#breadcrumb\",\"itemListElement\":[{\"@type\":\"ListItem\",\"position\":1,\"name\":\"Ekolo\u0161ka bomba Ulcinja &#8221; Port Milena&#8221;\"}]},{\"@type\":\"Person\",\"@id\":\"https:\/\/www.visit-ulcinj.com\/blog\/#\/schema\/person\/dcab619c614d3038751c63bc2aadc06d\",\"name\":\"ulqini\",\"sameAs\":[\"http:\/\/www.visit-ulcinj.com\"],\"url\":\"https:\/\/www.visit-ulcinj.com\/blog\/author\/admin\/\"}]}<\/script>\n<!-- \/ Yoast SEO plugin. -->","yoast_head_json":{"title":"Ekolo\u0161ka bomba Ulcinja \" Port Milena\" - Lajme nga Ulqini","description":"\"Portomilena\" je danas \"ekolo\u0161ka bomba\" Ulcinja, neko ka\u017ee i Crne Gore. Ja se ne sla\u017eem sa tom konstatacijom, zbog toga \u0161to Crna Gora ne brine mnogo o","robots":{"index":"index","follow":"follow","max-snippet":"max-snippet:-1","max-image-preview":"max-image-preview:large","max-video-preview":"max-video-preview:-1"},"canonical":"https:\/\/www.visit-ulcinj.com\/blog\/2014\/09\/10\/ekoloska-bomba-ulcinja-port-milena\/","og_locale":"en_US","og_type":"article","og_title":"Ekolo\u0161ka bomba Ulcinja \" Port Milena\" - Lajme nga Ulqini","og_description":"\"Portomilena\" je danas \"ekolo\u0161ka bomba\" Ulcinja, neko ka\u017ee i Crne Gore. Ja se ne sla\u017eem sa tom konstatacijom, zbog toga \u0161to Crna Gora ne brine mnogo o","og_url":"https:\/\/www.visit-ulcinj.com\/blog\/2014\/09\/10\/ekoloska-bomba-ulcinja-port-milena\/","og_site_name":"Lajme nga Ulqini","article_published_time":"2014-09-10T08:12:42+00:00","article_modified_time":"2014-09-10T08:14:28+00:00","og_image":[{"url":"http:\/\/www.visit-ulcinj.com\/blog\/wp-content\/uploads\/2014\/09\/Ekoloska-bomba-Ulcinja-Port-Milena.jpg"}],"twitter_misc":{"Written by":"ulqini","Est. reading time":"2 minutes"},"schema":{"@context":"https:\/\/schema.org","@graph":[{"@type":"WebSite","@id":"https:\/\/www.visit-ulcinj.com\/blog\/#website","url":"https:\/\/www.visit-ulcinj.com\/blog\/","name":"Lajme nga Ulqini","description":"Lajme,Vijesti,Ulqini,Ulqin,Crna Gora,Mali i Zi","potentialAction":[{"@type":"SearchAction","target":{"@type":"EntryPoint","urlTemplate":"https:\/\/www.visit-ulcinj.com\/blog\/?s={search_term_string}"},"query-input":"required name=search_term_string"}],"inLanguage":"en-US"},{"@type":"ImageObject","inLanguage":"en-US","@id":"https:\/\/www.visit-ulcinj.com\/blog\/2014\/09\/10\/ekoloska-bomba-ulcinja-port-milena\/#primaryimage","url":"https:\/\/www.visit-ulcinj.com\/blog\/wp-content\/uploads\/2014\/09\/Ekoloska-bomba-Ulcinja-Port-Milena.jpg","contentUrl":"https:\/\/www.visit-ulcinj.com\/blog\/wp-content\/uploads\/2014\/09\/Ekoloska-bomba-Ulcinja-Port-Milena.jpg","width":960,"height":720},{"@type":"WebPage","@id":"https:\/\/www.visit-ulcinj.com\/blog\/2014\/09\/10\/ekoloska-bomba-ulcinja-port-milena\/#webpage","url":"https:\/\/www.visit-ulcinj.com\/blog\/2014\/09\/10\/ekoloska-bomba-ulcinja-port-milena\/","name":"Ekolo\u0161ka bomba Ulcinja \" Port Milena\" - Lajme nga Ulqini","isPartOf":{"@id":"https:\/\/www.visit-ulcinj.com\/blog\/#website"},"primaryImageOfPage":{"@id":"https:\/\/www.visit-ulcinj.com\/blog\/2014\/09\/10\/ekoloska-bomba-ulcinja-port-milena\/#primaryimage"},"datePublished":"2014-09-10T08:12:42+00:00","dateModified":"2014-09-10T08:14:28+00:00","author":{"@id":"https:\/\/www.visit-ulcinj.com\/blog\/#\/schema\/person\/dcab619c614d3038751c63bc2aadc06d"},"description":"\"Portomilena\" je danas \"ekolo\u0161ka bomba\" Ulcinja, neko ka\u017ee i Crne Gore. Ja se ne sla\u017eem sa tom konstatacijom, zbog toga \u0161to Crna Gora ne brine mnogo o","breadcrumb":{"@id":"https:\/\/www.visit-ulcinj.com\/blog\/2014\/09\/10\/ekoloska-bomba-ulcinja-port-milena\/#breadcrumb"},"inLanguage":"en-US","potentialAction":[{"@type":"ReadAction","target":["https:\/\/www.visit-ulcinj.com\/blog\/2014\/09\/10\/ekoloska-bomba-ulcinja-port-milena\/"]}]},{"@type":"BreadcrumbList","@id":"https:\/\/www.visit-ulcinj.com\/blog\/2014\/09\/10\/ekoloska-bomba-ulcinja-port-milena\/#breadcrumb","itemListElement":[{"@type":"ListItem","position":1,"name":"Ekolo\u0161ka bomba Ulcinja &#8221; Port Milena&#8221;"}]},{"@type":"Person","@id":"https:\/\/www.visit-ulcinj.com\/blog\/#\/schema\/person\/dcab619c614d3038751c63bc2aadc06d","name":"ulqini","sameAs":["http:\/\/www.visit-ulcinj.com"],"url":"https:\/\/www.visit-ulcinj.com\/blog\/author\/admin\/"}]}},"jetpack_featured_media_url":"","jetpack_sharing_enabled":true,"jetpack_shortlink":"https:\/\/wp.me\/pe6lTn-m87","_links":{"self":[{"href":"https:\/\/www.visit-ulcinj.com\/blog\/wp-json\/wp\/v2\/posts\/85071"}],"collection":[{"href":"https:\/\/www.visit-ulcinj.com\/blog\/wp-json\/wp\/v2\/posts"}],"about":[{"href":"https:\/\/www.visit-ulcinj.com\/blog\/wp-json\/wp\/v2\/types\/post"}],"author":[{"embeddable":true,"href":"https:\/\/www.visit-ulcinj.com\/blog\/wp-json\/wp\/v2\/users\/1"}],"replies":[{"embeddable":true,"href":"https:\/\/www.visit-ulcinj.com\/blog\/wp-json\/wp\/v2\/comments?post=85071"}],"version-history":[{"count":2,"href":"https:\/\/www.visit-ulcinj.com\/blog\/wp-json\/wp\/v2\/posts\/85071\/revisions"}],"predecessor-version":[{"id":85075,"href":"https:\/\/www.visit-ulcinj.com\/blog\/wp-json\/wp\/v2\/posts\/85071\/revisions\/85075"}],"wp:attachment":[{"href":"https:\/\/www.visit-ulcinj.com\/blog\/wp-json\/wp\/v2\/media?parent=85071"}],"wp:term":[{"taxonomy":"category","embeddable":true,"href":"https:\/\/www.visit-ulcinj.com\/blog\/wp-json\/wp\/v2\/categories?post=85071"},{"taxonomy":"post_tag","embeddable":true,"href":"https:\/\/www.visit-ulcinj.com\/blog\/wp-json\/wp\/v2\/tags?post=85071"}],"curies":[{"name":"wp","href":"https:\/\/api.w.org\/{rel}","templated":true}]}}