{"id":85083,"date":"2014-09-10T11:36:42","date_gmt":"2014-09-10T10:36:42","guid":{"rendered":"http:\/\/www.visit-ulcinj.com\/blog\/?p=85083"},"modified":"2014-09-10T11:37:10","modified_gmt":"2014-09-10T10:37:10","slug":"shba-dergon-nje-shqiptar-nga-maqedonia-per-zvambasador-ne-podgorice","status":"publish","type":"post","link":"https:\/\/www.visit-ulcinj.com\/blog\/2014\/09\/10\/shba-dergon-nje-shqiptar-nga-maqedonia-per-zvambasador-ne-podgorice\/","title":{"rendered":"SHBA d\u00ebrgon nj\u00eb shqiptar nga Maqedonia p\u00ebr zv\/ambasador n\u00eb Podgoric\u00eb"},"content":{"rendered":"<p><a href=\"http:\/\/www.visit-ulcinj.com\/blog\/wp-content\/uploads\/2014\/09\/Bix-Aliu-zv-ambasador-n\u00eb-Podgorice.jpg\"><img loading=\"lazy\" class=\"alignleft wp-image-85084\" src=\"http:\/\/www.visit-ulcinj.com\/blog\/wp-content\/uploads\/2014\/09\/Bix-Aliu-zv-ambasador-n\u00eb-Podgorice.jpg\" alt=\"Bix-Aliu-zv-ambasador n\u00eb Podgorice\" width=\"508\" height=\"508\" \/><\/a>B. Bix Aliu, \u00ebsht\u00eb i pari dhe i vetmi deri tani &#8211; q\u00eb em\u00ebrohet n\u00eb detyr\u00ebn m\u00eb t\u00eb lart n\u00eb diplomacin\u00eb e Shteteve t\u00eb Bashkuara. Ai mori mandatin si Z\u00ebvend\u00ebs Shef i Misionit n\u00eb Ambasad\u00ebn e SHBA n\u00eb Podgoric\u00eb, Mali i Zi. Ai \u00ebsht\u00eb lindur dhe rritur n\u00eb \u00c7ikago, Illinois. Prind\u00ebrit e tij, jan\u00eb shqiptar\u00eb nga nj\u00eb prej trevave shqiptare Zajasi &#8211; K\u00ebr\u00e7ov\u00eb, n\u00eb Maqedoni, familje q\u00eb emigroi n\u00eb Shtetet e Bashkuara n\u00eb vitin 1960.<\/p>\n<p>B. Bix Aliu arriti n\u00eb Mal t\u00eb Zi p\u00ebr t\u00eb sh\u00ebrbyer si z\u00ebvend\u00ebsshef i Misionit t\u00eb Ambasad\u00ebs s\u00eb SHBA n\u00eb fund t\u00eb muajit gusht, 2014.<\/p>\n<p><a href=\"http:\/\/www.visit-ulcinj.com\/blog\/wp-content\/uploads\/2014\/09\/Bix-Aliu-zv-ambasador-n\u00eb-Podgorice-1.jpg\"><img loading=\"lazy\" class=\"alignleft wp-image-85085\" src=\"http:\/\/www.visit-ulcinj.com\/blog\/wp-content\/uploads\/2014\/09\/Bix-Aliu-zv-ambasador-n\u00eb-Podgorice-1.jpg\" alt=\"Bix-Aliu-zv-ambasador n\u00eb Podgorice-1\" width=\"508\" height=\"338\" srcset=\"https:\/\/www.visit-ulcinj.com\/blog\/wp-content\/uploads\/2014\/09\/Bix-Aliu-zv-ambasador-n\u00eb-Podgorice-1.jpg 960w, https:\/\/www.visit-ulcinj.com\/blog\/wp-content\/uploads\/2014\/09\/Bix-Aliu-zv-ambasador-n\u00eb-Podgorice-1-300x199.jpg 300w\" sizes=\"(max-width: 508px) 100vw, 508px\" \/><\/a><\/p>\n<p>Departamenti i Shtetit thot\u00eb se para se t\u00eb sh\u00ebrbej\u00eb n\u00eb Podgoric\u00eb, Bix sh\u00ebrbeu si Koordinator i Diplomacis\u00eb kulturore &#8211; kursit n\u00eb Departamentin Pun\u00ebve t\u00eb Jashtme Qendra Komb\u00ebtare e Trajnimit Shtetror . N\u00eb vitin 2009, Bix \u00ebsht\u00eb detajuar n\u00eb Kongres si nj\u00eb Kongresit Fellow Pearson, ku sh\u00ebrbeu si k\u00ebshilltar special dhe ka punuar p\u00ebr politik\u00ebn e brendshme p\u00ebr Qarkun Virxhinia zona e dyt\u00eb t\u00eb Kongresit.<\/p>\n<p>Bix filloi karrier\u00ebn e tij t\u00eb Sh\u00ebrbimit t\u00eb Jashtm n\u00eb Shkup, Maqedoni, ku ai sh\u00ebrbeu si z\u00ebvend\u00ebs i shefit t\u00eb Pun\u00ebve Publike dhe m\u00eb von\u00eb si ndihm\u00ebs special i ambasadorit. Gjat\u00eb k\u00ebsaj kohe, Bix ishte i p\u00ebrfshir\u00eb n\u00eb Marr\u00ebveshjet e Paqes t\u00eb Rambujes\u00eb si an\u00ebtar i t\u00eb d\u00ebrguarit t\u00eb posa\u00e7\u00ebm amerikan n\u00eb delegacionin e Kosov\u00ebs dhe m\u00eb von\u00eb ka punuar me t\u00eb d\u00ebrguarit special t\u00eb SHBA gjat\u00eb kriz\u00ebs n\u00eb Maqedoni.<\/p>\n<p>Bix u b\u00eb nj\u00eb an\u00ebtar karriere i Sh\u00ebrbimit t\u00eb Jasht\u00ebm n\u00eb vitin 2001, dhe q\u00eb at\u00ebher\u00eb ka sh\u00ebrbyer si Z\u00ebvend\u00ebs Konsulli dhe Zyrtari i Pun\u00ebve Publike Dega n\u00eb Dubai, Emiratet e Bashkuara Arabe, si z\u00ebvend\u00ebs Atashe Kulturor n\u00eb Varshav\u00eb, Poloni, si Z\u00ebvend\u00ebs Koordinator p\u00ebr Zyrtar\u00ebt e sh\u00ebrbimit t\u00eb jasht\u00ebm n\u00eb Institutin e Sh\u00ebrbimit t\u00eb Huaj t\u00eb Departamentit t\u00eb Shtetit, dhe si Zyrtar i \u00c7\u00ebshtjeve Publike n\u00eb Ambasad\u00ebn e SHBA n\u00eb Tiran\u00eb, Shqip\u00ebri.<\/p>\n<p>Ai \u00ebsht\u00eb marr\u00ebsi i \u00e7mimeve t\u00eb shumta nga Departamenti i Shtetit, duke p\u00ebrfshir\u00eb gjasht\u00eb \u00e7mimet e nderit &#8220;Awards Superior&#8221; dhe gjasht\u00eb \u00e7mimet nderi &#8220;Merituar Awards. N\u00eb vitin 2005, Bix u zgjodh si an\u00ebtar i klas\u00ebs inauguruese t\u00eb Kolin Pauell, nj\u00eb program p\u00ebr t\u00eb zgjedhur zyrtar\u00ebt e sh\u00ebrbimit t\u00eb jasht\u00ebm t\u00eb cil\u00ebt demonstrojn\u00eb cil\u00ebsit\u00eb frym\u00ebzues dhe t\u00eb p\u00ebrsosm\u00ebris\u00eb dhe t\u00eb udh\u00ebheqjes. N\u00eb vitin 2008, komuniteti shqiptaro-amerikan i \u00c7ikagos, e zgjodhi Bix si &#8220;Person i Vitit.&#8221;<\/p>\n<p>N\u00eb vitin 2014, Bix u zgjodh nga shqiptar\u00ebt e Amerik\u00ebs n\u00eb Nju Jork- n\u00eb nj\u00eb mbr\u00ebmje Gala si nj\u00eb nga 150 shqiptaro &#8211; amerikan\u00ebt m\u00eb t\u00eb suksessh\u00ebm n\u00eb mesin e komunitetit shqiptaro-amerikan n\u00eb SHBA<\/p>\n<p>Bix mban nj\u00eb diplom\u00eb n\u00eb mjek\u00ebsi t\u00eb marr\u00eb n\u00eb Universitetin e Prishtin\u00ebs Fakulteti i Mjek\u00ebsis\u00eb s\u00eb Kosov\u00ebs dhe nj\u00eb Diplom\u00eb dhe Master n\u00eb Akademin\u00eb e Studimeve Strategjik nga Kolegji i Luft\u00ebs t\u00eb Ushtris\u00eb amerikane.<\/p>\n<p>Ai flet shum\u00eb mir\u00eb shqip, dhe rrjedhsh\u00ebm gjuh\u00ebn malazeze, maqedonase, serbe dhe polake. Bix dhe gruaja e tij Dr Nora Zajazi, kan\u00eb dy f\u00ebmij\u00eb, vajz\u00ebn Tean dhe djalin Bledin.<\/p>\n<p>ALSAT-M<\/p>\n","protected":false},"excerpt":{"rendered":"<p>B. Bix Aliu, \u00ebsht\u00eb i pari dhe i vetmi deri tani &#8211; q\u00eb em\u00ebrohet n\u00eb detyr\u00ebn m\u00eb t\u00eb lart n\u00eb diplomacin\u00eb e Shteteve t\u00eb Bashkuara. Ai mori mandatin si Z\u00ebvend\u00ebs Shef i Misionit n\u00eb Ambasad\u00ebn e SHBA n\u00eb Podgoric\u00eb, Mali i Zi. Ai \u00ebsht\u00eb lindur dhe rritur n\u00eb \u00c7ikago, Illinois. Prind\u00ebrit e tij, jan\u00eb shqiptar\u00eb [&hellip;]<\/p>\n","protected":false},"author":1,"featured_media":0,"comment_status":"closed","ping_status":"closed","sticky":false,"template":"","format":"standard","meta":{"spay_email":"","jetpack_publicize_message":"","jetpack_is_tweetstorm":false,"jetpack_publicize_feature_enabled":true},"categories":[14],"tags":[],"jetpack_publicize_connections":[],"yoast_head":"<!-- This site is optimized with the Yoast SEO plugin v19.1 - https:\/\/yoast.com\/wordpress\/plugins\/seo\/ -->\n<title>SHBA d\u00ebrgon nj\u00eb shqiptar nga Maqedonia p\u00ebr zv\/ambasador n\u00eb Podgoric\u00eb - Lajme nga Ulqini<\/title>\n<meta name=\"description\" content=\"B. Bix Aliu, \u00ebsht\u00eb i pari dhe i vetmi deri tani - q\u00eb em\u00ebrohet n\u00eb detyr\u00ebn m\u00eb t\u00eb lart n\u00eb diplomacin\u00eb e Shteteve t\u00eb Bashkuara. Ai mori mandatin si Z\u00ebvend\u00ebs\" \/>\n<meta name=\"robots\" content=\"index, follow, max-snippet:-1, max-image-preview:large, max-video-preview:-1\" \/>\n<link rel=\"canonical\" href=\"https:\/\/www.visit-ulcinj.com\/blog\/2014\/09\/10\/shba-dergon-nje-shqiptar-nga-maqedonia-per-zvambasador-ne-podgorice\/\" \/>\n<meta property=\"og:locale\" content=\"en_US\" \/>\n<meta property=\"og:type\" content=\"article\" \/>\n<meta property=\"og:title\" content=\"SHBA d\u00ebrgon nj\u00eb shqiptar nga Maqedonia p\u00ebr zv\/ambasador n\u00eb Podgoric\u00eb - Lajme nga Ulqini\" \/>\n<meta property=\"og:description\" content=\"B. Bix Aliu, \u00ebsht\u00eb i pari dhe i vetmi deri tani - q\u00eb em\u00ebrohet n\u00eb detyr\u00ebn m\u00eb t\u00eb lart n\u00eb diplomacin\u00eb e Shteteve t\u00eb Bashkuara. Ai mori mandatin si Z\u00ebvend\u00ebs\" \/>\n<meta property=\"og:url\" content=\"https:\/\/www.visit-ulcinj.com\/blog\/2014\/09\/10\/shba-dergon-nje-shqiptar-nga-maqedonia-per-zvambasador-ne-podgorice\/\" \/>\n<meta property=\"og:site_name\" content=\"Lajme nga Ulqini\" \/>\n<meta property=\"article:published_time\" content=\"2014-09-10T10:36:42+00:00\" \/>\n<meta property=\"article:modified_time\" content=\"2014-09-10T10:37:10+00:00\" \/>\n<meta name=\"twitter:label1\" content=\"Written by\" \/>\n\t<meta name=\"twitter:data1\" content=\"ulqini\" \/>\n\t<meta name=\"twitter:label2\" content=\"Est. reading time\" \/>\n\t<meta name=\"twitter:data2\" content=\"3 minutes\" \/>\n<script type=\"application\/ld+json\" class=\"yoast-schema-graph\">{\"@context\":\"https:\/\/schema.org\",\"@graph\":[{\"@type\":\"WebSite\",\"@id\":\"https:\/\/www.visit-ulcinj.com\/blog\/#website\",\"url\":\"https:\/\/www.visit-ulcinj.com\/blog\/\",\"name\":\"Lajme nga Ulqini\",\"description\":\"Lajme,Vijesti,Ulqini,Ulqin,Crna Gora,Mali i Zi\",\"potentialAction\":[{\"@type\":\"SearchAction\",\"target\":{\"@type\":\"EntryPoint\",\"urlTemplate\":\"https:\/\/www.visit-ulcinj.com\/blog\/?s={search_term_string}\"},\"query-input\":\"required name=search_term_string\"}],\"inLanguage\":\"en-US\"},{\"@type\":\"WebPage\",\"@id\":\"https:\/\/www.visit-ulcinj.com\/blog\/2014\/09\/10\/shba-dergon-nje-shqiptar-nga-maqedonia-per-zvambasador-ne-podgorice\/#webpage\",\"url\":\"https:\/\/www.visit-ulcinj.com\/blog\/2014\/09\/10\/shba-dergon-nje-shqiptar-nga-maqedonia-per-zvambasador-ne-podgorice\/\",\"name\":\"SHBA d\u00ebrgon nj\u00eb shqiptar nga Maqedonia p\u00ebr zv\/ambasador n\u00eb Podgoric\u00eb - Lajme nga Ulqini\",\"isPartOf\":{\"@id\":\"https:\/\/www.visit-ulcinj.com\/blog\/#website\"},\"datePublished\":\"2014-09-10T10:36:42+00:00\",\"dateModified\":\"2014-09-10T10:37:10+00:00\",\"author\":{\"@id\":\"https:\/\/www.visit-ulcinj.com\/blog\/#\/schema\/person\/dcab619c614d3038751c63bc2aadc06d\"},\"description\":\"B. Bix Aliu, \u00ebsht\u00eb i pari dhe i vetmi deri tani - q\u00eb em\u00ebrohet n\u00eb detyr\u00ebn m\u00eb t\u00eb lart n\u00eb diplomacin\u00eb e Shteteve t\u00eb Bashkuara. Ai mori mandatin si Z\u00ebvend\u00ebs\",\"breadcrumb\":{\"@id\":\"https:\/\/www.visit-ulcinj.com\/blog\/2014\/09\/10\/shba-dergon-nje-shqiptar-nga-maqedonia-per-zvambasador-ne-podgorice\/#breadcrumb\"},\"inLanguage\":\"en-US\",\"potentialAction\":[{\"@type\":\"ReadAction\",\"target\":[\"https:\/\/www.visit-ulcinj.com\/blog\/2014\/09\/10\/shba-dergon-nje-shqiptar-nga-maqedonia-per-zvambasador-ne-podgorice\/\"]}]},{\"@type\":\"BreadcrumbList\",\"@id\":\"https:\/\/www.visit-ulcinj.com\/blog\/2014\/09\/10\/shba-dergon-nje-shqiptar-nga-maqedonia-per-zvambasador-ne-podgorice\/#breadcrumb\",\"itemListElement\":[{\"@type\":\"ListItem\",\"position\":1,\"name\":\"SHBA d\u00ebrgon nj\u00eb shqiptar nga Maqedonia p\u00ebr zv\/ambasador n\u00eb Podgoric\u00eb\"}]},{\"@type\":\"Person\",\"@id\":\"https:\/\/www.visit-ulcinj.com\/blog\/#\/schema\/person\/dcab619c614d3038751c63bc2aadc06d\",\"name\":\"ulqini\",\"sameAs\":[\"http:\/\/www.visit-ulcinj.com\"],\"url\":\"https:\/\/www.visit-ulcinj.com\/blog\/author\/admin\/\"}]}<\/script>\n<!-- \/ Yoast SEO plugin. -->","yoast_head_json":{"title":"SHBA d\u00ebrgon nj\u00eb shqiptar nga Maqedonia p\u00ebr zv\/ambasador n\u00eb Podgoric\u00eb - Lajme nga Ulqini","description":"B. Bix Aliu, \u00ebsht\u00eb i pari dhe i vetmi deri tani - q\u00eb em\u00ebrohet n\u00eb detyr\u00ebn m\u00eb t\u00eb lart n\u00eb diplomacin\u00eb e Shteteve t\u00eb Bashkuara. Ai mori mandatin si Z\u00ebvend\u00ebs","robots":{"index":"index","follow":"follow","max-snippet":"max-snippet:-1","max-image-preview":"max-image-preview:large","max-video-preview":"max-video-preview:-1"},"canonical":"https:\/\/www.visit-ulcinj.com\/blog\/2014\/09\/10\/shba-dergon-nje-shqiptar-nga-maqedonia-per-zvambasador-ne-podgorice\/","og_locale":"en_US","og_type":"article","og_title":"SHBA d\u00ebrgon nj\u00eb shqiptar nga Maqedonia p\u00ebr zv\/ambasador n\u00eb Podgoric\u00eb - Lajme nga Ulqini","og_description":"B. Bix Aliu, \u00ebsht\u00eb i pari dhe i vetmi deri tani - q\u00eb em\u00ebrohet n\u00eb detyr\u00ebn m\u00eb t\u00eb lart n\u00eb diplomacin\u00eb e Shteteve t\u00eb Bashkuara. Ai mori mandatin si Z\u00ebvend\u00ebs","og_url":"https:\/\/www.visit-ulcinj.com\/blog\/2014\/09\/10\/shba-dergon-nje-shqiptar-nga-maqedonia-per-zvambasador-ne-podgorice\/","og_site_name":"Lajme nga Ulqini","article_published_time":"2014-09-10T10:36:42+00:00","article_modified_time":"2014-09-10T10:37:10+00:00","twitter_misc":{"Written by":"ulqini","Est. reading time":"3 minutes"},"schema":{"@context":"https:\/\/schema.org","@graph":[{"@type":"WebSite","@id":"https:\/\/www.visit-ulcinj.com\/blog\/#website","url":"https:\/\/www.visit-ulcinj.com\/blog\/","name":"Lajme nga Ulqini","description":"Lajme,Vijesti,Ulqini,Ulqin,Crna Gora,Mali i Zi","potentialAction":[{"@type":"SearchAction","target":{"@type":"EntryPoint","urlTemplate":"https:\/\/www.visit-ulcinj.com\/blog\/?s={search_term_string}"},"query-input":"required name=search_term_string"}],"inLanguage":"en-US"},{"@type":"WebPage","@id":"https:\/\/www.visit-ulcinj.com\/blog\/2014\/09\/10\/shba-dergon-nje-shqiptar-nga-maqedonia-per-zvambasador-ne-podgorice\/#webpage","url":"https:\/\/www.visit-ulcinj.com\/blog\/2014\/09\/10\/shba-dergon-nje-shqiptar-nga-maqedonia-per-zvambasador-ne-podgorice\/","name":"SHBA d\u00ebrgon nj\u00eb shqiptar nga Maqedonia p\u00ebr zv\/ambasador n\u00eb Podgoric\u00eb - Lajme nga Ulqini","isPartOf":{"@id":"https:\/\/www.visit-ulcinj.com\/blog\/#website"},"datePublished":"2014-09-10T10:36:42+00:00","dateModified":"2014-09-10T10:37:10+00:00","author":{"@id":"https:\/\/www.visit-ulcinj.com\/blog\/#\/schema\/person\/dcab619c614d3038751c63bc2aadc06d"},"description":"B. Bix Aliu, \u00ebsht\u00eb i pari dhe i vetmi deri tani - q\u00eb em\u00ebrohet n\u00eb detyr\u00ebn m\u00eb t\u00eb lart n\u00eb diplomacin\u00eb e Shteteve t\u00eb Bashkuara. Ai mori mandatin si Z\u00ebvend\u00ebs","breadcrumb":{"@id":"https:\/\/www.visit-ulcinj.com\/blog\/2014\/09\/10\/shba-dergon-nje-shqiptar-nga-maqedonia-per-zvambasador-ne-podgorice\/#breadcrumb"},"inLanguage":"en-US","potentialAction":[{"@type":"ReadAction","target":["https:\/\/www.visit-ulcinj.com\/blog\/2014\/09\/10\/shba-dergon-nje-shqiptar-nga-maqedonia-per-zvambasador-ne-podgorice\/"]}]},{"@type":"BreadcrumbList","@id":"https:\/\/www.visit-ulcinj.com\/blog\/2014\/09\/10\/shba-dergon-nje-shqiptar-nga-maqedonia-per-zvambasador-ne-podgorice\/#breadcrumb","itemListElement":[{"@type":"ListItem","position":1,"name":"SHBA d\u00ebrgon nj\u00eb shqiptar nga Maqedonia p\u00ebr zv\/ambasador n\u00eb Podgoric\u00eb"}]},{"@type":"Person","@id":"https:\/\/www.visit-ulcinj.com\/blog\/#\/schema\/person\/dcab619c614d3038751c63bc2aadc06d","name":"ulqini","sameAs":["http:\/\/www.visit-ulcinj.com"],"url":"https:\/\/www.visit-ulcinj.com\/blog\/author\/admin\/"}]}},"jetpack_featured_media_url":"","jetpack_sharing_enabled":true,"jetpack_shortlink":"https:\/\/wp.me\/pe6lTn-m8j","_links":{"self":[{"href":"https:\/\/www.visit-ulcinj.com\/blog\/wp-json\/wp\/v2\/posts\/85083"}],"collection":[{"href":"https:\/\/www.visit-ulcinj.com\/blog\/wp-json\/wp\/v2\/posts"}],"about":[{"href":"https:\/\/www.visit-ulcinj.com\/blog\/wp-json\/wp\/v2\/types\/post"}],"author":[{"embeddable":true,"href":"https:\/\/www.visit-ulcinj.com\/blog\/wp-json\/wp\/v2\/users\/1"}],"replies":[{"embeddable":true,"href":"https:\/\/www.visit-ulcinj.com\/blog\/wp-json\/wp\/v2\/comments?post=85083"}],"version-history":[{"count":2,"href":"https:\/\/www.visit-ulcinj.com\/blog\/wp-json\/wp\/v2\/posts\/85083\/revisions"}],"predecessor-version":[{"id":85087,"href":"https:\/\/www.visit-ulcinj.com\/blog\/wp-json\/wp\/v2\/posts\/85083\/revisions\/85087"}],"wp:attachment":[{"href":"https:\/\/www.visit-ulcinj.com\/blog\/wp-json\/wp\/v2\/media?parent=85083"}],"wp:term":[{"taxonomy":"category","embeddable":true,"href":"https:\/\/www.visit-ulcinj.com\/blog\/wp-json\/wp\/v2\/categories?post=85083"},{"taxonomy":"post_tag","embeddable":true,"href":"https:\/\/www.visit-ulcinj.com\/blog\/wp-json\/wp\/v2\/tags?post=85083"}],"curies":[{"name":"wp","href":"https:\/\/api.w.org\/{rel}","templated":true}]}}