{"id":85098,"date":"2014-09-10T12:12:18","date_gmt":"2014-09-10T11:12:18","guid":{"rendered":"http:\/\/www.visit-ulcinj.com\/blog\/?p=85098"},"modified":"2014-09-10T12:12:18","modified_gmt":"2014-09-10T11:12:18","slug":"bosanci-omiljeni-gosti-ulcinja","status":"publish","type":"post","link":"https:\/\/www.visit-ulcinj.com\/blog\/2014\/09\/10\/bosanci-omiljeni-gosti-ulcinja\/","title":{"rendered":"Bosanci omiljeni gosti Ulcinja"},"content":{"rendered":"<h4><a href=\"http:\/\/www.visit-ulcinj.com\/blog\/wp-content\/uploads\/2014\/09\/Bosanci-omiljeni-gosti-Ulcinja.jpg\"><img loading=\"lazy\" class=\"alignleft wp-image-85099\" src=\"http:\/\/www.visit-ulcinj.com\/blog\/wp-content\/uploads\/2014\/09\/Bosanci-omiljeni-gosti-Ulcinja.jpg\" alt=\"Bosanci omiljeni gosti Ulcinja\" width=\"508\" height=\"339\" srcset=\"https:\/\/www.visit-ulcinj.com\/blog\/wp-content\/uploads\/2014\/09\/Bosanci-omiljeni-gosti-Ulcinja.jpg 600w, https:\/\/www.visit-ulcinj.com\/blog\/wp-content\/uploads\/2014\/09\/Bosanci-omiljeni-gosti-Ulcinja-300x200.jpg 300w\" sizes=\"(max-width: 508px) 100vw, 508px\" \/><\/a>Turisti iz Bosne i Hercegovine u sve ve\u0107em broju osvajaju i najudaljenije ta\u010dke Crnogorskog primorja.<\/h4>\n<p>Pla\u017ee \u201cAdriatic\u201d, MCM, \u201cImperial\u201d, \u201cTrampico\u201d, \u201cCoco\u201d, \u201cTropicana\u201d, kao dio Velike pla\u017ee kod Ulcinja, nakon bajramskih blagdana preplavljene su Bosancima i Hercegovcima.<\/p>\n<h4>Odmor bez gu\u017eve<\/h4>\n<p>Malo mjesto Donji \u0160toj, koje se nalazi izme\u0111u Ulcinja i Ade Bojane, u blizini crnogorsko-albanske granice, omiljena je destinacija za one koji vole odmor bez previ\u0161e gu\u017evi, jer 12 kilometara duga pje\u0161\u010dana pla\u017ea svakome daje dovoljno prostora.<\/p>\n<p>\u201cU Ulcinj dolazim od 2000. godine. Cijene odgovaraju sva\u010dijem d\u017eepu, a ja se osje\u0107am slobodnije zbog mahrame\u201d, ka\u017ee Sarajka Saida Ja\u0161arevi\u0107, koja \u017eivi u Njema\u010dkoj.<\/p>\n<p>Vahida Arnautovi\u0107 iz Travnika zadovoljna je ponudom, ali dodaje da bi mnogo vi\u0161e pa\u017enje trebalo posvetiti higijeni na pla\u017ei.<\/p>\n<p>Saobra\u0107ajne gu\u017eve koje su po\u010detkom sedmice paralizirale ovaj dio Crnogorskog primorja rije\u0161ene su gradnjom novih saobra\u0107ajnica, a veliki problemi sa strujom otklonjeni su pove\u0107anjem kapaciteta elektromre\u017ee, tako da su nestanci tek kratkotrajna i rijetka pojava, ka\u017eu Harun i Mevljuda Hod\u017ei\u0107, bra\u010dni par koji se 14 godina bavi turizmom.<\/p>\n<p>\u201cBez obzira na brojnost, ovdje gosti imaju svoj mir i svi mogu na\u0107i neki svoj kutak. Ima i pla\u017ea za mlade ljude koji vole dinami\u010dan odmor, a ovaj dio mora je kao stvoren za djecu, jer ih odmah s obale ne o\u010dekuje velika dubina. To je najve\u0107a prednost, jer roditelji ne moraju biti napeti svakog trenutka\u201d, ka\u017ee Harun Hod\u017ei\u0107, vlasnik apartmana \u201cDalila\u201d.<\/p>\n<h4>Povoljne cijene<\/h4>\n<p>Cijene smje\u0161taja i ove godine se kre\u0107u od pet eura po osobi, a i cijene u trgovinskim objektima i restoranima ne razlikuju se od onih u BiH.<\/p>\n<p>\u201cBosanci su kod mene od samog po\u010detka i svake godine sve ih je vi\u0161e. Trenutno je 70 posto mojih gostiju iz BiH\u201d, dodao je Hod\u017ei\u0107.<\/p>\n<h4>Nova prijateljstva<\/h4>\n<p>Prema procjenama turisti\u010dkih radnika, u avgustu u Ulcinju boravi oko 30.000 turista. Na pla\u017eama su gosti iz brojnih evropskih zemalja, s Kosova i iz Srbije, ali se eventualne napetosti ostavljaju u svojim dr\u017eavama.<\/p>\n<p>Harun Hod\u017ei\u0107 ka\u017ee da se tokom ljetnih odmora uspostavljaju istinska prijateljstva koja traju i narednih godina.<\/p>\n<p>(Avaz)<\/p>\n","protected":false},"excerpt":{"rendered":"<p>Turisti iz Bosne i Hercegovine u sve ve\u0107em broju osvajaju i najudaljenije ta\u010dke Crnogorskog primorja. Pla\u017ee \u201cAdriatic\u201d, MCM, \u201cImperial\u201d, \u201cTrampico\u201d, \u201cCoco\u201d, \u201cTropicana\u201d, kao dio Velike pla\u017ee kod Ulcinja, nakon bajramskih blagdana preplavljene su Bosancima i Hercegovcima. Odmor bez gu\u017eve Malo mjesto Donji \u0160toj, koje se nalazi izme\u0111u Ulcinja i Ade Bojane, u blizini crnogorsko-albanske granice, [&hellip;]<\/p>\n","protected":false},"author":1,"featured_media":0,"comment_status":"closed","ping_status":"closed","sticky":false,"template":"","format":"standard","meta":{"spay_email":"","jetpack_publicize_message":"","jetpack_is_tweetstorm":false,"jetpack_publicize_feature_enabled":true},"categories":[7679],"tags":[],"jetpack_publicize_connections":[],"yoast_head":"<!-- This site is optimized with the Yoast SEO plugin v19.1 - https:\/\/yoast.com\/wordpress\/plugins\/seo\/ -->\n<title>Bosanci omiljeni gosti Ulcinja - Lajme nga Ulqini<\/title>\n<meta name=\"description\" content=\"Turisti iz Bosne i Hercegovine u sve ve\u0107em broju osvajaju i najudaljenije ta\u010dke Crnogorskog primorja. Pla\u017ee \u201cAdriatic\u201d, MCM, \u201cImperial\u201d, \u201cTrampico\u201d,\" \/>\n<meta name=\"robots\" content=\"index, follow, max-snippet:-1, max-image-preview:large, max-video-preview:-1\" \/>\n<link rel=\"canonical\" href=\"https:\/\/www.visit-ulcinj.com\/blog\/2014\/09\/10\/bosanci-omiljeni-gosti-ulcinja\/\" \/>\n<meta property=\"og:locale\" content=\"en_US\" \/>\n<meta property=\"og:type\" content=\"article\" \/>\n<meta property=\"og:title\" content=\"Bosanci omiljeni gosti Ulcinja - Lajme nga Ulqini\" \/>\n<meta property=\"og:description\" content=\"Turisti iz Bosne i Hercegovine u sve ve\u0107em broju osvajaju i najudaljenije ta\u010dke Crnogorskog primorja. Pla\u017ee \u201cAdriatic\u201d, MCM, \u201cImperial\u201d, \u201cTrampico\u201d,\" \/>\n<meta property=\"og:url\" content=\"https:\/\/www.visit-ulcinj.com\/blog\/2014\/09\/10\/bosanci-omiljeni-gosti-ulcinja\/\" \/>\n<meta property=\"og:site_name\" content=\"Lajme nga Ulqini\" \/>\n<meta property=\"article:published_time\" content=\"2014-09-10T11:12:18+00:00\" \/>\n<meta property=\"og:image\" content=\"http:\/\/www.visit-ulcinj.com\/blog\/wp-content\/uploads\/2014\/09\/Bosanci-omiljeni-gosti-Ulcinja.jpg\" \/>\n<meta name=\"twitter:label1\" content=\"Written by\" \/>\n\t<meta name=\"twitter:data1\" content=\"ulqini\" \/>\n\t<meta name=\"twitter:label2\" content=\"Est. reading time\" \/>\n\t<meta name=\"twitter:data2\" content=\"2 minutes\" \/>\n<script type=\"application\/ld+json\" class=\"yoast-schema-graph\">{\"@context\":\"https:\/\/schema.org\",\"@graph\":[{\"@type\":\"WebSite\",\"@id\":\"https:\/\/www.visit-ulcinj.com\/blog\/#website\",\"url\":\"https:\/\/www.visit-ulcinj.com\/blog\/\",\"name\":\"Lajme nga Ulqini\",\"description\":\"Lajme,Vijesti,Ulqini,Ulqin,Crna Gora,Mali i Zi\",\"potentialAction\":[{\"@type\":\"SearchAction\",\"target\":{\"@type\":\"EntryPoint\",\"urlTemplate\":\"https:\/\/www.visit-ulcinj.com\/blog\/?s={search_term_string}\"},\"query-input\":\"required name=search_term_string\"}],\"inLanguage\":\"en-US\"},{\"@type\":\"ImageObject\",\"inLanguage\":\"en-US\",\"@id\":\"https:\/\/www.visit-ulcinj.com\/blog\/2014\/09\/10\/bosanci-omiljeni-gosti-ulcinja\/#primaryimage\",\"url\":\"https:\/\/www.visit-ulcinj.com\/blog\/wp-content\/uploads\/2014\/09\/Bosanci-omiljeni-gosti-Ulcinja.jpg\",\"contentUrl\":\"https:\/\/www.visit-ulcinj.com\/blog\/wp-content\/uploads\/2014\/09\/Bosanci-omiljeni-gosti-Ulcinja.jpg\",\"width\":600,\"height\":400},{\"@type\":\"WebPage\",\"@id\":\"https:\/\/www.visit-ulcinj.com\/blog\/2014\/09\/10\/bosanci-omiljeni-gosti-ulcinja\/#webpage\",\"url\":\"https:\/\/www.visit-ulcinj.com\/blog\/2014\/09\/10\/bosanci-omiljeni-gosti-ulcinja\/\",\"name\":\"Bosanci omiljeni gosti Ulcinja - Lajme nga Ulqini\",\"isPartOf\":{\"@id\":\"https:\/\/www.visit-ulcinj.com\/blog\/#website\"},\"primaryImageOfPage\":{\"@id\":\"https:\/\/www.visit-ulcinj.com\/blog\/2014\/09\/10\/bosanci-omiljeni-gosti-ulcinja\/#primaryimage\"},\"datePublished\":\"2014-09-10T11:12:18+00:00\",\"dateModified\":\"2014-09-10T11:12:18+00:00\",\"author\":{\"@id\":\"https:\/\/www.visit-ulcinj.com\/blog\/#\/schema\/person\/dcab619c614d3038751c63bc2aadc06d\"},\"description\":\"Turisti iz Bosne i Hercegovine u sve ve\u0107em broju osvajaju i najudaljenije ta\u010dke Crnogorskog primorja. Pla\u017ee \u201cAdriatic\u201d, MCM, \u201cImperial\u201d, \u201cTrampico\u201d,\",\"breadcrumb\":{\"@id\":\"https:\/\/www.visit-ulcinj.com\/blog\/2014\/09\/10\/bosanci-omiljeni-gosti-ulcinja\/#breadcrumb\"},\"inLanguage\":\"en-US\",\"potentialAction\":[{\"@type\":\"ReadAction\",\"target\":[\"https:\/\/www.visit-ulcinj.com\/blog\/2014\/09\/10\/bosanci-omiljeni-gosti-ulcinja\/\"]}]},{\"@type\":\"BreadcrumbList\",\"@id\":\"https:\/\/www.visit-ulcinj.com\/blog\/2014\/09\/10\/bosanci-omiljeni-gosti-ulcinja\/#breadcrumb\",\"itemListElement\":[{\"@type\":\"ListItem\",\"position\":1,\"name\":\"Bosanci omiljeni gosti Ulcinja\"}]},{\"@type\":\"Person\",\"@id\":\"https:\/\/www.visit-ulcinj.com\/blog\/#\/schema\/person\/dcab619c614d3038751c63bc2aadc06d\",\"name\":\"ulqini\",\"sameAs\":[\"http:\/\/www.visit-ulcinj.com\"],\"url\":\"https:\/\/www.visit-ulcinj.com\/blog\/author\/admin\/\"}]}<\/script>\n<!-- \/ Yoast SEO plugin. -->","yoast_head_json":{"title":"Bosanci omiljeni gosti Ulcinja - Lajme nga Ulqini","description":"Turisti iz Bosne i Hercegovine u sve ve\u0107em broju osvajaju i najudaljenije ta\u010dke Crnogorskog primorja. Pla\u017ee \u201cAdriatic\u201d, MCM, \u201cImperial\u201d, \u201cTrampico\u201d,","robots":{"index":"index","follow":"follow","max-snippet":"max-snippet:-1","max-image-preview":"max-image-preview:large","max-video-preview":"max-video-preview:-1"},"canonical":"https:\/\/www.visit-ulcinj.com\/blog\/2014\/09\/10\/bosanci-omiljeni-gosti-ulcinja\/","og_locale":"en_US","og_type":"article","og_title":"Bosanci omiljeni gosti Ulcinja - Lajme nga Ulqini","og_description":"Turisti iz Bosne i Hercegovine u sve ve\u0107em broju osvajaju i najudaljenije ta\u010dke Crnogorskog primorja. Pla\u017ee \u201cAdriatic\u201d, MCM, \u201cImperial\u201d, \u201cTrampico\u201d,","og_url":"https:\/\/www.visit-ulcinj.com\/blog\/2014\/09\/10\/bosanci-omiljeni-gosti-ulcinja\/","og_site_name":"Lajme nga Ulqini","article_published_time":"2014-09-10T11:12:18+00:00","og_image":[{"url":"http:\/\/www.visit-ulcinj.com\/blog\/wp-content\/uploads\/2014\/09\/Bosanci-omiljeni-gosti-Ulcinja.jpg"}],"twitter_misc":{"Written by":"ulqini","Est. reading time":"2 minutes"},"schema":{"@context":"https:\/\/schema.org","@graph":[{"@type":"WebSite","@id":"https:\/\/www.visit-ulcinj.com\/blog\/#website","url":"https:\/\/www.visit-ulcinj.com\/blog\/","name":"Lajme nga Ulqini","description":"Lajme,Vijesti,Ulqini,Ulqin,Crna Gora,Mali i Zi","potentialAction":[{"@type":"SearchAction","target":{"@type":"EntryPoint","urlTemplate":"https:\/\/www.visit-ulcinj.com\/blog\/?s={search_term_string}"},"query-input":"required name=search_term_string"}],"inLanguage":"en-US"},{"@type":"ImageObject","inLanguage":"en-US","@id":"https:\/\/www.visit-ulcinj.com\/blog\/2014\/09\/10\/bosanci-omiljeni-gosti-ulcinja\/#primaryimage","url":"https:\/\/www.visit-ulcinj.com\/blog\/wp-content\/uploads\/2014\/09\/Bosanci-omiljeni-gosti-Ulcinja.jpg","contentUrl":"https:\/\/www.visit-ulcinj.com\/blog\/wp-content\/uploads\/2014\/09\/Bosanci-omiljeni-gosti-Ulcinja.jpg","width":600,"height":400},{"@type":"WebPage","@id":"https:\/\/www.visit-ulcinj.com\/blog\/2014\/09\/10\/bosanci-omiljeni-gosti-ulcinja\/#webpage","url":"https:\/\/www.visit-ulcinj.com\/blog\/2014\/09\/10\/bosanci-omiljeni-gosti-ulcinja\/","name":"Bosanci omiljeni gosti Ulcinja - Lajme nga Ulqini","isPartOf":{"@id":"https:\/\/www.visit-ulcinj.com\/blog\/#website"},"primaryImageOfPage":{"@id":"https:\/\/www.visit-ulcinj.com\/blog\/2014\/09\/10\/bosanci-omiljeni-gosti-ulcinja\/#primaryimage"},"datePublished":"2014-09-10T11:12:18+00:00","dateModified":"2014-09-10T11:12:18+00:00","author":{"@id":"https:\/\/www.visit-ulcinj.com\/blog\/#\/schema\/person\/dcab619c614d3038751c63bc2aadc06d"},"description":"Turisti iz Bosne i Hercegovine u sve ve\u0107em broju osvajaju i najudaljenije ta\u010dke Crnogorskog primorja. Pla\u017ee \u201cAdriatic\u201d, MCM, \u201cImperial\u201d, \u201cTrampico\u201d,","breadcrumb":{"@id":"https:\/\/www.visit-ulcinj.com\/blog\/2014\/09\/10\/bosanci-omiljeni-gosti-ulcinja\/#breadcrumb"},"inLanguage":"en-US","potentialAction":[{"@type":"ReadAction","target":["https:\/\/www.visit-ulcinj.com\/blog\/2014\/09\/10\/bosanci-omiljeni-gosti-ulcinja\/"]}]},{"@type":"BreadcrumbList","@id":"https:\/\/www.visit-ulcinj.com\/blog\/2014\/09\/10\/bosanci-omiljeni-gosti-ulcinja\/#breadcrumb","itemListElement":[{"@type":"ListItem","position":1,"name":"Bosanci omiljeni gosti Ulcinja"}]},{"@type":"Person","@id":"https:\/\/www.visit-ulcinj.com\/blog\/#\/schema\/person\/dcab619c614d3038751c63bc2aadc06d","name":"ulqini","sameAs":["http:\/\/www.visit-ulcinj.com"],"url":"https:\/\/www.visit-ulcinj.com\/blog\/author\/admin\/"}]}},"jetpack_featured_media_url":"","jetpack_sharing_enabled":true,"jetpack_shortlink":"https:\/\/wp.me\/pe6lTn-m8y","_links":{"self":[{"href":"https:\/\/www.visit-ulcinj.com\/blog\/wp-json\/wp\/v2\/posts\/85098"}],"collection":[{"href":"https:\/\/www.visit-ulcinj.com\/blog\/wp-json\/wp\/v2\/posts"}],"about":[{"href":"https:\/\/www.visit-ulcinj.com\/blog\/wp-json\/wp\/v2\/types\/post"}],"author":[{"embeddable":true,"href":"https:\/\/www.visit-ulcinj.com\/blog\/wp-json\/wp\/v2\/users\/1"}],"replies":[{"embeddable":true,"href":"https:\/\/www.visit-ulcinj.com\/blog\/wp-json\/wp\/v2\/comments?post=85098"}],"version-history":[{"count":1,"href":"https:\/\/www.visit-ulcinj.com\/blog\/wp-json\/wp\/v2\/posts\/85098\/revisions"}],"predecessor-version":[{"id":85100,"href":"https:\/\/www.visit-ulcinj.com\/blog\/wp-json\/wp\/v2\/posts\/85098\/revisions\/85100"}],"wp:attachment":[{"href":"https:\/\/www.visit-ulcinj.com\/blog\/wp-json\/wp\/v2\/media?parent=85098"}],"wp:term":[{"taxonomy":"category","embeddable":true,"href":"https:\/\/www.visit-ulcinj.com\/blog\/wp-json\/wp\/v2\/categories?post=85098"},{"taxonomy":"post_tag","embeddable":true,"href":"https:\/\/www.visit-ulcinj.com\/blog\/wp-json\/wp\/v2\/tags?post=85098"}],"curies":[{"name":"wp","href":"https:\/\/api.w.org\/{rel}","templated":true}]}}