{"id":85104,"date":"2014-09-10T13:39:28","date_gmt":"2014-09-10T12:39:28","guid":{"rendered":"http:\/\/www.visit-ulcinj.com\/blog\/?p=85104"},"modified":"2014-09-10T13:39:28","modified_gmt":"2014-09-10T12:39:28","slug":"turisti-iz-bih-spasili-turisticku-sezonu-u-ulcinju","status":"publish","type":"post","link":"https:\/\/www.visit-ulcinj.com\/blog\/2014\/09\/10\/turisti-iz-bih-spasili-turisticku-sezonu-u-ulcinju\/","title":{"rendered":"Turisti iz BiH spasili turisti\u010dku sezonu u Ulcinju"},"content":{"rendered":"<p><a href=\"http:\/\/www.visit-ulcinj.com\/blog\/wp-content\/uploads\/2014\/07\/Coco-Beach-Ulcinj.jpg\"><img loading=\"lazy\" class=\"alignleft size-full wp-image-83881\" src=\"http:\/\/www.visit-ulcinj.com\/blog\/wp-content\/uploads\/2014\/07\/Coco-Beach-Ulcinj.jpg\" alt=\"Coco-Beach-Ulcinj\" width=\"508\" height=\"340\" srcset=\"https:\/\/www.visit-ulcinj.com\/blog\/wp-content\/uploads\/2014\/07\/Coco-Beach-Ulcinj.jpg 960w, https:\/\/www.visit-ulcinj.com\/blog\/wp-content\/uploads\/2014\/07\/Coco-Beach-Ulcinj-300x200.jpg 300w\" sizes=\"(max-width: 508px) 100vw, 508px\" \/><\/a>Septembarska sezona na crnogorskom primorju, prema podacima o broju turista i komentarima sagovornika, je na zadovoljavaju\u0107em nivou, pa \u010dak se trenutno bilje\u017ei i ve\u0107i broj turista nego pro\u0161le godine.<\/p>\n<p>Konkretno u Ulcinju, ugostitelji tvrde da je cijelu sezonu \u201eizvuklo\u201c naglo pobolj\u0161anje tokom augusta, kada je do\u0161lo do porasta broja turista, toliko da u cijelom gradu mnogi nisu mogli na\u0107i slobodni smje\u0161taj.<\/p>\n<p>U tom periodu, sredinom augusta, smje\u0161tajni kapaciteti Ulcinja nisu bili dovoljni za sve turiste.<\/p>\n<p><em>\u201eTrudili smo se da odr\u017eimo na\u0161 trend, da nam pla\u017ea bude najljep\u0161a jer je ujedno na\u0161a pla\u017ea i najve\u0107a i me\u0111u najstarijima na Velikoj ulcinjskoj pla\u017ei. Imali smo relativno kasniji po\u010detak sezone, poslije praznika Bajrama ba\u0161 smo imali, da ka\u017eem, navalu turista\u201c<\/em>, kazala je za AA menad\u017eerka pla\u017ee \u201eCopacabana\u201c, Marina \u010ca\u0111enovi\u0107.<\/p>\n<p>Ona je tako\u0111e istakla da su jako zadovoljni naglim rastom turista iz Bosne i Hercegovine, koji su, kako ka\u017ee, \u201epreplavili\u201c ulcinjsku Veliku pla\u017eu, te da su dolazili i proteklih godina, ali da ih je svake godine sve vi\u0161e.<\/p>\n<p>Sada, zbog manjeg broja turista, pojedini dijelovi pla\u017ea su po\u010deli da se su\u017eavaju i pakuju se do naredne sezone.<\/p>\n<p>Ono \u0161to se sa Velike pla\u017ee tokom ove sezone mora posebno izdvojiti i \u0161to je u\u010dinilo da bude top destinacija u Evropi, jeste ekstremni sport kajt surfing, gdje se tokom \u0161pice sezone dnevno moglo prebrojati i do 120 surfera iz raznih krajeva Evrope.<\/p>\n<p>Genc Mavri\u0107, vlasnik takve pla\u017ee je u izjavi za AA kazao da je sezona u jednom periodu bila jako dobra, toliko da ljudi nisu imali gdje da spavaju, ali da je dosta kratko i trajala.<\/p>\n<p><em>\u201ePrema nekim na\u0161im pokazateljima ova sezona je u Ulcinju bila bolja od pro\u0161logodi\u0161nje za nekih 25 posto iz vi\u0161e razloga. Imali smo goste iz \u0161ireg regiona, Poljske, \u010ce\u0161ke, Njema\u010dke, Austrije, Italije\u201c<\/em>, kazao je vlasnik vi\u0161e ugostiteljskih objekata, te i \u010dlan upravnog odbora TO Ulcinj, Marko \u0160krelja.<\/p>\n<p>On je naro\u010dito istakao da su ovu sezonu zabilje\u017eili turisti iz Bosne i Hercegovine, i to nakon praznika Bajrama, a globalno gledano, smatra da prije toga sezona u Ulcinju i nije bila na zavidnom nivou.<\/p>\n<p>\u0160krelja navodi da je sredinom avgusta zabilje\u017een porast turista kako iz BiH, tako i ju\u017ene Srbije, te Kosova gdje se zbog nedostatka smje\u0161tajnih kapaciteta, vratilo oko pet autobusa.<\/p>\n<p>Prema podacima Nacionalne turisti\u010dke organizacije, u Crnoj Gori trenutno boravi preko 45.800 turista, \u0161to je u odnosu na pro\u0161lu godinu, vi\u0161e za 5 posto.<\/p>\n<p>Iz te organizacije je tako\u0111e saop\u0161teno da su u periodu od jula do kraja augusta, turisti najvi\u0161e prijavljivali nepravilnosti na pla\u017eama, poput nepo\u0161tovanja propisa o zauzetosti pla\u017ee mobilijarom, nepostojanja kabina za presvla\u010denje, kanti za otpatke, gu\u017eve u saobra\u0107aju, neredovno napajanje elektri\u010dnom energijom, gomilanje otpada&#8230;<\/p>\n<p>S druge strane, zabilje\u017een je i zna\u010dajan broj pohvala na izuzetno bogat kulturni i zabavni program, kako na primorju, tako u ostalim regijama Crne Gore.<\/p>\n<p>Izvor: MOJportal<\/p>\n","protected":false},"excerpt":{"rendered":"<p>Septembarska sezona na crnogorskom primorju, prema podacima o broju turista i komentarima sagovornika, je na zadovoljavaju\u0107em nivou, pa \u010dak se trenutno bilje\u017ei i ve\u0107i broj turista nego pro\u0161le godine. Konkretno u Ulcinju, ugostitelji tvrde da je cijelu sezonu \u201eizvuklo\u201c naglo pobolj\u0161anje tokom augusta, kada je do\u0161lo do porasta broja turista, toliko da u cijelom gradu [&hellip;]<\/p>\n","protected":false},"author":1,"featured_media":0,"comment_status":"closed","ping_status":"closed","sticky":false,"template":"","format":"standard","meta":{"spay_email":"","jetpack_publicize_message":"","jetpack_is_tweetstorm":false,"jetpack_publicize_feature_enabled":true},"categories":[7679],"tags":[],"jetpack_publicize_connections":[],"yoast_head":"<!-- This site is optimized with the Yoast SEO plugin v19.1 - https:\/\/yoast.com\/wordpress\/plugins\/seo\/ -->\n<title>Turisti iz BiH spasili turisti\u010dku sezonu u Ulcinju - Lajme nga Ulqini<\/title>\n<meta name=\"description\" content=\"Septembarska sezona na crnogorskom primorju, prema podacima o broju turista i komentarima sagovornika, je na zadovoljavaju\u0107em nivou, pa \u010dak se trenutno\" \/>\n<meta name=\"robots\" content=\"index, follow, max-snippet:-1, max-image-preview:large, max-video-preview:-1\" \/>\n<link rel=\"canonical\" href=\"https:\/\/www.visit-ulcinj.com\/blog\/2014\/09\/10\/turisti-iz-bih-spasili-turisticku-sezonu-u-ulcinju\/\" \/>\n<meta property=\"og:locale\" content=\"en_US\" \/>\n<meta property=\"og:type\" content=\"article\" \/>\n<meta property=\"og:title\" content=\"Turisti iz BiH spasili turisti\u010dku sezonu u Ulcinju - Lajme nga Ulqini\" \/>\n<meta property=\"og:description\" content=\"Septembarska sezona na crnogorskom primorju, prema podacima o broju turista i komentarima sagovornika, je na zadovoljavaju\u0107em nivou, pa \u010dak se trenutno\" \/>\n<meta property=\"og:url\" content=\"https:\/\/www.visit-ulcinj.com\/blog\/2014\/09\/10\/turisti-iz-bih-spasili-turisticku-sezonu-u-ulcinju\/\" \/>\n<meta property=\"og:site_name\" content=\"Lajme nga Ulqini\" \/>\n<meta property=\"article:published_time\" content=\"2014-09-10T12:39:28+00:00\" \/>\n<meta property=\"og:image\" content=\"http:\/\/www.visit-ulcinj.com\/blog\/wp-content\/uploads\/2014\/07\/Coco-Beach-Ulcinj.jpg\" \/>\n<meta name=\"twitter:label1\" content=\"Written by\" \/>\n\t<meta name=\"twitter:data1\" content=\"ulqini\" \/>\n\t<meta name=\"twitter:label2\" content=\"Est. reading time\" \/>\n\t<meta name=\"twitter:data2\" content=\"3 minutes\" \/>\n<script type=\"application\/ld+json\" class=\"yoast-schema-graph\">{\"@context\":\"https:\/\/schema.org\",\"@graph\":[{\"@type\":\"WebSite\",\"@id\":\"https:\/\/www.visit-ulcinj.com\/blog\/#website\",\"url\":\"https:\/\/www.visit-ulcinj.com\/blog\/\",\"name\":\"Lajme nga Ulqini\",\"description\":\"Lajme,Vijesti,Ulqini,Ulqin,Crna Gora,Mali i Zi\",\"potentialAction\":[{\"@type\":\"SearchAction\",\"target\":{\"@type\":\"EntryPoint\",\"urlTemplate\":\"https:\/\/www.visit-ulcinj.com\/blog\/?s={search_term_string}\"},\"query-input\":\"required name=search_term_string\"}],\"inLanguage\":\"en-US\"},{\"@type\":\"ImageObject\",\"inLanguage\":\"en-US\",\"@id\":\"https:\/\/www.visit-ulcinj.com\/blog\/2014\/09\/10\/turisti-iz-bih-spasili-turisticku-sezonu-u-ulcinju\/#primaryimage\",\"url\":\"https:\/\/www.visit-ulcinj.com\/blog\/wp-content\/uploads\/2014\/07\/Coco-Beach-Ulcinj.jpg\",\"contentUrl\":\"https:\/\/www.visit-ulcinj.com\/blog\/wp-content\/uploads\/2014\/07\/Coco-Beach-Ulcinj.jpg\",\"width\":960,\"height\":640},{\"@type\":\"WebPage\",\"@id\":\"https:\/\/www.visit-ulcinj.com\/blog\/2014\/09\/10\/turisti-iz-bih-spasili-turisticku-sezonu-u-ulcinju\/#webpage\",\"url\":\"https:\/\/www.visit-ulcinj.com\/blog\/2014\/09\/10\/turisti-iz-bih-spasili-turisticku-sezonu-u-ulcinju\/\",\"name\":\"Turisti iz BiH spasili turisti\u010dku sezonu u Ulcinju - Lajme nga Ulqini\",\"isPartOf\":{\"@id\":\"https:\/\/www.visit-ulcinj.com\/blog\/#website\"},\"primaryImageOfPage\":{\"@id\":\"https:\/\/www.visit-ulcinj.com\/blog\/2014\/09\/10\/turisti-iz-bih-spasili-turisticku-sezonu-u-ulcinju\/#primaryimage\"},\"datePublished\":\"2014-09-10T12:39:28+00:00\",\"dateModified\":\"2014-09-10T12:39:28+00:00\",\"author\":{\"@id\":\"https:\/\/www.visit-ulcinj.com\/blog\/#\/schema\/person\/dcab619c614d3038751c63bc2aadc06d\"},\"description\":\"Septembarska sezona na crnogorskom primorju, prema podacima o broju turista i komentarima sagovornika, je na zadovoljavaju\u0107em nivou, pa \u010dak se trenutno\",\"breadcrumb\":{\"@id\":\"https:\/\/www.visit-ulcinj.com\/blog\/2014\/09\/10\/turisti-iz-bih-spasili-turisticku-sezonu-u-ulcinju\/#breadcrumb\"},\"inLanguage\":\"en-US\",\"potentialAction\":[{\"@type\":\"ReadAction\",\"target\":[\"https:\/\/www.visit-ulcinj.com\/blog\/2014\/09\/10\/turisti-iz-bih-spasili-turisticku-sezonu-u-ulcinju\/\"]}]},{\"@type\":\"BreadcrumbList\",\"@id\":\"https:\/\/www.visit-ulcinj.com\/blog\/2014\/09\/10\/turisti-iz-bih-spasili-turisticku-sezonu-u-ulcinju\/#breadcrumb\",\"itemListElement\":[{\"@type\":\"ListItem\",\"position\":1,\"name\":\"Turisti iz BiH spasili turisti\u010dku sezonu u Ulcinju\"}]},{\"@type\":\"Person\",\"@id\":\"https:\/\/www.visit-ulcinj.com\/blog\/#\/schema\/person\/dcab619c614d3038751c63bc2aadc06d\",\"name\":\"ulqini\",\"sameAs\":[\"http:\/\/www.visit-ulcinj.com\"],\"url\":\"https:\/\/www.visit-ulcinj.com\/blog\/author\/admin\/\"}]}<\/script>\n<!-- \/ Yoast SEO plugin. -->","yoast_head_json":{"title":"Turisti iz BiH spasili turisti\u010dku sezonu u Ulcinju - Lajme nga Ulqini","description":"Septembarska sezona na crnogorskom primorju, prema podacima o broju turista i komentarima sagovornika, je na zadovoljavaju\u0107em nivou, pa \u010dak se trenutno","robots":{"index":"index","follow":"follow","max-snippet":"max-snippet:-1","max-image-preview":"max-image-preview:large","max-video-preview":"max-video-preview:-1"},"canonical":"https:\/\/www.visit-ulcinj.com\/blog\/2014\/09\/10\/turisti-iz-bih-spasili-turisticku-sezonu-u-ulcinju\/","og_locale":"en_US","og_type":"article","og_title":"Turisti iz BiH spasili turisti\u010dku sezonu u Ulcinju - Lajme nga Ulqini","og_description":"Septembarska sezona na crnogorskom primorju, prema podacima o broju turista i komentarima sagovornika, je na zadovoljavaju\u0107em nivou, pa \u010dak se trenutno","og_url":"https:\/\/www.visit-ulcinj.com\/blog\/2014\/09\/10\/turisti-iz-bih-spasili-turisticku-sezonu-u-ulcinju\/","og_site_name":"Lajme nga Ulqini","article_published_time":"2014-09-10T12:39:28+00:00","og_image":[{"url":"http:\/\/www.visit-ulcinj.com\/blog\/wp-content\/uploads\/2014\/07\/Coco-Beach-Ulcinj.jpg"}],"twitter_misc":{"Written by":"ulqini","Est. reading time":"3 minutes"},"schema":{"@context":"https:\/\/schema.org","@graph":[{"@type":"WebSite","@id":"https:\/\/www.visit-ulcinj.com\/blog\/#website","url":"https:\/\/www.visit-ulcinj.com\/blog\/","name":"Lajme nga Ulqini","description":"Lajme,Vijesti,Ulqini,Ulqin,Crna Gora,Mali i Zi","potentialAction":[{"@type":"SearchAction","target":{"@type":"EntryPoint","urlTemplate":"https:\/\/www.visit-ulcinj.com\/blog\/?s={search_term_string}"},"query-input":"required name=search_term_string"}],"inLanguage":"en-US"},{"@type":"ImageObject","inLanguage":"en-US","@id":"https:\/\/www.visit-ulcinj.com\/blog\/2014\/09\/10\/turisti-iz-bih-spasili-turisticku-sezonu-u-ulcinju\/#primaryimage","url":"https:\/\/www.visit-ulcinj.com\/blog\/wp-content\/uploads\/2014\/07\/Coco-Beach-Ulcinj.jpg","contentUrl":"https:\/\/www.visit-ulcinj.com\/blog\/wp-content\/uploads\/2014\/07\/Coco-Beach-Ulcinj.jpg","width":960,"height":640},{"@type":"WebPage","@id":"https:\/\/www.visit-ulcinj.com\/blog\/2014\/09\/10\/turisti-iz-bih-spasili-turisticku-sezonu-u-ulcinju\/#webpage","url":"https:\/\/www.visit-ulcinj.com\/blog\/2014\/09\/10\/turisti-iz-bih-spasili-turisticku-sezonu-u-ulcinju\/","name":"Turisti iz BiH spasili turisti\u010dku sezonu u Ulcinju - Lajme nga Ulqini","isPartOf":{"@id":"https:\/\/www.visit-ulcinj.com\/blog\/#website"},"primaryImageOfPage":{"@id":"https:\/\/www.visit-ulcinj.com\/blog\/2014\/09\/10\/turisti-iz-bih-spasili-turisticku-sezonu-u-ulcinju\/#primaryimage"},"datePublished":"2014-09-10T12:39:28+00:00","dateModified":"2014-09-10T12:39:28+00:00","author":{"@id":"https:\/\/www.visit-ulcinj.com\/blog\/#\/schema\/person\/dcab619c614d3038751c63bc2aadc06d"},"description":"Septembarska sezona na crnogorskom primorju, prema podacima o broju turista i komentarima sagovornika, je na zadovoljavaju\u0107em nivou, pa \u010dak se trenutno","breadcrumb":{"@id":"https:\/\/www.visit-ulcinj.com\/blog\/2014\/09\/10\/turisti-iz-bih-spasili-turisticku-sezonu-u-ulcinju\/#breadcrumb"},"inLanguage":"en-US","potentialAction":[{"@type":"ReadAction","target":["https:\/\/www.visit-ulcinj.com\/blog\/2014\/09\/10\/turisti-iz-bih-spasili-turisticku-sezonu-u-ulcinju\/"]}]},{"@type":"BreadcrumbList","@id":"https:\/\/www.visit-ulcinj.com\/blog\/2014\/09\/10\/turisti-iz-bih-spasili-turisticku-sezonu-u-ulcinju\/#breadcrumb","itemListElement":[{"@type":"ListItem","position":1,"name":"Turisti iz BiH spasili turisti\u010dku sezonu u Ulcinju"}]},{"@type":"Person","@id":"https:\/\/www.visit-ulcinj.com\/blog\/#\/schema\/person\/dcab619c614d3038751c63bc2aadc06d","name":"ulqini","sameAs":["http:\/\/www.visit-ulcinj.com"],"url":"https:\/\/www.visit-ulcinj.com\/blog\/author\/admin\/"}]}},"jetpack_featured_media_url":"","jetpack_sharing_enabled":true,"jetpack_shortlink":"https:\/\/wp.me\/pe6lTn-m8E","_links":{"self":[{"href":"https:\/\/www.visit-ulcinj.com\/blog\/wp-json\/wp\/v2\/posts\/85104"}],"collection":[{"href":"https:\/\/www.visit-ulcinj.com\/blog\/wp-json\/wp\/v2\/posts"}],"about":[{"href":"https:\/\/www.visit-ulcinj.com\/blog\/wp-json\/wp\/v2\/types\/post"}],"author":[{"embeddable":true,"href":"https:\/\/www.visit-ulcinj.com\/blog\/wp-json\/wp\/v2\/users\/1"}],"replies":[{"embeddable":true,"href":"https:\/\/www.visit-ulcinj.com\/blog\/wp-json\/wp\/v2\/comments?post=85104"}],"version-history":[{"count":1,"href":"https:\/\/www.visit-ulcinj.com\/blog\/wp-json\/wp\/v2\/posts\/85104\/revisions"}],"predecessor-version":[{"id":85105,"href":"https:\/\/www.visit-ulcinj.com\/blog\/wp-json\/wp\/v2\/posts\/85104\/revisions\/85105"}],"wp:attachment":[{"href":"https:\/\/www.visit-ulcinj.com\/blog\/wp-json\/wp\/v2\/media?parent=85104"}],"wp:term":[{"taxonomy":"category","embeddable":true,"href":"https:\/\/www.visit-ulcinj.com\/blog\/wp-json\/wp\/v2\/categories?post=85104"},{"taxonomy":"post_tag","embeddable":true,"href":"https:\/\/www.visit-ulcinj.com\/blog\/wp-json\/wp\/v2\/tags?post=85104"}],"curies":[{"name":"wp","href":"https:\/\/api.w.org\/{rel}","templated":true}]}}