{"id":85110,"date":"2014-09-10T14:36:04","date_gmt":"2014-09-10T13:36:04","guid":{"rendered":"http:\/\/www.visit-ulcinj.com\/blog\/?p=85110"},"modified":"2014-09-10T14:36:04","modified_gmt":"2014-09-10T13:36:04","slug":"se-shpejti-rikonstruktimi-rruges-tivar-krythe","status":"publish","type":"post","link":"https:\/\/www.visit-ulcinj.com\/blog\/2014\/09\/10\/se-shpejti-rikonstruktimi-rruges-tivar-krythe\/","title":{"rendered":"S\u00eb shpejti rikonstruktimi i rruges Tivar &#8211; Kryth\u00eb"},"content":{"rendered":"<p><span style=\"font-size: 13px;\"><a href=\"http:\/\/www.visit-ulcinj.com\/blog\/wp-content\/uploads\/2013\/01\/Rruga_Krytha_Katerkoll\u00eb_Ulqin.jpg\"><img loading=\"lazy\" class=\"alignleft wp-image-67665\" src=\"http:\/\/www.visit-ulcinj.com\/blog\/wp-content\/uploads\/2013\/01\/Rruga_Krytha_Katerkoll\u00eb_Ulqin.jpg\" alt=\"Rruga_Krytha_Katerkoll\u00eb_Ulqin\" width=\"508\" height=\"381\" srcset=\"https:\/\/www.visit-ulcinj.com\/blog\/wp-content\/uploads\/2013\/01\/Rruga_Krytha_Katerkoll\u00eb_Ulqin.jpg 991w, https:\/\/www.visit-ulcinj.com\/blog\/wp-content\/uploads\/2013\/01\/Rruga_Krytha_Katerkoll\u00eb_Ulqin-300x224.jpg 300w\" sizes=\"(max-width: 508px) 100vw, 508px\" \/><\/a>Koalicioni i ri-vjet\u00ebr n\u00eb pushtet n\u00eb Tivar, t\u00eb cilin e p\u00ebrb\u00ebjn\u00eb Partia demokratike e socialist\u00ebve dhe Partia socialdemokrate, kan\u00eb arritur marr\u00ebveshjen q\u00eb n\u00eb k\u00ebt\u00eb mandat nisin rikonstruktimin e rrug\u00ebs regjional Tivar-Kryth\u00eb, n\u00eb gjat\u00ebsi prej 14km, njofton portali Ul.info.<br \/>\n<\/span><\/p>\n<p>Si\u00e7 thuhet, kjo rrug\u00eb do t\u00eb zgjerohet dhe do t\u00eb b\u00ebhet magjistrale, q\u00eb gj\u00eb do t\u00eb krijoj\u00eb lidhje m\u00eb t\u00eb mir\u00eb t\u00eb qytetar\u00ebve t\u00eb M\u00ebrkotit dhe Kraj\u00ebs me Tivarin, por edhe banor\u00ebt e krahin\u00ebs s\u00eb An\u00ebs s\u00eb Malit n\u00eb komun\u00eb t\u00eb Ulqinit.<\/p>\n<p>P\u00ebrndryshe, me marr\u00ebveshjen e koalicionit \u00ebsht\u00eb precizuar q\u00eb n\u00ebnkryetari aktual i komun\u00ebs s\u00eb Tivarit dhe funksionari i lart\u00eb i Partis\u00eb socialdemokrate Osman Subashiq t\u00eb jet\u00eb kryetar i Kuvendit t\u00eb k\u00ebsaj komune.<\/p>\n<p>Ul.info<\/p>\n","protected":false},"excerpt":{"rendered":"<p>Koalicioni i ri-vjet\u00ebr n\u00eb pushtet n\u00eb Tivar, t\u00eb cilin e p\u00ebrb\u00ebjn\u00eb Partia demokratike e socialist\u00ebve dhe Partia socialdemokrate, kan\u00eb arritur marr\u00ebveshjen q\u00eb n\u00eb k\u00ebt\u00eb mandat nisin rikonstruktimin e rrug\u00ebs regjional Tivar-Kryth\u00eb, n\u00eb gjat\u00ebsi prej 14km, njofton portali Ul.info. Si\u00e7 thuhet, kjo rrug\u00eb do t\u00eb zgjerohet dhe do t\u00eb b\u00ebhet magjistrale, q\u00eb gj\u00eb do t\u00eb krijoj\u00eb [&hellip;]<\/p>\n","protected":false},"author":1,"featured_media":0,"comment_status":"closed","ping_status":"closed","sticky":false,"template":"","format":"standard","meta":{"spay_email":"","jetpack_publicize_message":"","jetpack_is_tweetstorm":false,"jetpack_publicize_feature_enabled":true},"categories":[10],"tags":[],"jetpack_publicize_connections":[],"yoast_head":"<!-- This site is optimized with the Yoast SEO plugin v19.1 - https:\/\/yoast.com\/wordpress\/plugins\/seo\/ -->\n<title>S\u00eb shpejti rikonstruktimi i rruges Tivar - Kryth\u00eb - Lajme nga Ulqini<\/title>\n<meta name=\"description\" content=\"Koalicioni i ri-vjet\u00ebr n\u00eb pushtet n\u00eb Tivar, t\u00eb cilin e p\u00ebrb\u00ebjn\u00eb Partia demokratike e socialist\u00ebve dhe Partia socialdemokrate, kan\u00eb arritur marr\u00ebveshjen q\u00eb\" \/>\n<meta name=\"robots\" content=\"index, follow, max-snippet:-1, max-image-preview:large, max-video-preview:-1\" \/>\n<link rel=\"canonical\" href=\"https:\/\/www.visit-ulcinj.com\/blog\/2014\/09\/10\/se-shpejti-rikonstruktimi-rruges-tivar-krythe\/\" \/>\n<meta property=\"og:locale\" content=\"en_US\" \/>\n<meta property=\"og:type\" content=\"article\" \/>\n<meta property=\"og:title\" content=\"S\u00eb shpejti rikonstruktimi i rruges Tivar - Kryth\u00eb - Lajme nga Ulqini\" \/>\n<meta property=\"og:description\" content=\"Koalicioni i ri-vjet\u00ebr n\u00eb pushtet n\u00eb Tivar, t\u00eb cilin e p\u00ebrb\u00ebjn\u00eb Partia demokratike e socialist\u00ebve dhe Partia socialdemokrate, kan\u00eb arritur marr\u00ebveshjen q\u00eb\" \/>\n<meta property=\"og:url\" content=\"https:\/\/www.visit-ulcinj.com\/blog\/2014\/09\/10\/se-shpejti-rikonstruktimi-rruges-tivar-krythe\/\" \/>\n<meta property=\"og:site_name\" content=\"Lajme nga Ulqini\" \/>\n<meta property=\"article:published_time\" content=\"2014-09-10T13:36:04+00:00\" \/>\n<meta name=\"twitter:label1\" content=\"Written by\" \/>\n\t<meta name=\"twitter:data1\" content=\"ulqini\" \/>\n\t<meta name=\"twitter:label2\" content=\"Est. reading time\" \/>\n\t<meta name=\"twitter:data2\" content=\"1 minute\" \/>\n<script type=\"application\/ld+json\" class=\"yoast-schema-graph\">{\"@context\":\"https:\/\/schema.org\",\"@graph\":[{\"@type\":\"WebSite\",\"@id\":\"https:\/\/www.visit-ulcinj.com\/blog\/#website\",\"url\":\"https:\/\/www.visit-ulcinj.com\/blog\/\",\"name\":\"Lajme nga Ulqini\",\"description\":\"Lajme,Vijesti,Ulqini,Ulqin,Crna Gora,Mali i Zi\",\"potentialAction\":[{\"@type\":\"SearchAction\",\"target\":{\"@type\":\"EntryPoint\",\"urlTemplate\":\"https:\/\/www.visit-ulcinj.com\/blog\/?s={search_term_string}\"},\"query-input\":\"required name=search_term_string\"}],\"inLanguage\":\"en-US\"},{\"@type\":\"WebPage\",\"@id\":\"https:\/\/www.visit-ulcinj.com\/blog\/2014\/09\/10\/se-shpejti-rikonstruktimi-rruges-tivar-krythe\/#webpage\",\"url\":\"https:\/\/www.visit-ulcinj.com\/blog\/2014\/09\/10\/se-shpejti-rikonstruktimi-rruges-tivar-krythe\/\",\"name\":\"S\u00eb shpejti rikonstruktimi i rruges Tivar - Kryth\u00eb - Lajme nga Ulqini\",\"isPartOf\":{\"@id\":\"https:\/\/www.visit-ulcinj.com\/blog\/#website\"},\"datePublished\":\"2014-09-10T13:36:04+00:00\",\"dateModified\":\"2014-09-10T13:36:04+00:00\",\"author\":{\"@id\":\"https:\/\/www.visit-ulcinj.com\/blog\/#\/schema\/person\/dcab619c614d3038751c63bc2aadc06d\"},\"description\":\"Koalicioni i ri-vjet\u00ebr n\u00eb pushtet n\u00eb Tivar, t\u00eb cilin e p\u00ebrb\u00ebjn\u00eb Partia demokratike e socialist\u00ebve dhe Partia socialdemokrate, kan\u00eb arritur marr\u00ebveshjen q\u00eb\",\"breadcrumb\":{\"@id\":\"https:\/\/www.visit-ulcinj.com\/blog\/2014\/09\/10\/se-shpejti-rikonstruktimi-rruges-tivar-krythe\/#breadcrumb\"},\"inLanguage\":\"en-US\",\"potentialAction\":[{\"@type\":\"ReadAction\",\"target\":[\"https:\/\/www.visit-ulcinj.com\/blog\/2014\/09\/10\/se-shpejti-rikonstruktimi-rruges-tivar-krythe\/\"]}]},{\"@type\":\"BreadcrumbList\",\"@id\":\"https:\/\/www.visit-ulcinj.com\/blog\/2014\/09\/10\/se-shpejti-rikonstruktimi-rruges-tivar-krythe\/#breadcrumb\",\"itemListElement\":[{\"@type\":\"ListItem\",\"position\":1,\"name\":\"S\u00eb shpejti rikonstruktimi i rruges Tivar &#8211; Kryth\u00eb\"}]},{\"@type\":\"Person\",\"@id\":\"https:\/\/www.visit-ulcinj.com\/blog\/#\/schema\/person\/dcab619c614d3038751c63bc2aadc06d\",\"name\":\"ulqini\",\"sameAs\":[\"http:\/\/www.visit-ulcinj.com\"],\"url\":\"https:\/\/www.visit-ulcinj.com\/blog\/author\/admin\/\"}]}<\/script>\n<!-- \/ Yoast SEO plugin. -->","yoast_head_json":{"title":"S\u00eb shpejti rikonstruktimi i rruges Tivar - Kryth\u00eb - Lajme nga Ulqini","description":"Koalicioni i ri-vjet\u00ebr n\u00eb pushtet n\u00eb Tivar, t\u00eb cilin e p\u00ebrb\u00ebjn\u00eb Partia demokratike e socialist\u00ebve dhe Partia socialdemokrate, kan\u00eb arritur marr\u00ebveshjen q\u00eb","robots":{"index":"index","follow":"follow","max-snippet":"max-snippet:-1","max-image-preview":"max-image-preview:large","max-video-preview":"max-video-preview:-1"},"canonical":"https:\/\/www.visit-ulcinj.com\/blog\/2014\/09\/10\/se-shpejti-rikonstruktimi-rruges-tivar-krythe\/","og_locale":"en_US","og_type":"article","og_title":"S\u00eb shpejti rikonstruktimi i rruges Tivar - Kryth\u00eb - Lajme nga Ulqini","og_description":"Koalicioni i ri-vjet\u00ebr n\u00eb pushtet n\u00eb Tivar, t\u00eb cilin e p\u00ebrb\u00ebjn\u00eb Partia demokratike e socialist\u00ebve dhe Partia socialdemokrate, kan\u00eb arritur marr\u00ebveshjen q\u00eb","og_url":"https:\/\/www.visit-ulcinj.com\/blog\/2014\/09\/10\/se-shpejti-rikonstruktimi-rruges-tivar-krythe\/","og_site_name":"Lajme nga Ulqini","article_published_time":"2014-09-10T13:36:04+00:00","twitter_misc":{"Written by":"ulqini","Est. reading time":"1 minute"},"schema":{"@context":"https:\/\/schema.org","@graph":[{"@type":"WebSite","@id":"https:\/\/www.visit-ulcinj.com\/blog\/#website","url":"https:\/\/www.visit-ulcinj.com\/blog\/","name":"Lajme nga Ulqini","description":"Lajme,Vijesti,Ulqini,Ulqin,Crna Gora,Mali i Zi","potentialAction":[{"@type":"SearchAction","target":{"@type":"EntryPoint","urlTemplate":"https:\/\/www.visit-ulcinj.com\/blog\/?s={search_term_string}"},"query-input":"required name=search_term_string"}],"inLanguage":"en-US"},{"@type":"WebPage","@id":"https:\/\/www.visit-ulcinj.com\/blog\/2014\/09\/10\/se-shpejti-rikonstruktimi-rruges-tivar-krythe\/#webpage","url":"https:\/\/www.visit-ulcinj.com\/blog\/2014\/09\/10\/se-shpejti-rikonstruktimi-rruges-tivar-krythe\/","name":"S\u00eb shpejti rikonstruktimi i rruges Tivar - Kryth\u00eb - Lajme nga Ulqini","isPartOf":{"@id":"https:\/\/www.visit-ulcinj.com\/blog\/#website"},"datePublished":"2014-09-10T13:36:04+00:00","dateModified":"2014-09-10T13:36:04+00:00","author":{"@id":"https:\/\/www.visit-ulcinj.com\/blog\/#\/schema\/person\/dcab619c614d3038751c63bc2aadc06d"},"description":"Koalicioni i ri-vjet\u00ebr n\u00eb pushtet n\u00eb Tivar, t\u00eb cilin e p\u00ebrb\u00ebjn\u00eb Partia demokratike e socialist\u00ebve dhe Partia socialdemokrate, kan\u00eb arritur marr\u00ebveshjen q\u00eb","breadcrumb":{"@id":"https:\/\/www.visit-ulcinj.com\/blog\/2014\/09\/10\/se-shpejti-rikonstruktimi-rruges-tivar-krythe\/#breadcrumb"},"inLanguage":"en-US","potentialAction":[{"@type":"ReadAction","target":["https:\/\/www.visit-ulcinj.com\/blog\/2014\/09\/10\/se-shpejti-rikonstruktimi-rruges-tivar-krythe\/"]}]},{"@type":"BreadcrumbList","@id":"https:\/\/www.visit-ulcinj.com\/blog\/2014\/09\/10\/se-shpejti-rikonstruktimi-rruges-tivar-krythe\/#breadcrumb","itemListElement":[{"@type":"ListItem","position":1,"name":"S\u00eb shpejti rikonstruktimi i rruges Tivar &#8211; Kryth\u00eb"}]},{"@type":"Person","@id":"https:\/\/www.visit-ulcinj.com\/blog\/#\/schema\/person\/dcab619c614d3038751c63bc2aadc06d","name":"ulqini","sameAs":["http:\/\/www.visit-ulcinj.com"],"url":"https:\/\/www.visit-ulcinj.com\/blog\/author\/admin\/"}]}},"jetpack_featured_media_url":"","jetpack_sharing_enabled":true,"jetpack_shortlink":"https:\/\/wp.me\/pe6lTn-m8K","_links":{"self":[{"href":"https:\/\/www.visit-ulcinj.com\/blog\/wp-json\/wp\/v2\/posts\/85110"}],"collection":[{"href":"https:\/\/www.visit-ulcinj.com\/blog\/wp-json\/wp\/v2\/posts"}],"about":[{"href":"https:\/\/www.visit-ulcinj.com\/blog\/wp-json\/wp\/v2\/types\/post"}],"author":[{"embeddable":true,"href":"https:\/\/www.visit-ulcinj.com\/blog\/wp-json\/wp\/v2\/users\/1"}],"replies":[{"embeddable":true,"href":"https:\/\/www.visit-ulcinj.com\/blog\/wp-json\/wp\/v2\/comments?post=85110"}],"version-history":[{"count":1,"href":"https:\/\/www.visit-ulcinj.com\/blog\/wp-json\/wp\/v2\/posts\/85110\/revisions"}],"predecessor-version":[{"id":85111,"href":"https:\/\/www.visit-ulcinj.com\/blog\/wp-json\/wp\/v2\/posts\/85110\/revisions\/85111"}],"wp:attachment":[{"href":"https:\/\/www.visit-ulcinj.com\/blog\/wp-json\/wp\/v2\/media?parent=85110"}],"wp:term":[{"taxonomy":"category","embeddable":true,"href":"https:\/\/www.visit-ulcinj.com\/blog\/wp-json\/wp\/v2\/categories?post=85110"},{"taxonomy":"post_tag","embeddable":true,"href":"https:\/\/www.visit-ulcinj.com\/blog\/wp-json\/wp\/v2\/tags?post=85110"}],"curies":[{"name":"wp","href":"https:\/\/api.w.org\/{rel}","templated":true}]}}