{"id":85115,"date":"2014-09-10T16:38:26","date_gmt":"2014-09-10T15:38:26","guid":{"rendered":"http:\/\/www.visit-ulcinj.com\/blog\/?p=85115"},"modified":"2014-09-10T16:38:26","modified_gmt":"2014-09-10T15:38:26","slug":"hapja-solemne-e-paraleles-se-fakultetit-per-studime-afariste-ne-ulqin","status":"publish","type":"post","link":"https:\/\/www.visit-ulcinj.com\/blog\/2014\/09\/10\/hapja-solemne-e-paraleles-se-fakultetit-per-studime-afariste-ne-ulqin\/","title":{"rendered":"Hapja solemne e paraleles se Fakultetit p\u00ebr studime afariste n\u00eb Ulqin"},"content":{"rendered":"<p><a href=\"http:\/\/www.visit-ulcinj.com\/blog\/wp-content\/uploads\/2014\/09\/FMS-ULCINJ.jpg\"><img loading=\"lazy\" class=\"alignleft wp-image-85116 size-full\" src=\"http:\/\/www.visit-ulcinj.com\/blog\/wp-content\/uploads\/2014\/09\/FMS-ULCINJ.jpg\" alt=\"FMS-ULCINJ\" width=\"336\" height=\"336\" srcset=\"https:\/\/www.visit-ulcinj.com\/blog\/wp-content\/uploads\/2014\/09\/FMS-ULCINJ.jpg 336w, https:\/\/www.visit-ulcinj.com\/blog\/wp-content\/uploads\/2014\/09\/FMS-ULCINJ-150x150.jpg 150w, https:\/\/www.visit-ulcinj.com\/blog\/wp-content\/uploads\/2014\/09\/FMS-ULCINJ-300x300.jpg 300w\" sizes=\"(max-width: 336px) 100vw, 336px\" \/><\/a>N\u00eb Ulqin t\u00eb shtun\u00ebn e ardhshme solemnisht do t\u00eb hapet paralelja e Fakultetit p\u00ebr studime afariste mesdhetare (FSAM), m\u00ebson Portali Ul-info.<\/p>\n<p>Nga Administrata e fakultetit theksojn\u00eb q\u00eb m\u00ebsimi fillon dy dit\u00eb m\u00eb von\u00eb, gjegj\u00ebsisht t\u00eb h\u00ebn\u00ebn, m\u00eb 15 shtator.<\/p>\n<p>Regjistrimi n\u00eb nivel vjetor n\u00eb FSAM \u00ebsht\u00eb 1500 euro, ku n\u00eb momentin e regjistrimit paguhet 20 p\u00ebr qind nga shuma e caktuar, nd\u00ebrsa mjetet e mbetura n\u00eb 10 k\u00ebste mujore nga 120 euro.<\/p>\n<p>P\u00ebrkrahje t\u00eb fuqishme hapjes dhe pun\u00ebs s\u00eb FSAM i dha administrata lokale. Institucioni i par\u00eb i arsimit t\u00eb lart\u00eb i hapur ndonj\u00ebher\u00eb n\u00eb Ulqin p\u00ebr fillim do t\u00eb punoj\u00eb n\u00eb nd\u00ebrtes\u00ebn e Qendr\u00ebs p\u00ebr kultur\u00eb.<\/p>\n<p>Ul.info<\/p>\n","protected":false},"excerpt":{"rendered":"<p>N\u00eb Ulqin t\u00eb shtun\u00ebn e ardhshme solemnisht do t\u00eb hapet paralelja e Fakultetit p\u00ebr studime afariste mesdhetare (FSAM), m\u00ebson Portali Ul-info. Nga Administrata e fakultetit theksojn\u00eb q\u00eb m\u00ebsimi fillon dy dit\u00eb m\u00eb von\u00eb, gjegj\u00ebsisht t\u00eb h\u00ebn\u00ebn, m\u00eb 15 shtator. Regjistrimi n\u00eb nivel vjetor n\u00eb FSAM \u00ebsht\u00eb 1500 euro, ku n\u00eb momentin e regjistrimit paguhet 20 [&hellip;]<\/p>\n","protected":false},"author":1,"featured_media":0,"comment_status":"closed","ping_status":"closed","sticky":false,"template":"","format":"standard","meta":{"spay_email":"","jetpack_publicize_message":"","jetpack_is_tweetstorm":false,"jetpack_publicize_feature_enabled":true},"categories":[2451],"tags":[],"jetpack_publicize_connections":[],"yoast_head":"<!-- This site is optimized with the Yoast SEO plugin v19.1 - https:\/\/yoast.com\/wordpress\/plugins\/seo\/ -->\n<title>Hapja solemne e paraleles se Fakultetit p\u00ebr studime afariste n\u00eb Ulqin - Lajme nga Ulqini<\/title>\n<meta name=\"description\" content=\"N\u00eb Ulqin t\u00eb shtun\u00ebn e ardhshme solemnisht do t\u00eb hapet paralelja e Fakultetit p\u00ebr studime afariste mesdhetare (FSAM), m\u00ebson Portali Ul-info. Nga\" \/>\n<meta name=\"robots\" content=\"index, follow, max-snippet:-1, max-image-preview:large, max-video-preview:-1\" \/>\n<link rel=\"canonical\" href=\"https:\/\/www.visit-ulcinj.com\/blog\/2014\/09\/10\/hapja-solemne-e-paraleles-se-fakultetit-per-studime-afariste-ne-ulqin\/\" \/>\n<meta property=\"og:locale\" content=\"en_US\" \/>\n<meta property=\"og:type\" content=\"article\" \/>\n<meta property=\"og:title\" content=\"Hapja solemne e paraleles se Fakultetit p\u00ebr studime afariste n\u00eb Ulqin - Lajme nga Ulqini\" \/>\n<meta property=\"og:description\" content=\"N\u00eb Ulqin t\u00eb shtun\u00ebn e ardhshme solemnisht do t\u00eb hapet paralelja e Fakultetit p\u00ebr studime afariste mesdhetare (FSAM), m\u00ebson Portali Ul-info. Nga\" \/>\n<meta property=\"og:url\" content=\"https:\/\/www.visit-ulcinj.com\/blog\/2014\/09\/10\/hapja-solemne-e-paraleles-se-fakultetit-per-studime-afariste-ne-ulqin\/\" \/>\n<meta property=\"og:site_name\" content=\"Lajme nga Ulqini\" \/>\n<meta property=\"article:published_time\" content=\"2014-09-10T15:38:26+00:00\" \/>\n<meta property=\"og:image\" content=\"http:\/\/www.visit-ulcinj.com\/blog\/wp-content\/uploads\/2014\/09\/FMS-ULCINJ.jpg\" \/>\n<meta name=\"twitter:label1\" content=\"Written by\" \/>\n\t<meta name=\"twitter:data1\" content=\"ulqini\" \/>\n\t<meta name=\"twitter:label2\" content=\"Est. reading time\" \/>\n\t<meta name=\"twitter:data2\" content=\"1 minute\" \/>\n<script type=\"application\/ld+json\" class=\"yoast-schema-graph\">{\"@context\":\"https:\/\/schema.org\",\"@graph\":[{\"@type\":\"WebSite\",\"@id\":\"https:\/\/www.visit-ulcinj.com\/blog\/#website\",\"url\":\"https:\/\/www.visit-ulcinj.com\/blog\/\",\"name\":\"Lajme nga Ulqini\",\"description\":\"Lajme,Vijesti,Ulqini,Ulqin,Crna Gora,Mali i Zi\",\"potentialAction\":[{\"@type\":\"SearchAction\",\"target\":{\"@type\":\"EntryPoint\",\"urlTemplate\":\"https:\/\/www.visit-ulcinj.com\/blog\/?s={search_term_string}\"},\"query-input\":\"required name=search_term_string\"}],\"inLanguage\":\"en-US\"},{\"@type\":\"ImageObject\",\"inLanguage\":\"en-US\",\"@id\":\"https:\/\/www.visit-ulcinj.com\/blog\/2014\/09\/10\/hapja-solemne-e-paraleles-se-fakultetit-per-studime-afariste-ne-ulqin\/#primaryimage\",\"url\":\"https:\/\/www.visit-ulcinj.com\/blog\/wp-content\/uploads\/2014\/09\/FMS-ULCINJ.jpg\",\"contentUrl\":\"https:\/\/www.visit-ulcinj.com\/blog\/wp-content\/uploads\/2014\/09\/FMS-ULCINJ.jpg\",\"width\":336,\"height\":336},{\"@type\":\"WebPage\",\"@id\":\"https:\/\/www.visit-ulcinj.com\/blog\/2014\/09\/10\/hapja-solemne-e-paraleles-se-fakultetit-per-studime-afariste-ne-ulqin\/#webpage\",\"url\":\"https:\/\/www.visit-ulcinj.com\/blog\/2014\/09\/10\/hapja-solemne-e-paraleles-se-fakultetit-per-studime-afariste-ne-ulqin\/\",\"name\":\"Hapja solemne e paraleles se Fakultetit p\u00ebr studime afariste n\u00eb Ulqin - Lajme nga Ulqini\",\"isPartOf\":{\"@id\":\"https:\/\/www.visit-ulcinj.com\/blog\/#website\"},\"primaryImageOfPage\":{\"@id\":\"https:\/\/www.visit-ulcinj.com\/blog\/2014\/09\/10\/hapja-solemne-e-paraleles-se-fakultetit-per-studime-afariste-ne-ulqin\/#primaryimage\"},\"datePublished\":\"2014-09-10T15:38:26+00:00\",\"dateModified\":\"2014-09-10T15:38:26+00:00\",\"author\":{\"@id\":\"https:\/\/www.visit-ulcinj.com\/blog\/#\/schema\/person\/dcab619c614d3038751c63bc2aadc06d\"},\"description\":\"N\u00eb Ulqin t\u00eb shtun\u00ebn e ardhshme solemnisht do t\u00eb hapet paralelja e Fakultetit p\u00ebr studime afariste mesdhetare (FSAM), m\u00ebson Portali Ul-info. Nga\",\"breadcrumb\":{\"@id\":\"https:\/\/www.visit-ulcinj.com\/blog\/2014\/09\/10\/hapja-solemne-e-paraleles-se-fakultetit-per-studime-afariste-ne-ulqin\/#breadcrumb\"},\"inLanguage\":\"en-US\",\"potentialAction\":[{\"@type\":\"ReadAction\",\"target\":[\"https:\/\/www.visit-ulcinj.com\/blog\/2014\/09\/10\/hapja-solemne-e-paraleles-se-fakultetit-per-studime-afariste-ne-ulqin\/\"]}]},{\"@type\":\"BreadcrumbList\",\"@id\":\"https:\/\/www.visit-ulcinj.com\/blog\/2014\/09\/10\/hapja-solemne-e-paraleles-se-fakultetit-per-studime-afariste-ne-ulqin\/#breadcrumb\",\"itemListElement\":[{\"@type\":\"ListItem\",\"position\":1,\"name\":\"Hapja solemne e paraleles se Fakultetit p\u00ebr studime afariste n\u00eb Ulqin\"}]},{\"@type\":\"Person\",\"@id\":\"https:\/\/www.visit-ulcinj.com\/blog\/#\/schema\/person\/dcab619c614d3038751c63bc2aadc06d\",\"name\":\"ulqini\",\"sameAs\":[\"http:\/\/www.visit-ulcinj.com\"],\"url\":\"https:\/\/www.visit-ulcinj.com\/blog\/author\/admin\/\"}]}<\/script>\n<!-- \/ Yoast SEO plugin. -->","yoast_head_json":{"title":"Hapja solemne e paraleles se Fakultetit p\u00ebr studime afariste n\u00eb Ulqin - Lajme nga Ulqini","description":"N\u00eb Ulqin t\u00eb shtun\u00ebn e ardhshme solemnisht do t\u00eb hapet paralelja e Fakultetit p\u00ebr studime afariste mesdhetare (FSAM), m\u00ebson Portali Ul-info. Nga","robots":{"index":"index","follow":"follow","max-snippet":"max-snippet:-1","max-image-preview":"max-image-preview:large","max-video-preview":"max-video-preview:-1"},"canonical":"https:\/\/www.visit-ulcinj.com\/blog\/2014\/09\/10\/hapja-solemne-e-paraleles-se-fakultetit-per-studime-afariste-ne-ulqin\/","og_locale":"en_US","og_type":"article","og_title":"Hapja solemne e paraleles se Fakultetit p\u00ebr studime afariste n\u00eb Ulqin - Lajme nga Ulqini","og_description":"N\u00eb Ulqin t\u00eb shtun\u00ebn e ardhshme solemnisht do t\u00eb hapet paralelja e Fakultetit p\u00ebr studime afariste mesdhetare (FSAM), m\u00ebson Portali Ul-info. Nga","og_url":"https:\/\/www.visit-ulcinj.com\/blog\/2014\/09\/10\/hapja-solemne-e-paraleles-se-fakultetit-per-studime-afariste-ne-ulqin\/","og_site_name":"Lajme nga Ulqini","article_published_time":"2014-09-10T15:38:26+00:00","og_image":[{"url":"http:\/\/www.visit-ulcinj.com\/blog\/wp-content\/uploads\/2014\/09\/FMS-ULCINJ.jpg"}],"twitter_misc":{"Written by":"ulqini","Est. reading time":"1 minute"},"schema":{"@context":"https:\/\/schema.org","@graph":[{"@type":"WebSite","@id":"https:\/\/www.visit-ulcinj.com\/blog\/#website","url":"https:\/\/www.visit-ulcinj.com\/blog\/","name":"Lajme nga Ulqini","description":"Lajme,Vijesti,Ulqini,Ulqin,Crna Gora,Mali i Zi","potentialAction":[{"@type":"SearchAction","target":{"@type":"EntryPoint","urlTemplate":"https:\/\/www.visit-ulcinj.com\/blog\/?s={search_term_string}"},"query-input":"required name=search_term_string"}],"inLanguage":"en-US"},{"@type":"ImageObject","inLanguage":"en-US","@id":"https:\/\/www.visit-ulcinj.com\/blog\/2014\/09\/10\/hapja-solemne-e-paraleles-se-fakultetit-per-studime-afariste-ne-ulqin\/#primaryimage","url":"https:\/\/www.visit-ulcinj.com\/blog\/wp-content\/uploads\/2014\/09\/FMS-ULCINJ.jpg","contentUrl":"https:\/\/www.visit-ulcinj.com\/blog\/wp-content\/uploads\/2014\/09\/FMS-ULCINJ.jpg","width":336,"height":336},{"@type":"WebPage","@id":"https:\/\/www.visit-ulcinj.com\/blog\/2014\/09\/10\/hapja-solemne-e-paraleles-se-fakultetit-per-studime-afariste-ne-ulqin\/#webpage","url":"https:\/\/www.visit-ulcinj.com\/blog\/2014\/09\/10\/hapja-solemne-e-paraleles-se-fakultetit-per-studime-afariste-ne-ulqin\/","name":"Hapja solemne e paraleles se Fakultetit p\u00ebr studime afariste n\u00eb Ulqin - Lajme nga Ulqini","isPartOf":{"@id":"https:\/\/www.visit-ulcinj.com\/blog\/#website"},"primaryImageOfPage":{"@id":"https:\/\/www.visit-ulcinj.com\/blog\/2014\/09\/10\/hapja-solemne-e-paraleles-se-fakultetit-per-studime-afariste-ne-ulqin\/#primaryimage"},"datePublished":"2014-09-10T15:38:26+00:00","dateModified":"2014-09-10T15:38:26+00:00","author":{"@id":"https:\/\/www.visit-ulcinj.com\/blog\/#\/schema\/person\/dcab619c614d3038751c63bc2aadc06d"},"description":"N\u00eb Ulqin t\u00eb shtun\u00ebn e ardhshme solemnisht do t\u00eb hapet paralelja e Fakultetit p\u00ebr studime afariste mesdhetare (FSAM), m\u00ebson Portali Ul-info. Nga","breadcrumb":{"@id":"https:\/\/www.visit-ulcinj.com\/blog\/2014\/09\/10\/hapja-solemne-e-paraleles-se-fakultetit-per-studime-afariste-ne-ulqin\/#breadcrumb"},"inLanguage":"en-US","potentialAction":[{"@type":"ReadAction","target":["https:\/\/www.visit-ulcinj.com\/blog\/2014\/09\/10\/hapja-solemne-e-paraleles-se-fakultetit-per-studime-afariste-ne-ulqin\/"]}]},{"@type":"BreadcrumbList","@id":"https:\/\/www.visit-ulcinj.com\/blog\/2014\/09\/10\/hapja-solemne-e-paraleles-se-fakultetit-per-studime-afariste-ne-ulqin\/#breadcrumb","itemListElement":[{"@type":"ListItem","position":1,"name":"Hapja solemne e paraleles se Fakultetit p\u00ebr studime afariste n\u00eb Ulqin"}]},{"@type":"Person","@id":"https:\/\/www.visit-ulcinj.com\/blog\/#\/schema\/person\/dcab619c614d3038751c63bc2aadc06d","name":"ulqini","sameAs":["http:\/\/www.visit-ulcinj.com"],"url":"https:\/\/www.visit-ulcinj.com\/blog\/author\/admin\/"}]}},"jetpack_featured_media_url":"","jetpack_sharing_enabled":true,"jetpack_shortlink":"https:\/\/wp.me\/pe6lTn-m8P","_links":{"self":[{"href":"https:\/\/www.visit-ulcinj.com\/blog\/wp-json\/wp\/v2\/posts\/85115"}],"collection":[{"href":"https:\/\/www.visit-ulcinj.com\/blog\/wp-json\/wp\/v2\/posts"}],"about":[{"href":"https:\/\/www.visit-ulcinj.com\/blog\/wp-json\/wp\/v2\/types\/post"}],"author":[{"embeddable":true,"href":"https:\/\/www.visit-ulcinj.com\/blog\/wp-json\/wp\/v2\/users\/1"}],"replies":[{"embeddable":true,"href":"https:\/\/www.visit-ulcinj.com\/blog\/wp-json\/wp\/v2\/comments?post=85115"}],"version-history":[{"count":1,"href":"https:\/\/www.visit-ulcinj.com\/blog\/wp-json\/wp\/v2\/posts\/85115\/revisions"}],"predecessor-version":[{"id":85117,"href":"https:\/\/www.visit-ulcinj.com\/blog\/wp-json\/wp\/v2\/posts\/85115\/revisions\/85117"}],"wp:attachment":[{"href":"https:\/\/www.visit-ulcinj.com\/blog\/wp-json\/wp\/v2\/media?parent=85115"}],"wp:term":[{"taxonomy":"category","embeddable":true,"href":"https:\/\/www.visit-ulcinj.com\/blog\/wp-json\/wp\/v2\/categories?post=85115"},{"taxonomy":"post_tag","embeddable":true,"href":"https:\/\/www.visit-ulcinj.com\/blog\/wp-json\/wp\/v2\/tags?post=85115"}],"curies":[{"name":"wp","href":"https:\/\/api.w.org\/{rel}","templated":true}]}}