{"id":85118,"date":"2014-09-11T07:12:56","date_gmt":"2014-09-11T06:12:56","guid":{"rendered":"http:\/\/www.visit-ulcinj.com\/blog\/?p=85118"},"modified":"2014-09-13T13:50:58","modified_gmt":"2014-09-13T12:50:58","slug":"nika-kush-parapriu-bankrotit-ekonomik","status":"publish","type":"post","link":"https:\/\/www.visit-ulcinj.com\/blog\/2014\/09\/11\/nika-kush-parapriu-bankrotit-ekonomik\/","title":{"rendered":"Nika: Kush i parapriu  bankrotit ekonomik"},"content":{"rendered":"<p><strong><em><a href=\"http:\/\/www.visit-ulcinj.com\/blog\/wp-content\/uploads\/2013\/12\/Muhamet-Nika.jpg\"><img loading=\"lazy\" class=\"alignleft wp-image-77361 size-full\" src=\"http:\/\/www.visit-ulcinj.com\/blog\/wp-content\/uploads\/2013\/12\/Muhamet-Nika.jpg\" alt=\"Muhamet-Nika\" width=\"389\" height=\"247\" srcset=\"https:\/\/www.visit-ulcinj.com\/blog\/wp-content\/uploads\/2013\/12\/Muhamet-Nika.jpg 389w, https:\/\/www.visit-ulcinj.com\/blog\/wp-content\/uploads\/2013\/12\/Muhamet-Nika-300x190.jpg 300w\" sizes=\"(max-width: 389px) 100vw, 389px\" \/><\/a>Shkruan: Muhamet Nika,<\/em><\/strong><\/p>\n<p>(<strong><em>Vazhdim IV)<\/em><\/strong><\/p>\n<p>Me k\u00ebto shkrime nuk d\u00ebshirojm\u00eb t\u00eb cekim se privatizimin ,<strong><em> ME KREDI MARRJEN<\/em><\/strong>, duhet ta kemi t\u00eb huaj, por duam t\u00eb themi se ky lloj i privatizimit, <strong><em>BASHK\u00cb ME KREDI MARRJE<\/em><\/strong>, q\u00eb u organizua nga DPS-I, n\u00eb Ulqin, d\u00ebshtoi dhe dihej q\u00eb do t\u00eb d\u00ebshtonte&#8230;?!! D\u00ebshtimi n\u00eb sektorin ish-shtet\u00ebror , nuk mund t\u00eb lidhet vet\u00ebm, si problem sistemor i sistemit q\u00eb per\u00ebndoi n\u00eb ish \u2013 Jugosllavi- si\u00e7 mendojn\u00eb disa. Nga se gjith\u00eb kjo ekonomi e ish- sistemit \u00ebsht\u00eb ka funksionon si duhet. Madje , madje, privatizimi, funksionoi e funksionon, deri diku, edhe n\u00eb komunat tjera t\u00eb Malit t\u00eb Zi- p\u00ebrve\u00e7 se n\u00eb Ulqin, si\u00e7 kemi shkruar edhe m\u00eb par\u00eb?!<\/p>\n<p>&nbsp;<\/p>\n<p>At\u00ebher\u00eb k\u00ebtu, mund t\u00eb shtrohet nj\u00eb pyetje me interes: <strong>P\u00ebrse b\u00ebn\u00eb p\u00ebrjashtim vet\u00ebm Ulqini,<\/strong> ku procesi i privatizimit d\u00ebshtoi t\u00ebr\u00ebsisht ?! Pyetja k\u00ebrkon p\u00ebrgjigje, sepse nga e gjith\u00eb kjo ekonomi komuniste- me mbi 1500 vende pune nuk mbeti as nam , e as nishan i saj.?!! Dhe p\u00ebr ironi, t\u00eb gjith\u00eb e shikuam procesin e shkat\u00ebrrimit, i cili po kryhej, nga disa matrapaz\u00eb ton\u00eb q\u00eb vepruan \u201c n\u00eb em\u00ebr t\u00eb shtetit\u201d me gjak ftoht\u00ebsin\u00eb m\u00eb t\u00eb madhe, thua se nuk po ndodhte asgj\u00eb. E ata, vendosnin dhe shkat\u00ebrronin brezin ton\u00eb dhe mbyllnin perspektiv\u00ebn p\u00ebr brezin q\u00eb vjen. Sot m\u00eb duket , q\u00eb tek ne, n\u00eb at\u00eb koh\u00eb funksiononte ajo puna e trurit t\u00eb logjik\u00ebs s\u00eb gomarit kur u takua me ujkun&#8230;! Dhe tha- po e p\u00ebrs\u00ebris:\u201cBane zot and\u00ebrr&#8230;\u201d?! K\u00ebto jan\u00eb fjal\u00ebt q\u00eb kish th\u00ebn\u00eb kafsha e trash\u00eb\u00a0\u00a0 t\u00eb cilat e gjora, vazhdimisht i p\u00ebrs\u00ebriste edhe at\u00eb her\u00eb kur ujku , ia kish filluar ta haj\u00eb nga pas&#8230;,?!!<\/p>\n<p>Mbi 1500 pun\u00ebtor\u00ebt e k\u00ebtij sektori ekonomik, thjesht\u00eb po v\u00ebrehet, nuk mund ta besonin se do t\u00eb liheshin rrug\u00ebve , pa i hipur as kujt , madje sa do pak, as gjemba sa do e vog\u00ebl n\u00eb k\u00ebmb\u00eb p\u00ebr fatin q\u00eb i priste..?!! Shteti, n\u00eb Ulqin, nuk funksiononte dhe ndihej i kapitulluar ekonomikisht. T\u00ebr\u00eb kjo ndodhi n\u00eb nj\u00eb gjendje kaotike lufte. Po duket se ai u p\u00ebrcaktua q\u00eb fatin e ekonomis\u00eb t\u2019iu besoj\u00eb me gjith\u00eb at\u00eb, do\u201d kasap\u00ebve ekonomik\u00eb shqiptar\u00eb\u201d, t\u00eb cil\u00ebt shfryt\u00ebzuan rastin t\u00eb pasuroheshin nga tjet\u00ebrsimi i k\u00ebtij kapital. Madje n\u00eb k\u00ebto pun\u00eb , disa duhet t\u00eb akuzohen , si \u201c profitera lufte&#8230;\u201d?! Themi k\u00ebt\u00eb, sepse gjith\u00eb k\u00ebt\u00eb pasuri t\u00eb pla\u00e7kitur , duke filluar q\u00eb nga uzurpimet e pron\u00ebsis\u00eb e b\u00ebn\u00eb pa p\u00ebrkrahjen e Kuvendit komunal t\u00eb Ulqinit. K\u00ebta, sipas metod\u00ebs s\u00eb vet , i krijuan atij paraleliz\u00ebm , t\u00eb cilin fillimisht e izoluan dhe m\u00eb pas iu sulen marrjes s\u00eb tij me vot\u00eb.. Ai , as q\u00eb pyetej fare &#8230;?!!!<\/p>\n<p><strong><em> K\u00cbND E AKUZOI ZHELKO ROLLOVIQI N\u00cb NJ\u00cb KONFERENC\u00cb P\u00cbR SHTYP<\/em><\/strong><\/p>\n<p><strong><em>Para se t\u00eb flas, p\u00ebr deklarat\u00ebn e tij, t\u00eb dh\u00ebn\u00eb n\u00eb media, dua t\u00eb ceki, q\u00eb kur ky ish drejtor i Rivier\u00ebs, kurse vet\u00eb isha &#8211; q\u00ebllova drejtor i kultur\u00ebs , konfirmoj se\u00a0\u00a0 ai , p\u00ebr<\/em><\/strong> <strong><em>t\u00eb ndihmuar kultur\u00ebn e qytetit, m\u00eb kishte v\u00ebn\u00eb n\u00eb dispozicion, mbi 300 fjetje(pansione) p\u00ebr t\u00eb strehuar mysafir\u00ebt e festivalit tradicional q\u00eb mbahej n\u00eb Ulqin, andaj un\u00eb i marr t\u00eb sinqerta , disa konstatime t\u00eb tijat, kur thot\u00eb , se kultura n\u00eb Ulqin u la pas dore. Me ikjen e Zhelkos, ik\u00ebn edhe pansionet p\u00ebr festival&#8230;?!!<\/em><\/strong><\/p>\n<p>Zhelko Rolloviqi, t\u00eb pakt\u00ebn e tha haptas t\u00eb v\u00ebrtet\u00ebn e gjam\u00ebs se e nd\u00ebrgjegjes s\u00eb tij q\u00eb e vret.\u201d.?!<\/p>\n<p>Ose fundi i fundit, th\u00ebn\u00eb ndryshe, n\u00eb raport t\u00eb tijin me shqiptar\u00ebt n\u00eb DPS, pohojm\u00eb se duhet ta pranojm\u00eb q\u00eb k\u00ebta t\u00eb fundit , ekonomin\u00eb e Uqinit , dhe t\u00eb gjith\u00eb at\u00eb, q\u00eb krijoi shteti, mbase nuk e pranojm\u00eb si ton\u00ebn?!! Nj\u00eb mend\u00ebsi e till\u00eb q\u00eb ngjet me ta, si duket nuk ngjet , me t\u00eb gjith\u00eb serbo-malazez\u00ebt ?!!!<strong> Kurse dhelpr\u00ebs nuk mund ti besohet koteci i pulave&#8230;?!!! <\/strong>Ndoshta kjo \u00ebsht\u00eb edhe fryt i asaj, q\u00eb ne , shtetin, k\u00ebtu n\u00eb Ulqin, me shekuj e kemi pasur , n\u00eb an\u00ebn e kund\u00ebrt ton\u00ebn. Me t\u00eb ose pa t\u00eb, ne ndiheshim t\u00eb rrezikuar, \u00e7ka nuk mund t\u00eb thuhet edhe p\u00ebr serbo-malazez\u00ebt, q\u00eb pa pranin\u00eb e tij, ndihen t\u00eb rrezikuar?!!!<\/p>\n<p>P\u00ebr t\u00eb mos dal\u00eb krejt k\u00ebshtu dhe me bindjen q\u00eb askush nga personat q\u00eb p\u00ebrmend historia dhe shkrimet e shenjta, nuk arriti t\u00eb fitoj\u00eb shtetin(n\u00eb konceptin pron\u00eb),pra as k\u00ebta(tan\u00ebt),nuk do\u201dt\u2019ia shohin hajrin\u201d,i hip\u00ebm k\u00ebtij shkrimi gjurmues n\u00eb vazhdime duke e regjistruar \u00e7\u00ebshtjen .<\/p>\n<p>Me plot\u00eb goj\u00eb themi, se kjo pun\u00eb q\u00eb u b\u00eb problem i konfliktit brenda partiak n\u00eb Ulqin t\u00eb DPS-it , <strong>jo- nuk ndodhi rast\u00ebsisht<\/strong>, prandaj, as nuk mund t\u00eb falet e as t\u00eb fshihet e t\u00eb heshtet edhe pse mbetet si tep\u00ebr e v\u00ebshtir\u00eb t\u00eb shprehet vet\u00ebm me disa fjali<\/p>\n<p>Sipas metod\u00ebs s\u00eb p\u00ebrfitimit t\u00eb \u201cserumit-antihelmit, q\u00eb \u00ebsht\u00eb vet\u00eb helm?!\u201d, edhe n\u00eb k\u00ebt\u00eb situat\u00eb p\u00ebr t\u00eb sqaruar \u00e7\u00ebshtjen zgjodh\u00ebm\u201dgjuh\u00ebn e armikut\u201d?!!!<\/p>\n<p>M\u00eb duket, se skem\u00ebn e krimit t\u00eb organizuar ekonomik t\u00eb rr\u00ebnimit t\u00eb ekonomis\u00eb ulqinake gjat\u00eb privatizimit, me bukur dhe m\u00eb drejt\u00eb e ceku vet\u00eb Zhelko Rolloviq, q\u00eb tha, se :<strong><em>\u201d&#8230;<\/em><\/strong><strong> .Kur e hetuan q\u00eb plani im (i privatizimit) mund t\u00eb\u00a0\u00a0 kalonte t\u00eb k\u00ebshilli i privatizimit, at\u00ebher\u00eb edhe m\u00eb mire edhe m\u00eb shpejt se un\u00eb, del n\u00eb sken\u00eb lobi i interest n\u00eb krye me ministrin e at\u00ebhersh\u00ebm t\u00eb turizmit Predrag Nineziqit dhe i cili perms drejtorit gjeneral t\u00eb ekonomis\u00eb t\u00eb Elektro Distribucionit t\u00eb Malit t\u00eb Zi, si dhe drejtorit t\u00eb Elektrodistribucionit n\u00eb Ulqin ,Loro Ndrekiqi(kryetari aktual i i KK t\u00ebDPS-it) i cili p\u00ebr nj\u00eb shum\u00eb mizore t\u00eb borxhit, prej 231.000 euro e t\u00ebrhoqen Rivjer\u00ebn drejt\u00eb falimentimit duke krijuar vend q\u00eb ata rreth saj t\u00eb hjedhin valle. <\/strong><\/p>\n<p><strong> Duke e e rr\u00ebnuar nj\u00ebher\u00eb e sa m\u00eb pare iden\u00eb e Plazh\u00ebs s\u00eb Madhe q\u00eb u shit p\u00ebr nj\u00eb \u00e7mim m\u00eb se qesharak , p\u00ebr 1m2= 38,4 euro?!!&#8230;.Me k\u00ebt\u00eb edhe u varros p\u00ebrfundimisht ideja e Rivjer\u00ebs si bart\u00ebse kryesore e zhvillimit t\u00eb ekonomis\u00eb \u2026.\u201d Konstatoi Rolloviq<\/strong><\/p>\n<p>Un\u00eb ende nuk dua t\u00eb besoj q\u00eb personat t\u00eb cil\u00ebt akuzon Rlloviqi me shok\u00eb nga radh\u00ebt e\u00a0\u00a0 funksoinar\u00ebve lokal\u00eb t\u00eb DPS-it, t\u00eb jen\u00eb gjeni t\u00eb s\u00eb keq\u00ebs q\u00eb provokuan bankrotin ekonomik\u00eb n\u00ebUlqin\u2026.?!\u201d Edhe pse Ndrekiqi, b\u00ebri p\u00ebrpjekje t\u00eb nxirrej me fjal\u00eb t\u00eb m\u00ebdha e t\u00eb ashpra, duke pohuar se ata t\u00eb cil\u00ebt e sulmojn\u00eb jan\u00eb rrenca\u2026.?! \u00cbsht\u00eb e v\u00ebrtet\u00eb e pa mohueshme se t\u00eb gjith\u00eb ata drejtor\u00eb q\u00eb shkatrruan me skenar ekonomin\u00eb ulqinake jan\u00eb an\u00ebtar\u00eb t\u00eb DPS-it?!! \u00cbsht\u00eb e v\u00ebrtet\u00eb e madhe q\u00eb drejtor\u00ebt e bankave q\u00eb na mbyt\u00ebn me kredi , ishin t\u00eb DPS-it, ose t\u00eb partner\u00ebve partiak t\u00eb DPS-it n\u00eb qeverisje . Gjith\u00eb ashtu, \u00ebsht\u00eb e v\u00ebrtet\u00eb e madhe q\u00eb \u00ebndrra e k\u00ebtij kall\u00ebpi- t\u00eb DPS-it , p\u00ebr t\u00eb ardhur n\u00eb krye t\u00eb komun\u00ebs, pat vazhduar me t\u00ebr\u00eb arsenalin \u201ckonvencional e b\u00ebrthamor\u201d gjat\u00eb zgjedhjeve t\u00eb kaluara<\/p>\n<p>Marrja e komun\u00ebs, p\u00ebr k\u00ebt\u00eb parti, \u00ebsht\u00eb strategjike sepse do t\u00eb thoshte, k\u00ebnaqja e t\u00eb pak\u00ebnaqurve me pun\u00ebsime enorme, t\u00eb atyre, t\u00eb cil\u00ebt ran\u00eb nga sistem.Dhe me k\u00ebt\u00eb do t\u00eb fillonin serin\u00eb e re t\u00eb pla\u00e7kitjes s\u00eb saj sipas skem\u00ebs s\u00eb aplikuar me ekonomin\u00eb shtet\u00ebrore.<\/p>\n<p>Kjo gjendje e \u00ebndrr\u00ebs s\u00eb tyre vazhdon edhe sot,?!!! Kurse a do t\u00eb vazhdojn\u00eb shqiptar\u00ebt , s\u00ebrish me at\u00eb th\u00ebnien \u201cbane zot and\u00ebrr, \u00ebsht\u00eb pun\u00eb tjet\u00ebr\u2026?!!!<\/p>\n<p><strong><em> (vazhdon V) &#8211; V\u00cbRJANI SOT GISHTIN KOK\u00cbS, P\u00cbR T\u00cb MOS E V\u00cbN\u00cb NES\u00cbR DIKU TJET\u00cbR..\u201d?!!!<\/em><\/strong><\/p>\n<p><strong>\u00a0<\/strong><\/p>\n","protected":false},"excerpt":{"rendered":"<p>Shkruan: Muhamet Nika, (Vazhdim IV) Me k\u00ebto shkrime nuk d\u00ebshirojm\u00eb t\u00eb cekim se privatizimin , ME KREDI MARRJEN, duhet ta kemi t\u00eb huaj, por duam t\u00eb themi se ky lloj i privatizimit, BASHK\u00cb ME KREDI MARRJE, q\u00eb u organizua nga DPS-I, n\u00eb Ulqin, d\u00ebshtoi dhe dihej q\u00eb do t\u00eb d\u00ebshtonte&#8230;?!! D\u00ebshtimi n\u00eb sektorin ish-shtet\u00ebror , [&hellip;]<\/p>\n","protected":false},"author":1,"featured_media":0,"comment_status":"closed","ping_status":"closed","sticky":false,"template":"","format":"standard","meta":{"spay_email":"","jetpack_publicize_message":"","jetpack_is_tweetstorm":false,"jetpack_publicize_feature_enabled":true},"categories":[1,14249],"tags":[],"jetpack_publicize_connections":[],"yoast_head":"<!-- This site is optimized with the Yoast SEO plugin v19.1 - https:\/\/yoast.com\/wordpress\/plugins\/seo\/ -->\n<title>Nika: Kush i parapriu bankrotit ekonomik - Lajme nga Ulqini<\/title>\n<meta name=\"description\" content=\"Shkruan: Muhamet Nika, (Vazhdim IV) Me k\u00ebto shkrime nuk d\u00ebshirojm\u00eb t\u00eb cekim se privatizimin , ME KREDI MARRJEN, duhet ta kemi t\u00eb huaj, por duam t\u00eb themi\" \/>\n<meta name=\"robots\" content=\"index, follow, max-snippet:-1, max-image-preview:large, max-video-preview:-1\" \/>\n<link rel=\"canonical\" href=\"https:\/\/www.visit-ulcinj.com\/blog\/2014\/09\/11\/nika-kush-parapriu-bankrotit-ekonomik\/\" \/>\n<meta property=\"og:locale\" content=\"en_US\" \/>\n<meta property=\"og:type\" content=\"article\" \/>\n<meta property=\"og:title\" content=\"Nika: Kush i parapriu bankrotit ekonomik - Lajme nga Ulqini\" \/>\n<meta property=\"og:description\" content=\"Shkruan: Muhamet Nika, (Vazhdim IV) Me k\u00ebto shkrime nuk d\u00ebshirojm\u00eb t\u00eb cekim se privatizimin , ME KREDI MARRJEN, duhet ta kemi t\u00eb huaj, por duam t\u00eb themi\" \/>\n<meta property=\"og:url\" content=\"https:\/\/www.visit-ulcinj.com\/blog\/2014\/09\/11\/nika-kush-parapriu-bankrotit-ekonomik\/\" \/>\n<meta property=\"og:site_name\" content=\"Lajme nga Ulqini\" \/>\n<meta property=\"article:published_time\" content=\"2014-09-11T06:12:56+00:00\" \/>\n<meta property=\"article:modified_time\" content=\"2014-09-13T12:50:58+00:00\" \/>\n<meta property=\"og:image\" content=\"http:\/\/www.visit-ulcinj.com\/blog\/wp-content\/uploads\/2013\/12\/Muhamet-Nika.jpg\" \/>\n<meta name=\"twitter:label1\" content=\"Written by\" \/>\n\t<meta name=\"twitter:data1\" content=\"ulqini\" \/>\n\t<meta name=\"twitter:label2\" content=\"Est. reading time\" \/>\n\t<meta name=\"twitter:data2\" content=\"7 minutes\" \/>\n<script type=\"application\/ld+json\" class=\"yoast-schema-graph\">{\"@context\":\"https:\/\/schema.org\",\"@graph\":[{\"@type\":\"WebSite\",\"@id\":\"https:\/\/www.visit-ulcinj.com\/blog\/#website\",\"url\":\"https:\/\/www.visit-ulcinj.com\/blog\/\",\"name\":\"Lajme nga Ulqini\",\"description\":\"Lajme,Vijesti,Ulqini,Ulqin,Crna Gora,Mali i Zi\",\"potentialAction\":[{\"@type\":\"SearchAction\",\"target\":{\"@type\":\"EntryPoint\",\"urlTemplate\":\"https:\/\/www.visit-ulcinj.com\/blog\/?s={search_term_string}\"},\"query-input\":\"required name=search_term_string\"}],\"inLanguage\":\"en-US\"},{\"@type\":\"ImageObject\",\"inLanguage\":\"en-US\",\"@id\":\"https:\/\/www.visit-ulcinj.com\/blog\/2014\/09\/11\/nika-kush-parapriu-bankrotit-ekonomik\/#primaryimage\",\"url\":\"https:\/\/www.visit-ulcinj.com\/blog\/wp-content\/uploads\/2013\/12\/Muhamet-Nika.jpg\",\"contentUrl\":\"https:\/\/www.visit-ulcinj.com\/blog\/wp-content\/uploads\/2013\/12\/Muhamet-Nika.jpg\",\"width\":389,\"height\":247},{\"@type\":\"WebPage\",\"@id\":\"https:\/\/www.visit-ulcinj.com\/blog\/2014\/09\/11\/nika-kush-parapriu-bankrotit-ekonomik\/#webpage\",\"url\":\"https:\/\/www.visit-ulcinj.com\/blog\/2014\/09\/11\/nika-kush-parapriu-bankrotit-ekonomik\/\",\"name\":\"Nika: Kush i parapriu bankrotit ekonomik - Lajme nga Ulqini\",\"isPartOf\":{\"@id\":\"https:\/\/www.visit-ulcinj.com\/blog\/#website\"},\"primaryImageOfPage\":{\"@id\":\"https:\/\/www.visit-ulcinj.com\/blog\/2014\/09\/11\/nika-kush-parapriu-bankrotit-ekonomik\/#primaryimage\"},\"datePublished\":\"2014-09-11T06:12:56+00:00\",\"dateModified\":\"2014-09-13T12:50:58+00:00\",\"author\":{\"@id\":\"https:\/\/www.visit-ulcinj.com\/blog\/#\/schema\/person\/dcab619c614d3038751c63bc2aadc06d\"},\"description\":\"Shkruan: Muhamet Nika, (Vazhdim IV) Me k\u00ebto shkrime nuk d\u00ebshirojm\u00eb t\u00eb cekim se privatizimin , ME KREDI MARRJEN, duhet ta kemi t\u00eb huaj, por duam t\u00eb themi\",\"breadcrumb\":{\"@id\":\"https:\/\/www.visit-ulcinj.com\/blog\/2014\/09\/11\/nika-kush-parapriu-bankrotit-ekonomik\/#breadcrumb\"},\"inLanguage\":\"en-US\",\"potentialAction\":[{\"@type\":\"ReadAction\",\"target\":[\"https:\/\/www.visit-ulcinj.com\/blog\/2014\/09\/11\/nika-kush-parapriu-bankrotit-ekonomik\/\"]}]},{\"@type\":\"BreadcrumbList\",\"@id\":\"https:\/\/www.visit-ulcinj.com\/blog\/2014\/09\/11\/nika-kush-parapriu-bankrotit-ekonomik\/#breadcrumb\",\"itemListElement\":[{\"@type\":\"ListItem\",\"position\":1,\"name\":\"Nika: Kush i parapriu bankrotit ekonomik\"}]},{\"@type\":\"Person\",\"@id\":\"https:\/\/www.visit-ulcinj.com\/blog\/#\/schema\/person\/dcab619c614d3038751c63bc2aadc06d\",\"name\":\"ulqini\",\"sameAs\":[\"http:\/\/www.visit-ulcinj.com\"],\"url\":\"https:\/\/www.visit-ulcinj.com\/blog\/author\/admin\/\"}]}<\/script>\n<!-- \/ Yoast SEO plugin. -->","yoast_head_json":{"title":"Nika: Kush i parapriu bankrotit ekonomik - Lajme nga Ulqini","description":"Shkruan: Muhamet Nika, (Vazhdim IV) Me k\u00ebto shkrime nuk d\u00ebshirojm\u00eb t\u00eb cekim se privatizimin , ME KREDI MARRJEN, duhet ta kemi t\u00eb huaj, por duam t\u00eb themi","robots":{"index":"index","follow":"follow","max-snippet":"max-snippet:-1","max-image-preview":"max-image-preview:large","max-video-preview":"max-video-preview:-1"},"canonical":"https:\/\/www.visit-ulcinj.com\/blog\/2014\/09\/11\/nika-kush-parapriu-bankrotit-ekonomik\/","og_locale":"en_US","og_type":"article","og_title":"Nika: Kush i parapriu bankrotit ekonomik - Lajme nga Ulqini","og_description":"Shkruan: Muhamet Nika, (Vazhdim IV) Me k\u00ebto shkrime nuk d\u00ebshirojm\u00eb t\u00eb cekim se privatizimin , ME KREDI MARRJEN, duhet ta kemi t\u00eb huaj, por duam t\u00eb themi","og_url":"https:\/\/www.visit-ulcinj.com\/blog\/2014\/09\/11\/nika-kush-parapriu-bankrotit-ekonomik\/","og_site_name":"Lajme nga Ulqini","article_published_time":"2014-09-11T06:12:56+00:00","article_modified_time":"2014-09-13T12:50:58+00:00","og_image":[{"url":"http:\/\/www.visit-ulcinj.com\/blog\/wp-content\/uploads\/2013\/12\/Muhamet-Nika.jpg"}],"twitter_misc":{"Written by":"ulqini","Est. reading time":"7 minutes"},"schema":{"@context":"https:\/\/schema.org","@graph":[{"@type":"WebSite","@id":"https:\/\/www.visit-ulcinj.com\/blog\/#website","url":"https:\/\/www.visit-ulcinj.com\/blog\/","name":"Lajme nga Ulqini","description":"Lajme,Vijesti,Ulqini,Ulqin,Crna Gora,Mali i Zi","potentialAction":[{"@type":"SearchAction","target":{"@type":"EntryPoint","urlTemplate":"https:\/\/www.visit-ulcinj.com\/blog\/?s={search_term_string}"},"query-input":"required name=search_term_string"}],"inLanguage":"en-US"},{"@type":"ImageObject","inLanguage":"en-US","@id":"https:\/\/www.visit-ulcinj.com\/blog\/2014\/09\/11\/nika-kush-parapriu-bankrotit-ekonomik\/#primaryimage","url":"https:\/\/www.visit-ulcinj.com\/blog\/wp-content\/uploads\/2013\/12\/Muhamet-Nika.jpg","contentUrl":"https:\/\/www.visit-ulcinj.com\/blog\/wp-content\/uploads\/2013\/12\/Muhamet-Nika.jpg","width":389,"height":247},{"@type":"WebPage","@id":"https:\/\/www.visit-ulcinj.com\/blog\/2014\/09\/11\/nika-kush-parapriu-bankrotit-ekonomik\/#webpage","url":"https:\/\/www.visit-ulcinj.com\/blog\/2014\/09\/11\/nika-kush-parapriu-bankrotit-ekonomik\/","name":"Nika: Kush i parapriu bankrotit ekonomik - Lajme nga Ulqini","isPartOf":{"@id":"https:\/\/www.visit-ulcinj.com\/blog\/#website"},"primaryImageOfPage":{"@id":"https:\/\/www.visit-ulcinj.com\/blog\/2014\/09\/11\/nika-kush-parapriu-bankrotit-ekonomik\/#primaryimage"},"datePublished":"2014-09-11T06:12:56+00:00","dateModified":"2014-09-13T12:50:58+00:00","author":{"@id":"https:\/\/www.visit-ulcinj.com\/blog\/#\/schema\/person\/dcab619c614d3038751c63bc2aadc06d"},"description":"Shkruan: Muhamet Nika, (Vazhdim IV) Me k\u00ebto shkrime nuk d\u00ebshirojm\u00eb t\u00eb cekim se privatizimin , ME KREDI MARRJEN, duhet ta kemi t\u00eb huaj, por duam t\u00eb themi","breadcrumb":{"@id":"https:\/\/www.visit-ulcinj.com\/blog\/2014\/09\/11\/nika-kush-parapriu-bankrotit-ekonomik\/#breadcrumb"},"inLanguage":"en-US","potentialAction":[{"@type":"ReadAction","target":["https:\/\/www.visit-ulcinj.com\/blog\/2014\/09\/11\/nika-kush-parapriu-bankrotit-ekonomik\/"]}]},{"@type":"BreadcrumbList","@id":"https:\/\/www.visit-ulcinj.com\/blog\/2014\/09\/11\/nika-kush-parapriu-bankrotit-ekonomik\/#breadcrumb","itemListElement":[{"@type":"ListItem","position":1,"name":"Nika: Kush i parapriu bankrotit ekonomik"}]},{"@type":"Person","@id":"https:\/\/www.visit-ulcinj.com\/blog\/#\/schema\/person\/dcab619c614d3038751c63bc2aadc06d","name":"ulqini","sameAs":["http:\/\/www.visit-ulcinj.com"],"url":"https:\/\/www.visit-ulcinj.com\/blog\/author\/admin\/"}]}},"jetpack_featured_media_url":"","jetpack_sharing_enabled":true,"jetpack_shortlink":"https:\/\/wp.me\/pe6lTn-m8S","_links":{"self":[{"href":"https:\/\/www.visit-ulcinj.com\/blog\/wp-json\/wp\/v2\/posts\/85118"}],"collection":[{"href":"https:\/\/www.visit-ulcinj.com\/blog\/wp-json\/wp\/v2\/posts"}],"about":[{"href":"https:\/\/www.visit-ulcinj.com\/blog\/wp-json\/wp\/v2\/types\/post"}],"author":[{"embeddable":true,"href":"https:\/\/www.visit-ulcinj.com\/blog\/wp-json\/wp\/v2\/users\/1"}],"replies":[{"embeddable":true,"href":"https:\/\/www.visit-ulcinj.com\/blog\/wp-json\/wp\/v2\/comments?post=85118"}],"version-history":[{"count":2,"href":"https:\/\/www.visit-ulcinj.com\/blog\/wp-json\/wp\/v2\/posts\/85118\/revisions"}],"predecessor-version":[{"id":85120,"href":"https:\/\/www.visit-ulcinj.com\/blog\/wp-json\/wp\/v2\/posts\/85118\/revisions\/85120"}],"wp:attachment":[{"href":"https:\/\/www.visit-ulcinj.com\/blog\/wp-json\/wp\/v2\/media?parent=85118"}],"wp:term":[{"taxonomy":"category","embeddable":true,"href":"https:\/\/www.visit-ulcinj.com\/blog\/wp-json\/wp\/v2\/categories?post=85118"},{"taxonomy":"post_tag","embeddable":true,"href":"https:\/\/www.visit-ulcinj.com\/blog\/wp-json\/wp\/v2\/tags?post=85118"}],"curies":[{"name":"wp","href":"https:\/\/api.w.org\/{rel}","templated":true}]}}