{"id":85138,"date":"2014-09-12T07:30:20","date_gmt":"2014-09-12T06:30:20","guid":{"rendered":"http:\/\/www.visit-ulcinj.com\/blog\/?p=85138"},"modified":"2014-09-12T07:30:20","modified_gmt":"2014-09-12T06:30:20","slug":"usce-bojane-sve-uze-plice","status":"publish","type":"post","link":"https:\/\/www.visit-ulcinj.com\/blog\/2014\/09\/12\/usce-bojane-sve-uze-plice\/","title":{"rendered":"U\u0161\u0107e Bojane sve u\u017ee i pli\u0107e"},"content":{"rendered":"<p><a href=\"http:\/\/www.visit-ulcinj.com\/blog\/wp-content\/uploads\/2014\/09\/Usce-ulcinjske-Bojane.jpg\"><img loading=\"lazy\" class=\"alignleft wp-image-85139\" src=\"http:\/\/www.visit-ulcinj.com\/blog\/wp-content\/uploads\/2014\/09\/Usce-ulcinjske-Bojane.jpg\" alt=\"Usce -ulcinjske-Bojane\" width=\"508\" height=\"248\" srcset=\"https:\/\/www.visit-ulcinj.com\/blog\/wp-content\/uploads\/2014\/09\/Usce-ulcinjske-Bojane.jpg 640w, https:\/\/www.visit-ulcinj.com\/blog\/wp-content\/uploads\/2014\/09\/Usce-ulcinjske-Bojane-300x146.jpg 300w\" sizes=\"(max-width: 508px) 100vw, 508px\" \/><\/a>ULCINJ &#8211; U\u0161\u0107u Bojane preti opasnost da se potpuno zatvori, \u010demu je pre svega doprinela ljudska delatnost, jer se nije dovoljno vodilo ra\u010duna o za\u0161titi \u017eivotne sredine.<\/p>\n<p>Ribari su do\u0161li u situaciju da svojim brodovima gotovo ne mogu da iza\u0111u na more, jer se desni rukavac Bojane toliko suzio, da ribraske barke ne mogu da se provuku, a u\u0161\u0107e je&#8221; sve pli\u0107e, prenosi portal &#8220;Vijesti.me&#8221;<\/p>\n<p>Predsednik NVO Zeleni korak D\u017eelal Hod\u017ei\u0107 je rekao da je to posledica uslova i stanja u \u0161irem akvatorijumu Bojane i Drima i neregulisanog re\u017eima vodostaja Skadarskog jezera.<\/p>\n<p>On je istakao da Crna Gora i Albanija ve\u0107 10 godina ne mogu da se dogovore oko zajedni\u010dkog regulisanja re\u017eima nivoa Skadarskog jezera i podsetio da su Albanci izgradili \u010detiri hidrocentrale na Drimu, \u010dime je drasti\u010dno smanjen dotok vode Bojani. On je dodao da su oni u poslednjih 20 godina deponovali skoro 40.000 tona \u0161uta i otpada u korito reke, kao i da je bilo nekontrolisane eksploatacije peska na Drimu.<\/p>\n<p>To je podstaklo eroziju obala, obru\u0161avanje starih i bolesnih stabala u reku, \u0161to je usporilo i delimi\u010dno blokiralo protok vode, kao i stabla koja su bespravno se\u010dena zbog gradnje vikendica, kazao je Hod\u017ei\u0107.<\/p>\n<p>&#8220;Vijesti&#8221; navode da je biodiverzitet desnog rukavca Bojane naru\u0161en i postavljanjem velikog broja \u0161ipova, koji prema nekim procenama prelazi 50.000. Hod\u017ei\u0107 je upozorio da su \u0161ipovi u mulju betonirani, \u0161to je vrsta podvodne blokade, a osim toga ve\u0107ina \u0161ipova su impregnirani pragovi sa \u0161ina, odnosno kancerogeni.<\/p>\n<p>Koordinator projekta &#8220;Bojana tour&#8221; \u0160panac Pedro Fernandez rekao je da je nedopustivo \u0161to se na Bojani grade ku\u0107ice na vodi, jer bi one morale da budu izgra\u0111ene najmanje 50 metara od vode.<\/p>\n<p>Izvor: Tanjug.rs<\/p>\n","protected":false},"excerpt":{"rendered":"<p>ULCINJ &#8211; U\u0161\u0107u Bojane preti opasnost da se potpuno zatvori, \u010demu je pre svega doprinela ljudska delatnost, jer se nije dovoljno vodilo ra\u010duna o za\u0161titi \u017eivotne sredine. Ribari su do\u0161li u situaciju da svojim brodovima gotovo ne mogu da iza\u0111u na more, jer se desni rukavac Bojane toliko suzio, da ribraske barke ne mogu da [&hellip;]<\/p>\n","protected":false},"author":1,"featured_media":0,"comment_status":"closed","ping_status":"closed","sticky":false,"template":"","format":"standard","meta":{"spay_email":"","jetpack_publicize_message":"","jetpack_is_tweetstorm":false,"jetpack_publicize_feature_enabled":true},"categories":[8337],"tags":[],"jetpack_publicize_connections":[],"yoast_head":"<!-- This site is optimized with the Yoast SEO plugin v19.1 - https:\/\/yoast.com\/wordpress\/plugins\/seo\/ -->\n<title>U\u0161\u0107e Bojane sve u\u017ee i pli\u0107e - Lajme nga Ulqini<\/title>\n<meta name=\"description\" content=\"ULCINJ - U\u0161\u0107u Bojane preti opasnost da se potpuno zatvori, \u010demu je pre svega doprinela ljudska delatnost, jer se nije dovoljno vodilo ra\u010duna o za\u0161titi\" \/>\n<meta name=\"robots\" content=\"index, follow, max-snippet:-1, max-image-preview:large, max-video-preview:-1\" \/>\n<link rel=\"canonical\" href=\"https:\/\/www.visit-ulcinj.com\/blog\/2014\/09\/12\/usce-bojane-sve-uze-plice\/\" \/>\n<meta property=\"og:locale\" content=\"en_US\" \/>\n<meta property=\"og:type\" content=\"article\" \/>\n<meta property=\"og:title\" content=\"U\u0161\u0107e Bojane sve u\u017ee i pli\u0107e - Lajme nga Ulqini\" \/>\n<meta property=\"og:description\" content=\"ULCINJ - U\u0161\u0107u Bojane preti opasnost da se potpuno zatvori, \u010demu je pre svega doprinela ljudska delatnost, jer se nije dovoljno vodilo ra\u010duna o za\u0161titi\" \/>\n<meta property=\"og:url\" content=\"https:\/\/www.visit-ulcinj.com\/blog\/2014\/09\/12\/usce-bojane-sve-uze-plice\/\" \/>\n<meta property=\"og:site_name\" content=\"Lajme nga Ulqini\" \/>\n<meta property=\"article:published_time\" content=\"2014-09-12T06:30:20+00:00\" \/>\n<meta property=\"og:image\" content=\"http:\/\/www.visit-ulcinj.com\/blog\/wp-content\/uploads\/2014\/09\/Usce-ulcinjske-Bojane.jpg\" \/>\n<meta name=\"twitter:label1\" content=\"Written by\" \/>\n\t<meta name=\"twitter:data1\" content=\"ulqini\" \/>\n\t<meta name=\"twitter:label2\" content=\"Est. reading time\" \/>\n\t<meta name=\"twitter:data2\" content=\"1 minute\" \/>\n<script type=\"application\/ld+json\" class=\"yoast-schema-graph\">{\"@context\":\"https:\/\/schema.org\",\"@graph\":[{\"@type\":\"WebSite\",\"@id\":\"https:\/\/www.visit-ulcinj.com\/blog\/#website\",\"url\":\"https:\/\/www.visit-ulcinj.com\/blog\/\",\"name\":\"Lajme nga Ulqini\",\"description\":\"Lajme,Vijesti,Ulqini,Ulqin,Crna Gora,Mali i Zi\",\"potentialAction\":[{\"@type\":\"SearchAction\",\"target\":{\"@type\":\"EntryPoint\",\"urlTemplate\":\"https:\/\/www.visit-ulcinj.com\/blog\/?s={search_term_string}\"},\"query-input\":\"required name=search_term_string\"}],\"inLanguage\":\"en-US\"},{\"@type\":\"ImageObject\",\"inLanguage\":\"en-US\",\"@id\":\"https:\/\/www.visit-ulcinj.com\/blog\/2014\/09\/12\/usce-bojane-sve-uze-plice\/#primaryimage\",\"url\":\"https:\/\/www.visit-ulcinj.com\/blog\/wp-content\/uploads\/2014\/09\/Usce-ulcinjske-Bojane.jpg\",\"contentUrl\":\"https:\/\/www.visit-ulcinj.com\/blog\/wp-content\/uploads\/2014\/09\/Usce-ulcinjske-Bojane.jpg\",\"width\":640,\"height\":313},{\"@type\":\"WebPage\",\"@id\":\"https:\/\/www.visit-ulcinj.com\/blog\/2014\/09\/12\/usce-bojane-sve-uze-plice\/#webpage\",\"url\":\"https:\/\/www.visit-ulcinj.com\/blog\/2014\/09\/12\/usce-bojane-sve-uze-plice\/\",\"name\":\"U\u0161\u0107e Bojane sve u\u017ee i pli\u0107e - Lajme nga Ulqini\",\"isPartOf\":{\"@id\":\"https:\/\/www.visit-ulcinj.com\/blog\/#website\"},\"primaryImageOfPage\":{\"@id\":\"https:\/\/www.visit-ulcinj.com\/blog\/2014\/09\/12\/usce-bojane-sve-uze-plice\/#primaryimage\"},\"datePublished\":\"2014-09-12T06:30:20+00:00\",\"dateModified\":\"2014-09-12T06:30:20+00:00\",\"author\":{\"@id\":\"https:\/\/www.visit-ulcinj.com\/blog\/#\/schema\/person\/dcab619c614d3038751c63bc2aadc06d\"},\"description\":\"ULCINJ - U\u0161\u0107u Bojane preti opasnost da se potpuno zatvori, \u010demu je pre svega doprinela ljudska delatnost, jer se nije dovoljno vodilo ra\u010duna o za\u0161titi\",\"breadcrumb\":{\"@id\":\"https:\/\/www.visit-ulcinj.com\/blog\/2014\/09\/12\/usce-bojane-sve-uze-plice\/#breadcrumb\"},\"inLanguage\":\"en-US\",\"potentialAction\":[{\"@type\":\"ReadAction\",\"target\":[\"https:\/\/www.visit-ulcinj.com\/blog\/2014\/09\/12\/usce-bojane-sve-uze-plice\/\"]}]},{\"@type\":\"BreadcrumbList\",\"@id\":\"https:\/\/www.visit-ulcinj.com\/blog\/2014\/09\/12\/usce-bojane-sve-uze-plice\/#breadcrumb\",\"itemListElement\":[{\"@type\":\"ListItem\",\"position\":1,\"name\":\"U\u0161\u0107e Bojane sve u\u017ee i pli\u0107e\"}]},{\"@type\":\"Person\",\"@id\":\"https:\/\/www.visit-ulcinj.com\/blog\/#\/schema\/person\/dcab619c614d3038751c63bc2aadc06d\",\"name\":\"ulqini\",\"sameAs\":[\"http:\/\/www.visit-ulcinj.com\"],\"url\":\"https:\/\/www.visit-ulcinj.com\/blog\/author\/admin\/\"}]}<\/script>\n<!-- \/ Yoast SEO plugin. -->","yoast_head_json":{"title":"U\u0161\u0107e Bojane sve u\u017ee i pli\u0107e - Lajme nga Ulqini","description":"ULCINJ - U\u0161\u0107u Bojane preti opasnost da se potpuno zatvori, \u010demu je pre svega doprinela ljudska delatnost, jer se nije dovoljno vodilo ra\u010duna o za\u0161titi","robots":{"index":"index","follow":"follow","max-snippet":"max-snippet:-1","max-image-preview":"max-image-preview:large","max-video-preview":"max-video-preview:-1"},"canonical":"https:\/\/www.visit-ulcinj.com\/blog\/2014\/09\/12\/usce-bojane-sve-uze-plice\/","og_locale":"en_US","og_type":"article","og_title":"U\u0161\u0107e Bojane sve u\u017ee i pli\u0107e - Lajme nga Ulqini","og_description":"ULCINJ - U\u0161\u0107u Bojane preti opasnost da se potpuno zatvori, \u010demu je pre svega doprinela ljudska delatnost, jer se nije dovoljno vodilo ra\u010duna o za\u0161titi","og_url":"https:\/\/www.visit-ulcinj.com\/blog\/2014\/09\/12\/usce-bojane-sve-uze-plice\/","og_site_name":"Lajme nga Ulqini","article_published_time":"2014-09-12T06:30:20+00:00","og_image":[{"url":"http:\/\/www.visit-ulcinj.com\/blog\/wp-content\/uploads\/2014\/09\/Usce-ulcinjske-Bojane.jpg"}],"twitter_misc":{"Written by":"ulqini","Est. reading time":"1 minute"},"schema":{"@context":"https:\/\/schema.org","@graph":[{"@type":"WebSite","@id":"https:\/\/www.visit-ulcinj.com\/blog\/#website","url":"https:\/\/www.visit-ulcinj.com\/blog\/","name":"Lajme nga Ulqini","description":"Lajme,Vijesti,Ulqini,Ulqin,Crna Gora,Mali i Zi","potentialAction":[{"@type":"SearchAction","target":{"@type":"EntryPoint","urlTemplate":"https:\/\/www.visit-ulcinj.com\/blog\/?s={search_term_string}"},"query-input":"required name=search_term_string"}],"inLanguage":"en-US"},{"@type":"ImageObject","inLanguage":"en-US","@id":"https:\/\/www.visit-ulcinj.com\/blog\/2014\/09\/12\/usce-bojane-sve-uze-plice\/#primaryimage","url":"https:\/\/www.visit-ulcinj.com\/blog\/wp-content\/uploads\/2014\/09\/Usce-ulcinjske-Bojane.jpg","contentUrl":"https:\/\/www.visit-ulcinj.com\/blog\/wp-content\/uploads\/2014\/09\/Usce-ulcinjske-Bojane.jpg","width":640,"height":313},{"@type":"WebPage","@id":"https:\/\/www.visit-ulcinj.com\/blog\/2014\/09\/12\/usce-bojane-sve-uze-plice\/#webpage","url":"https:\/\/www.visit-ulcinj.com\/blog\/2014\/09\/12\/usce-bojane-sve-uze-plice\/","name":"U\u0161\u0107e Bojane sve u\u017ee i pli\u0107e - Lajme nga Ulqini","isPartOf":{"@id":"https:\/\/www.visit-ulcinj.com\/blog\/#website"},"primaryImageOfPage":{"@id":"https:\/\/www.visit-ulcinj.com\/blog\/2014\/09\/12\/usce-bojane-sve-uze-plice\/#primaryimage"},"datePublished":"2014-09-12T06:30:20+00:00","dateModified":"2014-09-12T06:30:20+00:00","author":{"@id":"https:\/\/www.visit-ulcinj.com\/blog\/#\/schema\/person\/dcab619c614d3038751c63bc2aadc06d"},"description":"ULCINJ - U\u0161\u0107u Bojane preti opasnost da se potpuno zatvori, \u010demu je pre svega doprinela ljudska delatnost, jer se nije dovoljno vodilo ra\u010duna o za\u0161titi","breadcrumb":{"@id":"https:\/\/www.visit-ulcinj.com\/blog\/2014\/09\/12\/usce-bojane-sve-uze-plice\/#breadcrumb"},"inLanguage":"en-US","potentialAction":[{"@type":"ReadAction","target":["https:\/\/www.visit-ulcinj.com\/blog\/2014\/09\/12\/usce-bojane-sve-uze-plice\/"]}]},{"@type":"BreadcrumbList","@id":"https:\/\/www.visit-ulcinj.com\/blog\/2014\/09\/12\/usce-bojane-sve-uze-plice\/#breadcrumb","itemListElement":[{"@type":"ListItem","position":1,"name":"U\u0161\u0107e Bojane sve u\u017ee i pli\u0107e"}]},{"@type":"Person","@id":"https:\/\/www.visit-ulcinj.com\/blog\/#\/schema\/person\/dcab619c614d3038751c63bc2aadc06d","name":"ulqini","sameAs":["http:\/\/www.visit-ulcinj.com"],"url":"https:\/\/www.visit-ulcinj.com\/blog\/author\/admin\/"}]}},"jetpack_featured_media_url":"","jetpack_sharing_enabled":true,"jetpack_shortlink":"https:\/\/wp.me\/pe6lTn-m9c","_links":{"self":[{"href":"https:\/\/www.visit-ulcinj.com\/blog\/wp-json\/wp\/v2\/posts\/85138"}],"collection":[{"href":"https:\/\/www.visit-ulcinj.com\/blog\/wp-json\/wp\/v2\/posts"}],"about":[{"href":"https:\/\/www.visit-ulcinj.com\/blog\/wp-json\/wp\/v2\/types\/post"}],"author":[{"embeddable":true,"href":"https:\/\/www.visit-ulcinj.com\/blog\/wp-json\/wp\/v2\/users\/1"}],"replies":[{"embeddable":true,"href":"https:\/\/www.visit-ulcinj.com\/blog\/wp-json\/wp\/v2\/comments?post=85138"}],"version-history":[{"count":1,"href":"https:\/\/www.visit-ulcinj.com\/blog\/wp-json\/wp\/v2\/posts\/85138\/revisions"}],"predecessor-version":[{"id":85140,"href":"https:\/\/www.visit-ulcinj.com\/blog\/wp-json\/wp\/v2\/posts\/85138\/revisions\/85140"}],"wp:attachment":[{"href":"https:\/\/www.visit-ulcinj.com\/blog\/wp-json\/wp\/v2\/media?parent=85138"}],"wp:term":[{"taxonomy":"category","embeddable":true,"href":"https:\/\/www.visit-ulcinj.com\/blog\/wp-json\/wp\/v2\/categories?post=85138"},{"taxonomy":"post_tag","embeddable":true,"href":"https:\/\/www.visit-ulcinj.com\/blog\/wp-json\/wp\/v2\/tags?post=85138"}],"curies":[{"name":"wp","href":"https:\/\/api.w.org\/{rel}","templated":true}]}}