{"id":85141,"date":"2014-09-12T15:51:42","date_gmt":"2014-09-12T14:51:42","guid":{"rendered":"http:\/\/www.visit-ulcinj.com\/blog\/?p=85141"},"modified":"2014-09-12T15:51:42","modified_gmt":"2014-09-12T14:51:42","slug":"kisni-armagedon-u-baru-ulcinju","status":"publish","type":"post","link":"https:\/\/www.visit-ulcinj.com\/blog\/2014\/09\/12\/kisni-armagedon-u-baru-ulcinju\/","title":{"rendered":"Ki\u0161ni &#8220;Armagedon&#8221; u Baru i Ulcinju"},"content":{"rendered":"<p><a href=\"http:\/\/www.visit-ulcinj.com\/blog\/wp-content\/uploads\/2014\/09\/nevrjeme-u-ulcinj.jpg\"><img loading=\"lazy\" class=\"alignleft wp-image-85142\" src=\"http:\/\/www.visit-ulcinj.com\/blog\/wp-content\/uploads\/2014\/09\/nevrjeme-u-ulcinj.jpg\" alt=\"nevrjeme-u-ulcinj\" width=\"508\" height=\"381\" srcset=\"https:\/\/www.visit-ulcinj.com\/blog\/wp-content\/uploads\/2014\/09\/nevrjeme-u-ulcinj.jpg 573w, https:\/\/www.visit-ulcinj.com\/blog\/wp-content\/uploads\/2014\/09\/nevrjeme-u-ulcinj-300x225.jpg 300w\" sizes=\"(max-width: 508px) 100vw, 508px\" \/><\/a>Jako nevreme pra\u0107eno obilnim padavinama i strahovitom grmljavinom zahvatilo je sino\u0107 crnogorsko primorje.<\/p>\n<p>Pljusak koji nije stajao iza pono\u0107i na ju\u017enom jadranu prouzrokovao je da Bar i Ulcinj od ranih jutarnjih \u010dasova ostanu bez struje.<\/p>\n<p>Zbog lo\u0161ih vremenskih prilika, pra\u0107enih jakim padavinama i strahovitom grmljavinom do\u0161lo je do kvara na 110 kV dalekovodima \u201eBar-Virpazar\u201c i \u201eBar-Budva\u201c, pa su Bar i Ulcinj bez struje jutros od 3:37 sati.<\/p>\n<p>Usled lo\u0161ih vremenskih uslova do\u0161lo je i do kvara na dva dalekovoda, javljaju iz Elektroprivrede (EPCG), a nastavak snabdevanja elektri\u010dnom energijom se o\u010dekuje u prepodnevnim satima.<\/p>\n<p>Na magistralnom putu du\u017e primorja ima odrona, pa se upozoravaju voza\u010di da budu dodatno oprezni.<\/p>\n<p>Takodje, iz EPCG su saop\u0161tili da je zbog jakih grmljavinskih procesa izbio i po\u017ear u 35 kV postrojenju 110 kV trafostanice Bar koji je uspe\u0161nom intervencijom lokalne Slu\u017ebe za\u0161tite, Vatrogasne jedinice Bar, saniran nakon sat vremena.<\/p>\n<p>Ekipe odr\u017eavanja su locirale kvar na dalekovodu \u201eBar-Virpazar\u201c, dok to nije slu\u010daj za dalekovod \u201eBar-Budva\u201c, javlja mondo.me<a href=\"http:\/\/mondo.me\/a393412\/Info\/Drustvo\/Kisni-ARMAGEDON-na-crnogorskom-primorju.html\" target=\"_blank\">.<\/a><\/p>\n<p>Crnogorski meteorolozi za naredne dane najavili su obilne padavine, ali i mogu\u0107nost vremenskih nepogoda. U ju\u017enim i centralnim predelima Crne Gore o\u010dekuje se ja\u010de naobla\u010denje sa ki\u0161om, pljuskovima i grmljavinom, a naro\u010dito u no\u0107nim i jutarnjim satima lokalno se o\u010dekuju obilnije koli\u010dine padavina.<\/p>\n<p><strong>Izvor: mondo.me<\/strong><\/p>\n","protected":false},"excerpt":{"rendered":"<p>Jako nevreme pra\u0107eno obilnim padavinama i strahovitom grmljavinom zahvatilo je sino\u0107 crnogorsko primorje. Pljusak koji nije stajao iza pono\u0107i na ju\u017enom jadranu prouzrokovao je da Bar i Ulcinj od ranih jutarnjih \u010dasova ostanu bez struje. Zbog lo\u0161ih vremenskih prilika, pra\u0107enih jakim padavinama i strahovitom grmljavinom do\u0161lo je do kvara na 110 kV dalekovodima \u201eBar-Virpazar\u201c i [&hellip;]<\/p>\n","protected":false},"author":1,"featured_media":0,"comment_status":"closed","ping_status":"closed","sticky":false,"template":"","format":"standard","meta":{"spay_email":"","jetpack_publicize_message":"","jetpack_is_tweetstorm":false,"jetpack_publicize_feature_enabled":true},"categories":[6950],"tags":[],"jetpack_publicize_connections":[],"yoast_head":"<!-- This site is optimized with the Yoast SEO plugin v19.1 - https:\/\/yoast.com\/wordpress\/plugins\/seo\/ -->\n<title>Ki\u0161ni &quot;Armagedon&quot; u Baru i Ulcinju - Lajme nga Ulqini<\/title>\n<meta name=\"description\" content=\"Jako nevreme pra\u0107eno obilnim padavinama i strahovitom grmljavinom zahvatilo je sino\u0107 crnogorsko primorje. Pljusak koji nije stajao iza pono\u0107i na ju\u017enom\" \/>\n<meta name=\"robots\" content=\"index, follow, max-snippet:-1, max-image-preview:large, max-video-preview:-1\" \/>\n<link rel=\"canonical\" href=\"https:\/\/www.visit-ulcinj.com\/blog\/2014\/09\/12\/kisni-armagedon-u-baru-ulcinju\/\" \/>\n<meta property=\"og:locale\" content=\"en_US\" \/>\n<meta property=\"og:type\" content=\"article\" \/>\n<meta property=\"og:title\" content=\"Ki\u0161ni &quot;Armagedon&quot; u Baru i Ulcinju - Lajme nga Ulqini\" \/>\n<meta property=\"og:description\" content=\"Jako nevreme pra\u0107eno obilnim padavinama i strahovitom grmljavinom zahvatilo je sino\u0107 crnogorsko primorje. Pljusak koji nije stajao iza pono\u0107i na ju\u017enom\" \/>\n<meta property=\"og:url\" content=\"https:\/\/www.visit-ulcinj.com\/blog\/2014\/09\/12\/kisni-armagedon-u-baru-ulcinju\/\" \/>\n<meta property=\"og:site_name\" content=\"Lajme nga Ulqini\" \/>\n<meta property=\"article:published_time\" content=\"2014-09-12T14:51:42+00:00\" \/>\n<meta property=\"og:image\" content=\"http:\/\/www.visit-ulcinj.com\/blog\/wp-content\/uploads\/2014\/09\/nevrjeme-u-ulcinj.jpg\" \/>\n<meta name=\"twitter:label1\" content=\"Written by\" \/>\n\t<meta name=\"twitter:data1\" content=\"ulqini\" \/>\n\t<meta name=\"twitter:label2\" content=\"Est. reading time\" \/>\n\t<meta name=\"twitter:data2\" content=\"1 minute\" \/>\n<script type=\"application\/ld+json\" class=\"yoast-schema-graph\">{\"@context\":\"https:\/\/schema.org\",\"@graph\":[{\"@type\":\"WebSite\",\"@id\":\"https:\/\/www.visit-ulcinj.com\/blog\/#website\",\"url\":\"https:\/\/www.visit-ulcinj.com\/blog\/\",\"name\":\"Lajme nga Ulqini\",\"description\":\"Lajme,Vijesti,Ulqini,Ulqin,Crna Gora,Mali i Zi\",\"potentialAction\":[{\"@type\":\"SearchAction\",\"target\":{\"@type\":\"EntryPoint\",\"urlTemplate\":\"https:\/\/www.visit-ulcinj.com\/blog\/?s={search_term_string}\"},\"query-input\":\"required name=search_term_string\"}],\"inLanguage\":\"en-US\"},{\"@type\":\"ImageObject\",\"inLanguage\":\"en-US\",\"@id\":\"https:\/\/www.visit-ulcinj.com\/blog\/2014\/09\/12\/kisni-armagedon-u-baru-ulcinju\/#primaryimage\",\"url\":\"https:\/\/www.visit-ulcinj.com\/blog\/wp-content\/uploads\/2014\/09\/nevrjeme-u-ulcinj.jpg\",\"contentUrl\":\"https:\/\/www.visit-ulcinj.com\/blog\/wp-content\/uploads\/2014\/09\/nevrjeme-u-ulcinj.jpg\",\"width\":573,\"height\":430},{\"@type\":\"WebPage\",\"@id\":\"https:\/\/www.visit-ulcinj.com\/blog\/2014\/09\/12\/kisni-armagedon-u-baru-ulcinju\/#webpage\",\"url\":\"https:\/\/www.visit-ulcinj.com\/blog\/2014\/09\/12\/kisni-armagedon-u-baru-ulcinju\/\",\"name\":\"Ki\u0161ni \\\"Armagedon\\\" u Baru i Ulcinju - Lajme nga Ulqini\",\"isPartOf\":{\"@id\":\"https:\/\/www.visit-ulcinj.com\/blog\/#website\"},\"primaryImageOfPage\":{\"@id\":\"https:\/\/www.visit-ulcinj.com\/blog\/2014\/09\/12\/kisni-armagedon-u-baru-ulcinju\/#primaryimage\"},\"datePublished\":\"2014-09-12T14:51:42+00:00\",\"dateModified\":\"2014-09-12T14:51:42+00:00\",\"author\":{\"@id\":\"https:\/\/www.visit-ulcinj.com\/blog\/#\/schema\/person\/dcab619c614d3038751c63bc2aadc06d\"},\"description\":\"Jako nevreme pra\u0107eno obilnim padavinama i strahovitom grmljavinom zahvatilo je sino\u0107 crnogorsko primorje. Pljusak koji nije stajao iza pono\u0107i na ju\u017enom\",\"breadcrumb\":{\"@id\":\"https:\/\/www.visit-ulcinj.com\/blog\/2014\/09\/12\/kisni-armagedon-u-baru-ulcinju\/#breadcrumb\"},\"inLanguage\":\"en-US\",\"potentialAction\":[{\"@type\":\"ReadAction\",\"target\":[\"https:\/\/www.visit-ulcinj.com\/blog\/2014\/09\/12\/kisni-armagedon-u-baru-ulcinju\/\"]}]},{\"@type\":\"BreadcrumbList\",\"@id\":\"https:\/\/www.visit-ulcinj.com\/blog\/2014\/09\/12\/kisni-armagedon-u-baru-ulcinju\/#breadcrumb\",\"itemListElement\":[{\"@type\":\"ListItem\",\"position\":1,\"name\":\"Ki\u0161ni &#8220;Armagedon&#8221; u Baru i Ulcinju\"}]},{\"@type\":\"Person\",\"@id\":\"https:\/\/www.visit-ulcinj.com\/blog\/#\/schema\/person\/dcab619c614d3038751c63bc2aadc06d\",\"name\":\"ulqini\",\"sameAs\":[\"http:\/\/www.visit-ulcinj.com\"],\"url\":\"https:\/\/www.visit-ulcinj.com\/blog\/author\/admin\/\"}]}<\/script>\n<!-- \/ Yoast SEO plugin. -->","yoast_head_json":{"title":"Ki\u0161ni \"Armagedon\" u Baru i Ulcinju - Lajme nga Ulqini","description":"Jako nevreme pra\u0107eno obilnim padavinama i strahovitom grmljavinom zahvatilo je sino\u0107 crnogorsko primorje. Pljusak koji nije stajao iza pono\u0107i na ju\u017enom","robots":{"index":"index","follow":"follow","max-snippet":"max-snippet:-1","max-image-preview":"max-image-preview:large","max-video-preview":"max-video-preview:-1"},"canonical":"https:\/\/www.visit-ulcinj.com\/blog\/2014\/09\/12\/kisni-armagedon-u-baru-ulcinju\/","og_locale":"en_US","og_type":"article","og_title":"Ki\u0161ni \"Armagedon\" u Baru i Ulcinju - Lajme nga Ulqini","og_description":"Jako nevreme pra\u0107eno obilnim padavinama i strahovitom grmljavinom zahvatilo je sino\u0107 crnogorsko primorje. Pljusak koji nije stajao iza pono\u0107i na ju\u017enom","og_url":"https:\/\/www.visit-ulcinj.com\/blog\/2014\/09\/12\/kisni-armagedon-u-baru-ulcinju\/","og_site_name":"Lajme nga Ulqini","article_published_time":"2014-09-12T14:51:42+00:00","og_image":[{"url":"http:\/\/www.visit-ulcinj.com\/blog\/wp-content\/uploads\/2014\/09\/nevrjeme-u-ulcinj.jpg"}],"twitter_misc":{"Written by":"ulqini","Est. reading time":"1 minute"},"schema":{"@context":"https:\/\/schema.org","@graph":[{"@type":"WebSite","@id":"https:\/\/www.visit-ulcinj.com\/blog\/#website","url":"https:\/\/www.visit-ulcinj.com\/blog\/","name":"Lajme nga Ulqini","description":"Lajme,Vijesti,Ulqini,Ulqin,Crna Gora,Mali i Zi","potentialAction":[{"@type":"SearchAction","target":{"@type":"EntryPoint","urlTemplate":"https:\/\/www.visit-ulcinj.com\/blog\/?s={search_term_string}"},"query-input":"required name=search_term_string"}],"inLanguage":"en-US"},{"@type":"ImageObject","inLanguage":"en-US","@id":"https:\/\/www.visit-ulcinj.com\/blog\/2014\/09\/12\/kisni-armagedon-u-baru-ulcinju\/#primaryimage","url":"https:\/\/www.visit-ulcinj.com\/blog\/wp-content\/uploads\/2014\/09\/nevrjeme-u-ulcinj.jpg","contentUrl":"https:\/\/www.visit-ulcinj.com\/blog\/wp-content\/uploads\/2014\/09\/nevrjeme-u-ulcinj.jpg","width":573,"height":430},{"@type":"WebPage","@id":"https:\/\/www.visit-ulcinj.com\/blog\/2014\/09\/12\/kisni-armagedon-u-baru-ulcinju\/#webpage","url":"https:\/\/www.visit-ulcinj.com\/blog\/2014\/09\/12\/kisni-armagedon-u-baru-ulcinju\/","name":"Ki\u0161ni \"Armagedon\" u Baru i Ulcinju - Lajme nga Ulqini","isPartOf":{"@id":"https:\/\/www.visit-ulcinj.com\/blog\/#website"},"primaryImageOfPage":{"@id":"https:\/\/www.visit-ulcinj.com\/blog\/2014\/09\/12\/kisni-armagedon-u-baru-ulcinju\/#primaryimage"},"datePublished":"2014-09-12T14:51:42+00:00","dateModified":"2014-09-12T14:51:42+00:00","author":{"@id":"https:\/\/www.visit-ulcinj.com\/blog\/#\/schema\/person\/dcab619c614d3038751c63bc2aadc06d"},"description":"Jako nevreme pra\u0107eno obilnim padavinama i strahovitom grmljavinom zahvatilo je sino\u0107 crnogorsko primorje. Pljusak koji nije stajao iza pono\u0107i na ju\u017enom","breadcrumb":{"@id":"https:\/\/www.visit-ulcinj.com\/blog\/2014\/09\/12\/kisni-armagedon-u-baru-ulcinju\/#breadcrumb"},"inLanguage":"en-US","potentialAction":[{"@type":"ReadAction","target":["https:\/\/www.visit-ulcinj.com\/blog\/2014\/09\/12\/kisni-armagedon-u-baru-ulcinju\/"]}]},{"@type":"BreadcrumbList","@id":"https:\/\/www.visit-ulcinj.com\/blog\/2014\/09\/12\/kisni-armagedon-u-baru-ulcinju\/#breadcrumb","itemListElement":[{"@type":"ListItem","position":1,"name":"Ki\u0161ni &#8220;Armagedon&#8221; u Baru i Ulcinju"}]},{"@type":"Person","@id":"https:\/\/www.visit-ulcinj.com\/blog\/#\/schema\/person\/dcab619c614d3038751c63bc2aadc06d","name":"ulqini","sameAs":["http:\/\/www.visit-ulcinj.com"],"url":"https:\/\/www.visit-ulcinj.com\/blog\/author\/admin\/"}]}},"jetpack_featured_media_url":"","jetpack_sharing_enabled":true,"jetpack_shortlink":"https:\/\/wp.me\/pe6lTn-m9f","_links":{"self":[{"href":"https:\/\/www.visit-ulcinj.com\/blog\/wp-json\/wp\/v2\/posts\/85141"}],"collection":[{"href":"https:\/\/www.visit-ulcinj.com\/blog\/wp-json\/wp\/v2\/posts"}],"about":[{"href":"https:\/\/www.visit-ulcinj.com\/blog\/wp-json\/wp\/v2\/types\/post"}],"author":[{"embeddable":true,"href":"https:\/\/www.visit-ulcinj.com\/blog\/wp-json\/wp\/v2\/users\/1"}],"replies":[{"embeddable":true,"href":"https:\/\/www.visit-ulcinj.com\/blog\/wp-json\/wp\/v2\/comments?post=85141"}],"version-history":[{"count":1,"href":"https:\/\/www.visit-ulcinj.com\/blog\/wp-json\/wp\/v2\/posts\/85141\/revisions"}],"predecessor-version":[{"id":85143,"href":"https:\/\/www.visit-ulcinj.com\/blog\/wp-json\/wp\/v2\/posts\/85141\/revisions\/85143"}],"wp:attachment":[{"href":"https:\/\/www.visit-ulcinj.com\/blog\/wp-json\/wp\/v2\/media?parent=85141"}],"wp:term":[{"taxonomy":"category","embeddable":true,"href":"https:\/\/www.visit-ulcinj.com\/blog\/wp-json\/wp\/v2\/categories?post=85141"},{"taxonomy":"post_tag","embeddable":true,"href":"https:\/\/www.visit-ulcinj.com\/blog\/wp-json\/wp\/v2\/tags?post=85141"}],"curies":[{"name":"wp","href":"https:\/\/api.w.org\/{rel}","templated":true}]}}