{"id":85144,"date":"2014-09-12T16:00:40","date_gmt":"2014-09-12T15:00:40","guid":{"rendered":"http:\/\/www.visit-ulcinj.com\/blog\/?p=85144"},"modified":"2014-09-12T16:00:40","modified_gmt":"2014-09-12T15:00:40","slug":"gazetavijesti-para-falimentimit","status":"publish","type":"post","link":"https:\/\/www.visit-ulcinj.com\/blog\/2014\/09\/12\/gazetavijesti-para-falimentimit\/","title":{"rendered":"Gazeta&#8221;Vijesti&#8221; para falimentimit"},"content":{"rendered":"<p><a href=\"http:\/\/www.visit-ulcinj.com\/blog\/wp-content\/uploads\/2014\/09\/Vijesti.logo-1.jpg\"><img loading=\"lazy\" class=\"alignleft wp-image-85145 size-full\" src=\"http:\/\/www.visit-ulcinj.com\/blog\/wp-content\/uploads\/2014\/09\/Vijesti.logo-1.jpg\" alt=\"Vijesti.logo-1\" width=\"508\" height=\"274\" srcset=\"https:\/\/www.visit-ulcinj.com\/blog\/wp-content\/uploads\/2014\/09\/Vijesti.logo-1.jpg 508w, https:\/\/www.visit-ulcinj.com\/blog\/wp-content\/uploads\/2014\/09\/Vijesti.logo-1-300x161.jpg 300w\" sizes=\"(max-width: 508px) 100vw, 508px\" \/><\/a>Podgoric\u00eb, 12 shtator 2014 (MIA) &#8211; Sht\u00ebpia mediale e Podgoric\u00ebs Dejli pres, n\u00eb kornizat\u00a0 n\u00eb t\u00eb cil\u00ebn \u00ebsht\u00eb edhe gazeta &#8220;Vijesti&#8221; mund t\u00eb p\u00ebrballet me falimentim, sepse borxhi i saj tatimor tejkalon\u00a0 200.000 euro,\u00a0publikoi sot &#8220;Pobjeda&#8221;.<\/p>\n<p>Sipas shkrimit t\u00eb gazet\u00ebs, inspektor\u00ebt tatimor\u00eb ve\u00e7m\u00eb kan\u00eb filluar hetim\u00a0 p\u00ebr pun\u00ebn e &#8220;Vijesti&#8221;, nd\u00ebrsa nj\u00ebra nga opsionet\u00a0 p\u00ebr pages\u00eb t\u00eb borxhit tatimor \u00ebsht\u00eb edhe procedura e falimentimit.<\/p>\n<p>&#8220;Pobjeda&#8221; p\u00ebrkujton edhe deklarat\u00ebn paraprake t\u00eb drejtorit t\u00eb koncernit medial gjerman VAC,\u00a0 n\u00eb suaza t\u00eb t\u00eb cilit ishin &#8220;Vijesti&#8221;, S\u00ebrgjan Kerim\u00a0 se gazeta nga ajo nd\u00ebrrmarje ka dal\u00eb p\u00ebr shkak t\u00eb pun\u00ebs joligjore.<\/p>\n<p><strong>Burimi: <span id=\"dlRelated_ctl00_lblSource\">Idividi<\/span><\/strong><\/p>\n","protected":false},"excerpt":{"rendered":"<p>Podgoric\u00eb, 12 shtator 2014 (MIA) &#8211; Sht\u00ebpia mediale e Podgoric\u00ebs Dejli pres, n\u00eb kornizat\u00a0 n\u00eb t\u00eb cil\u00ebn \u00ebsht\u00eb edhe gazeta &#8220;Vijesti&#8221; mund t\u00eb p\u00ebrballet me falimentim, sepse borxhi i saj tatimor tejkalon\u00a0 200.000 euro,\u00a0publikoi sot &#8220;Pobjeda&#8221;. Sipas shkrimit t\u00eb gazet\u00ebs, inspektor\u00ebt tatimor\u00eb ve\u00e7m\u00eb kan\u00eb filluar hetim\u00a0 p\u00ebr pun\u00ebn e &#8220;Vijesti&#8221;, nd\u00ebrsa nj\u00ebra nga opsionet\u00a0 p\u00ebr [&hellip;]<\/p>\n","protected":false},"author":1,"featured_media":0,"comment_status":"closed","ping_status":"closed","sticky":false,"template":"","format":"standard","meta":{"spay_email":"","jetpack_publicize_message":"","jetpack_is_tweetstorm":false,"jetpack_publicize_feature_enabled":true},"categories":[12],"tags":[],"jetpack_publicize_connections":[],"yoast_head":"<!-- This site is optimized with the Yoast SEO plugin v19.1 - https:\/\/yoast.com\/wordpress\/plugins\/seo\/ -->\n<title>Gazeta&quot;Vijesti&quot; para falimentimit - Lajme nga Ulqini<\/title>\n<meta name=\"description\" content=\"Podgoric\u00eb, 12 shtator 2014 (MIA) - Sht\u00ebpia mediale e Podgoric\u00ebs Dejli pres, n\u00eb kornizat\u00a0 n\u00eb t\u00eb cil\u00ebn \u00ebsht\u00eb edhe gazeta &quot;Vijesti&quot; mund t\u00eb p\u00ebrballet me\" \/>\n<meta name=\"robots\" content=\"index, follow, max-snippet:-1, max-image-preview:large, max-video-preview:-1\" \/>\n<link rel=\"canonical\" href=\"https:\/\/www.visit-ulcinj.com\/blog\/2014\/09\/12\/gazetavijesti-para-falimentimit\/\" \/>\n<meta property=\"og:locale\" content=\"en_US\" \/>\n<meta property=\"og:type\" content=\"article\" \/>\n<meta property=\"og:title\" content=\"Gazeta&quot;Vijesti&quot; para falimentimit - Lajme nga Ulqini\" \/>\n<meta property=\"og:description\" content=\"Podgoric\u00eb, 12 shtator 2014 (MIA) - Sht\u00ebpia mediale e Podgoric\u00ebs Dejli pres, n\u00eb kornizat\u00a0 n\u00eb t\u00eb cil\u00ebn \u00ebsht\u00eb edhe gazeta &quot;Vijesti&quot; mund t\u00eb p\u00ebrballet me\" \/>\n<meta property=\"og:url\" content=\"https:\/\/www.visit-ulcinj.com\/blog\/2014\/09\/12\/gazetavijesti-para-falimentimit\/\" \/>\n<meta property=\"og:site_name\" content=\"Lajme nga Ulqini\" \/>\n<meta property=\"article:published_time\" content=\"2014-09-12T15:00:40+00:00\" \/>\n<meta property=\"og:image\" content=\"http:\/\/www.visit-ulcinj.com\/blog\/wp-content\/uploads\/2014\/09\/Vijesti.logo-1.jpg\" \/>\n<meta name=\"twitter:label1\" content=\"Written by\" \/>\n\t<meta name=\"twitter:data1\" content=\"ulqini\" \/>\n\t<meta name=\"twitter:label2\" content=\"Est. reading time\" \/>\n\t<meta name=\"twitter:data2\" content=\"1 minute\" \/>\n<script type=\"application\/ld+json\" class=\"yoast-schema-graph\">{\"@context\":\"https:\/\/schema.org\",\"@graph\":[{\"@type\":\"WebSite\",\"@id\":\"https:\/\/www.visit-ulcinj.com\/blog\/#website\",\"url\":\"https:\/\/www.visit-ulcinj.com\/blog\/\",\"name\":\"Lajme nga Ulqini\",\"description\":\"Lajme,Vijesti,Ulqini,Ulqin,Crna Gora,Mali i Zi\",\"potentialAction\":[{\"@type\":\"SearchAction\",\"target\":{\"@type\":\"EntryPoint\",\"urlTemplate\":\"https:\/\/www.visit-ulcinj.com\/blog\/?s={search_term_string}\"},\"query-input\":\"required name=search_term_string\"}],\"inLanguage\":\"en-US\"},{\"@type\":\"ImageObject\",\"inLanguage\":\"en-US\",\"@id\":\"https:\/\/www.visit-ulcinj.com\/blog\/2014\/09\/12\/gazetavijesti-para-falimentimit\/#primaryimage\",\"url\":\"https:\/\/www.visit-ulcinj.com\/blog\/wp-content\/uploads\/2014\/09\/Vijesti.logo-1.jpg\",\"contentUrl\":\"https:\/\/www.visit-ulcinj.com\/blog\/wp-content\/uploads\/2014\/09\/Vijesti.logo-1.jpg\",\"width\":508,\"height\":274},{\"@type\":\"WebPage\",\"@id\":\"https:\/\/www.visit-ulcinj.com\/blog\/2014\/09\/12\/gazetavijesti-para-falimentimit\/#webpage\",\"url\":\"https:\/\/www.visit-ulcinj.com\/blog\/2014\/09\/12\/gazetavijesti-para-falimentimit\/\",\"name\":\"Gazeta\\\"Vijesti\\\" para falimentimit - Lajme nga Ulqini\",\"isPartOf\":{\"@id\":\"https:\/\/www.visit-ulcinj.com\/blog\/#website\"},\"primaryImageOfPage\":{\"@id\":\"https:\/\/www.visit-ulcinj.com\/blog\/2014\/09\/12\/gazetavijesti-para-falimentimit\/#primaryimage\"},\"datePublished\":\"2014-09-12T15:00:40+00:00\",\"dateModified\":\"2014-09-12T15:00:40+00:00\",\"author\":{\"@id\":\"https:\/\/www.visit-ulcinj.com\/blog\/#\/schema\/person\/dcab619c614d3038751c63bc2aadc06d\"},\"description\":\"Podgoric\u00eb, 12 shtator 2014 (MIA) - Sht\u00ebpia mediale e Podgoric\u00ebs Dejli pres, n\u00eb kornizat\u00a0 n\u00eb t\u00eb cil\u00ebn \u00ebsht\u00eb edhe gazeta \\\"Vijesti\\\" mund t\u00eb p\u00ebrballet me\",\"breadcrumb\":{\"@id\":\"https:\/\/www.visit-ulcinj.com\/blog\/2014\/09\/12\/gazetavijesti-para-falimentimit\/#breadcrumb\"},\"inLanguage\":\"en-US\",\"potentialAction\":[{\"@type\":\"ReadAction\",\"target\":[\"https:\/\/www.visit-ulcinj.com\/blog\/2014\/09\/12\/gazetavijesti-para-falimentimit\/\"]}]},{\"@type\":\"BreadcrumbList\",\"@id\":\"https:\/\/www.visit-ulcinj.com\/blog\/2014\/09\/12\/gazetavijesti-para-falimentimit\/#breadcrumb\",\"itemListElement\":[{\"@type\":\"ListItem\",\"position\":1,\"name\":\"Gazeta&#8221;Vijesti&#8221; para falimentimit\"}]},{\"@type\":\"Person\",\"@id\":\"https:\/\/www.visit-ulcinj.com\/blog\/#\/schema\/person\/dcab619c614d3038751c63bc2aadc06d\",\"name\":\"ulqini\",\"sameAs\":[\"http:\/\/www.visit-ulcinj.com\"],\"url\":\"https:\/\/www.visit-ulcinj.com\/blog\/author\/admin\/\"}]}<\/script>\n<!-- \/ Yoast SEO plugin. -->","yoast_head_json":{"title":"Gazeta\"Vijesti\" para falimentimit - Lajme nga Ulqini","description":"Podgoric\u00eb, 12 shtator 2014 (MIA) - Sht\u00ebpia mediale e Podgoric\u00ebs Dejli pres, n\u00eb kornizat\u00a0 n\u00eb t\u00eb cil\u00ebn \u00ebsht\u00eb edhe gazeta \"Vijesti\" mund t\u00eb p\u00ebrballet me","robots":{"index":"index","follow":"follow","max-snippet":"max-snippet:-1","max-image-preview":"max-image-preview:large","max-video-preview":"max-video-preview:-1"},"canonical":"https:\/\/www.visit-ulcinj.com\/blog\/2014\/09\/12\/gazetavijesti-para-falimentimit\/","og_locale":"en_US","og_type":"article","og_title":"Gazeta\"Vijesti\" para falimentimit - Lajme nga Ulqini","og_description":"Podgoric\u00eb, 12 shtator 2014 (MIA) - Sht\u00ebpia mediale e Podgoric\u00ebs Dejli pres, n\u00eb kornizat\u00a0 n\u00eb t\u00eb cil\u00ebn \u00ebsht\u00eb edhe gazeta \"Vijesti\" mund t\u00eb p\u00ebrballet me","og_url":"https:\/\/www.visit-ulcinj.com\/blog\/2014\/09\/12\/gazetavijesti-para-falimentimit\/","og_site_name":"Lajme nga Ulqini","article_published_time":"2014-09-12T15:00:40+00:00","og_image":[{"url":"http:\/\/www.visit-ulcinj.com\/blog\/wp-content\/uploads\/2014\/09\/Vijesti.logo-1.jpg"}],"twitter_misc":{"Written by":"ulqini","Est. reading time":"1 minute"},"schema":{"@context":"https:\/\/schema.org","@graph":[{"@type":"WebSite","@id":"https:\/\/www.visit-ulcinj.com\/blog\/#website","url":"https:\/\/www.visit-ulcinj.com\/blog\/","name":"Lajme nga Ulqini","description":"Lajme,Vijesti,Ulqini,Ulqin,Crna Gora,Mali i Zi","potentialAction":[{"@type":"SearchAction","target":{"@type":"EntryPoint","urlTemplate":"https:\/\/www.visit-ulcinj.com\/blog\/?s={search_term_string}"},"query-input":"required name=search_term_string"}],"inLanguage":"en-US"},{"@type":"ImageObject","inLanguage":"en-US","@id":"https:\/\/www.visit-ulcinj.com\/blog\/2014\/09\/12\/gazetavijesti-para-falimentimit\/#primaryimage","url":"https:\/\/www.visit-ulcinj.com\/blog\/wp-content\/uploads\/2014\/09\/Vijesti.logo-1.jpg","contentUrl":"https:\/\/www.visit-ulcinj.com\/blog\/wp-content\/uploads\/2014\/09\/Vijesti.logo-1.jpg","width":508,"height":274},{"@type":"WebPage","@id":"https:\/\/www.visit-ulcinj.com\/blog\/2014\/09\/12\/gazetavijesti-para-falimentimit\/#webpage","url":"https:\/\/www.visit-ulcinj.com\/blog\/2014\/09\/12\/gazetavijesti-para-falimentimit\/","name":"Gazeta\"Vijesti\" para falimentimit - Lajme nga Ulqini","isPartOf":{"@id":"https:\/\/www.visit-ulcinj.com\/blog\/#website"},"primaryImageOfPage":{"@id":"https:\/\/www.visit-ulcinj.com\/blog\/2014\/09\/12\/gazetavijesti-para-falimentimit\/#primaryimage"},"datePublished":"2014-09-12T15:00:40+00:00","dateModified":"2014-09-12T15:00:40+00:00","author":{"@id":"https:\/\/www.visit-ulcinj.com\/blog\/#\/schema\/person\/dcab619c614d3038751c63bc2aadc06d"},"description":"Podgoric\u00eb, 12 shtator 2014 (MIA) - Sht\u00ebpia mediale e Podgoric\u00ebs Dejli pres, n\u00eb kornizat\u00a0 n\u00eb t\u00eb cil\u00ebn \u00ebsht\u00eb edhe gazeta \"Vijesti\" mund t\u00eb p\u00ebrballet me","breadcrumb":{"@id":"https:\/\/www.visit-ulcinj.com\/blog\/2014\/09\/12\/gazetavijesti-para-falimentimit\/#breadcrumb"},"inLanguage":"en-US","potentialAction":[{"@type":"ReadAction","target":["https:\/\/www.visit-ulcinj.com\/blog\/2014\/09\/12\/gazetavijesti-para-falimentimit\/"]}]},{"@type":"BreadcrumbList","@id":"https:\/\/www.visit-ulcinj.com\/blog\/2014\/09\/12\/gazetavijesti-para-falimentimit\/#breadcrumb","itemListElement":[{"@type":"ListItem","position":1,"name":"Gazeta&#8221;Vijesti&#8221; para falimentimit"}]},{"@type":"Person","@id":"https:\/\/www.visit-ulcinj.com\/blog\/#\/schema\/person\/dcab619c614d3038751c63bc2aadc06d","name":"ulqini","sameAs":["http:\/\/www.visit-ulcinj.com"],"url":"https:\/\/www.visit-ulcinj.com\/blog\/author\/admin\/"}]}},"jetpack_featured_media_url":"","jetpack_sharing_enabled":true,"jetpack_shortlink":"https:\/\/wp.me\/pe6lTn-m9i","_links":{"self":[{"href":"https:\/\/www.visit-ulcinj.com\/blog\/wp-json\/wp\/v2\/posts\/85144"}],"collection":[{"href":"https:\/\/www.visit-ulcinj.com\/blog\/wp-json\/wp\/v2\/posts"}],"about":[{"href":"https:\/\/www.visit-ulcinj.com\/blog\/wp-json\/wp\/v2\/types\/post"}],"author":[{"embeddable":true,"href":"https:\/\/www.visit-ulcinj.com\/blog\/wp-json\/wp\/v2\/users\/1"}],"replies":[{"embeddable":true,"href":"https:\/\/www.visit-ulcinj.com\/blog\/wp-json\/wp\/v2\/comments?post=85144"}],"version-history":[{"count":1,"href":"https:\/\/www.visit-ulcinj.com\/blog\/wp-json\/wp\/v2\/posts\/85144\/revisions"}],"predecessor-version":[{"id":85146,"href":"https:\/\/www.visit-ulcinj.com\/blog\/wp-json\/wp\/v2\/posts\/85144\/revisions\/85146"}],"wp:attachment":[{"href":"https:\/\/www.visit-ulcinj.com\/blog\/wp-json\/wp\/v2\/media?parent=85144"}],"wp:term":[{"taxonomy":"category","embeddable":true,"href":"https:\/\/www.visit-ulcinj.com\/blog\/wp-json\/wp\/v2\/categories?post=85144"},{"taxonomy":"post_tag","embeddable":true,"href":"https:\/\/www.visit-ulcinj.com\/blog\/wp-json\/wp\/v2\/tags?post=85144"}],"curies":[{"name":"wp","href":"https:\/\/api.w.org\/{rel}","templated":true}]}}