{"id":85147,"date":"2014-09-12T20:43:56","date_gmt":"2014-09-12T19:43:56","guid":{"rendered":"http:\/\/www.visit-ulcinj.com\/blog\/?p=85147"},"modified":"2014-09-16T06:18:09","modified_gmt":"2014-09-16T05:18:09","slug":"memoriam-faikislamavdiu","status":"publish","type":"post","link":"https:\/\/www.visit-ulcinj.com\/blog\/2014\/09\/12\/memoriam-faikislamavdiu\/","title":{"rendered":"IN MEMORIAM, Faik(Islam)Avdiu"},"content":{"rendered":"<p><span class=\"userContent\"><a href=\"http:\/\/www.visit-ulcinj.com\/blog\/wp-content\/uploads\/2014\/09\/IN-MEMORIAM-FaikIslamAvdiu.jpg\"><img loading=\"lazy\" class=\"alignleft wp-image-85148\" src=\"http:\/\/www.visit-ulcinj.com\/blog\/wp-content\/uploads\/2014\/09\/IN-MEMORIAM-FaikIslamAvdiu.jpg\" alt=\"IN MEMORIAM, Faik(Islam)Avdiu\" width=\"508\" height=\"282\" srcset=\"https:\/\/www.visit-ulcinj.com\/blog\/wp-content\/uploads\/2014\/09\/IN-MEMORIAM-FaikIslamAvdiu.jpg 720w, https:\/\/www.visit-ulcinj.com\/blog\/wp-content\/uploads\/2014\/09\/IN-MEMORIAM-FaikIslamAvdiu-300x166.jpg 300w\" sizes=\"(max-width: 508px) 100vw, 508px\" \/><\/a>Faik Avdiu, radhitet n\u00eb grupin e m\u00ebsuesve t\u00eb dekad\u00ebs s\u00eb pest\u00eb t\u00eb shekullit XX, i cili nuk e pati fatin t\u00eb shkollohet n\u00eb m\u00ebnyr\u00eb t\u00eb rregullt dhe t\u00eb panderprer\u00eb.Faiku lindi n\u00eb An\u00eb t\u00eb Malit, n\u00eb fshatin Sukubin\u00eb me<span class=\"text_exposed_show\"> 20.02.1924.Ai i kreu kater klas\u00eb n\u00eb shkoll\u00ebn fillore(n\u00eb gjuh\u00ebn serbe) n\u00eb Sukubin\u00eb, n\u00eb qeshor t\u00eb vitit 1935.<br \/>\nN\u00eb janar t\u00eb vitit 1945 thirret n\u00eb sh\u00ebrbimin ushtarak, t\u00eb cilin e kryen n\u00eb korrik t\u00eb 1946.Porsa mb\u00ebrriti n\u00eb sht\u00ebpi, u njoftua p\u00ebr kursin pedagogjik n\u00eb Ulqin, t\u00eb cilin e ndoqi dhe e kreu me sukses.N\u00eb shtator t\u00eb ati viti gjendet n\u00eb detyren e m\u00ebsuesit t\u00eb p\u00ebrkohsh\u00ebm n\u00eb Sukubin\u00eb.N\u00eb vitet 1947,1948 dhe 1949 ndoqi disa kurse pedagogjike dhe n\u00eb Prizren e kreu klas\u00ebn e tret\u00eb dhe semi matur\u00ebn.N\u00eb vitin 1950, gjat\u00eb pushimeve verore, kreu kursin e pest\u00eb pedagogjik n\u00eb Pej\u00eb, kurse nj\u00eb vit m\u00eb von\u00eb regjistrohet n\u00eb kursin pedagogjik pran\u00eb Shkoll\u00ebs Normale t\u00eb Gjakov\u00ebs, i cili zgjati nj\u00eb vit shkollor.At\u00ebher\u00eb e kreu klas\u00ebn e kat\u00ebrt t\u00eb shkoll\u00ebs normale dhe me sukses diplomoi p\u00ebr m\u00ebsues.<br \/>\nN\u00eb vitin 1952 caktohet m\u00ebsues n\u00eb Ostros.Nj\u00eb vit m\u00eb von\u00eb zgjidhet drejtor, n\u00eb t\u00eb nj\u00ebjt\u00ebn shkoll\u00eb, ku punoi pes\u00eb vite shkollore.Faiku kishte d\u00ebshir\u00eb t\u00eb ishte m\u00eb pran\u00eb sht\u00ebpis\u00eb dhe k\u00ebshtu i mund\u00ebsohet t\u00eb zhvilloj\u00eb m\u00ebsimin n\u00eb shkoll\u00ebn fillore n\u00eb Kravar, plot dhejt\u00eb vite.<br \/>\nMe k\u00ebrkes\u00eb t\u00eb Faikut i lejohet t\u00eb punoj\u00eb si m\u00ebsues n\u00eb vendlindje e pastaj punoi n\u00eb Shkoll\u00ebn Tet\u00ebvje\u00e7are t\u00eb Katerkoll\u00ebs n\u00eb detyren e z\u00ebv\u00ebnd\u00ebsdrejtorit.Faiku nuk mund t\u00eb ndahej nga fshati i tij i lindjes dhe p\u00ebr t\u00eb tret\u00ebn her\u00eb punon n\u00eb Shkoll\u00ebn Pes\u00ebklas\u00ebshe n\u00eb Sukubin\u00eb, k\u00ebsaj here deri n\u00eb pensionim.<br \/>\nP\u00ebr 38 vjet, sa punoi si m\u00ebsues n\u00eb fshatrat e komun\u00ebs s\u00eb Ulqinit e Tivarit, gjithmon\u00eb ishte i p\u00ebrgaditur p\u00ebr or\u00ebt m\u00ebsimore, i af\u00ebrt me nx\u00ebn\u00ebs dhe i dashur me prind\u00ebr.<br \/>\nKudo q\u00eb punoi, deri n\u00eb vitin 1960, ishte i angazhuar p\u00ebr t\u00eb udh\u00ebhequr nj\u00eb kurs analfabetik e ndihmuar shum\u00eb t\u00eb tjer\u00eb.Ka punuar me kurset sh\u00ebndet\u00ebsore af\u00ebr 20 vjet.Pensionohet n\u00eb gusht t\u00eb vitit 1984.<\/span><\/span><\/p>\n<p>N\u00eb foto, m\u00ebsues Faiku me nx\u00ebn\u00ebs n\u00eb oborr t\u00eb shkoll\u00ebs s\u00eb Sukubin\u00ebs, viti 1978.<\/p>\n<p>&nbsp;<\/p>\n<p><strong>Burimi: <span class=\"fcg\"><span class=\"fwb\" data-ft=\"{&quot;tn&quot;:&quot;;&quot;}\"><a id=\"js_2\" class=\"_5f0v\" tabindex=\"0\" href=\"https:\/\/www.facebook.com\/pages\/Shkolla-e-vjeter-n%C3%AB-Kat%C3%ABrkoll%C3%AB-simbol-i-dijes-dhe-vet%C3%ABdijes\/177821838905889?hc_location=timeline\" data-hovercard=\"\/ajax\/hovercard\/page.php?id=177821838905889&amp;extragetparams=%7B%22hc_location%22%3A%22timeline%22%7D\">Shkolla e vjeter n\u00eb Kat\u00ebrkoll\u00eb simbol i dijes dhe vet\u00ebdijes Facebook<\/a><\/span><\/span><\/strong><\/p>\n<!--YouTube Error: bad URL entered-->\n","protected":false},"excerpt":{"rendered":"<p>Faik Avdiu, radhitet n\u00eb grupin e m\u00ebsuesve t\u00eb dekad\u00ebs s\u00eb pest\u00eb t\u00eb shekullit XX, i cili nuk e pati fatin t\u00eb shkollohet n\u00eb m\u00ebnyr\u00eb t\u00eb rregullt dhe t\u00eb panderprer\u00eb.Faiku lindi n\u00eb An\u00eb t\u00eb Malit, n\u00eb fshatin Sukubin\u00eb me 20.02.1924.Ai i kreu kater klas\u00eb n\u00eb shkoll\u00ebn fillore(n\u00eb gjuh\u00ebn serbe) n\u00eb Sukubin\u00eb, n\u00eb qeshor t\u00eb vitit 1935. [&hellip;]<\/p>\n","protected":false},"author":1,"featured_media":0,"comment_status":"closed","ping_status":"closed","sticky":false,"template":"","format":"standard","meta":{"spay_email":"","jetpack_publicize_message":"","jetpack_is_tweetstorm":false,"jetpack_publicize_feature_enabled":true},"categories":[6950],"tags":[],"jetpack_publicize_connections":[],"yoast_head":"<!-- This site is optimized with the Yoast SEO plugin v19.1 - https:\/\/yoast.com\/wordpress\/plugins\/seo\/ -->\n<title>IN MEMORIAM, Faik(Islam)Avdiu - Lajme nga Ulqini<\/title>\n<meta name=\"description\" content=\"Faik Avdiu, radhitet n\u00eb grupin e m\u00ebsuesve t\u00eb dekad\u00ebs s\u00eb pest\u00eb t\u00eb shekullit XX, i cili nuk e pati fatin t\u00eb shkollohet n\u00eb m\u00ebnyr\u00eb t\u00eb rregullt dhe t\u00eb\" \/>\n<meta name=\"robots\" content=\"index, follow, max-snippet:-1, max-image-preview:large, max-video-preview:-1\" \/>\n<link rel=\"canonical\" href=\"https:\/\/www.visit-ulcinj.com\/blog\/2014\/09\/12\/memoriam-faikislamavdiu\/\" \/>\n<meta property=\"og:locale\" content=\"en_US\" \/>\n<meta property=\"og:type\" content=\"article\" \/>\n<meta property=\"og:title\" content=\"IN MEMORIAM, Faik(Islam)Avdiu - Lajme nga Ulqini\" \/>\n<meta property=\"og:description\" content=\"Faik Avdiu, radhitet n\u00eb grupin e m\u00ebsuesve t\u00eb dekad\u00ebs s\u00eb pest\u00eb t\u00eb shekullit XX, i cili nuk e pati fatin t\u00eb shkollohet n\u00eb m\u00ebnyr\u00eb t\u00eb rregullt dhe t\u00eb\" \/>\n<meta property=\"og:url\" content=\"https:\/\/www.visit-ulcinj.com\/blog\/2014\/09\/12\/memoriam-faikislamavdiu\/\" \/>\n<meta property=\"og:site_name\" content=\"Lajme nga Ulqini\" \/>\n<meta property=\"article:published_time\" content=\"2014-09-12T19:43:56+00:00\" \/>\n<meta property=\"article:modified_time\" content=\"2014-09-16T05:18:09+00:00\" \/>\n<meta property=\"og:image\" content=\"http:\/\/www.visit-ulcinj.com\/blog\/wp-content\/uploads\/2014\/09\/IN-MEMORIAM-FaikIslamAvdiu.jpg\" \/>\n<meta name=\"twitter:label1\" content=\"Written by\" \/>\n\t<meta name=\"twitter:data1\" content=\"ulqini\" \/>\n\t<meta name=\"twitter:label2\" content=\"Est. reading time\" \/>\n\t<meta name=\"twitter:data2\" content=\"2 minutes\" \/>\n<script type=\"application\/ld+json\" class=\"yoast-schema-graph\">{\"@context\":\"https:\/\/schema.org\",\"@graph\":[{\"@type\":\"WebSite\",\"@id\":\"https:\/\/www.visit-ulcinj.com\/blog\/#website\",\"url\":\"https:\/\/www.visit-ulcinj.com\/blog\/\",\"name\":\"Lajme nga Ulqini\",\"description\":\"Lajme,Vijesti,Ulqini,Ulqin,Crna Gora,Mali i Zi\",\"potentialAction\":[{\"@type\":\"SearchAction\",\"target\":{\"@type\":\"EntryPoint\",\"urlTemplate\":\"https:\/\/www.visit-ulcinj.com\/blog\/?s={search_term_string}\"},\"query-input\":\"required name=search_term_string\"}],\"inLanguage\":\"en-US\"},{\"@type\":\"ImageObject\",\"inLanguage\":\"en-US\",\"@id\":\"https:\/\/www.visit-ulcinj.com\/blog\/2014\/09\/12\/memoriam-faikislamavdiu\/#primaryimage\",\"url\":\"https:\/\/www.visit-ulcinj.com\/blog\/wp-content\/uploads\/2014\/09\/IN-MEMORIAM-FaikIslamAvdiu.jpg\",\"contentUrl\":\"https:\/\/www.visit-ulcinj.com\/blog\/wp-content\/uploads\/2014\/09\/IN-MEMORIAM-FaikIslamAvdiu.jpg\",\"width\":720,\"height\":400},{\"@type\":\"WebPage\",\"@id\":\"https:\/\/www.visit-ulcinj.com\/blog\/2014\/09\/12\/memoriam-faikislamavdiu\/#webpage\",\"url\":\"https:\/\/www.visit-ulcinj.com\/blog\/2014\/09\/12\/memoriam-faikislamavdiu\/\",\"name\":\"IN MEMORIAM, Faik(Islam)Avdiu - Lajme nga Ulqini\",\"isPartOf\":{\"@id\":\"https:\/\/www.visit-ulcinj.com\/blog\/#website\"},\"primaryImageOfPage\":{\"@id\":\"https:\/\/www.visit-ulcinj.com\/blog\/2014\/09\/12\/memoriam-faikislamavdiu\/#primaryimage\"},\"datePublished\":\"2014-09-12T19:43:56+00:00\",\"dateModified\":\"2014-09-16T05:18:09+00:00\",\"author\":{\"@id\":\"https:\/\/www.visit-ulcinj.com\/blog\/#\/schema\/person\/dcab619c614d3038751c63bc2aadc06d\"},\"description\":\"Faik Avdiu, radhitet n\u00eb grupin e m\u00ebsuesve t\u00eb dekad\u00ebs s\u00eb pest\u00eb t\u00eb shekullit XX, i cili nuk e pati fatin t\u00eb shkollohet n\u00eb m\u00ebnyr\u00eb t\u00eb rregullt dhe t\u00eb\",\"breadcrumb\":{\"@id\":\"https:\/\/www.visit-ulcinj.com\/blog\/2014\/09\/12\/memoriam-faikislamavdiu\/#breadcrumb\"},\"inLanguage\":\"en-US\",\"potentialAction\":[{\"@type\":\"ReadAction\",\"target\":[\"https:\/\/www.visit-ulcinj.com\/blog\/2014\/09\/12\/memoriam-faikislamavdiu\/\"]}]},{\"@type\":\"BreadcrumbList\",\"@id\":\"https:\/\/www.visit-ulcinj.com\/blog\/2014\/09\/12\/memoriam-faikislamavdiu\/#breadcrumb\",\"itemListElement\":[{\"@type\":\"ListItem\",\"position\":1,\"name\":\"IN MEMORIAM, Faik(Islam)Avdiu\"}]},{\"@type\":\"Person\",\"@id\":\"https:\/\/www.visit-ulcinj.com\/blog\/#\/schema\/person\/dcab619c614d3038751c63bc2aadc06d\",\"name\":\"ulqini\",\"sameAs\":[\"http:\/\/www.visit-ulcinj.com\"],\"url\":\"https:\/\/www.visit-ulcinj.com\/blog\/author\/admin\/\"}]}<\/script>\n<!-- \/ Yoast SEO plugin. -->","yoast_head_json":{"title":"IN MEMORIAM, Faik(Islam)Avdiu - Lajme nga Ulqini","description":"Faik Avdiu, radhitet n\u00eb grupin e m\u00ebsuesve t\u00eb dekad\u00ebs s\u00eb pest\u00eb t\u00eb shekullit XX, i cili nuk e pati fatin t\u00eb shkollohet n\u00eb m\u00ebnyr\u00eb t\u00eb rregullt dhe t\u00eb","robots":{"index":"index","follow":"follow","max-snippet":"max-snippet:-1","max-image-preview":"max-image-preview:large","max-video-preview":"max-video-preview:-1"},"canonical":"https:\/\/www.visit-ulcinj.com\/blog\/2014\/09\/12\/memoriam-faikislamavdiu\/","og_locale":"en_US","og_type":"article","og_title":"IN MEMORIAM, Faik(Islam)Avdiu - Lajme nga Ulqini","og_description":"Faik Avdiu, radhitet n\u00eb grupin e m\u00ebsuesve t\u00eb dekad\u00ebs s\u00eb pest\u00eb t\u00eb shekullit XX, i cili nuk e pati fatin t\u00eb shkollohet n\u00eb m\u00ebnyr\u00eb t\u00eb rregullt dhe t\u00eb","og_url":"https:\/\/www.visit-ulcinj.com\/blog\/2014\/09\/12\/memoriam-faikislamavdiu\/","og_site_name":"Lajme nga Ulqini","article_published_time":"2014-09-12T19:43:56+00:00","article_modified_time":"2014-09-16T05:18:09+00:00","og_image":[{"url":"http:\/\/www.visit-ulcinj.com\/blog\/wp-content\/uploads\/2014\/09\/IN-MEMORIAM-FaikIslamAvdiu.jpg"}],"twitter_misc":{"Written by":"ulqini","Est. reading time":"2 minutes"},"schema":{"@context":"https:\/\/schema.org","@graph":[{"@type":"WebSite","@id":"https:\/\/www.visit-ulcinj.com\/blog\/#website","url":"https:\/\/www.visit-ulcinj.com\/blog\/","name":"Lajme nga Ulqini","description":"Lajme,Vijesti,Ulqini,Ulqin,Crna Gora,Mali i Zi","potentialAction":[{"@type":"SearchAction","target":{"@type":"EntryPoint","urlTemplate":"https:\/\/www.visit-ulcinj.com\/blog\/?s={search_term_string}"},"query-input":"required name=search_term_string"}],"inLanguage":"en-US"},{"@type":"ImageObject","inLanguage":"en-US","@id":"https:\/\/www.visit-ulcinj.com\/blog\/2014\/09\/12\/memoriam-faikislamavdiu\/#primaryimage","url":"https:\/\/www.visit-ulcinj.com\/blog\/wp-content\/uploads\/2014\/09\/IN-MEMORIAM-FaikIslamAvdiu.jpg","contentUrl":"https:\/\/www.visit-ulcinj.com\/blog\/wp-content\/uploads\/2014\/09\/IN-MEMORIAM-FaikIslamAvdiu.jpg","width":720,"height":400},{"@type":"WebPage","@id":"https:\/\/www.visit-ulcinj.com\/blog\/2014\/09\/12\/memoriam-faikislamavdiu\/#webpage","url":"https:\/\/www.visit-ulcinj.com\/blog\/2014\/09\/12\/memoriam-faikislamavdiu\/","name":"IN MEMORIAM, Faik(Islam)Avdiu - Lajme nga Ulqini","isPartOf":{"@id":"https:\/\/www.visit-ulcinj.com\/blog\/#website"},"primaryImageOfPage":{"@id":"https:\/\/www.visit-ulcinj.com\/blog\/2014\/09\/12\/memoriam-faikislamavdiu\/#primaryimage"},"datePublished":"2014-09-12T19:43:56+00:00","dateModified":"2014-09-16T05:18:09+00:00","author":{"@id":"https:\/\/www.visit-ulcinj.com\/blog\/#\/schema\/person\/dcab619c614d3038751c63bc2aadc06d"},"description":"Faik Avdiu, radhitet n\u00eb grupin e m\u00ebsuesve t\u00eb dekad\u00ebs s\u00eb pest\u00eb t\u00eb shekullit XX, i cili nuk e pati fatin t\u00eb shkollohet n\u00eb m\u00ebnyr\u00eb t\u00eb rregullt dhe t\u00eb","breadcrumb":{"@id":"https:\/\/www.visit-ulcinj.com\/blog\/2014\/09\/12\/memoriam-faikislamavdiu\/#breadcrumb"},"inLanguage":"en-US","potentialAction":[{"@type":"ReadAction","target":["https:\/\/www.visit-ulcinj.com\/blog\/2014\/09\/12\/memoriam-faikislamavdiu\/"]}]},{"@type":"BreadcrumbList","@id":"https:\/\/www.visit-ulcinj.com\/blog\/2014\/09\/12\/memoriam-faikislamavdiu\/#breadcrumb","itemListElement":[{"@type":"ListItem","position":1,"name":"IN MEMORIAM, Faik(Islam)Avdiu"}]},{"@type":"Person","@id":"https:\/\/www.visit-ulcinj.com\/blog\/#\/schema\/person\/dcab619c614d3038751c63bc2aadc06d","name":"ulqini","sameAs":["http:\/\/www.visit-ulcinj.com"],"url":"https:\/\/www.visit-ulcinj.com\/blog\/author\/admin\/"}]}},"jetpack_featured_media_url":"","jetpack_sharing_enabled":true,"jetpack_shortlink":"https:\/\/wp.me\/pe6lTn-m9l","_links":{"self":[{"href":"https:\/\/www.visit-ulcinj.com\/blog\/wp-json\/wp\/v2\/posts\/85147"}],"collection":[{"href":"https:\/\/www.visit-ulcinj.com\/blog\/wp-json\/wp\/v2\/posts"}],"about":[{"href":"https:\/\/www.visit-ulcinj.com\/blog\/wp-json\/wp\/v2\/types\/post"}],"author":[{"embeddable":true,"href":"https:\/\/www.visit-ulcinj.com\/blog\/wp-json\/wp\/v2\/users\/1"}],"replies":[{"embeddable":true,"href":"https:\/\/www.visit-ulcinj.com\/blog\/wp-json\/wp\/v2\/comments?post=85147"}],"version-history":[{"count":2,"href":"https:\/\/www.visit-ulcinj.com\/blog\/wp-json\/wp\/v2\/posts\/85147\/revisions"}],"predecessor-version":[{"id":85240,"href":"https:\/\/www.visit-ulcinj.com\/blog\/wp-json\/wp\/v2\/posts\/85147\/revisions\/85240"}],"wp:attachment":[{"href":"https:\/\/www.visit-ulcinj.com\/blog\/wp-json\/wp\/v2\/media?parent=85147"}],"wp:term":[{"taxonomy":"category","embeddable":true,"href":"https:\/\/www.visit-ulcinj.com\/blog\/wp-json\/wp\/v2\/categories?post=85147"},{"taxonomy":"post_tag","embeddable":true,"href":"https:\/\/www.visit-ulcinj.com\/blog\/wp-json\/wp\/v2\/tags?post=85147"}],"curies":[{"name":"wp","href":"https:\/\/api.w.org\/{rel}","templated":true}]}}