{"id":85154,"date":"2014-09-13T06:19:00","date_gmt":"2014-09-13T05:19:00","guid":{"rendered":"http:\/\/www.visit-ulcinj.com\/blog\/?p=85154"},"modified":"2014-09-13T06:19:00","modified_gmt":"2014-09-13T05:19:00","slug":"abazovic-odluke-o-rjesenjima-u-pup-u-donosi-gradevinska-mafija","status":"publish","type":"post","link":"https:\/\/www.visit-ulcinj.com\/blog\/2014\/09\/13\/abazovic-odluke-o-rjesenjima-u-pup-u-donosi-gradevinska-mafija\/","title":{"rendered":"Abazovi\u0107: Odluke o rje\u0161enjima u PUP-u \u201edonosi gra\u0111evinska mafija\u201d"},"content":{"rendered":"<p><span class=\"tekstcijeli\"><span class=\"kapital\"><a href=\"http:\/\/www.visit-ulcinj.com\/blog\/wp-content\/uploads\/2014\/09\/xhemal-perovic.jpg\"><img loading=\"lazy\" class=\"alignleft wp-image-85160\" src=\"http:\/\/www.visit-ulcinj.com\/blog\/wp-content\/uploads\/2014\/09\/xhemal-perovic.jpg\" alt=\"xhemal-perovic\" width=\"508\" height=\"381\" srcset=\"https:\/\/www.visit-ulcinj.com\/blog\/wp-content\/uploads\/2014\/09\/xhemal-perovic.jpg 960w, https:\/\/www.visit-ulcinj.com\/blog\/wp-content\/uploads\/2014\/09\/xhemal-perovic-300x225.jpg 300w\" sizes=\"(max-width: 508px) 100vw, 508px\" \/><\/a>P<\/span>red\u00adlo\u00ad\u017ee\u00adna rje\u00ad\u0161e\u00adnja Na\u00adcr\u00adta Pro\u00adstor\u00adno ur\u00adba\u00adni\u00adsti\u010d\u00adkog pla\u00adna Op\u00ad\u0161ti\u00adne Ul\u00adcinj do 2020. go\u00addi\u00adne ni\u00adsu u skla\u00addu sa in\u00adte\u00adre\u00adsi\u00adma Ul\u00adci\u00adnja\u00adna i u su\u00adprot\u00adno\u00adsti su osnov\u00adnim po\u00adstu\u00adla\u00adti\u00adma za\u00ad\u0161ti\u00adte \u017ei\u00advot\u00adne sre\u00addi\u00adne i bi\u00ado\u00addi\u00adver\u00adzi\u00adte\u00adta, ocje\u00adnje\u00adno je ju\u00ad\u010de na okru\u00adglom sto\u00adlu, pod na\u00adzi\u00advom \u201eOpre\u00adzno sa pro\u00adsto\u00adrom\u201c, ko\u00adji su u ho\u00adte\u00adlu \u201eOtrant\u201c or\u00adga\u00adni\u00adzo\u00adva\u00adli NVO \u201eMo\u00adgul\u201c i \u201eGrin ho\u00adum\u201c. NVO sek\u00adtor i eko\u00adlo\u00ad\u0161ke or\u00adga\u00adni\u00adza\u00adci\u00adje uglav\u00adnom su se ba\u00advi\u00adle po\u00adten\u00adci\u00adjal\u00adnim opa\u00adsno\u00adsti\u00adma po eko\u00adlo\u00adgi\u00adju iz\u00adra\u00adziv\u00ad\u0161i uvje\u00adre\u00adnje da se pro\u00adsto\u00adri po\u00adput \u0160a\u00adskog je\u00adze\u00adra, Ve\u00adli\u00adke pla\u00ad\u017ee, Bo\u00adro\u00adve \u0161u\u00adme i Val\u00adda\u00adno\u00adsa mo\u00adra\u00adju za\u00ad\u0161ti\u00adti\u00adti od ne\u00adga\u00adtiv\u00adnih po\u00adslje\u00addi\u00adca, ko\u00adje bi mo\u00adgle da na\u00adstu\u00adpe uko\u00adli\u00adko se ne uzmu u ob\u00adzir re\u00adal\u00adne opa\u00adsno\u00adsti ko\u00adje pri\u00adje\u00adte zbog ne\u00adpri\u00adhva\u00adtlji\u00advih rje\u00ad\u0161e\u00adnja, be\u00adto\u00adni\u00adra\u00adnja i op\u00adte\u00adre\u00ad\u0107e\u00adno\u00adsti pro\u00adsto\u00adra gra\u00ad\u0111e\u00advin\u00adskom va\u00adlo\u00adri\u00adza\u00adci\u00adjom. Or\u00adga\u00adni\u00adza\u00ado\u00adri okru\u00adglog sto\u00adla bi\u00adli su jed\u00adno\u00adgla\u00adsni u kon\u00adsta\u00adta\u00adci\u00adji da se ne bo\u00adre za ap\u00adso\u00adlut\u00adnu za\u00ad\u0161ti\u00adtu pro\u00adsto\u00adra ve\u0107 da su pro\u00adtiv ap\u00adso\u00adlut\u00adne de\u00adva\u00adsta\u00adci\u00adje. Oni su po\u00adzva\u00adli ob\u00adra\u00ad\u0111i\u00adva\u00ad\u010de pla\u00adna da iz\u00admje\u00adne po\u00adnu\u00ad\u0111e\u00adna rje\u00ad\u0161e\u00adnja na naj\u00advri\u00adjed\u00adni\u00adjim lo\u00adka\u00adli\u00adte\u00adti\u00adma naj\u00adju\u00ad\u017eni\u00adje op\u00ad\u0161ti\u00adne, a lo\u00adkal\u00adnu vlast da za\u00adu\u00adzme ja\u00adsan stav i ini\u00adci\u00adra skup\u00ad\u0161tin\u00adsku ras\u00adpra\u00advu o na\u00adcr\u00adtu PUP-a.<\/span><\/p>\n<p><span class=\"tekstcijeli\"><a href=\"http:\/\/www.visit-ulcinj.com\/blog\/wp-content\/uploads\/2014\/09\/dzelal-hodzic.jpg\"><img loading=\"lazy\" class=\"alignleft wp-image-85159\" src=\"http:\/\/www.visit-ulcinj.com\/blog\/wp-content\/uploads\/2014\/09\/dzelal-hodzic.jpg\" alt=\"dzelal-hodzic\" width=\"508\" height=\"381\" srcset=\"https:\/\/www.visit-ulcinj.com\/blog\/wp-content\/uploads\/2014\/09\/dzelal-hodzic.jpg 960w, https:\/\/www.visit-ulcinj.com\/blog\/wp-content\/uploads\/2014\/09\/dzelal-hodzic-300x225.jpg 300w\" sizes=\"(max-width: 508px) 100vw, 508px\" \/><\/a><br \/>\n\u2013 Ve\u00adli\u00adka pla\u00ad\u017ea, \u0160a\u00adsko Je\u00adze\u00adro, Bo\u00adja\u00adna, Val\u00adda\u00adnos su na\u00ad\u0161i naj\u00advri\u00adjed\u00adni\u00adji po\u00adten\u00adci\u00adja\u00adli.To je ve\u00adli\u00adko bla\u00adgo i na\u0161 osnov za raz\u00advoj ali ne bi\u00adlo ka\u00adkav, ve\u0107 onaj za\u00adsno\u00advan na odr\u00ad\u017ei\u00advom ni\u00advou, uz mak\u00adsi\u00admal\u00adno uva\u00ad\u017ea\u00adva\u00adnje za\u00ad\u0161ti\u00adte i o\u010du\u00adva\u00adnja pro\u00adsto\u00adra. Na\u00adma tre\u00adba odr\u00ad\u017eiv tu\u00adri\u00adzam i ze\u00adle\u00adna eko\u00adno\u00admi\u00adja, a ne rje\u00ad\u0161e\u00adnja ko\u00adja \u0107e ugro\u00adzi\u00adti ove pri\u00adrod\u00adne bi\u00adse\u00adre. Bi\u00adlo ka\u00adkva iz\u00adgrad\u00adnja golf te\u00adre\u00adna u Bri\u00adskoj Go\u00adri, na ob\u00adron\u00adci\u00adma \u0161a\u00adskog Je\u00adze\u00adra i Ve\u00adli\u00adkoj pla\u00ad\u017ei traj\u00adno \u0107e ugro\u00adzi\u00adti bi\u00ado\u00addo\u00adve\u00adzi\u00adtet. Mi mo\u00adra\u00admo sa\u00ad\u010du\u00adva\u00adti ove pro\u00adsto\u00adre i ogra\u00adni\u00ad\u010di\u00adti broj ka\u00adpa\u00adci\u00adte\u00adta.Tre\u00adba ne\u00ad\u0161to da osta\u00advi\u00admo i bu\u00addu\u00ad\u0107im ge\u00adne\u00adra\u00adci\u00adja\u00adma, a ne da na\u00adpa\u00adda\u00admo pro\u00adstor do zad\u00adnjeg kva\u00addra\u00adta &#8211; re\u00adkao je, iz\u00adme\u00ad\u0111u osta\u00adlog, iz\u00advr\u00ad\u0161ni di\u00adrek\u00adtor NVO \u201eZe\u00adle\u00adni ko\u00adrak\u201c D\u017ee\u00adljal Ho\u00add\u017ei\u0107. <\/span><\/p>\n<p><span class=\"tekstcijeli\"><a href=\"http:\/\/www.visit-ulcinj.com\/blog\/wp-content\/uploads\/2014\/09\/Dritan-Abazovic-PUP-Ulcinj.jpg\"><img loading=\"lazy\" class=\"alignleft wp-image-85155\" src=\"http:\/\/www.visit-ulcinj.com\/blog\/wp-content\/uploads\/2014\/09\/Dritan-Abazovic-PUP-Ulcinj.jpg\" alt=\"Dritan-Abazovic-PUP-Ulcinj\" width=\"508\" height=\"381\" srcset=\"https:\/\/www.visit-ulcinj.com\/blog\/wp-content\/uploads\/2014\/09\/Dritan-Abazovic-PUP-Ulcinj.jpg 960w, https:\/\/www.visit-ulcinj.com\/blog\/wp-content\/uploads\/2014\/09\/Dritan-Abazovic-PUP-Ulcinj-300x225.jpg 300w\" sizes=\"(max-width: 508px) 100vw, 508px\" \/><\/a><br \/>\nPo\u00adsla\u00adnik Po\u00adzi\u00adtiv\u00adne Dri\u00adtan Aba\u00adzo\u00advi\u0107 ka\u00adzao je da od\u00adlu\u00adke o rje\u00ad\u0161e\u00adnj\u00adi\u00adma u PUP-u \u201edo\u00adno\u00adsi gra\u00ad\u0111e\u00advin\u00adska ma\u00adfi\u00adja\u201d i da se to ja\u00adsno mo\u00ad\u017ee vi\u00addje\u00adti ka\u00adda se po\u00adgle\u00adda\u00adju rje\u00ad\u0161e\u00adnja ko\u00adja se nu\u00adde u pla\u00adnu.<br \/>\n\u2013 Po\u00adgle\u00addaj\u00adte sa\u00admo lo\u00adka\u00adli\u00adtet Bo\u00adro\u00adve \u0161u\u00adme gdje su se zo\u00adne grad\u00adnje pla\u00adni\u00adra\u00adle u in\u00adte\u00adre\u00adsu mo\u0107\u00adnih fir\u00admi i po\u00adje\u00addi\u00adna\u00adca. Zo\u00adna grad\u00adnje je upra\u00advo ta\u00admo gdje je nji\u00adho\u00adva imo\u00advi\u00adna &#8211; na\u00adgla\u00adsio je Aba\u00adzo\u00advi\u0107 i pod\u00adsje\u00adtio da je Mi\u00adni\u00adstar\u00adstvo tu\u00adri\u00adzma i odr\u00ad\u017ei\u00advog raz\u00advo\u00adja jav\u00adnu ras\u00adpra\u00advu or\u00adga\u00adni\u00adzo\u00adva\u00adlo u sred tu\u00adri\u00adsti\u010d\u00adke se\u00adzo\u00adne ka\u00adda su, ka\u00adko je ka\u00adzao , gra\u00ad\u0111a\u00adni za\u00adu\u00adze\u00adti dru\u00adgim oba\u00adve\u00adza\u00adma. On je na\u00adgla\u00adsio da sa\u00admo Op\u00ad\u0161ti\u00adna Ul\u00adcinj, od svih op\u00ad\u0161ti\u00adna, ne\u00ad\u0107e ima\u00adti pra\u00advo da u Skup\u00ad\u0161ti\u00adni usvo\u00adji PUP, ve\u0107 \u0107e to u\u010di\u00adni\u00adti Vla\u00adda.<br \/>\n&#8211; To je ne\u00adpo\u00ad\u0161tva\u00adnje i ga\u00ad\u017ee\u00adnje vo\u00adlje na\u00adro\u00adda ko\u00adji ov\u00addje \u017ei\u00advi. Mi\u00adni\u00adstar\u00adstvo tu\u00adri\u00adzma, od\u00adno\u00adsno mi\u00adni\u00adstar Gvo\u00adzde\u00adno\u00advi\u0107 li\u010d\u00adno je gro\u00adbar ul\u00adcinj\u00adskog tu\u00adri\u00adzma i na\u00addam se da \u0107e jed\u00adnog da\u00adna od\u00adgo\u00adva\u00adra\u00adti za ono \u0161to je ra\u00addio. Na\u00admje\u00adra da se u po\u00adstup\u00adku usva\u00adja\u00adnja ovog pla\u00adna pre\u00adsko\u00ad\u010di lo\u00adkal\u00adni par\u00adla\u00adment ne\u00ad\u0107e bi\u00adti mo\u00adgu\u00ad\u0107a. Ako nas pre\u00adsko\u00ad\u010di\u00adte ili ako se on usvo\u00adji ova\u00adkav ka\u00adkav je, bez na\u00ad\u0161ih prim\u00adjdbi, znaj\u00adte da se ne ra\u00addi o ne\u00adkoj po\u00adli\u00adti\u010d\u00adkoj vo\u00adlji, ve\u0107 is\u00adklju\u00ad\u010di\u00advo o ko\u00adru\u00adci\u00adji &#8211; po\u00adru\u00ad\u010dio je Aba\u00adzo\u00advi\u0107. <\/span><\/p>\n<p><span class=\"tekstcijeli\"><a href=\"http:\/\/www.visit-ulcinj.com\/blog\/wp-content\/uploads\/2014\/09\/genci-nimanbegu.jpg\"><img loading=\"lazy\" class=\"alignleft wp-image-85158\" src=\"http:\/\/www.visit-ulcinj.com\/blog\/wp-content\/uploads\/2014\/09\/genci-nimanbegu.jpg\" alt=\"genci-nimanbegu\" width=\"508\" height=\"381\" srcset=\"https:\/\/www.visit-ulcinj.com\/blog\/wp-content\/uploads\/2014\/09\/genci-nimanbegu.jpg 960w, https:\/\/www.visit-ulcinj.com\/blog\/wp-content\/uploads\/2014\/09\/genci-nimanbegu-300x225.jpg 300w\" sizes=\"(max-width: 508px) 100vw, 508px\" \/><\/a><br \/>\nPo\u00adsla\u00adnik For\u00adce Genc Ni\u00adman\u00adbe\u00adgu re\u00adkao je da su vi\u00ad\u0161e\u00adgo\u00addi\u00ad\u0161nji pro\u00adble\u00admi sa mor\u00adskim do\u00adbrom i po\u00adku\u00ad\u0161a\u00adji da se Val\u00adda\u00adnos na si\u00adlu va\u00adlo\u00adri\u00adzu\u00adje stvo\u00adri\u00adli kli\u00admu ne\u00adpo\u00advje\u00adre\u00adnja iz\u00adme\u00ad\u0111u gra\u00ad\u0111a\u00adna Ul\u00adci\u00adnja i Vla\u00adde.<br \/>\n\u2013Mi jed\u00adni dru\u00adgim ne vje\u00adru\u00adje\u00admo i to tra\u00adje go\u00addi\u00adna\u00adma i jaz je sve ve\u00ad\u0107i. To po\u00adtvr\u00ad\u0111u\u00adje i ovaj plan jer Vla\u00adda i re\u00adsor\u00adno mi\u00adni\u00adstar\u00adstvo mi\u00adsle da bo\u00adlje od nas sa\u00admih zna\u00adju \u0161ta je do\u00adbro za nas. Oni upor\u00adno pla\u00adni\u00adra\u00adju i nu\u00adde ono \u0161to mi ne \u017ee\u00adli\u00admo. Mi ne \u017ee\u00adli\u00admo da se gra\u00addi u Val\u00adda\u00adno\u00adsu ali oni kroz ova\u00adkve pla\u00adno\u00adve ig\u00adno\u00adri\u00ad\u0161u na\u00ad\u0161e sta\u00advo\u00adve. Ako nas i sa\u00adda bu\u00addu ig\u00adno\u00adri\u00adsa\u00adli to \u0107e stvo\u00adri\u00adti raz\u00addor ko\u00adji vi\u00ad\u0161e ne\u00ad\u0107e bi\u00adti mo\u00adgu\u00ad\u0107e po\u00adpra\u00advi\u00adti &#8211; ka\u00adzao je Ni\u00adman\u00adbe\u00adgu.<br \/>\nGrad\u00adnji u Val\u00adda\u00adno\u00adsu us\u00adpro\u00adti\u00advio se iz\u00advr\u00ad\u0161ni di\u00adrek\u00adtor Mo\u00adgu\u00adla D\u017ee\u00admal Pe\u00adro\u00advi\u0107 ko\u00adji je pod\u00adsje\u00adtio da je taj pro\u00adstor, od mi\u00adli\u00adon kav\u00addra\u00adta, za\u00ad\u0161ti\u00ad\u0107en za\u00adko\u00adni\u00adma ko\u00adje ne\u00adko na\u00admjer\u00adno ig\u00adno\u00adri\u00ad\u0161e.<br \/>\n&#8211; Ako za\u00adkon \u0161ti\u00adti sta\u00adru ma\u00adsli\u00adnu u Ba\u00adru, za\u00ad\u0161to da ne \u0161ti\u00adti i ma\u00adsli\u00adne u Val\u00adda\u00adno\u00adsu. Ta\u00admo ima sta\u00adba\u00adla sta\u00adrih po dvi\u00adje hi\u00adlja\u00adde go\u00addi\u00adna, a pro\u00adsje\u010d\u00adna sta\u00adrost je 800 go\u00addi\u00adna. Zar sa\u00admo to ni\u00adje do\u00advolj\u00adno da se ovaj pro\u00adstor traj\u00adno sa\u00ad\u010du\u00adva.To je na Me\u00addi\u00adte\u00adra\u00adnu naj\u00adsta\u00adri\u00adja ma\u00adsli\u00adna\u00adda, a evo ka\u00adko se vlast od\u00adno\u00adsi pre\u00adma to\u00adme. Zbog to\u00adga su se gra\u00ad\u0111a\u00adni or\u00adga\u00adni\u00adzo\u00adva\u00adli i sta\u00adli u do\u00adbra\u00adnu do\u00adsto\u00adjan\u00adstva i imo\u00advi\u00adne ko\u00adju ta\u00admo po\u00adtra\u00ad\u017eu\u00adju biv\u00ad\u0161i vla\u00adsni\u00adci. Mi ne \u017ee\u00adli\u00admo da se ta\u00admo bi\u00adlo \u0161ta gra\u00addi i ob\u00adra\u00ad\u0111i\u00adva\u00ad\u010di PUP-a mo\u00adra\u00adju uze\u00adti u ob\u00adzir \u0161ta gra\u00ad\u0111a\u00adni mi\u00adsle, a oni su do sa\u00adda vi\u00ad\u0161e pu\u00adta po\u00adka\u00adza\u00adli da ho\u00ad\u0107e da se sa\u00ad\u010du\u00adva taj pro\u00adstor &#8211; is\u00adta\u00adkao je Pe\u00adro\u00advi\u0107.<br \/>\nIna\u00ad\u010de PUP-om je Val\u00adda\u00adno\u00adsu pred\u00advi\u00ad\u0111e\u00adna grad\u00adnja 456 smje\u00ad\u0161taj\u00adnih je\u00addi\u00adni\u00adca ili oko 900 le\u00ad\u017ea\u00adje\u00adva na br\u00addu Men\u00addra. U\u010de\u00adsni\u00adci sku\u00adpa kri\u00adti\u00adko\u00adva\u00adli su plan da se u Ul\u00adci\u00adnju gra\u00adde dva golf te\u00adre\u00adna i \u010de\u00adti\u00adri ma\u00adri\u00adne, kao i da se na lo\u00adkla\u00adci\u00adja\u00adma po\u00adput \u0160a\u00adsa pla\u00adni\u00adra\u00adju vi\u00ad\u0161e\u00adsprat\u00adni\u00adce. Na kra\u00adju ofi\u00adci\u00adjel\u00adnog di\u00adje\u00adla do\u00adgo\u00advo\u00adre\u00adno je da se \u0161to pri\u00adje de\u00adfi\u00adni\u00ad\u0161u za\u00adklju\u010d\u00adci i pre\u00adpo\u00adru\u00adke ko\u00adje \u0107e bi\u00adti pi\u00adsme\u00adno do\u00adsta\u00advlje\u00adne ob\u00adra\u00ad\u0111i\u00adva\u00ad\u010di\u00adma PUP-a.M.KNE\u00ad\u017dE\u00adVI\u0106<\/p>\n<p><a href=\"http:\/\/www.visit-ulcinj.com\/blog\/wp-content\/uploads\/2014\/09\/Fatmir-Gjeka-1.jpg\"><img loading=\"lazy\" class=\"alignleft wp-image-85157\" src=\"http:\/\/www.visit-ulcinj.com\/blog\/wp-content\/uploads\/2014\/09\/Fatmir-Gjeka-1.jpg\" alt=\"Fatmir-Gjeka-1\" width=\"508\" height=\"381\" srcset=\"https:\/\/www.visit-ulcinj.com\/blog\/wp-content\/uploads\/2014\/09\/Fatmir-Gjeka-1.jpg 960w, https:\/\/www.visit-ulcinj.com\/blog\/wp-content\/uploads\/2014\/09\/Fatmir-Gjeka-1-300x225.jpg 300w\" sizes=\"(max-width: 508px) 100vw, 508px\" \/><\/a><br \/>\n<strong> \u0110e\u00adka: Da se uklju\u00ad\u010de gra\u00ad\u0111a\u00adni\u00a0 i stru\u010d\u00adnja\u00adci<\/strong><\/p>\n<p>Pred\u00adsjed\u00adnik Op\u00ad\u0161ti\u00adne Ul\u00adcinj Fat\u00admir \u0110e\u00adka ka\u00adzao je da je pla\u00adni\u00adra\u00adnje pro\u00adsto\u00adra od kru\u00adci\u00adjal\u00adne va\u00ad\u017eno\u00adsti za op\u00ad\u0161ti\u00adnu i da je neo\u00adp\u00adhod\u00adno da se tom pi\u00adta\u00adnju po\u00adsve\u00adti po\u00adseb\u00adna pa\u00ad\u017enja uz u\u010de\u00ad\u0161\u0107e \u0161to ve\u00ad\u0107eg bro\u00adja gra\u00ad\u0111a\u00adna i stru\u010d\u00adnja\u00adka.<br \/>\n&#8211; Si\u00adgur\u00adno je da se to\u00adkom jav\u00adne ras\u00adpra\u00adve ko\u00adja tra\u00adje do 17. sep\u00adtem\u00adbra ne mo\u00adgu uze\u00adti u ob\u00adzir sva mi\u00ad\u0161lje\u00adnja su\u00adge\u00adsti\u00adje i primjed\u00adbe ali va\u00ad\u017eno je da ih bu\u00adde u \u0161to ve\u00ad\u0107em bro\u00adju. \u0160to vi\u00ad\u0161e ak\u00adte\u00adra bu\u00adde u\u010de\u00adstvo\u00adva\u00adlo u pri\u00adpre\u00admi ko\u00adna\u010d\u00adne ver\u00adzi\u00adje taj plan \u0107e bi\u00adti bo\u00adlji &#8211; ka\u00adzao je \u0110e\u00adka.<\/p>\n<p><a href=\"http:\/\/www.visit-ulcinj.com\/blog\/wp-content\/uploads\/2014\/09\/Fatmir-Gjeka.jpg\"><img loading=\"lazy\" class=\"alignleft wp-image-85156\" src=\"http:\/\/www.visit-ulcinj.com\/blog\/wp-content\/uploads\/2014\/09\/Fatmir-Gjeka.jpg\" alt=\"Fatmir-Gjeka\" width=\"508\" height=\"381\" srcset=\"https:\/\/www.visit-ulcinj.com\/blog\/wp-content\/uploads\/2014\/09\/Fatmir-Gjeka.jpg 960w, https:\/\/www.visit-ulcinj.com\/blog\/wp-content\/uploads\/2014\/09\/Fatmir-Gjeka-300x225.jpg 300w\" sizes=\"(max-width: 508px) 100vw, 508px\" \/><\/a><br \/>\n<strong>Ne\u00admo\u00adgu\u00ad\u0107e usli\u00ad\u0161iti sve \u017ee\u00adlje<\/strong><\/p>\n<p>Pred\u00adstav\u00adni\u00adci Mi\u00adni\u00adstar\u00adstva tu\u00adri\u00adzma i ob\u00adra\u00ad\u0111i\u00adva\u00ad\u010di ko\u00adji su pri\u00adsu\u00adstvo\u00adva\u00adli okru\u00adglom sto\u00adlu u vi\u00ad\u0161e na\u00advra\u00adta su is\u00adti\u00adca\u00adli da je plan u fa\u00adzi na\u00adcr\u00adta i da \u0107e se mak\u00adsi\u00admla\u00adno uva\u00ad\u017ei\u00adti pri\u00admjed\u00adbe i sus\u00adge\u00adsti\u00adje gra\u00ad\u0111a\u00adna i ci\u00advil\u00adnog sek\u00adto\u00adra. Na to je pr\u00advi uka\u00adzao predstvnik Mi\u00adni\u00adstar\u00adstav tu\u00adri\u00adzma Ni\u00adko\u00adla Pe\u00adtro\u00advi\u0107, ko\u00adji je ka\u00adzao da \u0107e se PUP usvo\u00adji\u00adti is\u00adklju\u00ad\u010di\u00advo uz sa\u00adgla\u00adsnost lo\u00adkla\u00adne upra\u00adve.<br \/>\n\u2013 Sve \u0107e bi\u00adti tran\u00adspa\u00adret\u00adno ka\u00adko bi svi na\u00ad\u0161li mo\u00adgu\u0107\u00adnost da kroz ovaj plan\u00adski do\u00admu\u00adment iz\u00adra\u00adze svo\u00adju \u017ee\u00adlju. Mi\u00adslim da svi te\u00ad\u017ei\u00admo da na kra\u00adju do\u00adbi\u00adje\u00admo do\u00adku\u00adment ko\u00adji \u0107e bi\u00adti usvo\u00adjen na op\u00ad\u0161te za\u00addo\u00advolj\u00adstvo. Na \u017ea\u00adlost ne\u00ad\u0107e se svi\u00adma iza\u00ad\u0107i u su\u00adsret i to je sud\u00adbi\u00adna sva\u00adkog pla\u00adna ali u sva\u00adkom slu\u00ad\u010da\u00adju ovo\u00adli\u00adko sa\u00adstan\u00adka i raz\u00adgo\u00advo\u00adra uka\u00adzu\u00adju da po\u00adsto\u00adji do\u00adbra vo\u00adlja i na\u00admje\u00adra da se sve pre\u00adi\u00adspi\u00adta i sva\u00adko sa\u00adslu\u00ad\u0161a &#8211; re\u00adkao je Pe\u00adtro\u00advi\u0107. <\/span><\/p>\n<p><strong>Izvor: DAN<\/strong><\/p>\n","protected":false},"excerpt":{"rendered":"<p>Pred\u00adlo\u00ad\u017ee\u00adna rje\u00ad\u0161e\u00adnja Na\u00adcr\u00adta Pro\u00adstor\u00adno ur\u00adba\u00adni\u00adsti\u010d\u00adkog pla\u00adna Op\u00ad\u0161ti\u00adne Ul\u00adcinj do 2020. go\u00addi\u00adne ni\u00adsu u skla\u00addu sa in\u00adte\u00adre\u00adsi\u00adma Ul\u00adci\u00adnja\u00adna i u su\u00adprot\u00adno\u00adsti su osnov\u00adnim po\u00adstu\u00adla\u00adti\u00adma za\u00ad\u0161ti\u00adte \u017ei\u00advot\u00adne sre\u00addi\u00adne i bi\u00ado\u00addi\u00adver\u00adzi\u00adte\u00adta, ocje\u00adnje\u00adno je ju\u00ad\u010de na okru\u00adglom sto\u00adlu, pod na\u00adzi\u00advom \u201eOpre\u00adzno sa pro\u00adsto\u00adrom\u201c, ko\u00adji su u ho\u00adte\u00adlu \u201eOtrant\u201c or\u00adga\u00adni\u00adzo\u00adva\u00adli NVO \u201eMo\u00adgul\u201c i \u201eGrin ho\u00adum\u201c. NVO sek\u00adtor i eko\u00adlo\u00ad\u0161ke or\u00adga\u00adni\u00adza\u00adci\u00adje [&hellip;]<\/p>\n","protected":false},"author":1,"featured_media":0,"comment_status":"closed","ping_status":"closed","sticky":false,"template":"","format":"standard","meta":{"spay_email":"","jetpack_publicize_message":"","jetpack_is_tweetstorm":false,"jetpack_publicize_feature_enabled":true},"categories":[8337],"tags":[],"jetpack_publicize_connections":[],"yoast_head":"<!-- This site is optimized with the Yoast SEO plugin v19.1 - https:\/\/yoast.com\/wordpress\/plugins\/seo\/ -->\n<title>Abazovi\u0107: Odluke o rje\u0161enjima u PUP-u \u201edonosi gra\u0111evinska mafija\u201d - Lajme nga Ulqini<\/title>\n<meta name=\"description\" content=\"Pred\u00adlo\u00ad\u017ee\u00adna rje\u00ad\u0161e\u00adnja Na\u00adcr\u00adta Pro\u00adstor\u00adno ur\u00adba\u00adni\u00adsti\u010d\u00adkog pla\u00adna Op\u00ad\u0161ti\u00adne Ul\u00adcinj do 2020. go\u00addi\u00adne ni\u00adsu u skla\u00addu sa in\u00adte\u00adre\u00adsi\u00adma Ul\u00adci\u00adnja\u00adna\" \/>\n<meta name=\"robots\" content=\"index, follow, max-snippet:-1, max-image-preview:large, max-video-preview:-1\" \/>\n<link rel=\"canonical\" href=\"https:\/\/www.visit-ulcinj.com\/blog\/2014\/09\/13\/abazovic-odluke-o-rjesenjima-u-pup-u-donosi-gradevinska-mafija\/\" \/>\n<meta property=\"og:locale\" content=\"en_US\" \/>\n<meta property=\"og:type\" content=\"article\" \/>\n<meta property=\"og:title\" content=\"Abazovi\u0107: Odluke o rje\u0161enjima u PUP-u \u201edonosi gra\u0111evinska mafija\u201d - Lajme nga Ulqini\" \/>\n<meta property=\"og:description\" content=\"Pred\u00adlo\u00ad\u017ee\u00adna rje\u00ad\u0161e\u00adnja Na\u00adcr\u00adta Pro\u00adstor\u00adno ur\u00adba\u00adni\u00adsti\u010d\u00adkog pla\u00adna Op\u00ad\u0161ti\u00adne Ul\u00adcinj do 2020. go\u00addi\u00adne ni\u00adsu u skla\u00addu sa in\u00adte\u00adre\u00adsi\u00adma Ul\u00adci\u00adnja\u00adna\" \/>\n<meta property=\"og:url\" content=\"https:\/\/www.visit-ulcinj.com\/blog\/2014\/09\/13\/abazovic-odluke-o-rjesenjima-u-pup-u-donosi-gradevinska-mafija\/\" \/>\n<meta property=\"og:site_name\" content=\"Lajme nga Ulqini\" \/>\n<meta property=\"article:published_time\" content=\"2014-09-13T05:19:00+00:00\" \/>\n<meta property=\"og:image\" content=\"http:\/\/www.visit-ulcinj.com\/blog\/wp-content\/uploads\/2014\/09\/xhemal-perovic.jpg\" \/>\n<meta name=\"twitter:label1\" content=\"Written by\" \/>\n\t<meta name=\"twitter:data1\" content=\"ulqini\" \/>\n\t<meta name=\"twitter:label2\" content=\"Est. reading time\" \/>\n\t<meta name=\"twitter:data2\" content=\"11 minutes\" \/>\n<script type=\"application\/ld+json\" class=\"yoast-schema-graph\">{\"@context\":\"https:\/\/schema.org\",\"@graph\":[{\"@type\":\"WebSite\",\"@id\":\"https:\/\/www.visit-ulcinj.com\/blog\/#website\",\"url\":\"https:\/\/www.visit-ulcinj.com\/blog\/\",\"name\":\"Lajme nga Ulqini\",\"description\":\"Lajme,Vijesti,Ulqini,Ulqin,Crna Gora,Mali i Zi\",\"potentialAction\":[{\"@type\":\"SearchAction\",\"target\":{\"@type\":\"EntryPoint\",\"urlTemplate\":\"https:\/\/www.visit-ulcinj.com\/blog\/?s={search_term_string}\"},\"query-input\":\"required name=search_term_string\"}],\"inLanguage\":\"en-US\"},{\"@type\":\"ImageObject\",\"inLanguage\":\"en-US\",\"@id\":\"https:\/\/www.visit-ulcinj.com\/blog\/2014\/09\/13\/abazovic-odluke-o-rjesenjima-u-pup-u-donosi-gradevinska-mafija\/#primaryimage\",\"url\":\"https:\/\/www.visit-ulcinj.com\/blog\/wp-content\/uploads\/2014\/09\/xhemal-perovic.jpg\",\"contentUrl\":\"https:\/\/www.visit-ulcinj.com\/blog\/wp-content\/uploads\/2014\/09\/xhemal-perovic.jpg\",\"width\":960,\"height\":720},{\"@type\":\"WebPage\",\"@id\":\"https:\/\/www.visit-ulcinj.com\/blog\/2014\/09\/13\/abazovic-odluke-o-rjesenjima-u-pup-u-donosi-gradevinska-mafija\/#webpage\",\"url\":\"https:\/\/www.visit-ulcinj.com\/blog\/2014\/09\/13\/abazovic-odluke-o-rjesenjima-u-pup-u-donosi-gradevinska-mafija\/\",\"name\":\"Abazovi\u0107: Odluke o rje\u0161enjima u PUP-u \u201edonosi gra\u0111evinska mafija\u201d - Lajme nga Ulqini\",\"isPartOf\":{\"@id\":\"https:\/\/www.visit-ulcinj.com\/blog\/#website\"},\"primaryImageOfPage\":{\"@id\":\"https:\/\/www.visit-ulcinj.com\/blog\/2014\/09\/13\/abazovic-odluke-o-rjesenjima-u-pup-u-donosi-gradevinska-mafija\/#primaryimage\"},\"datePublished\":\"2014-09-13T05:19:00+00:00\",\"dateModified\":\"2014-09-13T05:19:00+00:00\",\"author\":{\"@id\":\"https:\/\/www.visit-ulcinj.com\/blog\/#\/schema\/person\/dcab619c614d3038751c63bc2aadc06d\"},\"description\":\"Pred\u00adlo\u00ad\u017ee\u00adna rje\u00ad\u0161e\u00adnja Na\u00adcr\u00adta Pro\u00adstor\u00adno ur\u00adba\u00adni\u00adsti\u010d\u00adkog pla\u00adna Op\u00ad\u0161ti\u00adne Ul\u00adcinj do 2020. go\u00addi\u00adne ni\u00adsu u skla\u00addu sa in\u00adte\u00adre\u00adsi\u00adma Ul\u00adci\u00adnja\u00adna\",\"breadcrumb\":{\"@id\":\"https:\/\/www.visit-ulcinj.com\/blog\/2014\/09\/13\/abazovic-odluke-o-rjesenjima-u-pup-u-donosi-gradevinska-mafija\/#breadcrumb\"},\"inLanguage\":\"en-US\",\"potentialAction\":[{\"@type\":\"ReadAction\",\"target\":[\"https:\/\/www.visit-ulcinj.com\/blog\/2014\/09\/13\/abazovic-odluke-o-rjesenjima-u-pup-u-donosi-gradevinska-mafija\/\"]}]},{\"@type\":\"BreadcrumbList\",\"@id\":\"https:\/\/www.visit-ulcinj.com\/blog\/2014\/09\/13\/abazovic-odluke-o-rjesenjima-u-pup-u-donosi-gradevinska-mafija\/#breadcrumb\",\"itemListElement\":[{\"@type\":\"ListItem\",\"position\":1,\"name\":\"Abazovi\u0107: Odluke o rje\u0161enjima u PUP-u \u201edonosi gra\u0111evinska mafija\u201d\"}]},{\"@type\":\"Person\",\"@id\":\"https:\/\/www.visit-ulcinj.com\/blog\/#\/schema\/person\/dcab619c614d3038751c63bc2aadc06d\",\"name\":\"ulqini\",\"sameAs\":[\"http:\/\/www.visit-ulcinj.com\"],\"url\":\"https:\/\/www.visit-ulcinj.com\/blog\/author\/admin\/\"}]}<\/script>\n<!-- \/ Yoast SEO plugin. -->","yoast_head_json":{"title":"Abazovi\u0107: Odluke o rje\u0161enjima u PUP-u \u201edonosi gra\u0111evinska mafija\u201d - Lajme nga Ulqini","description":"Pred\u00adlo\u00ad\u017ee\u00adna rje\u00ad\u0161e\u00adnja Na\u00adcr\u00adta Pro\u00adstor\u00adno ur\u00adba\u00adni\u00adsti\u010d\u00adkog pla\u00adna Op\u00ad\u0161ti\u00adne Ul\u00adcinj do 2020. go\u00addi\u00adne ni\u00adsu u skla\u00addu sa in\u00adte\u00adre\u00adsi\u00adma Ul\u00adci\u00adnja\u00adna","robots":{"index":"index","follow":"follow","max-snippet":"max-snippet:-1","max-image-preview":"max-image-preview:large","max-video-preview":"max-video-preview:-1"},"canonical":"https:\/\/www.visit-ulcinj.com\/blog\/2014\/09\/13\/abazovic-odluke-o-rjesenjima-u-pup-u-donosi-gradevinska-mafija\/","og_locale":"en_US","og_type":"article","og_title":"Abazovi\u0107: Odluke o rje\u0161enjima u PUP-u \u201edonosi gra\u0111evinska mafija\u201d - Lajme nga Ulqini","og_description":"Pred\u00adlo\u00ad\u017ee\u00adna rje\u00ad\u0161e\u00adnja Na\u00adcr\u00adta Pro\u00adstor\u00adno ur\u00adba\u00adni\u00adsti\u010d\u00adkog pla\u00adna Op\u00ad\u0161ti\u00adne Ul\u00adcinj do 2020. go\u00addi\u00adne ni\u00adsu u skla\u00addu sa in\u00adte\u00adre\u00adsi\u00adma Ul\u00adci\u00adnja\u00adna","og_url":"https:\/\/www.visit-ulcinj.com\/blog\/2014\/09\/13\/abazovic-odluke-o-rjesenjima-u-pup-u-donosi-gradevinska-mafija\/","og_site_name":"Lajme nga Ulqini","article_published_time":"2014-09-13T05:19:00+00:00","og_image":[{"url":"http:\/\/www.visit-ulcinj.com\/blog\/wp-content\/uploads\/2014\/09\/xhemal-perovic.jpg"}],"twitter_misc":{"Written by":"ulqini","Est. reading time":"11 minutes"},"schema":{"@context":"https:\/\/schema.org","@graph":[{"@type":"WebSite","@id":"https:\/\/www.visit-ulcinj.com\/blog\/#website","url":"https:\/\/www.visit-ulcinj.com\/blog\/","name":"Lajme nga Ulqini","description":"Lajme,Vijesti,Ulqini,Ulqin,Crna Gora,Mali i Zi","potentialAction":[{"@type":"SearchAction","target":{"@type":"EntryPoint","urlTemplate":"https:\/\/www.visit-ulcinj.com\/blog\/?s={search_term_string}"},"query-input":"required name=search_term_string"}],"inLanguage":"en-US"},{"@type":"ImageObject","inLanguage":"en-US","@id":"https:\/\/www.visit-ulcinj.com\/blog\/2014\/09\/13\/abazovic-odluke-o-rjesenjima-u-pup-u-donosi-gradevinska-mafija\/#primaryimage","url":"https:\/\/www.visit-ulcinj.com\/blog\/wp-content\/uploads\/2014\/09\/xhemal-perovic.jpg","contentUrl":"https:\/\/www.visit-ulcinj.com\/blog\/wp-content\/uploads\/2014\/09\/xhemal-perovic.jpg","width":960,"height":720},{"@type":"WebPage","@id":"https:\/\/www.visit-ulcinj.com\/blog\/2014\/09\/13\/abazovic-odluke-o-rjesenjima-u-pup-u-donosi-gradevinska-mafija\/#webpage","url":"https:\/\/www.visit-ulcinj.com\/blog\/2014\/09\/13\/abazovic-odluke-o-rjesenjima-u-pup-u-donosi-gradevinska-mafija\/","name":"Abazovi\u0107: Odluke o rje\u0161enjima u PUP-u \u201edonosi gra\u0111evinska mafija\u201d - Lajme nga Ulqini","isPartOf":{"@id":"https:\/\/www.visit-ulcinj.com\/blog\/#website"},"primaryImageOfPage":{"@id":"https:\/\/www.visit-ulcinj.com\/blog\/2014\/09\/13\/abazovic-odluke-o-rjesenjima-u-pup-u-donosi-gradevinska-mafija\/#primaryimage"},"datePublished":"2014-09-13T05:19:00+00:00","dateModified":"2014-09-13T05:19:00+00:00","author":{"@id":"https:\/\/www.visit-ulcinj.com\/blog\/#\/schema\/person\/dcab619c614d3038751c63bc2aadc06d"},"description":"Pred\u00adlo\u00ad\u017ee\u00adna rje\u00ad\u0161e\u00adnja Na\u00adcr\u00adta Pro\u00adstor\u00adno ur\u00adba\u00adni\u00adsti\u010d\u00adkog pla\u00adna Op\u00ad\u0161ti\u00adne Ul\u00adcinj do 2020. go\u00addi\u00adne ni\u00adsu u skla\u00addu sa in\u00adte\u00adre\u00adsi\u00adma Ul\u00adci\u00adnja\u00adna","breadcrumb":{"@id":"https:\/\/www.visit-ulcinj.com\/blog\/2014\/09\/13\/abazovic-odluke-o-rjesenjima-u-pup-u-donosi-gradevinska-mafija\/#breadcrumb"},"inLanguage":"en-US","potentialAction":[{"@type":"ReadAction","target":["https:\/\/www.visit-ulcinj.com\/blog\/2014\/09\/13\/abazovic-odluke-o-rjesenjima-u-pup-u-donosi-gradevinska-mafija\/"]}]},{"@type":"BreadcrumbList","@id":"https:\/\/www.visit-ulcinj.com\/blog\/2014\/09\/13\/abazovic-odluke-o-rjesenjima-u-pup-u-donosi-gradevinska-mafija\/#breadcrumb","itemListElement":[{"@type":"ListItem","position":1,"name":"Abazovi\u0107: Odluke o rje\u0161enjima u PUP-u \u201edonosi gra\u0111evinska mafija\u201d"}]},{"@type":"Person","@id":"https:\/\/www.visit-ulcinj.com\/blog\/#\/schema\/person\/dcab619c614d3038751c63bc2aadc06d","name":"ulqini","sameAs":["http:\/\/www.visit-ulcinj.com"],"url":"https:\/\/www.visit-ulcinj.com\/blog\/author\/admin\/"}]}},"jetpack_featured_media_url":"","jetpack_sharing_enabled":true,"jetpack_shortlink":"https:\/\/wp.me\/pe6lTn-m9s","_links":{"self":[{"href":"https:\/\/www.visit-ulcinj.com\/blog\/wp-json\/wp\/v2\/posts\/85154"}],"collection":[{"href":"https:\/\/www.visit-ulcinj.com\/blog\/wp-json\/wp\/v2\/posts"}],"about":[{"href":"https:\/\/www.visit-ulcinj.com\/blog\/wp-json\/wp\/v2\/types\/post"}],"author":[{"embeddable":true,"href":"https:\/\/www.visit-ulcinj.com\/blog\/wp-json\/wp\/v2\/users\/1"}],"replies":[{"embeddable":true,"href":"https:\/\/www.visit-ulcinj.com\/blog\/wp-json\/wp\/v2\/comments?post=85154"}],"version-history":[{"count":1,"href":"https:\/\/www.visit-ulcinj.com\/blog\/wp-json\/wp\/v2\/posts\/85154\/revisions"}],"predecessor-version":[{"id":85161,"href":"https:\/\/www.visit-ulcinj.com\/blog\/wp-json\/wp\/v2\/posts\/85154\/revisions\/85161"}],"wp:attachment":[{"href":"https:\/\/www.visit-ulcinj.com\/blog\/wp-json\/wp\/v2\/media?parent=85154"}],"wp:term":[{"taxonomy":"category","embeddable":true,"href":"https:\/\/www.visit-ulcinj.com\/blog\/wp-json\/wp\/v2\/categories?post=85154"},{"taxonomy":"post_tag","embeddable":true,"href":"https:\/\/www.visit-ulcinj.com\/blog\/wp-json\/wp\/v2\/tags?post=85154"}],"curies":[{"name":"wp","href":"https:\/\/api.w.org\/{rel}","templated":true}]}}