{"id":85165,"date":"2014-09-13T13:59:37","date_gmt":"2014-09-13T12:59:37","guid":{"rendered":"http:\/\/www.visit-ulcinj.com\/blog\/?p=85165"},"modified":"2014-09-13T18:16:25","modified_gmt":"2014-09-13T17:16:25","slug":"pozar-u-plaznom-baru-hotela-belvi","status":"publish","type":"post","link":"https:\/\/www.visit-ulcinj.com\/blog\/2014\/09\/13\/pozar-u-plaznom-baru-hotela-belvi\/","title":{"rendered":"Po\u017ear u pla\u017enom baru hotela Belvi"},"content":{"rendered":"<div class=\"short-text\"><a href=\"http:\/\/www.visit-ulcinj.com\/blog\/wp-content\/uploads\/2014\/09\/djegja-e-barit-ne-plazhin-Belvi.jpg\"><img loading=\"lazy\" class=\"alignleft wp-image-85173\" src=\"http:\/\/www.visit-ulcinj.com\/blog\/wp-content\/uploads\/2014\/09\/djegja-e-barit-ne-plazhin-Belvi.jpg\" alt=\"djegja e barit-ne-plazhin-Belvi\" width=\"508\" height=\"381\" srcset=\"https:\/\/www.visit-ulcinj.com\/blog\/wp-content\/uploads\/2014\/09\/djegja-e-barit-ne-plazhin-Belvi.jpg 720w, https:\/\/www.visit-ulcinj.com\/blog\/wp-content\/uploads\/2014\/09\/djegja-e-barit-ne-plazhin-Belvi-300x225.jpg 300w\" sizes=\"(max-width: 508px) 100vw, 508px\" \/><\/a>U pla\u017enom baru hotela Belvi, u Ulcinju, rano jutros izbio je po\u017ear, u kome sre\u0107om nije bilo povrije\u0111enih, saop\u0161teno je iz policije.<\/div>\n<div class=\"short-text\"><a href=\"http:\/\/www.visit-ulcinj.com\/blog\/wp-content\/uploads\/2014\/09\/djegja-e-barit-ne-plazhin-Belvi-1.jpg\"><img loading=\"lazy\" class=\"alignleft wp-image-85174\" src=\"http:\/\/www.visit-ulcinj.com\/blog\/wp-content\/uploads\/2014\/09\/djegja-e-barit-ne-plazhin-Belvi-1.jpg\" alt=\"djegja e barit-ne-plazhin-Belvi-1\" width=\"508\" height=\"379\" srcset=\"https:\/\/www.visit-ulcinj.com\/blog\/wp-content\/uploads\/2014\/09\/djegja-e-barit-ne-plazhin-Belvi-1.jpg 960w, https:\/\/www.visit-ulcinj.com\/blog\/wp-content\/uploads\/2014\/09\/djegja-e-barit-ne-plazhin-Belvi-1-300x224.jpg 300w\" sizes=\"(max-width: 508px) 100vw, 508px\" \/><\/a><\/div>\n<div class=\"long-text\">\n<div class=\"body-text\">\n<p>Rano jutros oko \u010detiri sata do\u0161lo je do po\u017eara u pla\u017enom baru ovog hotela i pri\u010dinjena je ve\u0107a materijalna \u0161teta.<\/p>\n<p>Iz policije su najavili da slijedi uvi\u0111aj.<\/p>\n<p><strong>Izvor: CDM<\/strong><\/p>\n<\/div>\n<\/div>\n","protected":false},"excerpt":{"rendered":"<p>U pla\u017enom baru hotela Belvi, u Ulcinju, rano jutros izbio je po\u017ear, u kome sre\u0107om nije bilo povrije\u0111enih, saop\u0161teno je iz policije. Rano jutros oko \u010detiri sata do\u0161lo je do po\u017eara u pla\u017enom baru ovog hotela i pri\u010dinjena je ve\u0107a materijalna \u0161teta. Iz policije su najavili da slijedi uvi\u0111aj. Izvor: CDM<\/p>\n","protected":false},"author":1,"featured_media":0,"comment_status":"closed","ping_status":"closed","sticky":false,"template":"","format":"standard","meta":{"spay_email":"","jetpack_publicize_message":"","jetpack_is_tweetstorm":false,"jetpack_publicize_feature_enabled":true},"categories":[6950],"tags":[],"jetpack_publicize_connections":[],"yoast_head":"<!-- This site is optimized with the Yoast SEO plugin v19.1 - https:\/\/yoast.com\/wordpress\/plugins\/seo\/ -->\n<title>Po\u017ear u pla\u017enom baru hotela Belvi - Lajme nga Ulqini<\/title>\n<meta name=\"description\" content=\"U pla\u017enom baru hotela Belvi, u Ulcinju, rano jutros izbio je po\u017ear, u kome sre\u0107om nije bilo povrije\u0111enih, saop\u0161teno je iz policije. Rano jutros oko \u010detiri\" \/>\n<meta name=\"robots\" content=\"index, follow, max-snippet:-1, max-image-preview:large, max-video-preview:-1\" \/>\n<link rel=\"canonical\" href=\"https:\/\/www.visit-ulcinj.com\/blog\/2014\/09\/13\/pozar-u-plaznom-baru-hotela-belvi\/\" \/>\n<meta property=\"og:locale\" content=\"en_US\" \/>\n<meta property=\"og:type\" content=\"article\" \/>\n<meta property=\"og:title\" content=\"Po\u017ear u pla\u017enom baru hotela Belvi - Lajme nga Ulqini\" \/>\n<meta property=\"og:description\" content=\"U pla\u017enom baru hotela Belvi, u Ulcinju, rano jutros izbio je po\u017ear, u kome sre\u0107om nije bilo povrije\u0111enih, saop\u0161teno je iz policije. Rano jutros oko \u010detiri\" \/>\n<meta property=\"og:url\" content=\"https:\/\/www.visit-ulcinj.com\/blog\/2014\/09\/13\/pozar-u-plaznom-baru-hotela-belvi\/\" \/>\n<meta property=\"og:site_name\" content=\"Lajme nga Ulqini\" \/>\n<meta property=\"article:published_time\" content=\"2014-09-13T12:59:37+00:00\" \/>\n<meta property=\"article:modified_time\" content=\"2014-09-13T17:16:25+00:00\" \/>\n<meta property=\"og:image\" content=\"http:\/\/www.visit-ulcinj.com\/blog\/wp-content\/uploads\/2014\/09\/djegja-e-barit-ne-plazhin-Belvi.jpg\" \/>\n<meta name=\"twitter:label1\" content=\"Written by\" \/>\n\t<meta name=\"twitter:data1\" content=\"ulqini\" \/>\n<script type=\"application\/ld+json\" class=\"yoast-schema-graph\">{\"@context\":\"https:\/\/schema.org\",\"@graph\":[{\"@type\":\"WebSite\",\"@id\":\"https:\/\/www.visit-ulcinj.com\/blog\/#website\",\"url\":\"https:\/\/www.visit-ulcinj.com\/blog\/\",\"name\":\"Lajme nga Ulqini\",\"description\":\"Lajme,Vijesti,Ulqini,Ulqin,Crna Gora,Mali i Zi\",\"potentialAction\":[{\"@type\":\"SearchAction\",\"target\":{\"@type\":\"EntryPoint\",\"urlTemplate\":\"https:\/\/www.visit-ulcinj.com\/blog\/?s={search_term_string}\"},\"query-input\":\"required name=search_term_string\"}],\"inLanguage\":\"en-US\"},{\"@type\":\"ImageObject\",\"inLanguage\":\"en-US\",\"@id\":\"https:\/\/www.visit-ulcinj.com\/blog\/2014\/09\/13\/pozar-u-plaznom-baru-hotela-belvi\/#primaryimage\",\"url\":\"https:\/\/www.visit-ulcinj.com\/blog\/wp-content\/uploads\/2014\/09\/djegja-e-barit-ne-plazhin-Belvi.jpg\",\"contentUrl\":\"https:\/\/www.visit-ulcinj.com\/blog\/wp-content\/uploads\/2014\/09\/djegja-e-barit-ne-plazhin-Belvi.jpg\",\"width\":720,\"height\":540},{\"@type\":\"WebPage\",\"@id\":\"https:\/\/www.visit-ulcinj.com\/blog\/2014\/09\/13\/pozar-u-plaznom-baru-hotela-belvi\/#webpage\",\"url\":\"https:\/\/www.visit-ulcinj.com\/blog\/2014\/09\/13\/pozar-u-plaznom-baru-hotela-belvi\/\",\"name\":\"Po\u017ear u pla\u017enom baru hotela Belvi - Lajme nga Ulqini\",\"isPartOf\":{\"@id\":\"https:\/\/www.visit-ulcinj.com\/blog\/#website\"},\"primaryImageOfPage\":{\"@id\":\"https:\/\/www.visit-ulcinj.com\/blog\/2014\/09\/13\/pozar-u-plaznom-baru-hotela-belvi\/#primaryimage\"},\"datePublished\":\"2014-09-13T12:59:37+00:00\",\"dateModified\":\"2014-09-13T17:16:25+00:00\",\"author\":{\"@id\":\"https:\/\/www.visit-ulcinj.com\/blog\/#\/schema\/person\/dcab619c614d3038751c63bc2aadc06d\"},\"description\":\"U pla\u017enom baru hotela Belvi, u Ulcinju, rano jutros izbio je po\u017ear, u kome sre\u0107om nije bilo povrije\u0111enih, saop\u0161teno je iz policije. Rano jutros oko \u010detiri\",\"breadcrumb\":{\"@id\":\"https:\/\/www.visit-ulcinj.com\/blog\/2014\/09\/13\/pozar-u-plaznom-baru-hotela-belvi\/#breadcrumb\"},\"inLanguage\":\"en-US\",\"potentialAction\":[{\"@type\":\"ReadAction\",\"target\":[\"https:\/\/www.visit-ulcinj.com\/blog\/2014\/09\/13\/pozar-u-plaznom-baru-hotela-belvi\/\"]}]},{\"@type\":\"BreadcrumbList\",\"@id\":\"https:\/\/www.visit-ulcinj.com\/blog\/2014\/09\/13\/pozar-u-plaznom-baru-hotela-belvi\/#breadcrumb\",\"itemListElement\":[{\"@type\":\"ListItem\",\"position\":1,\"name\":\"Po\u017ear u pla\u017enom baru hotela Belvi\"}]},{\"@type\":\"Person\",\"@id\":\"https:\/\/www.visit-ulcinj.com\/blog\/#\/schema\/person\/dcab619c614d3038751c63bc2aadc06d\",\"name\":\"ulqini\",\"sameAs\":[\"http:\/\/www.visit-ulcinj.com\"],\"url\":\"https:\/\/www.visit-ulcinj.com\/blog\/author\/admin\/\"}]}<\/script>\n<!-- \/ Yoast SEO plugin. -->","yoast_head_json":{"title":"Po\u017ear u pla\u017enom baru hotela Belvi - Lajme nga Ulqini","description":"U pla\u017enom baru hotela Belvi, u Ulcinju, rano jutros izbio je po\u017ear, u kome sre\u0107om nije bilo povrije\u0111enih, saop\u0161teno je iz policije. Rano jutros oko \u010detiri","robots":{"index":"index","follow":"follow","max-snippet":"max-snippet:-1","max-image-preview":"max-image-preview:large","max-video-preview":"max-video-preview:-1"},"canonical":"https:\/\/www.visit-ulcinj.com\/blog\/2014\/09\/13\/pozar-u-plaznom-baru-hotela-belvi\/","og_locale":"en_US","og_type":"article","og_title":"Po\u017ear u pla\u017enom baru hotela Belvi - Lajme nga Ulqini","og_description":"U pla\u017enom baru hotela Belvi, u Ulcinju, rano jutros izbio je po\u017ear, u kome sre\u0107om nije bilo povrije\u0111enih, saop\u0161teno je iz policije. Rano jutros oko \u010detiri","og_url":"https:\/\/www.visit-ulcinj.com\/blog\/2014\/09\/13\/pozar-u-plaznom-baru-hotela-belvi\/","og_site_name":"Lajme nga Ulqini","article_published_time":"2014-09-13T12:59:37+00:00","article_modified_time":"2014-09-13T17:16:25+00:00","og_image":[{"url":"http:\/\/www.visit-ulcinj.com\/blog\/wp-content\/uploads\/2014\/09\/djegja-e-barit-ne-plazhin-Belvi.jpg"}],"twitter_misc":{"Written by":"ulqini"},"schema":{"@context":"https:\/\/schema.org","@graph":[{"@type":"WebSite","@id":"https:\/\/www.visit-ulcinj.com\/blog\/#website","url":"https:\/\/www.visit-ulcinj.com\/blog\/","name":"Lajme nga Ulqini","description":"Lajme,Vijesti,Ulqini,Ulqin,Crna Gora,Mali i Zi","potentialAction":[{"@type":"SearchAction","target":{"@type":"EntryPoint","urlTemplate":"https:\/\/www.visit-ulcinj.com\/blog\/?s={search_term_string}"},"query-input":"required name=search_term_string"}],"inLanguage":"en-US"},{"@type":"ImageObject","inLanguage":"en-US","@id":"https:\/\/www.visit-ulcinj.com\/blog\/2014\/09\/13\/pozar-u-plaznom-baru-hotela-belvi\/#primaryimage","url":"https:\/\/www.visit-ulcinj.com\/blog\/wp-content\/uploads\/2014\/09\/djegja-e-barit-ne-plazhin-Belvi.jpg","contentUrl":"https:\/\/www.visit-ulcinj.com\/blog\/wp-content\/uploads\/2014\/09\/djegja-e-barit-ne-plazhin-Belvi.jpg","width":720,"height":540},{"@type":"WebPage","@id":"https:\/\/www.visit-ulcinj.com\/blog\/2014\/09\/13\/pozar-u-plaznom-baru-hotela-belvi\/#webpage","url":"https:\/\/www.visit-ulcinj.com\/blog\/2014\/09\/13\/pozar-u-plaznom-baru-hotela-belvi\/","name":"Po\u017ear u pla\u017enom baru hotela Belvi - Lajme nga Ulqini","isPartOf":{"@id":"https:\/\/www.visit-ulcinj.com\/blog\/#website"},"primaryImageOfPage":{"@id":"https:\/\/www.visit-ulcinj.com\/blog\/2014\/09\/13\/pozar-u-plaznom-baru-hotela-belvi\/#primaryimage"},"datePublished":"2014-09-13T12:59:37+00:00","dateModified":"2014-09-13T17:16:25+00:00","author":{"@id":"https:\/\/www.visit-ulcinj.com\/blog\/#\/schema\/person\/dcab619c614d3038751c63bc2aadc06d"},"description":"U pla\u017enom baru hotela Belvi, u Ulcinju, rano jutros izbio je po\u017ear, u kome sre\u0107om nije bilo povrije\u0111enih, saop\u0161teno je iz policije. Rano jutros oko \u010detiri","breadcrumb":{"@id":"https:\/\/www.visit-ulcinj.com\/blog\/2014\/09\/13\/pozar-u-plaznom-baru-hotela-belvi\/#breadcrumb"},"inLanguage":"en-US","potentialAction":[{"@type":"ReadAction","target":["https:\/\/www.visit-ulcinj.com\/blog\/2014\/09\/13\/pozar-u-plaznom-baru-hotela-belvi\/"]}]},{"@type":"BreadcrumbList","@id":"https:\/\/www.visit-ulcinj.com\/blog\/2014\/09\/13\/pozar-u-plaznom-baru-hotela-belvi\/#breadcrumb","itemListElement":[{"@type":"ListItem","position":1,"name":"Po\u017ear u pla\u017enom baru hotela Belvi"}]},{"@type":"Person","@id":"https:\/\/www.visit-ulcinj.com\/blog\/#\/schema\/person\/dcab619c614d3038751c63bc2aadc06d","name":"ulqini","sameAs":["http:\/\/www.visit-ulcinj.com"],"url":"https:\/\/www.visit-ulcinj.com\/blog\/author\/admin\/"}]}},"jetpack_featured_media_url":"","jetpack_sharing_enabled":true,"jetpack_shortlink":"https:\/\/wp.me\/pe6lTn-m9D","_links":{"self":[{"href":"https:\/\/www.visit-ulcinj.com\/blog\/wp-json\/wp\/v2\/posts\/85165"}],"collection":[{"href":"https:\/\/www.visit-ulcinj.com\/blog\/wp-json\/wp\/v2\/posts"}],"about":[{"href":"https:\/\/www.visit-ulcinj.com\/blog\/wp-json\/wp\/v2\/types\/post"}],"author":[{"embeddable":true,"href":"https:\/\/www.visit-ulcinj.com\/blog\/wp-json\/wp\/v2\/users\/1"}],"replies":[{"embeddable":true,"href":"https:\/\/www.visit-ulcinj.com\/blog\/wp-json\/wp\/v2\/comments?post=85165"}],"version-history":[{"count":3,"href":"https:\/\/www.visit-ulcinj.com\/blog\/wp-json\/wp\/v2\/posts\/85165\/revisions"}],"predecessor-version":[{"id":85196,"href":"https:\/\/www.visit-ulcinj.com\/blog\/wp-json\/wp\/v2\/posts\/85165\/revisions\/85196"}],"wp:attachment":[{"href":"https:\/\/www.visit-ulcinj.com\/blog\/wp-json\/wp\/v2\/media?parent=85165"}],"wp:term":[{"taxonomy":"category","embeddable":true,"href":"https:\/\/www.visit-ulcinj.com\/blog\/wp-json\/wp\/v2\/categories?post=85165"},{"taxonomy":"post_tag","embeddable":true,"href":"https:\/\/www.visit-ulcinj.com\/blog\/wp-json\/wp\/v2\/tags?post=85165"}],"curies":[{"name":"wp","href":"https:\/\/api.w.org\/{rel}","templated":true}]}}