{"id":85178,"date":"2014-09-13T17:03:24","date_gmt":"2014-09-13T16:03:24","guid":{"rendered":"http:\/\/www.visit-ulcinj.com\/blog\/?p=85178"},"modified":"2014-09-13T18:39:00","modified_gmt":"2014-09-13T17:39:00","slug":"ulqini-permbytet-nga-reshjet-e-shiut-foto","status":"publish","type":"post","link":"https:\/\/www.visit-ulcinj.com\/blog\/2014\/09\/13\/ulqini-permbytet-nga-reshjet-e-shiut-foto\/","title":{"rendered":"Ulqini p\u00ebrmbytet nga reshjet e shiut + Foto"},"content":{"rendered":"<p><a href=\"http:\/\/www.visit-ulcinj.com\/blog\/wp-content\/uploads\/2014\/09\/rreshjet-e-shiut-ne-Ulqin.jpg\"><img loading=\"lazy\" class=\"alignleft wp-image-85179\" src=\"http:\/\/www.visit-ulcinj.com\/blog\/wp-content\/uploads\/2014\/09\/rreshjet-e-shiut-ne-Ulqin.jpg\" alt=\"rreshjet e shiut ne Ulqin\" width=\"508\" height=\"653\" \/><\/a><strong>Foto: Majlinda Kazmaj<\/strong><\/p>\n<p>Reshjet e shiut dhe era e fort\u00eb ka shkaktuar probleme n\u00eb rrug\u00ebt e Ulqinit. Pavar\u00ebsisht investimeve te realizuara n\u00eb Komun\u00ebn e Ulqinit edhe k\u00ebt\u00eb ver\u00eb reshjet dhe p\u00ebrmbytjet nga disa centimetra shi do te jen\u00eb t\u00eb pashmangshme.<\/p>\n<p><a href=\"http:\/\/www.visit-ulcinj.com\/blog\/wp-content\/uploads\/2014\/09\/rreshjet-e-shiut-ne-Ulqin-4.jpg\"><img loading=\"lazy\" class=\"alignleft size-full wp-image-85186\" src=\"http:\/\/www.visit-ulcinj.com\/blog\/wp-content\/uploads\/2014\/09\/rreshjet-e-shiut-ne-Ulqin-4.jpg\" alt=\"rreshjet e shiut ne Ulqin-4\" width=\"508\" height=\"620\" \/><\/a><\/p>\n<p>Pas muajve t\u00eb t\u00ebr\u00eb me that\u00ebsi, dit\u00ebve t\u00eb fundit shirat n\u00eb shumic\u00ebn e regjioneve n\u00eb Mal t\u00eb Zi nuk kan\u00eb t\u00eb ndalur.<\/p>\n<p><a href=\"http:\/\/www.visit-ulcinj.com\/blog\/wp-content\/uploads\/2014\/09\/rreshjet-e-shiut-ne-Ulqin-3.jpg\"><img loading=\"lazy\" class=\"alignleft wp-image-85184\" src=\"http:\/\/www.visit-ulcinj.com\/blog\/wp-content\/uploads\/2014\/09\/rreshjet-e-shiut-ne-Ulqin-3.jpg\" alt=\"rreshjet e shiut ne Ulqin-3\" width=\"508\" height=\"381\" srcset=\"https:\/\/www.visit-ulcinj.com\/blog\/wp-content\/uploads\/2014\/09\/rreshjet-e-shiut-ne-Ulqin-3.jpg 960w, https:\/\/www.visit-ulcinj.com\/blog\/wp-content\/uploads\/2014\/09\/rreshjet-e-shiut-ne-Ulqin-3-300x225.jpg 300w\" sizes=\"(max-width: 508px) 100vw, 508px\" \/><\/a><\/p>\n<p>Qendra dhe pjes\u00eb t\u00eb tjera t\u00eb qytetit t\u00eb Ulqinit jan\u00eb v\u00ebrshuar nga uji, sikurse Rana, tek shkolla \u201cV\u00ebllaz\u00ebrim Bashkim\u201d, rruga ku gjendet marketi Solaris, rruga q\u00eb \u00e7on n\u00eb Kodra, rruga q\u00eb \u00e7on n\u00eb plazhin e madhe tek Garazha e Becit etj, i cili po bie pa nd\u00ebrprer\u00eb prej m\u00eb shum\u00eb se 24 or\u00ebsh dhe gjendja paraqitet alarmante.<\/p>\n<p><strong>Neser, \u00a0mot kryesisht i vran\u00ebt\u00a0 dhe jo stabil<\/strong><\/p>\n<p>N\u00eb Mal t\u00eb Zi mban mot i vran\u00ebt dhe me reshje e bubullim\u00eb.<\/p>\n<p>Fryn\u00eb er\u00eb e dob\u00ebt deri mesatare e drejtimeve jugore.<\/p>\n<p>Temperatura n\u00eb or\u00ebn 14; Ulqin e Beran\u00eb 26 grad\u00eb, Tivat 25, Budv\u00eb, Bjello Pole e Rozhaj\u00eb 24, Tivar 23, H.Novi 22, Podghoric\u00eb 21, Plav\u00eb 20, Shavnik 19, Cetin\u00eb e Plluzhin\u00eb 18, Nikshiq 17 dhe n\u00eb Zhablak 14 grad\u00eb.<\/p>\n<p>P\u00ebr nes\u00ebr parashihet t\u00eb mbaj mot kryesisht i vran\u00ebt dhe me reshje e bubullim\u00eb , sidomos gjat\u00eb nat\u00ebs dhe n\u00eb or\u00ebt e para dit\u00ebs.<\/p>\n<p>Do t\u00eb fryj\u00eb er\u00eb e dob\u00ebt deri mesatare nga drejtimet jugore. Temperatura e m\u00ebngjesit , prej 9 deri n\u00eb 19, kurse m\u00eb e larta e dit\u00ebs prej 17 deri n\u00eb 25 grad\u00eb celsius.<\/p>\n\n\t\t<style type=\"text\/css\">\n\t\t\t#gallery-1 {\n\t\t\t\tmargin: auto;\n\t\t\t}\n\t\t\t#gallery-1 .gallery-item {\n\t\t\t\tfloat: left;\n\t\t\t\tmargin-top: 10px;\n\t\t\t\ttext-align: center;\n\t\t\t\twidth: 33%;\n\t\t\t}\n\t\t\t#gallery-1 img {\n\t\t\t\tborder: 2px solid #cfcfcf;\n\t\t\t}\n\t\t\t#gallery-1 .gallery-caption {\n\t\t\t\tmargin-left: 0;\n\t\t\t}\n\t\t\t\/* see gallery_shortcode() in wp-includes\/media.php *\/\n\t\t<\/style>\n\t\t<div id='gallery-1' class='gallery galleryid-85178 gallery-columns-3 gallery-size-thumbnail'><dl class='gallery-item'>\n\t\t\t<dt class='gallery-icon portrait'>\n\t\t\t\t<a href='https:\/\/www.visit-ulcinj.com\/blog\/2014\/09\/13\/ulqini-permbytet-nga-reshjet-e-shiut-foto\/rreshjet-e-shiut-ne-ulqin-1-2\/'><img width=\"150\" height=\"150\" src=\"https:\/\/www.visit-ulcinj.com\/blog\/wp-content\/uploads\/2014\/09\/rreshjet-e-shiut-ne-Ulqin-1-150x150.jpg\" class=\"attachment-thumbnail size-thumbnail\" alt=\"\" loading=\"lazy\" \/><\/a>\n\t\t\t<\/dt><\/dl><dl class='gallery-item'>\n\t\t\t<dt class='gallery-icon portrait'>\n\t\t\t\t<a href='https:\/\/www.visit-ulcinj.com\/blog\/2014\/09\/13\/ulqini-permbytet-nga-reshjet-e-shiut-foto\/rreshjet-e-shiut-ne-ulqin-2-2\/'><img width=\"150\" height=\"150\" src=\"https:\/\/www.visit-ulcinj.com\/blog\/wp-content\/uploads\/2014\/09\/rreshjet-e-shiut-ne-Ulqin-2-150x150.jpg\" class=\"attachment-thumbnail size-thumbnail\" alt=\"\" loading=\"lazy\" \/><\/a>\n\t\t\t<\/dt><\/dl><dl class='gallery-item'>\n\t\t\t<dt class='gallery-icon portrait'>\n\t\t\t\t<a href='https:\/\/www.visit-ulcinj.com\/blog\/2014\/09\/13\/ulqini-permbytet-nga-reshjet-e-shiut-foto\/rreshjet-e-shiut-ne-ulqin-6\/'><img width=\"150\" height=\"150\" src=\"https:\/\/www.visit-ulcinj.com\/blog\/wp-content\/uploads\/2014\/09\/rreshjet-e-shiut-ne-Ulqin-150x150.jpg\" class=\"attachment-thumbnail size-thumbnail\" alt=\"\" loading=\"lazy\" \/><\/a>\n\t\t\t<\/dt><\/dl><br style=\"clear: both\" \/>\n\t\t<\/div>\n\n","protected":false},"excerpt":{"rendered":"<p>Foto: Majlinda Kazmaj Reshjet e shiut dhe era e fort\u00eb ka shkaktuar probleme n\u00eb rrug\u00ebt e Ulqinit. Pavar\u00ebsisht investimeve te realizuara n\u00eb Komun\u00ebn e Ulqinit edhe k\u00ebt\u00eb ver\u00eb reshjet dhe p\u00ebrmbytjet nga disa centimetra shi do te jen\u00eb t\u00eb pashmangshme. Pas muajve t\u00eb t\u00ebr\u00eb me that\u00ebsi, dit\u00ebve t\u00eb fundit shirat n\u00eb shumic\u00ebn e regjioneve n\u00eb [&hellip;]<\/p>\n","protected":false},"author":1,"featured_media":0,"comment_status":"closed","ping_status":"closed","sticky":false,"template":"","format":"standard","meta":{"spay_email":"","jetpack_publicize_message":"","jetpack_is_tweetstorm":false,"jetpack_publicize_feature_enabled":true},"categories":[13],"tags":[],"jetpack_publicize_connections":[],"yoast_head":"<!-- This site is optimized with the Yoast SEO plugin v19.1 - https:\/\/yoast.com\/wordpress\/plugins\/seo\/ -->\n<title>Ulqini p\u00ebrmbytet nga reshjet e shiut + Foto - Lajme nga Ulqini<\/title>\n<meta name=\"description\" content=\"Foto: Majlinda Kazmaj Reshjet e shiut dhe era e fort\u00eb ka shkaktuar probleme n\u00eb rrug\u00ebt e Ulqinit. Pavar\u00ebsisht investimeve te realizuara n\u00eb Komun\u00ebn e\" \/>\n<meta name=\"robots\" content=\"index, follow, max-snippet:-1, max-image-preview:large, max-video-preview:-1\" \/>\n<link rel=\"canonical\" href=\"https:\/\/www.visit-ulcinj.com\/blog\/2014\/09\/13\/ulqini-permbytet-nga-reshjet-e-shiut-foto\/\" \/>\n<meta property=\"og:locale\" content=\"en_US\" \/>\n<meta property=\"og:type\" content=\"article\" \/>\n<meta property=\"og:title\" content=\"Ulqini p\u00ebrmbytet nga reshjet e shiut + Foto - Lajme nga Ulqini\" \/>\n<meta property=\"og:description\" content=\"Foto: Majlinda Kazmaj Reshjet e shiut dhe era e fort\u00eb ka shkaktuar probleme n\u00eb rrug\u00ebt e Ulqinit. Pavar\u00ebsisht investimeve te realizuara n\u00eb Komun\u00ebn e\" \/>\n<meta property=\"og:url\" content=\"https:\/\/www.visit-ulcinj.com\/blog\/2014\/09\/13\/ulqini-permbytet-nga-reshjet-e-shiut-foto\/\" \/>\n<meta property=\"og:site_name\" content=\"Lajme nga Ulqini\" \/>\n<meta property=\"article:published_time\" content=\"2014-09-13T16:03:24+00:00\" \/>\n<meta property=\"article:modified_time\" content=\"2014-09-13T17:39:00+00:00\" \/>\n<meta property=\"og:image\" content=\"https:\/\/www.visit-ulcinj.com\/blog\/wp-content\/uploads\/2014\/09\/rreshjet-e-shiut-ne-Ulqin-1-150x150.jpg\" \/>\n<meta name=\"twitter:label1\" content=\"Written by\" \/>\n\t<meta name=\"twitter:data1\" content=\"ulqini\" \/>\n\t<meta name=\"twitter:label2\" content=\"Est. reading time\" \/>\n\t<meta name=\"twitter:data2\" content=\"1 minute\" \/>\n<script type=\"application\/ld+json\" class=\"yoast-schema-graph\">{\"@context\":\"https:\/\/schema.org\",\"@graph\":[{\"@type\":\"WebSite\",\"@id\":\"https:\/\/www.visit-ulcinj.com\/blog\/#website\",\"url\":\"https:\/\/www.visit-ulcinj.com\/blog\/\",\"name\":\"Lajme nga Ulqini\",\"description\":\"Lajme,Vijesti,Ulqini,Ulqin,Crna Gora,Mali i Zi\",\"potentialAction\":[{\"@type\":\"SearchAction\",\"target\":{\"@type\":\"EntryPoint\",\"urlTemplate\":\"https:\/\/www.visit-ulcinj.com\/blog\/?s={search_term_string}\"},\"query-input\":\"required name=search_term_string\"}],\"inLanguage\":\"en-US\"},{\"@type\":\"ImageObject\",\"inLanguage\":\"en-US\",\"@id\":\"https:\/\/www.visit-ulcinj.com\/blog\/2014\/09\/13\/ulqini-permbytet-nga-reshjet-e-shiut-foto\/#primaryimage\",\"url\":\"https:\/\/www.visit-ulcinj.com\/blog\/wp-content\/uploads\/2014\/09\/rreshjet-e-shiut-ne-Ulqin.jpg\",\"contentUrl\":\"https:\/\/www.visit-ulcinj.com\/blog\/wp-content\/uploads\/2014\/09\/rreshjet-e-shiut-ne-Ulqin.jpg\",\"width\":540,\"height\":960},{\"@type\":\"WebPage\",\"@id\":\"https:\/\/www.visit-ulcinj.com\/blog\/2014\/09\/13\/ulqini-permbytet-nga-reshjet-e-shiut-foto\/#webpage\",\"url\":\"https:\/\/www.visit-ulcinj.com\/blog\/2014\/09\/13\/ulqini-permbytet-nga-reshjet-e-shiut-foto\/\",\"name\":\"Ulqini p\u00ebrmbytet nga reshjet e shiut + Foto - Lajme nga Ulqini\",\"isPartOf\":{\"@id\":\"https:\/\/www.visit-ulcinj.com\/blog\/#website\"},\"primaryImageOfPage\":{\"@id\":\"https:\/\/www.visit-ulcinj.com\/blog\/2014\/09\/13\/ulqini-permbytet-nga-reshjet-e-shiut-foto\/#primaryimage\"},\"datePublished\":\"2014-09-13T16:03:24+00:00\",\"dateModified\":\"2014-09-13T17:39:00+00:00\",\"author\":{\"@id\":\"https:\/\/www.visit-ulcinj.com\/blog\/#\/schema\/person\/dcab619c614d3038751c63bc2aadc06d\"},\"description\":\"Foto: Majlinda Kazmaj Reshjet e shiut dhe era e fort\u00eb ka shkaktuar probleme n\u00eb rrug\u00ebt e Ulqinit. Pavar\u00ebsisht investimeve te realizuara n\u00eb Komun\u00ebn e\",\"breadcrumb\":{\"@id\":\"https:\/\/www.visit-ulcinj.com\/blog\/2014\/09\/13\/ulqini-permbytet-nga-reshjet-e-shiut-foto\/#breadcrumb\"},\"inLanguage\":\"en-US\",\"potentialAction\":[{\"@type\":\"ReadAction\",\"target\":[\"https:\/\/www.visit-ulcinj.com\/blog\/2014\/09\/13\/ulqini-permbytet-nga-reshjet-e-shiut-foto\/\"]}]},{\"@type\":\"BreadcrumbList\",\"@id\":\"https:\/\/www.visit-ulcinj.com\/blog\/2014\/09\/13\/ulqini-permbytet-nga-reshjet-e-shiut-foto\/#breadcrumb\",\"itemListElement\":[{\"@type\":\"ListItem\",\"position\":1,\"name\":\"Ulqini p\u00ebrmbytet nga reshjet e shiut + Foto\"}]},{\"@type\":\"Person\",\"@id\":\"https:\/\/www.visit-ulcinj.com\/blog\/#\/schema\/person\/dcab619c614d3038751c63bc2aadc06d\",\"name\":\"ulqini\",\"sameAs\":[\"http:\/\/www.visit-ulcinj.com\"],\"url\":\"https:\/\/www.visit-ulcinj.com\/blog\/author\/admin\/\"}]}<\/script>\n<!-- \/ Yoast SEO plugin. -->","yoast_head_json":{"title":"Ulqini p\u00ebrmbytet nga reshjet e shiut + Foto - Lajme nga Ulqini","description":"Foto: Majlinda Kazmaj Reshjet e shiut dhe era e fort\u00eb ka shkaktuar probleme n\u00eb rrug\u00ebt e Ulqinit. Pavar\u00ebsisht investimeve te realizuara n\u00eb Komun\u00ebn e","robots":{"index":"index","follow":"follow","max-snippet":"max-snippet:-1","max-image-preview":"max-image-preview:large","max-video-preview":"max-video-preview:-1"},"canonical":"https:\/\/www.visit-ulcinj.com\/blog\/2014\/09\/13\/ulqini-permbytet-nga-reshjet-e-shiut-foto\/","og_locale":"en_US","og_type":"article","og_title":"Ulqini p\u00ebrmbytet nga reshjet e shiut + Foto - Lajme nga Ulqini","og_description":"Foto: Majlinda Kazmaj Reshjet e shiut dhe era e fort\u00eb ka shkaktuar probleme n\u00eb rrug\u00ebt e Ulqinit. Pavar\u00ebsisht investimeve te realizuara n\u00eb Komun\u00ebn e","og_url":"https:\/\/www.visit-ulcinj.com\/blog\/2014\/09\/13\/ulqini-permbytet-nga-reshjet-e-shiut-foto\/","og_site_name":"Lajme nga Ulqini","article_published_time":"2014-09-13T16:03:24+00:00","article_modified_time":"2014-09-13T17:39:00+00:00","og_image":[{"url":"https:\/\/www.visit-ulcinj.com\/blog\/wp-content\/uploads\/2014\/09\/rreshjet-e-shiut-ne-Ulqin-1-150x150.jpg"}],"twitter_misc":{"Written by":"ulqini","Est. reading time":"1 minute"},"schema":{"@context":"https:\/\/schema.org","@graph":[{"@type":"WebSite","@id":"https:\/\/www.visit-ulcinj.com\/blog\/#website","url":"https:\/\/www.visit-ulcinj.com\/blog\/","name":"Lajme nga Ulqini","description":"Lajme,Vijesti,Ulqini,Ulqin,Crna Gora,Mali i Zi","potentialAction":[{"@type":"SearchAction","target":{"@type":"EntryPoint","urlTemplate":"https:\/\/www.visit-ulcinj.com\/blog\/?s={search_term_string}"},"query-input":"required name=search_term_string"}],"inLanguage":"en-US"},{"@type":"ImageObject","inLanguage":"en-US","@id":"https:\/\/www.visit-ulcinj.com\/blog\/2014\/09\/13\/ulqini-permbytet-nga-reshjet-e-shiut-foto\/#primaryimage","url":"https:\/\/www.visit-ulcinj.com\/blog\/wp-content\/uploads\/2014\/09\/rreshjet-e-shiut-ne-Ulqin.jpg","contentUrl":"https:\/\/www.visit-ulcinj.com\/blog\/wp-content\/uploads\/2014\/09\/rreshjet-e-shiut-ne-Ulqin.jpg","width":540,"height":960},{"@type":"WebPage","@id":"https:\/\/www.visit-ulcinj.com\/blog\/2014\/09\/13\/ulqini-permbytet-nga-reshjet-e-shiut-foto\/#webpage","url":"https:\/\/www.visit-ulcinj.com\/blog\/2014\/09\/13\/ulqini-permbytet-nga-reshjet-e-shiut-foto\/","name":"Ulqini p\u00ebrmbytet nga reshjet e shiut + Foto - Lajme nga Ulqini","isPartOf":{"@id":"https:\/\/www.visit-ulcinj.com\/blog\/#website"},"primaryImageOfPage":{"@id":"https:\/\/www.visit-ulcinj.com\/blog\/2014\/09\/13\/ulqini-permbytet-nga-reshjet-e-shiut-foto\/#primaryimage"},"datePublished":"2014-09-13T16:03:24+00:00","dateModified":"2014-09-13T17:39:00+00:00","author":{"@id":"https:\/\/www.visit-ulcinj.com\/blog\/#\/schema\/person\/dcab619c614d3038751c63bc2aadc06d"},"description":"Foto: Majlinda Kazmaj Reshjet e shiut dhe era e fort\u00eb ka shkaktuar probleme n\u00eb rrug\u00ebt e Ulqinit. Pavar\u00ebsisht investimeve te realizuara n\u00eb Komun\u00ebn e","breadcrumb":{"@id":"https:\/\/www.visit-ulcinj.com\/blog\/2014\/09\/13\/ulqini-permbytet-nga-reshjet-e-shiut-foto\/#breadcrumb"},"inLanguage":"en-US","potentialAction":[{"@type":"ReadAction","target":["https:\/\/www.visit-ulcinj.com\/blog\/2014\/09\/13\/ulqini-permbytet-nga-reshjet-e-shiut-foto\/"]}]},{"@type":"BreadcrumbList","@id":"https:\/\/www.visit-ulcinj.com\/blog\/2014\/09\/13\/ulqini-permbytet-nga-reshjet-e-shiut-foto\/#breadcrumb","itemListElement":[{"@type":"ListItem","position":1,"name":"Ulqini p\u00ebrmbytet nga reshjet e shiut + Foto"}]},{"@type":"Person","@id":"https:\/\/www.visit-ulcinj.com\/blog\/#\/schema\/person\/dcab619c614d3038751c63bc2aadc06d","name":"ulqini","sameAs":["http:\/\/www.visit-ulcinj.com"],"url":"https:\/\/www.visit-ulcinj.com\/blog\/author\/admin\/"}]}},"jetpack_featured_media_url":"","jetpack_sharing_enabled":true,"jetpack_shortlink":"https:\/\/wp.me\/pe6lTn-m9Q","_links":{"self":[{"href":"https:\/\/www.visit-ulcinj.com\/blog\/wp-json\/wp\/v2\/posts\/85178"}],"collection":[{"href":"https:\/\/www.visit-ulcinj.com\/blog\/wp-json\/wp\/v2\/posts"}],"about":[{"href":"https:\/\/www.visit-ulcinj.com\/blog\/wp-json\/wp\/v2\/types\/post"}],"author":[{"embeddable":true,"href":"https:\/\/www.visit-ulcinj.com\/blog\/wp-json\/wp\/v2\/users\/1"}],"replies":[{"embeddable":true,"href":"https:\/\/www.visit-ulcinj.com\/blog\/wp-json\/wp\/v2\/comments?post=85178"}],"version-history":[{"count":5,"href":"https:\/\/www.visit-ulcinj.com\/blog\/wp-json\/wp\/v2\/posts\/85178\/revisions"}],"predecessor-version":[{"id":85193,"href":"https:\/\/www.visit-ulcinj.com\/blog\/wp-json\/wp\/v2\/posts\/85178\/revisions\/85193"}],"wp:attachment":[{"href":"https:\/\/www.visit-ulcinj.com\/blog\/wp-json\/wp\/v2\/media?parent=85178"}],"wp:term":[{"taxonomy":"category","embeddable":true,"href":"https:\/\/www.visit-ulcinj.com\/blog\/wp-json\/wp\/v2\/categories?post=85178"},{"taxonomy":"post_tag","embeddable":true,"href":"https:\/\/www.visit-ulcinj.com\/blog\/wp-json\/wp\/v2\/tags?post=85178"}],"curies":[{"name":"wp","href":"https:\/\/api.w.org\/{rel}","templated":true}]}}