{"id":85188,"date":"2014-09-13T17:50:14","date_gmt":"2014-09-13T16:50:14","guid":{"rendered":"http:\/\/www.visit-ulcinj.com\/blog\/?p=85188"},"modified":"2014-09-15T15:57:58","modified_gmt":"2014-09-15T14:57:58","slug":"gezim-ibroci-lindur-fajtor","status":"publish","type":"post","link":"https:\/\/www.visit-ulcinj.com\/blog\/2014\/09\/13\/gezim-ibroci-lindur-fajtor\/","title":{"rendered":"G\u00ebzim Ibro\u00e7i: I lindur fajtor&#8230;"},"content":{"rendered":"<p><a href=\"http:\/\/www.visit-ulcinj.com\/blog\/wp-content\/uploads\/2014\/09\/I-lindur-fajtor-ulqin.jpg\"><img loading=\"lazy\" class=\"alignleft wp-image-85189\" src=\"http:\/\/www.visit-ulcinj.com\/blog\/wp-content\/uploads\/2014\/09\/I-lindur-fajtor-ulqin.jpg\" alt=\"I lindur fajtor-ulqin\" width=\"508\" height=\"381\" srcset=\"https:\/\/www.visit-ulcinj.com\/blog\/wp-content\/uploads\/2014\/09\/I-lindur-fajtor-ulqin.jpg 960w, https:\/\/www.visit-ulcinj.com\/blog\/wp-content\/uploads\/2014\/09\/I-lindur-fajtor-ulqin-300x225.jpg 300w\" sizes=\"(max-width: 508px) 100vw, 508px\" \/><\/a>N\u00eb pa mund\u00ebsi t\u00eb b\u00ebj m\u00eb shum\u00eb p\u00ebr momentin t\u00eb k\u00ebrkoj falje biri im , bile po t\u00eb k\u00ebrkoj falje publike.<br \/>\nTi linde dhe u rrite, fillove shkoll\u00ebn por jo i barabarte me moshatar\u00ebt e tu, linde me faj si duket, edhe pse autokton ne tok\u00ebn t\u00ebnde ti linde me fajin q\u00eb linde shqiptar.<br \/>\nTi nuk konsiderohej i barabarte me moshatar\u00ebt e tu, q\u00eb n\u00eb vegj\u00ebli ti po shkelej dhe po ofendohej po m\u00ebson nga librat q\u00eb nuk jan\u00eb p\u00ebr ty.<br \/>\nFillove shkoll\u00ebn por jo i barabarte, fillimisht biri im ti paguan librat m\u00eb shtrenjt\u00eb, vet\u00ebm pse po m\u00ebson n\u00eb gjuh\u00ebn amtare, i nd\u00ebshkuar pse je shqiptar !<br \/>\nBiri im n\u00eb ato libra q\u00eb ti i paguan m\u00eb shtrenjt\u00eb se moshatar\u00ebt e tu t\u00eb komb\u00ebsis\u00eb tjet\u00ebr gjen ofendimet e rezervuara p\u00ebr ty q\u00eb n\u00eb vegj\u00ebli.<br \/>\nN\u00eb vend t\u00eb shembujve me emrat si Genc, Kreshnik e Petrit , Teuta apo Yll\u00ebza ti i gjen emrat q\u00eb v\u00ebshtir i shqipton si Davori, Ivani, Natasha apo Danijella<br \/>\nBiri im derisa moshatar\u00ebt e tu q\u00eb nuk jan\u00eb shqiptar m\u00ebsojn\u00eb nga libra, ti m\u00ebson nga p\u00ebrkthime<br \/>\nJo vet\u00ebm p\u00ebrkthime por tekste qe ofendojn\u00eb biri im, tek libri i muzik\u00ebs t\u00eb ofrohen k\u00ebng\u00ebt e komshinjve bile edhe n\u00eb shkronjat q\u00eb ti nuk i kupton, derisa k\u00ebng\u00ebn e tona do ti m\u00ebsojm\u00eb te shpija.<br \/>\nN\u00eb shkoll\u00eb ti m\u00ebson m\u00eb shum\u00eb p\u00ebr t\u00eb tjer\u00ebt sesa p\u00ebr veten , p\u00ebr kombin t\u00ebnd p\u00ebr at \u00e7far\u00eb je<br \/>\nSa turp m\u00eb vjen biri im q\u00eb p\u00ebr momentin nuk mund ta ndryshoj k\u00ebt\u00eb situat\u00eb p\u00ebrve\u00e7 t\u00eb t\u00eb k\u00ebrkoj ndjes\u00eb<br \/>\nDerisa te dajt e tu biri im n\u00eb Preshev\u00eb protestojn\u00eb dhe duan librat e shtetin am\u00eb t\u00eb m\u00ebsojn\u00eb si shqiptar ashtu si edhe jan\u00eb , k\u00ebtu biri im q\u00eb n\u00eb vegj\u00ebli t\u00eb edukojn\u00eb se si duhet t\u00eb aprovosh dhe t\u00eb pranosh gjith\u00e7ka , duhet t\u00eb rob\u00ebrohej, t\u00eb vras\u00ebsh shpirtin e lir\u00eb q\u00eb kund\u00ebrshton padrejt\u00ebsin\u00eb .<br \/>\nBiri im ty po t\u00eb k\u00ebrkoj falje un\u00eb por&#8230;.. mendoj q\u00eb ka edhe tjer\u00eb q\u00eb t\u00eb detyrohen ty dhe shok\u00ebve t\u00eb tu nj\u00eb k\u00ebrkim falje e pakta dhe ngritje z\u00ebri ndaj k\u00ebtij turpi, ndaj k\u00ebsaj pa drejt\u00ebsie<br \/>\nPyes publikisht institucionin q\u00eb sipas meje duhet t\u00eb t\u00eb ndihmoj ty dhe shok\u00ebve t\u00eb tu q\u00eb duan n\u00eb vendin e tyre t\u00eb shkollohen shqip si shqiptar<br \/>\nPyes kryetarin e K\u00ebshillit Komb\u00ebtar t\u00eb shqiptar\u00ebve Genci Nimanbegu deri kur nx\u00ebn\u00ebsit shqiptar do torturohen me k\u00ebto p\u00ebrkthime deri kur do ofendohen n\u00eb k\u00ebt\u00eb m\u00ebnyr\u00eb?<br \/>\nJu zot\u00ebrinj politikan q\u00eb nga futja e sistemit shum\u00ebpartiak q\u00eb k\u00ebrkuat vot\u00ebn dhe besimin e popullit dhe qe jua dham\u00eb, \u00e7far\u00eb bet\u00eb dhe \u00e7far\u00eb po b\u00ebni p\u00ebr f\u00ebmij\u00ebt tan\u00eb , duke mos dashur t\u00eb ju p\u00ebrmend emrat ve\u00e7 e ve\u00e7 publikisht ju pyes , a ju keni borxh t\u00eb pakt\u00ebn t\u00eb ju k\u00ebrkoni falje nx\u00ebn\u00ebsve shqiptar ?<br \/>\nPublikisht pyes edhe institucionet e shtetit am\u00eb Shqip\u00ebris\u00eb a e din\u00eb se si u shkollohen shqiptar\u00ebt n\u00eb mal t\u00eb zi, apo informacionet p\u00ebr ne i merrni nga Podgorica zyrtare ?!!<br \/>\nI nderuar kryeminist\u00ebr Gjukanoviq dhe ju ministra n\u00eb qeverin\u00eb e Malit te Zi , pyes si qytetar i shtetit t\u00eb Malit t\u00eb Zi, p\u00ebrse f\u00ebmij\u00ebt e mi nuk jan\u00eb t\u00eb barabart\u00eb me tuajt?<br \/>\nSi nx\u00ebn\u00ebs shqiptar, si popull autokton n\u00eb vendin e vet q\u00eb nga klasa e pare si t\u00eb obligueshme m\u00ebsojn\u00eb gjuh\u00ebn malazeze, p\u00ebrse u dashka q\u00eb p\u00ebrpara k\u00ebng\u00ebve t\u00eb veta ti m\u00ebsojn\u00eb t\u00eb huajat, n\u00eb vend t\u00eb emrave t\u00eb tyre t\u00eb p\u00ebrdorin emrat e komshinjve, p\u00ebrse nuk u mund\u00ebsohet shkollimi si shqiptar , a nuk ju krijon edhe ju k\u00ebnaq\u00ebsi q\u00eb f\u00ebmij\u00ebt t\u00eb jen\u00eb t\u00eb barabart\u00eb , pa marr\u00eb parasysh ngjyrat, fen\u00eb dhe komb\u00ebsin\u00eb ?!!<br \/>\nDuke dashur t\u00eb plot\u00ebsoj tekstin me posht\u00eb po postoj fotot, shikojini dhe pastaj gjykoni p\u00ebrse u preka , p\u00ebrse po ndihem keq&#8230;.<\/p>\n<p>&nbsp;<\/p>\n<p class=\"_5pbw\" data-ft=\"{&quot;tn&quot;:&quot;C&quot;}\"><strong><span class=\"fcg\"><span class=\"fwb\"><a id=\"js_224\" class=\"profileLink\" tabindex=\"0\" href=\"https:\/\/www.facebook.com\/ibroci\" data-ft=\"{&quot;tn&quot;:&quot;l&quot;}\" data-hovercard=\"\/ajax\/hovercard\/user.php?id=579132595\">G\u00ebzim Ibro\u00e7i <\/a><\/span><\/span>Facebook<\/strong><\/p>\n","protected":false},"excerpt":{"rendered":"<p>N\u00eb pa mund\u00ebsi t\u00eb b\u00ebj m\u00eb shum\u00eb p\u00ebr momentin t\u00eb k\u00ebrkoj falje biri im , bile po t\u00eb k\u00ebrkoj falje publike. Ti linde dhe u rrite, fillove shkoll\u00ebn por jo i barabarte me moshatar\u00ebt e tu, linde me faj si duket, edhe pse autokton ne tok\u00ebn t\u00ebnde ti linde me fajin q\u00eb linde shqiptar. Ti [&hellip;]<\/p>\n","protected":false},"author":1,"featured_media":0,"comment_status":"closed","ping_status":"closed","sticky":false,"template":"","format":"standard","meta":{"spay_email":"","jetpack_publicize_message":"","jetpack_is_tweetstorm":false,"jetpack_publicize_feature_enabled":true},"categories":[4,12],"tags":[],"jetpack_publicize_connections":[],"yoast_head":"<!-- This site is optimized with the Yoast SEO plugin v19.1 - https:\/\/yoast.com\/wordpress\/plugins\/seo\/ -->\n<title>G\u00ebzim Ibro\u00e7i: I lindur fajtor... - Lajme nga Ulqini<\/title>\n<meta name=\"description\" content=\"N\u00eb pa mund\u00ebsi t\u00eb b\u00ebj m\u00eb shum\u00eb p\u00ebr momentin t\u00eb k\u00ebrkoj falje biri im , bile po t\u00eb k\u00ebrkoj falje publike. Ti linde dhe u rrite, fillove shkoll\u00ebn por jo i\" \/>\n<meta name=\"robots\" content=\"index, follow, max-snippet:-1, max-image-preview:large, max-video-preview:-1\" \/>\n<link rel=\"canonical\" href=\"https:\/\/www.visit-ulcinj.com\/blog\/2014\/09\/13\/gezim-ibroci-lindur-fajtor\/\" \/>\n<meta property=\"og:locale\" content=\"en_US\" \/>\n<meta property=\"og:type\" content=\"article\" \/>\n<meta property=\"og:title\" content=\"G\u00ebzim Ibro\u00e7i: I lindur fajtor... - Lajme nga Ulqini\" \/>\n<meta property=\"og:description\" content=\"N\u00eb pa mund\u00ebsi t\u00eb b\u00ebj m\u00eb shum\u00eb p\u00ebr momentin t\u00eb k\u00ebrkoj falje biri im , bile po t\u00eb k\u00ebrkoj falje publike. Ti linde dhe u rrite, fillove shkoll\u00ebn por jo i\" \/>\n<meta property=\"og:url\" content=\"https:\/\/www.visit-ulcinj.com\/blog\/2014\/09\/13\/gezim-ibroci-lindur-fajtor\/\" \/>\n<meta property=\"og:site_name\" content=\"Lajme nga Ulqini\" \/>\n<meta property=\"article:published_time\" content=\"2014-09-13T16:50:14+00:00\" \/>\n<meta property=\"article:modified_time\" content=\"2014-09-15T14:57:58+00:00\" \/>\n<meta property=\"og:image\" content=\"http:\/\/www.visit-ulcinj.com\/blog\/wp-content\/uploads\/2014\/09\/I-lindur-fajtor-ulqin.jpg\" \/>\n<meta name=\"twitter:label1\" content=\"Written by\" \/>\n\t<meta name=\"twitter:data1\" content=\"ulqini\" \/>\n\t<meta name=\"twitter:label2\" content=\"Est. reading time\" \/>\n\t<meta name=\"twitter:data2\" content=\"4 minutes\" \/>\n<script type=\"application\/ld+json\" class=\"yoast-schema-graph\">{\"@context\":\"https:\/\/schema.org\",\"@graph\":[{\"@type\":\"WebSite\",\"@id\":\"https:\/\/www.visit-ulcinj.com\/blog\/#website\",\"url\":\"https:\/\/www.visit-ulcinj.com\/blog\/\",\"name\":\"Lajme nga Ulqini\",\"description\":\"Lajme,Vijesti,Ulqini,Ulqin,Crna Gora,Mali i Zi\",\"potentialAction\":[{\"@type\":\"SearchAction\",\"target\":{\"@type\":\"EntryPoint\",\"urlTemplate\":\"https:\/\/www.visit-ulcinj.com\/blog\/?s={search_term_string}\"},\"query-input\":\"required name=search_term_string\"}],\"inLanguage\":\"en-US\"},{\"@type\":\"ImageObject\",\"inLanguage\":\"en-US\",\"@id\":\"https:\/\/www.visit-ulcinj.com\/blog\/2014\/09\/13\/gezim-ibroci-lindur-fajtor\/#primaryimage\",\"url\":\"https:\/\/www.visit-ulcinj.com\/blog\/wp-content\/uploads\/2014\/09\/I-lindur-fajtor-ulqin.jpg\",\"contentUrl\":\"https:\/\/www.visit-ulcinj.com\/blog\/wp-content\/uploads\/2014\/09\/I-lindur-fajtor-ulqin.jpg\",\"width\":960,\"height\":720},{\"@type\":\"WebPage\",\"@id\":\"https:\/\/www.visit-ulcinj.com\/blog\/2014\/09\/13\/gezim-ibroci-lindur-fajtor\/#webpage\",\"url\":\"https:\/\/www.visit-ulcinj.com\/blog\/2014\/09\/13\/gezim-ibroci-lindur-fajtor\/\",\"name\":\"G\u00ebzim Ibro\u00e7i: I lindur fajtor... - Lajme nga Ulqini\",\"isPartOf\":{\"@id\":\"https:\/\/www.visit-ulcinj.com\/blog\/#website\"},\"primaryImageOfPage\":{\"@id\":\"https:\/\/www.visit-ulcinj.com\/blog\/2014\/09\/13\/gezim-ibroci-lindur-fajtor\/#primaryimage\"},\"datePublished\":\"2014-09-13T16:50:14+00:00\",\"dateModified\":\"2014-09-15T14:57:58+00:00\",\"author\":{\"@id\":\"https:\/\/www.visit-ulcinj.com\/blog\/#\/schema\/person\/dcab619c614d3038751c63bc2aadc06d\"},\"description\":\"N\u00eb pa mund\u00ebsi t\u00eb b\u00ebj m\u00eb shum\u00eb p\u00ebr momentin t\u00eb k\u00ebrkoj falje biri im , bile po t\u00eb k\u00ebrkoj falje publike. Ti linde dhe u rrite, fillove shkoll\u00ebn por jo i\",\"breadcrumb\":{\"@id\":\"https:\/\/www.visit-ulcinj.com\/blog\/2014\/09\/13\/gezim-ibroci-lindur-fajtor\/#breadcrumb\"},\"inLanguage\":\"en-US\",\"potentialAction\":[{\"@type\":\"ReadAction\",\"target\":[\"https:\/\/www.visit-ulcinj.com\/blog\/2014\/09\/13\/gezim-ibroci-lindur-fajtor\/\"]}]},{\"@type\":\"BreadcrumbList\",\"@id\":\"https:\/\/www.visit-ulcinj.com\/blog\/2014\/09\/13\/gezim-ibroci-lindur-fajtor\/#breadcrumb\",\"itemListElement\":[{\"@type\":\"ListItem\",\"position\":1,\"name\":\"G\u00ebzim Ibro\u00e7i: I lindur fajtor&#8230;\"}]},{\"@type\":\"Person\",\"@id\":\"https:\/\/www.visit-ulcinj.com\/blog\/#\/schema\/person\/dcab619c614d3038751c63bc2aadc06d\",\"name\":\"ulqini\",\"sameAs\":[\"http:\/\/www.visit-ulcinj.com\"],\"url\":\"https:\/\/www.visit-ulcinj.com\/blog\/author\/admin\/\"}]}<\/script>\n<!-- \/ Yoast SEO plugin. -->","yoast_head_json":{"title":"G\u00ebzim Ibro\u00e7i: I lindur fajtor... - Lajme nga Ulqini","description":"N\u00eb pa mund\u00ebsi t\u00eb b\u00ebj m\u00eb shum\u00eb p\u00ebr momentin t\u00eb k\u00ebrkoj falje biri im , bile po t\u00eb k\u00ebrkoj falje publike. Ti linde dhe u rrite, fillove shkoll\u00ebn por jo i","robots":{"index":"index","follow":"follow","max-snippet":"max-snippet:-1","max-image-preview":"max-image-preview:large","max-video-preview":"max-video-preview:-1"},"canonical":"https:\/\/www.visit-ulcinj.com\/blog\/2014\/09\/13\/gezim-ibroci-lindur-fajtor\/","og_locale":"en_US","og_type":"article","og_title":"G\u00ebzim Ibro\u00e7i: I lindur fajtor... - Lajme nga Ulqini","og_description":"N\u00eb pa mund\u00ebsi t\u00eb b\u00ebj m\u00eb shum\u00eb p\u00ebr momentin t\u00eb k\u00ebrkoj falje biri im , bile po t\u00eb k\u00ebrkoj falje publike. Ti linde dhe u rrite, fillove shkoll\u00ebn por jo i","og_url":"https:\/\/www.visit-ulcinj.com\/blog\/2014\/09\/13\/gezim-ibroci-lindur-fajtor\/","og_site_name":"Lajme nga Ulqini","article_published_time":"2014-09-13T16:50:14+00:00","article_modified_time":"2014-09-15T14:57:58+00:00","og_image":[{"url":"http:\/\/www.visit-ulcinj.com\/blog\/wp-content\/uploads\/2014\/09\/I-lindur-fajtor-ulqin.jpg"}],"twitter_misc":{"Written by":"ulqini","Est. reading time":"4 minutes"},"schema":{"@context":"https:\/\/schema.org","@graph":[{"@type":"WebSite","@id":"https:\/\/www.visit-ulcinj.com\/blog\/#website","url":"https:\/\/www.visit-ulcinj.com\/blog\/","name":"Lajme nga Ulqini","description":"Lajme,Vijesti,Ulqini,Ulqin,Crna Gora,Mali i Zi","potentialAction":[{"@type":"SearchAction","target":{"@type":"EntryPoint","urlTemplate":"https:\/\/www.visit-ulcinj.com\/blog\/?s={search_term_string}"},"query-input":"required name=search_term_string"}],"inLanguage":"en-US"},{"@type":"ImageObject","inLanguage":"en-US","@id":"https:\/\/www.visit-ulcinj.com\/blog\/2014\/09\/13\/gezim-ibroci-lindur-fajtor\/#primaryimage","url":"https:\/\/www.visit-ulcinj.com\/blog\/wp-content\/uploads\/2014\/09\/I-lindur-fajtor-ulqin.jpg","contentUrl":"https:\/\/www.visit-ulcinj.com\/blog\/wp-content\/uploads\/2014\/09\/I-lindur-fajtor-ulqin.jpg","width":960,"height":720},{"@type":"WebPage","@id":"https:\/\/www.visit-ulcinj.com\/blog\/2014\/09\/13\/gezim-ibroci-lindur-fajtor\/#webpage","url":"https:\/\/www.visit-ulcinj.com\/blog\/2014\/09\/13\/gezim-ibroci-lindur-fajtor\/","name":"G\u00ebzim Ibro\u00e7i: I lindur fajtor... - Lajme nga Ulqini","isPartOf":{"@id":"https:\/\/www.visit-ulcinj.com\/blog\/#website"},"primaryImageOfPage":{"@id":"https:\/\/www.visit-ulcinj.com\/blog\/2014\/09\/13\/gezim-ibroci-lindur-fajtor\/#primaryimage"},"datePublished":"2014-09-13T16:50:14+00:00","dateModified":"2014-09-15T14:57:58+00:00","author":{"@id":"https:\/\/www.visit-ulcinj.com\/blog\/#\/schema\/person\/dcab619c614d3038751c63bc2aadc06d"},"description":"N\u00eb pa mund\u00ebsi t\u00eb b\u00ebj m\u00eb shum\u00eb p\u00ebr momentin t\u00eb k\u00ebrkoj falje biri im , bile po t\u00eb k\u00ebrkoj falje publike. Ti linde dhe u rrite, fillove shkoll\u00ebn por jo i","breadcrumb":{"@id":"https:\/\/www.visit-ulcinj.com\/blog\/2014\/09\/13\/gezim-ibroci-lindur-fajtor\/#breadcrumb"},"inLanguage":"en-US","potentialAction":[{"@type":"ReadAction","target":["https:\/\/www.visit-ulcinj.com\/blog\/2014\/09\/13\/gezim-ibroci-lindur-fajtor\/"]}]},{"@type":"BreadcrumbList","@id":"https:\/\/www.visit-ulcinj.com\/blog\/2014\/09\/13\/gezim-ibroci-lindur-fajtor\/#breadcrumb","itemListElement":[{"@type":"ListItem","position":1,"name":"G\u00ebzim Ibro\u00e7i: I lindur fajtor&#8230;"}]},{"@type":"Person","@id":"https:\/\/www.visit-ulcinj.com\/blog\/#\/schema\/person\/dcab619c614d3038751c63bc2aadc06d","name":"ulqini","sameAs":["http:\/\/www.visit-ulcinj.com"],"url":"https:\/\/www.visit-ulcinj.com\/blog\/author\/admin\/"}]}},"jetpack_featured_media_url":"","jetpack_sharing_enabled":true,"jetpack_shortlink":"https:\/\/wp.me\/pe6lTn-ma0","_links":{"self":[{"href":"https:\/\/www.visit-ulcinj.com\/blog\/wp-json\/wp\/v2\/posts\/85188"}],"collection":[{"href":"https:\/\/www.visit-ulcinj.com\/blog\/wp-json\/wp\/v2\/posts"}],"about":[{"href":"https:\/\/www.visit-ulcinj.com\/blog\/wp-json\/wp\/v2\/types\/post"}],"author":[{"embeddable":true,"href":"https:\/\/www.visit-ulcinj.com\/blog\/wp-json\/wp\/v2\/users\/1"}],"replies":[{"embeddable":true,"href":"https:\/\/www.visit-ulcinj.com\/blog\/wp-json\/wp\/v2\/comments?post=85188"}],"version-history":[{"count":1,"href":"https:\/\/www.visit-ulcinj.com\/blog\/wp-json\/wp\/v2\/posts\/85188\/revisions"}],"predecessor-version":[{"id":85190,"href":"https:\/\/www.visit-ulcinj.com\/blog\/wp-json\/wp\/v2\/posts\/85188\/revisions\/85190"}],"wp:attachment":[{"href":"https:\/\/www.visit-ulcinj.com\/blog\/wp-json\/wp\/v2\/media?parent=85188"}],"wp:term":[{"taxonomy":"category","embeddable":true,"href":"https:\/\/www.visit-ulcinj.com\/blog\/wp-json\/wp\/v2\/categories?post=85188"},{"taxonomy":"post_tag","embeddable":true,"href":"https:\/\/www.visit-ulcinj.com\/blog\/wp-json\/wp\/v2\/tags?post=85188"}],"curies":[{"name":"wp","href":"https:\/\/api.w.org\/{rel}","templated":true}]}}