{"id":85191,"date":"2014-09-13T18:06:32","date_gmt":"2014-09-13T17:06:32","guid":{"rendered":"http:\/\/www.visit-ulcinj.com\/blog\/?p=85191"},"modified":"2014-09-13T18:13:50","modified_gmt":"2014-09-13T17:13:50","slug":"otvoren-prvi-fakultet-u-ulcinju","status":"publish","type":"post","link":"https:\/\/www.visit-ulcinj.com\/blog\/2014\/09\/13\/otvoren-prvi-fakultet-u-ulcinju\/","title":{"rendered":"Otvoren prvi fakultet u Ulcinju"},"content":{"rendered":"<p><a href=\"http:\/\/www.visit-ulcinj.com\/blog\/wp-content\/uploads\/2014\/09\/N\u00eb-Ulqin-hapet-solemnisht-Fakulteti.jpg\"><img loading=\"lazy\" class=\"alignleft wp-image-85170\" src=\"http:\/\/www.visit-ulcinj.com\/blog\/wp-content\/uploads\/2014\/09\/N\u00eb-Ulqin-hapet-solemnisht-Fakulteti.jpg\" alt=\"N\u00eb Ulqin hapet solemnisht Fakulteti\" width=\"508\" height=\"381\" srcset=\"https:\/\/www.visit-ulcinj.com\/blog\/wp-content\/uploads\/2014\/09\/N\u00eb-Ulqin-hapet-solemnisht-Fakulteti.jpg 960w, https:\/\/www.visit-ulcinj.com\/blog\/wp-content\/uploads\/2014\/09\/N\u00eb-Ulqin-hapet-solemnisht-Fakulteti-300x225.jpg 300w\" sizes=\"(max-width: 508px) 100vw, 508px\" \/><\/a>Polaznicima prve visoko\u0161kolske ustanove u Ulcinju uspjeh u studiranju je po\u017eelio predsjednik op\u0161tine Ulcinj Fatmir \u0110eka. On je rekao da je po\u010detak rada Fakulteta va\u017ean korak za ovu zajednicu, izra\u017eavaju\u0107i o\u010dekivanje da \u0107e od naredne godine predavanja biti i na albanskom jeziku, prenosi portal Ul-info.<\/p>\n<div class=\"body-text\">\n<p>U ime uprave FMPS, prof. dr Stevo Niki\u0107 je rekao da je Ulcinj grad velikih mogu\u0107nosti i bogate istorije, mjesto ukr\u0161tanja velikih civilizacija, koje treba da bude i centar nauke i obrazovanja.<\/p>\n<p>\u201cMi smo ponudili moderan programa mladim ljudima, koji \u0107emo realizovati u saradnji sa kadrovima iz Ulcinja\u201d, kazao je Niki\u0107 zahvaljuju\u0107i lokalnoj upravi na pomo\u0107i.<\/p>\n<p>Ovoj ceremoniji, nakon koje su polaznicima prve godine uru\u010deni indeksi, prisustvovali su potpredsjednici op\u0161tine Zenepe Lika i Safet Beci, poslanici Ljui\u0111 \u0160krelja i Dritan Abazovi\u0107, menad\u017eer op\u0161tine Omer Bajraktari, direktorka TO Zana Sarvan, direktor Filijale Fonda zdravstva u Ulcinju Skender Elezagi\u0107, te niz drugih javnih li\u010dnosti.<\/p>\n<\/div>\n<p>&nbsp;<\/p>\n<p><strong>Izvor: Ul-info<\/strong><\/p>\n","protected":false},"excerpt":{"rendered":"<p>Polaznicima prve visoko\u0161kolske ustanove u Ulcinju uspjeh u studiranju je po\u017eelio predsjednik op\u0161tine Ulcinj Fatmir \u0110eka. On je rekao da je po\u010detak rada Fakulteta va\u017ean korak za ovu zajednicu, izra\u017eavaju\u0107i o\u010dekivanje da \u0107e od naredne godine predavanja biti i na albanskom jeziku, prenosi portal Ul-info. U ime uprave FMPS, prof. dr Stevo Niki\u0107 je rekao [&hellip;]<\/p>\n","protected":false},"author":1,"featured_media":0,"comment_status":"closed","ping_status":"closed","sticky":false,"template":"","format":"standard","meta":{"spay_email":"","jetpack_publicize_message":"","jetpack_is_tweetstorm":false,"jetpack_publicize_feature_enabled":true},"categories":[6950],"tags":[],"jetpack_publicize_connections":[],"yoast_head":"<!-- This site is optimized with the Yoast SEO plugin v19.1 - https:\/\/yoast.com\/wordpress\/plugins\/seo\/ -->\n<title>Otvoren prvi fakultet u Ulcinju - Lajme nga Ulqini<\/title>\n<meta name=\"description\" content=\"Polaznicima prve visoko\u0161kolske ustanove u Ulcinju uspjeh u studiranju je po\u017eelio predsjednik op\u0161tine Ulcinj Fatmir \u0110eka. On je rekao da je po\u010detak rada\" \/>\n<meta name=\"robots\" content=\"index, follow, max-snippet:-1, max-image-preview:large, max-video-preview:-1\" \/>\n<link rel=\"canonical\" href=\"https:\/\/www.visit-ulcinj.com\/blog\/2014\/09\/13\/otvoren-prvi-fakultet-u-ulcinju\/\" \/>\n<meta property=\"og:locale\" content=\"en_US\" \/>\n<meta property=\"og:type\" content=\"article\" \/>\n<meta property=\"og:title\" content=\"Otvoren prvi fakultet u Ulcinju - Lajme nga Ulqini\" \/>\n<meta property=\"og:description\" content=\"Polaznicima prve visoko\u0161kolske ustanove u Ulcinju uspjeh u studiranju je po\u017eelio predsjednik op\u0161tine Ulcinj Fatmir \u0110eka. On je rekao da je po\u010detak rada\" \/>\n<meta property=\"og:url\" content=\"https:\/\/www.visit-ulcinj.com\/blog\/2014\/09\/13\/otvoren-prvi-fakultet-u-ulcinju\/\" \/>\n<meta property=\"og:site_name\" content=\"Lajme nga Ulqini\" \/>\n<meta property=\"article:published_time\" content=\"2014-09-13T17:06:32+00:00\" \/>\n<meta property=\"article:modified_time\" content=\"2014-09-13T17:13:50+00:00\" \/>\n<meta name=\"twitter:label1\" content=\"Written by\" \/>\n\t<meta name=\"twitter:data1\" content=\"ulqini\" \/>\n\t<meta name=\"twitter:label2\" content=\"Est. reading time\" \/>\n\t<meta name=\"twitter:data2\" content=\"1 minute\" \/>\n<script type=\"application\/ld+json\" class=\"yoast-schema-graph\">{\"@context\":\"https:\/\/schema.org\",\"@graph\":[{\"@type\":\"WebSite\",\"@id\":\"https:\/\/www.visit-ulcinj.com\/blog\/#website\",\"url\":\"https:\/\/www.visit-ulcinj.com\/blog\/\",\"name\":\"Lajme nga Ulqini\",\"description\":\"Lajme,Vijesti,Ulqini,Ulqin,Crna Gora,Mali i Zi\",\"potentialAction\":[{\"@type\":\"SearchAction\",\"target\":{\"@type\":\"EntryPoint\",\"urlTemplate\":\"https:\/\/www.visit-ulcinj.com\/blog\/?s={search_term_string}\"},\"query-input\":\"required name=search_term_string\"}],\"inLanguage\":\"en-US\"},{\"@type\":\"WebPage\",\"@id\":\"https:\/\/www.visit-ulcinj.com\/blog\/2014\/09\/13\/otvoren-prvi-fakultet-u-ulcinju\/#webpage\",\"url\":\"https:\/\/www.visit-ulcinj.com\/blog\/2014\/09\/13\/otvoren-prvi-fakultet-u-ulcinju\/\",\"name\":\"Otvoren prvi fakultet u Ulcinju - Lajme nga Ulqini\",\"isPartOf\":{\"@id\":\"https:\/\/www.visit-ulcinj.com\/blog\/#website\"},\"datePublished\":\"2014-09-13T17:06:32+00:00\",\"dateModified\":\"2014-09-13T17:13:50+00:00\",\"author\":{\"@id\":\"https:\/\/www.visit-ulcinj.com\/blog\/#\/schema\/person\/dcab619c614d3038751c63bc2aadc06d\"},\"description\":\"Polaznicima prve visoko\u0161kolske ustanove u Ulcinju uspjeh u studiranju je po\u017eelio predsjednik op\u0161tine Ulcinj Fatmir \u0110eka. On je rekao da je po\u010detak rada\",\"breadcrumb\":{\"@id\":\"https:\/\/www.visit-ulcinj.com\/blog\/2014\/09\/13\/otvoren-prvi-fakultet-u-ulcinju\/#breadcrumb\"},\"inLanguage\":\"en-US\",\"potentialAction\":[{\"@type\":\"ReadAction\",\"target\":[\"https:\/\/www.visit-ulcinj.com\/blog\/2014\/09\/13\/otvoren-prvi-fakultet-u-ulcinju\/\"]}]},{\"@type\":\"BreadcrumbList\",\"@id\":\"https:\/\/www.visit-ulcinj.com\/blog\/2014\/09\/13\/otvoren-prvi-fakultet-u-ulcinju\/#breadcrumb\",\"itemListElement\":[{\"@type\":\"ListItem\",\"position\":1,\"name\":\"Otvoren prvi fakultet u Ulcinju\"}]},{\"@type\":\"Person\",\"@id\":\"https:\/\/www.visit-ulcinj.com\/blog\/#\/schema\/person\/dcab619c614d3038751c63bc2aadc06d\",\"name\":\"ulqini\",\"sameAs\":[\"http:\/\/www.visit-ulcinj.com\"],\"url\":\"https:\/\/www.visit-ulcinj.com\/blog\/author\/admin\/\"}]}<\/script>\n<!-- \/ Yoast SEO plugin. -->","yoast_head_json":{"title":"Otvoren prvi fakultet u Ulcinju - Lajme nga Ulqini","description":"Polaznicima prve visoko\u0161kolske ustanove u Ulcinju uspjeh u studiranju je po\u017eelio predsjednik op\u0161tine Ulcinj Fatmir \u0110eka. On je rekao da je po\u010detak rada","robots":{"index":"index","follow":"follow","max-snippet":"max-snippet:-1","max-image-preview":"max-image-preview:large","max-video-preview":"max-video-preview:-1"},"canonical":"https:\/\/www.visit-ulcinj.com\/blog\/2014\/09\/13\/otvoren-prvi-fakultet-u-ulcinju\/","og_locale":"en_US","og_type":"article","og_title":"Otvoren prvi fakultet u Ulcinju - Lajme nga Ulqini","og_description":"Polaznicima prve visoko\u0161kolske ustanove u Ulcinju uspjeh u studiranju je po\u017eelio predsjednik op\u0161tine Ulcinj Fatmir \u0110eka. On je rekao da je po\u010detak rada","og_url":"https:\/\/www.visit-ulcinj.com\/blog\/2014\/09\/13\/otvoren-prvi-fakultet-u-ulcinju\/","og_site_name":"Lajme nga Ulqini","article_published_time":"2014-09-13T17:06:32+00:00","article_modified_time":"2014-09-13T17:13:50+00:00","twitter_misc":{"Written by":"ulqini","Est. reading time":"1 minute"},"schema":{"@context":"https:\/\/schema.org","@graph":[{"@type":"WebSite","@id":"https:\/\/www.visit-ulcinj.com\/blog\/#website","url":"https:\/\/www.visit-ulcinj.com\/blog\/","name":"Lajme nga Ulqini","description":"Lajme,Vijesti,Ulqini,Ulqin,Crna Gora,Mali i Zi","potentialAction":[{"@type":"SearchAction","target":{"@type":"EntryPoint","urlTemplate":"https:\/\/www.visit-ulcinj.com\/blog\/?s={search_term_string}"},"query-input":"required name=search_term_string"}],"inLanguage":"en-US"},{"@type":"WebPage","@id":"https:\/\/www.visit-ulcinj.com\/blog\/2014\/09\/13\/otvoren-prvi-fakultet-u-ulcinju\/#webpage","url":"https:\/\/www.visit-ulcinj.com\/blog\/2014\/09\/13\/otvoren-prvi-fakultet-u-ulcinju\/","name":"Otvoren prvi fakultet u Ulcinju - Lajme nga Ulqini","isPartOf":{"@id":"https:\/\/www.visit-ulcinj.com\/blog\/#website"},"datePublished":"2014-09-13T17:06:32+00:00","dateModified":"2014-09-13T17:13:50+00:00","author":{"@id":"https:\/\/www.visit-ulcinj.com\/blog\/#\/schema\/person\/dcab619c614d3038751c63bc2aadc06d"},"description":"Polaznicima prve visoko\u0161kolske ustanove u Ulcinju uspjeh u studiranju je po\u017eelio predsjednik op\u0161tine Ulcinj Fatmir \u0110eka. On je rekao da je po\u010detak rada","breadcrumb":{"@id":"https:\/\/www.visit-ulcinj.com\/blog\/2014\/09\/13\/otvoren-prvi-fakultet-u-ulcinju\/#breadcrumb"},"inLanguage":"en-US","potentialAction":[{"@type":"ReadAction","target":["https:\/\/www.visit-ulcinj.com\/blog\/2014\/09\/13\/otvoren-prvi-fakultet-u-ulcinju\/"]}]},{"@type":"BreadcrumbList","@id":"https:\/\/www.visit-ulcinj.com\/blog\/2014\/09\/13\/otvoren-prvi-fakultet-u-ulcinju\/#breadcrumb","itemListElement":[{"@type":"ListItem","position":1,"name":"Otvoren prvi fakultet u Ulcinju"}]},{"@type":"Person","@id":"https:\/\/www.visit-ulcinj.com\/blog\/#\/schema\/person\/dcab619c614d3038751c63bc2aadc06d","name":"ulqini","sameAs":["http:\/\/www.visit-ulcinj.com"],"url":"https:\/\/www.visit-ulcinj.com\/blog\/author\/admin\/"}]}},"jetpack_featured_media_url":"","jetpack_sharing_enabled":true,"jetpack_shortlink":"https:\/\/wp.me\/pe6lTn-ma3","_links":{"self":[{"href":"https:\/\/www.visit-ulcinj.com\/blog\/wp-json\/wp\/v2\/posts\/85191"}],"collection":[{"href":"https:\/\/www.visit-ulcinj.com\/blog\/wp-json\/wp\/v2\/posts"}],"about":[{"href":"https:\/\/www.visit-ulcinj.com\/blog\/wp-json\/wp\/v2\/types\/post"}],"author":[{"embeddable":true,"href":"https:\/\/www.visit-ulcinj.com\/blog\/wp-json\/wp\/v2\/users\/1"}],"replies":[{"embeddable":true,"href":"https:\/\/www.visit-ulcinj.com\/blog\/wp-json\/wp\/v2\/comments?post=85191"}],"version-history":[{"count":2,"href":"https:\/\/www.visit-ulcinj.com\/blog\/wp-json\/wp\/v2\/posts\/85191\/revisions"}],"predecessor-version":[{"id":85194,"href":"https:\/\/www.visit-ulcinj.com\/blog\/wp-json\/wp\/v2\/posts\/85191\/revisions\/85194"}],"wp:attachment":[{"href":"https:\/\/www.visit-ulcinj.com\/blog\/wp-json\/wp\/v2\/media?parent=85191"}],"wp:term":[{"taxonomy":"category","embeddable":true,"href":"https:\/\/www.visit-ulcinj.com\/blog\/wp-json\/wp\/v2\/categories?post=85191"},{"taxonomy":"post_tag","embeddable":true,"href":"https:\/\/www.visit-ulcinj.com\/blog\/wp-json\/wp\/v2\/tags?post=85191"}],"curies":[{"name":"wp","href":"https:\/\/api.w.org\/{rel}","templated":true}]}}