{"id":85200,"date":"2014-09-13T19:02:25","date_gmt":"2014-09-13T18:02:25","guid":{"rendered":"http:\/\/www.visit-ulcinj.com\/blog\/?p=85200"},"modified":"2014-09-13T19:02:25","modified_gmt":"2014-09-13T18:02:25","slug":"karamanaga-%e2%80%8bdemet-nga-vershimet-ne-ulqin-eshte-betonizimi","status":"publish","type":"post","link":"https:\/\/www.visit-ulcinj.com\/blog\/2014\/09\/13\/karamanaga-%e2%80%8bdemet-nga-vershimet-ne-ulqin-eshte-betonizimi\/","title":{"rendered":"Karamanaga: \u200bD\u00ebmet nga v\u00ebrshimet n\u00eb Ulqin \u00ebsht\u00eb &#8220;Betonizimi&#8221;"},"content":{"rendered":"<p><a href=\"http:\/\/www.visit-ulcinj.com\/blog\/wp-content\/uploads\/2014\/09\/betonizimi-ulqinit.jpg\"><img loading=\"lazy\" class=\"alignleft wp-image-85201\" src=\"http:\/\/www.visit-ulcinj.com\/blog\/wp-content\/uploads\/2014\/09\/betonizimi-ulqinit.jpg\" alt=\"betonizimi-ulqinit\" width=\"508\" height=\"381\" srcset=\"https:\/\/www.visit-ulcinj.com\/blog\/wp-content\/uploads\/2014\/09\/betonizimi-ulqinit.jpg 960w, https:\/\/www.visit-ulcinj.com\/blog\/wp-content\/uploads\/2014\/09\/betonizimi-ulqinit-300x225.jpg 300w\" sizes=\"(max-width: 508px) 100vw, 508px\" \/><\/a>Reshjet e shiut dhe era e fort\u00eb ka shkaktuer sot probleme t\u00eb m\u00ebdha n\u00eb t\u00eb gjitha pjes\u00ebt e qytetit ton\u00eb. Rruga kryesore, Rana, rruga ke shkollat, n\u00eb Portamilen\u00eb n\u00eb Stoj ..n\u00eb fshatra t\u00eb An\u00ebs s\u00eb Malit.. Por n\u00eb qytet shum\u00eb nga problemet t\u00eb cil\u00ebt ndodhin pas v\u00ebrshimeve t\u00eb cil\u00ebt i shkakton shiu, i kemi shkaktuar ne, duke nd\u00ebrtuar ashtu si duam ne, e jo si pas regullave t\u00eb cil\u00ebt jan\u00eb t\u00eb parapar\u00eb&#8230;N\u00eb t\u00eb gjitha rrug\u00ebt, pak e shum\u00eb jan\u00eb t\u00eb mbyllur kanalet, k\u00ebshtu q\u00eb uji kalon nep<span class=\"text_exposed_show\">\u00ebr rrug\u00eb, dhe n\u00eb Ran\u00eb p.sh. b\u00ebn liqe artificial, por edhe n\u00eb shum\u00eb vende tjera..<\/span><\/p>\n<p><span class=\"text_exposed_show\">Portamilena, sot \u00ebsht\u00eb b\u00ebr\u00eb si nj\u00eb lum i madh, por me nj\u00eb njgyr\u00eb t\u00eb ve\u00e7ant, duke ditur se \u00e7ka derdhet n\u00eb te, duke filluar nga Bratica dhe uj\u00ebrat e zeza, kanalizime nga sht\u00ebpit\u00eb buz\u00eb saj&#8230;Ne, t\u00eb cil\u00ebt jemi t\u00eb detyruam ti strehom sanallat, n\u00eb Portamilen\u00eb p\u00ebr shkak\u00eb motit t\u00eb lik dhe detit m\u00eb vale, kemi shum\u00eb probleme ti afrohemi sanallave&#8230;Ende nuk kemi &#8220;Marin\u00eb&#8221; p\u00ebr ti strehuar barkat dhe sanallat n\u00eb Ulqin..<\/span><\/p>\n<p><span class=\"text_exposed_show\">N\u00eb nj\u00eb &#8220;Tryez\u00eb t\u00eb rumbullak\u00ebt&#8221; n\u00eb hotelin Otrant degjova se &#8220;Planer\u00ebt&#8221; komb\u00ebtar dhe nd\u00ebrkomb\u00ebtar na kishin parapa &#8220;4. kat\u00ebr&#8221; Marina..Mu duk se isha n\u00eb \u00ebndra, por m\u00eb von\u00eb e v\u00ebrtetova se mir\u00eb e degjova..nj\u00eb humor i zi, a po nj\u00eb ngjarje p\u00ebr librin e Ginisit&#8230; Mjafton t\u00eb uleni deri n\u00eb mole dhe ta shihni &#8220;Kacemen&#8221;, ose t\u00eb vini k\u00ebtu n\u00eb Portomilen..dhe ta shihni se si i planifikojn dhe si i realizojn\u00eb planifikimet e tyre&#8230;<\/span><\/p>\n<p>&nbsp;<\/p>\n<p><strong><a id=\"js_114\" href=\"https:\/\/www.facebook.com\/ismet.karamanaga?fref=photo\" data-hovercard=\"\/ajax\/hovercard\/user.php?id=1359492972\">Ismet Karamanaga <\/a>Facebook<\/strong><\/p>\n","protected":false},"excerpt":{"rendered":"<p>Reshjet e shiut dhe era e fort\u00eb ka shkaktuer sot probleme t\u00eb m\u00ebdha n\u00eb t\u00eb gjitha pjes\u00ebt e qytetit ton\u00eb. Rruga kryesore, Rana, rruga ke shkollat, n\u00eb Portamilen\u00eb n\u00eb Stoj ..n\u00eb fshatra t\u00eb An\u00ebs s\u00eb Malit.. Por n\u00eb qytet shum\u00eb nga problemet t\u00eb cil\u00ebt ndodhin pas v\u00ebrshimeve t\u00eb cil\u00ebt i shkakton shiu, i kemi shkaktuar [&hellip;]<\/p>\n","protected":false},"author":1,"featured_media":0,"comment_status":"closed","ping_status":"closed","sticky":false,"template":"","format":"standard","meta":{"spay_email":"","jetpack_publicize_message":"","jetpack_is_tweetstorm":false,"jetpack_publicize_feature_enabled":true},"categories":[2451],"tags":[],"jetpack_publicize_connections":[],"yoast_head":"<!-- This site is optimized with the Yoast SEO plugin v19.1 - https:\/\/yoast.com\/wordpress\/plugins\/seo\/ -->\n<title>Karamanaga: \u200bD\u00ebmet nga v\u00ebrshimet n\u00eb Ulqin \u00ebsht\u00eb &quot;Betonizimi&quot; - Lajme nga Ulqini<\/title>\n<meta name=\"description\" content=\"Reshjet e shiut dhe era e fort\u00eb ka shkaktuer sot probleme t\u00eb m\u00ebdha n\u00eb t\u00eb gjitha pjes\u00ebt e qytetit ton\u00eb. Rruga kryesore, Rana, rruga ke shkollat, n\u00eb\" \/>\n<meta name=\"robots\" content=\"index, follow, max-snippet:-1, max-image-preview:large, max-video-preview:-1\" \/>\n<link rel=\"canonical\" href=\"https:\/\/www.visit-ulcinj.com\/blog\/2014\/09\/13\/karamanaga-\u200bdemet-nga-vershimet-ne-ulqin-eshte-betonizimi\/\" \/>\n<meta property=\"og:locale\" content=\"en_US\" \/>\n<meta property=\"og:type\" content=\"article\" \/>\n<meta property=\"og:title\" content=\"Karamanaga: \u200bD\u00ebmet nga v\u00ebrshimet n\u00eb Ulqin \u00ebsht\u00eb &quot;Betonizimi&quot; - Lajme nga Ulqini\" \/>\n<meta property=\"og:description\" content=\"Reshjet e shiut dhe era e fort\u00eb ka shkaktuer sot probleme t\u00eb m\u00ebdha n\u00eb t\u00eb gjitha pjes\u00ebt e qytetit ton\u00eb. Rruga kryesore, Rana, rruga ke shkollat, n\u00eb\" \/>\n<meta property=\"og:url\" content=\"https:\/\/www.visit-ulcinj.com\/blog\/2014\/09\/13\/karamanaga-\u200bdemet-nga-vershimet-ne-ulqin-eshte-betonizimi\/\" \/>\n<meta property=\"og:site_name\" content=\"Lajme nga Ulqini\" \/>\n<meta property=\"article:published_time\" content=\"2014-09-13T18:02:25+00:00\" \/>\n<meta property=\"og:image\" content=\"http:\/\/www.visit-ulcinj.com\/blog\/wp-content\/uploads\/2014\/09\/betonizimi-ulqinit.jpg\" \/>\n<meta name=\"twitter:label1\" content=\"Written by\" \/>\n\t<meta name=\"twitter:data1\" content=\"ulqini\" \/>\n\t<meta name=\"twitter:label2\" content=\"Est. reading time\" \/>\n\t<meta name=\"twitter:data2\" content=\"1 minute\" \/>\n<script type=\"application\/ld+json\" class=\"yoast-schema-graph\">{\"@context\":\"https:\/\/schema.org\",\"@graph\":[{\"@type\":\"WebSite\",\"@id\":\"https:\/\/www.visit-ulcinj.com\/blog\/#website\",\"url\":\"https:\/\/www.visit-ulcinj.com\/blog\/\",\"name\":\"Lajme nga Ulqini\",\"description\":\"Lajme,Vijesti,Ulqini,Ulqin,Crna Gora,Mali i Zi\",\"potentialAction\":[{\"@type\":\"SearchAction\",\"target\":{\"@type\":\"EntryPoint\",\"urlTemplate\":\"https:\/\/www.visit-ulcinj.com\/blog\/?s={search_term_string}\"},\"query-input\":\"required name=search_term_string\"}],\"inLanguage\":\"en-US\"},{\"@type\":\"ImageObject\",\"inLanguage\":\"en-US\",\"@id\":\"https:\/\/www.visit-ulcinj.com\/blog\/2014\/09\/13\/karamanaga-%e2%80%8bdemet-nga-vershimet-ne-ulqin-eshte-betonizimi\/#primaryimage\",\"url\":\"https:\/\/www.visit-ulcinj.com\/blog\/wp-content\/uploads\/2014\/09\/betonizimi-ulqinit.jpg\",\"contentUrl\":\"https:\/\/www.visit-ulcinj.com\/blog\/wp-content\/uploads\/2014\/09\/betonizimi-ulqinit.jpg\",\"width\":960,\"height\":720},{\"@type\":\"WebPage\",\"@id\":\"https:\/\/www.visit-ulcinj.com\/blog\/2014\/09\/13\/karamanaga-%e2%80%8bdemet-nga-vershimet-ne-ulqin-eshte-betonizimi\/#webpage\",\"url\":\"https:\/\/www.visit-ulcinj.com\/blog\/2014\/09\/13\/karamanaga-%e2%80%8bdemet-nga-vershimet-ne-ulqin-eshte-betonizimi\/\",\"name\":\"Karamanaga: \u200bD\u00ebmet nga v\u00ebrshimet n\u00eb Ulqin \u00ebsht\u00eb \\\"Betonizimi\\\" - Lajme nga Ulqini\",\"isPartOf\":{\"@id\":\"https:\/\/www.visit-ulcinj.com\/blog\/#website\"},\"primaryImageOfPage\":{\"@id\":\"https:\/\/www.visit-ulcinj.com\/blog\/2014\/09\/13\/karamanaga-%e2%80%8bdemet-nga-vershimet-ne-ulqin-eshte-betonizimi\/#primaryimage\"},\"datePublished\":\"2014-09-13T18:02:25+00:00\",\"dateModified\":\"2014-09-13T18:02:25+00:00\",\"author\":{\"@id\":\"https:\/\/www.visit-ulcinj.com\/blog\/#\/schema\/person\/dcab619c614d3038751c63bc2aadc06d\"},\"description\":\"Reshjet e shiut dhe era e fort\u00eb ka shkaktuer sot probleme t\u00eb m\u00ebdha n\u00eb t\u00eb gjitha pjes\u00ebt e qytetit ton\u00eb. Rruga kryesore, Rana, rruga ke shkollat, n\u00eb\",\"breadcrumb\":{\"@id\":\"https:\/\/www.visit-ulcinj.com\/blog\/2014\/09\/13\/karamanaga-%e2%80%8bdemet-nga-vershimet-ne-ulqin-eshte-betonizimi\/#breadcrumb\"},\"inLanguage\":\"en-US\",\"potentialAction\":[{\"@type\":\"ReadAction\",\"target\":[\"https:\/\/www.visit-ulcinj.com\/blog\/2014\/09\/13\/karamanaga-%e2%80%8bdemet-nga-vershimet-ne-ulqin-eshte-betonizimi\/\"]}]},{\"@type\":\"BreadcrumbList\",\"@id\":\"https:\/\/www.visit-ulcinj.com\/blog\/2014\/09\/13\/karamanaga-%e2%80%8bdemet-nga-vershimet-ne-ulqin-eshte-betonizimi\/#breadcrumb\",\"itemListElement\":[{\"@type\":\"ListItem\",\"position\":1,\"name\":\"Karamanaga: \u200bD\u00ebmet nga v\u00ebrshimet n\u00eb Ulqin \u00ebsht\u00eb &#8220;Betonizimi&#8221;\"}]},{\"@type\":\"Person\",\"@id\":\"https:\/\/www.visit-ulcinj.com\/blog\/#\/schema\/person\/dcab619c614d3038751c63bc2aadc06d\",\"name\":\"ulqini\",\"sameAs\":[\"http:\/\/www.visit-ulcinj.com\"],\"url\":\"https:\/\/www.visit-ulcinj.com\/blog\/author\/admin\/\"}]}<\/script>\n<!-- \/ Yoast SEO plugin. -->","yoast_head_json":{"title":"Karamanaga: \u200bD\u00ebmet nga v\u00ebrshimet n\u00eb Ulqin \u00ebsht\u00eb \"Betonizimi\" - Lajme nga Ulqini","description":"Reshjet e shiut dhe era e fort\u00eb ka shkaktuer sot probleme t\u00eb m\u00ebdha n\u00eb t\u00eb gjitha pjes\u00ebt e qytetit ton\u00eb. Rruga kryesore, Rana, rruga ke shkollat, n\u00eb","robots":{"index":"index","follow":"follow","max-snippet":"max-snippet:-1","max-image-preview":"max-image-preview:large","max-video-preview":"max-video-preview:-1"},"canonical":"https:\/\/www.visit-ulcinj.com\/blog\/2014\/09\/13\/karamanaga-\u200bdemet-nga-vershimet-ne-ulqin-eshte-betonizimi\/","og_locale":"en_US","og_type":"article","og_title":"Karamanaga: \u200bD\u00ebmet nga v\u00ebrshimet n\u00eb Ulqin \u00ebsht\u00eb \"Betonizimi\" - Lajme nga Ulqini","og_description":"Reshjet e shiut dhe era e fort\u00eb ka shkaktuer sot probleme t\u00eb m\u00ebdha n\u00eb t\u00eb gjitha pjes\u00ebt e qytetit ton\u00eb. Rruga kryesore, Rana, rruga ke shkollat, n\u00eb","og_url":"https:\/\/www.visit-ulcinj.com\/blog\/2014\/09\/13\/karamanaga-\u200bdemet-nga-vershimet-ne-ulqin-eshte-betonizimi\/","og_site_name":"Lajme nga Ulqini","article_published_time":"2014-09-13T18:02:25+00:00","og_image":[{"url":"http:\/\/www.visit-ulcinj.com\/blog\/wp-content\/uploads\/2014\/09\/betonizimi-ulqinit.jpg"}],"twitter_misc":{"Written by":"ulqini","Est. reading time":"1 minute"},"schema":{"@context":"https:\/\/schema.org","@graph":[{"@type":"WebSite","@id":"https:\/\/www.visit-ulcinj.com\/blog\/#website","url":"https:\/\/www.visit-ulcinj.com\/blog\/","name":"Lajme nga Ulqini","description":"Lajme,Vijesti,Ulqini,Ulqin,Crna Gora,Mali i Zi","potentialAction":[{"@type":"SearchAction","target":{"@type":"EntryPoint","urlTemplate":"https:\/\/www.visit-ulcinj.com\/blog\/?s={search_term_string}"},"query-input":"required name=search_term_string"}],"inLanguage":"en-US"},{"@type":"ImageObject","inLanguage":"en-US","@id":"https:\/\/www.visit-ulcinj.com\/blog\/2014\/09\/13\/karamanaga-%e2%80%8bdemet-nga-vershimet-ne-ulqin-eshte-betonizimi\/#primaryimage","url":"https:\/\/www.visit-ulcinj.com\/blog\/wp-content\/uploads\/2014\/09\/betonizimi-ulqinit.jpg","contentUrl":"https:\/\/www.visit-ulcinj.com\/blog\/wp-content\/uploads\/2014\/09\/betonizimi-ulqinit.jpg","width":960,"height":720},{"@type":"WebPage","@id":"https:\/\/www.visit-ulcinj.com\/blog\/2014\/09\/13\/karamanaga-%e2%80%8bdemet-nga-vershimet-ne-ulqin-eshte-betonizimi\/#webpage","url":"https:\/\/www.visit-ulcinj.com\/blog\/2014\/09\/13\/karamanaga-%e2%80%8bdemet-nga-vershimet-ne-ulqin-eshte-betonizimi\/","name":"Karamanaga: \u200bD\u00ebmet nga v\u00ebrshimet n\u00eb Ulqin \u00ebsht\u00eb \"Betonizimi\" - Lajme nga Ulqini","isPartOf":{"@id":"https:\/\/www.visit-ulcinj.com\/blog\/#website"},"primaryImageOfPage":{"@id":"https:\/\/www.visit-ulcinj.com\/blog\/2014\/09\/13\/karamanaga-%e2%80%8bdemet-nga-vershimet-ne-ulqin-eshte-betonizimi\/#primaryimage"},"datePublished":"2014-09-13T18:02:25+00:00","dateModified":"2014-09-13T18:02:25+00:00","author":{"@id":"https:\/\/www.visit-ulcinj.com\/blog\/#\/schema\/person\/dcab619c614d3038751c63bc2aadc06d"},"description":"Reshjet e shiut dhe era e fort\u00eb ka shkaktuer sot probleme t\u00eb m\u00ebdha n\u00eb t\u00eb gjitha pjes\u00ebt e qytetit ton\u00eb. Rruga kryesore, Rana, rruga ke shkollat, n\u00eb","breadcrumb":{"@id":"https:\/\/www.visit-ulcinj.com\/blog\/2014\/09\/13\/karamanaga-%e2%80%8bdemet-nga-vershimet-ne-ulqin-eshte-betonizimi\/#breadcrumb"},"inLanguage":"en-US","potentialAction":[{"@type":"ReadAction","target":["https:\/\/www.visit-ulcinj.com\/blog\/2014\/09\/13\/karamanaga-%e2%80%8bdemet-nga-vershimet-ne-ulqin-eshte-betonizimi\/"]}]},{"@type":"BreadcrumbList","@id":"https:\/\/www.visit-ulcinj.com\/blog\/2014\/09\/13\/karamanaga-%e2%80%8bdemet-nga-vershimet-ne-ulqin-eshte-betonizimi\/#breadcrumb","itemListElement":[{"@type":"ListItem","position":1,"name":"Karamanaga: \u200bD\u00ebmet nga v\u00ebrshimet n\u00eb Ulqin \u00ebsht\u00eb &#8220;Betonizimi&#8221;"}]},{"@type":"Person","@id":"https:\/\/www.visit-ulcinj.com\/blog\/#\/schema\/person\/dcab619c614d3038751c63bc2aadc06d","name":"ulqini","sameAs":["http:\/\/www.visit-ulcinj.com"],"url":"https:\/\/www.visit-ulcinj.com\/blog\/author\/admin\/"}]}},"jetpack_featured_media_url":"","jetpack_sharing_enabled":true,"jetpack_shortlink":"https:\/\/wp.me\/pe6lTn-mac","_links":{"self":[{"href":"https:\/\/www.visit-ulcinj.com\/blog\/wp-json\/wp\/v2\/posts\/85200"}],"collection":[{"href":"https:\/\/www.visit-ulcinj.com\/blog\/wp-json\/wp\/v2\/posts"}],"about":[{"href":"https:\/\/www.visit-ulcinj.com\/blog\/wp-json\/wp\/v2\/types\/post"}],"author":[{"embeddable":true,"href":"https:\/\/www.visit-ulcinj.com\/blog\/wp-json\/wp\/v2\/users\/1"}],"replies":[{"embeddable":true,"href":"https:\/\/www.visit-ulcinj.com\/blog\/wp-json\/wp\/v2\/comments?post=85200"}],"version-history":[{"count":1,"href":"https:\/\/www.visit-ulcinj.com\/blog\/wp-json\/wp\/v2\/posts\/85200\/revisions"}],"predecessor-version":[{"id":85202,"href":"https:\/\/www.visit-ulcinj.com\/blog\/wp-json\/wp\/v2\/posts\/85200\/revisions\/85202"}],"wp:attachment":[{"href":"https:\/\/www.visit-ulcinj.com\/blog\/wp-json\/wp\/v2\/media?parent=85200"}],"wp:term":[{"taxonomy":"category","embeddable":true,"href":"https:\/\/www.visit-ulcinj.com\/blog\/wp-json\/wp\/v2\/categories?post=85200"},{"taxonomy":"post_tag","embeddable":true,"href":"https:\/\/www.visit-ulcinj.com\/blog\/wp-json\/wp\/v2\/tags?post=85200"}],"curies":[{"name":"wp","href":"https:\/\/api.w.org\/{rel}","templated":true}]}}