{"id":85203,"date":"2014-09-15T07:45:21","date_gmt":"2014-09-15T06:45:21","guid":{"rendered":"http:\/\/www.visit-ulcinj.com\/blog\/?p=85203"},"modified":"2014-09-15T15:58:51","modified_gmt":"2014-09-15T14:58:51","slug":"sabri-salaj-ulqini-si-arene-diplomatike-ceshtja-e-ulqinit-2","status":"publish","type":"post","link":"https:\/\/www.visit-ulcinj.com\/blog\/2014\/09\/15\/sabri-salaj-ulqini-si-arene-diplomatike-ceshtja-e-ulqinit-2\/","title":{"rendered":"SABRI SALAJ: Ulqini si aren\u00eb diplomatike &#8211; \u00c7\u00cbSHTJA E ULQINIT (2)"},"content":{"rendered":"<p><a href=\"http:\/\/www.visit-ulcinj.com\/blog\/wp-content\/uploads\/2014\/09\/SABRI-SALAJ.jpg\"><img loading=\"lazy\" class=\"alignleft wp-image-84991\" src=\"http:\/\/www.visit-ulcinj.com\/blog\/wp-content\/uploads\/2014\/09\/SABRI-SALAJ.jpg\" alt=\"SABRI SALAJ\" width=\"508\" height=\"381\" srcset=\"https:\/\/www.visit-ulcinj.com\/blog\/wp-content\/uploads\/2014\/09\/SABRI-SALAJ.jpg 640w, https:\/\/www.visit-ulcinj.com\/blog\/wp-content\/uploads\/2014\/09\/SABRI-SALAJ-300x225.jpg 300w\" sizes=\"(max-width: 508px) 100vw, 508px\" \/><\/a>Vendimi i Fuqive t\u00eb M\u00ebdha p\u00ebr shtypjen e Lidhjes Shqiptare nga Porta e Lart\u00eb m\u00eb q\u00ebllim dor\u00ebzimin e Ulqinit, kishte b\u00ebr\u00eb jehon\u00eb t\u00eb m\u00ebdha n\u00eb korrespodenc\u00ebn evropiane ku gazeta \u201cObzor\u201d vinte n\u00eb dukje se Evropa, duke mos pasur mund\u00ebsi t\u00eb luftoj\u00eb kund\u00ebr shqiptar\u00ebve n\u00eb brendin\u00eb kontinentale e detyroi Turqin\u00eb q\u00eb ajo m\u00eb t\u00eb gjitha forcat ta luftonte Lidhjen Shqiptare dhe ta shtypte at\u00eb p\u00ebrbrenda. P\u00ebrndryshe, flota evropiane do t\u00eb p\u00ebrs\u00ebriste rastin e viteve nj\u00ebzet\u00eb t\u00eb shek. XIX n\u00eb Egje me rastin e konflikteve Turqi &#8211; Greqi, marionete e Anglis\u00eb, p\u00ebrkat\u00ebsisht, se flota do ta shkat\u00ebrroj\u00eb Stambollin n\u00eb ngushtica Bosfor-Dardanele. P\u00ebr k\u00ebt\u00eb q\u00ebllim Evropa e t\u00ebrhoqi flot\u00ebn nga Ulqini dhe e nisi drejt Stambollit.<\/p>\n<p>Porta p\u00ebr ta ruajtur kryeqytetin e Turqis\u00eb n\u00eb nj\u00eb an\u00eb dhe n\u00eb an\u00ebn tjet\u00ebr, p\u00ebr shkak se autonomia dhe pavar\u00ebsia e Shqip\u00ebris\u00eb do t\u2019ia hiqte nga dora edhe pjes\u00ebt e fundit n\u00eb viset kontinentale dhe bregdetare t\u00eb Adriatikut n\u00eb Ballkan &#8211; shtypjen e Lidhjes Shqiptare e shtroi si pun\u00eb urgjente t\u00eb qeveris\u00eb turke. P\u00ebr k\u00ebt\u00eb q\u00ebllim Porta e d\u00ebrgoi n\u00eb Shqip\u00ebri Dervish Pash\u00ebn, i cili konsiderohej si pashai m\u00eb i rrept\u00eb dhe armiku m\u00eb i p\u00ebrbetuar i shqiptar\u00ebve.<\/p>\n<p><a href=\"http:\/\/www.visit-ulcinj.com\/blog\/wp-content\/uploads\/2014\/09\/Ulqini-ne-vitet-1901.jpg\"><img loading=\"lazy\" class=\"alignleft wp-image-85009\" src=\"http:\/\/www.visit-ulcinj.com\/blog\/wp-content\/uploads\/2014\/09\/Ulqini-ne-vitet-1901.jpg\" alt=\"Ulqini-ne-vitet-1901\" width=\"508\" height=\"313\" srcset=\"https:\/\/www.visit-ulcinj.com\/blog\/wp-content\/uploads\/2014\/09\/Ulqini-ne-vitet-1901.jpg 547w, https:\/\/www.visit-ulcinj.com\/blog\/wp-content\/uploads\/2014\/09\/Ulqini-ne-vitet-1901-300x184.jpg 300w\" sizes=\"(max-width: 508px) 100vw, 508px\" \/><\/a><\/p>\n<p>Me \u00e7\u00ebshtjen e Ulqinit \u00e7\u00ebshtja shqiptare u kthye n\u00eb agjend\u00eb nd\u00ebrkomb\u00ebtare dhe kishte filluar t\u00eb trajtohet si e till\u00eb duke qen\u00eb prezent n\u00eb t\u00eb gjitha kancelarit\u00eb m\u00eb t\u00eb m\u00ebdha diplomatike. Lidhja Shqiptare n\u00eb mbrojtje t\u00eb trojeve t\u00eb veta etnike kishte fituar nj\u00eb popullaritet t\u00eb madh n\u00eb aren\u00ebn nd\u00ebrkomb\u00ebtare. Shqip\u00ebria ndodhej n\u00eb nj\u00eb zon\u00eb ku nga aspekti gjeostrategjike dhe gjeopolitike p\u00ebrplaste interesat e t\u00eb gjitha Fuqive t\u00eb M\u00ebdha duke b\u00ebr\u00eb q\u00eb \u00e7\u00ebshtja e Ulqinit t\u00eb ishte nj\u00eb aren\u00eb diplomatike, prapaskenat e t\u00eb cil\u00ebs rrezikonin nj\u00eb luft\u00eb t\u00eb p\u00ebrgjithshme. Tendencat cariste p\u00ebr realizimin e projektit t\u00eb tyre t\u00eb Sh\u00ebn Stefanit, v\u00ebzhgoheshin m\u00eb kujdes t\u00eb lart\u00eb nga ana e diplomacis\u00eb angleze, e cila kishte rolin dhe pozit\u00ebn m\u00eb t\u00eb mir\u00eb n\u00eb marr\u00ebdh\u00ebnie nd\u00ebrkomb\u00ebtare. Anglia mbronte iden\u00eb e autonomis\u00eb s\u00eb Shqip\u00ebris\u00eb, si penges\u00eb p\u00ebr zgjerimin e shteteve sllave drejt Ballkanit, por edhe si nj\u00eb kontribut p\u00ebr zgjidhjen e \u00e7\u00ebshtjes lindore. P\u00ebrfaq\u00ebsuesi i Anglis\u00eb n\u00eb Komisionin nd\u00ebrkomb\u00ebtar Fricmoris ishte p\u00ebr nj\u00eb autonomi shqiptare brenda vilajeteve shqiptare. Iden\u00eb e tij p\u00ebr formimin e nj\u00eb shteti shqiptar n\u00eb Ballkan Fritzmaurice e kishte arsyetuar me k\u00ebto fjal\u00eb: \u201c(\u2026).N\u00ebse ndodh shuarja e Perandoris\u00eb Osmane, p\u00ebrkundrazi, me formimin e nj\u00eb Shqip\u00ebrie t\u00eb fort\u00eb, do t\u00eb zhdukeshin t\u00eb gjitha arsyet p\u00ebr nj\u00eb okupim t\u00eb saj nga ndonj\u00eb fuqi e huaj. Shqip\u00ebria do t\u2019i mbyllte lidhjet veri-jug si dhe Siujdhesa Ballkanike do t\u00eb q\u00ebndronte n\u00ebn sundimin e rac\u00ebs me banor\u00eb t\u00eb atjesh\u00ebm\u201d.<\/p>\n<p>Kjo politik\u00eb e Anglis\u00eb n\u00eb mbrojtje t\u00eb \u00e7\u00ebshtjes shqiptare kishte nj\u00eb theks t\u00eb ve\u00e7ant\u00eb n\u00eb qeverisjen e Lordit Beaconsfield- Disraeli duke par\u00eb edhe rrethanat n\u00eb t\u00eb cilat ndodhej politika nd\u00ebrkomb\u00ebtare n\u00eb at\u00eb koh\u00eb, kurse me ardhjen n\u00eb pushtet t\u00eb lordit Gladstone diplomacia angleze ndryshoi edhe kursin e politik\u00ebs p\u00ebr \u00e7\u00ebshtjen shqiptare. Kjo vinte si rezultat i krijimit t\u00eb rrethanave t\u00eb tjera, k\u00ebshtu q\u00eb u detyrua t\u00eb rreshtohej dhe t\u00eb ishte n\u00eb p\u00ebrputhje me interesat gjeopolitike q\u00eb diktonte dhe synonte gjeopolitika dhe diplomacia ruse n\u00eb raport me Ballkanin dhe sllav\u00ebt.<\/p>\n<p>Lordi anglez Gladston, politik\u00ebn dhe diplomacin\u00eb e tij britanike e orientoi t\u00ebr\u00ebsisht n\u00eb drejtim t\u00eb kund\u00ebrt me \u00e7\u00ebshtjen shqiptare, pra n\u00eb nj\u00eb drejtim krejt tjet\u00ebr, t\u00eb pafavorsh\u00ebm p\u00ebr synimet, p\u00ebrpjekjet dhe aspiratat e shqiptar\u00ebve. Diplomacia angleze dhe politika e jashtme e saj, me ardhjen e Lordit Gladstone n\u00eb krye t\u00eb qeveris\u00eb britanike, tanim\u00eb ishte n\u00eb p\u00ebrputhje dhe e rreshtuar me interesat gjeopolitike q\u00eb diktonte dhe synonte gjeopolitika dhe diplomacia ruse n\u00eb raport me Ballkanin dhe sllav\u00ebt.<\/p>\n<p>Publicistja e njohur angleze Mery Edith Durham lidhur me vendimin e Fuqive t\u00eb M\u00ebdha q\u00eb Ulqini t\u2019i jepej Malit t\u00eb Zi, e akuzonte ve\u00e7an\u00ebrisht q\u00ebndrimin e kryeministrit britanik Glledston (Gladstone). Ajo n\u00ebp\u00ebrmjet tjerash n\u00ebnvizon \u201c(\u2026) Ndon\u00ebse kishte njohuri t\u00eb cek\u00ebta mbi kish\u00ebn ortodokse, ai Gladstone kultivonte simpati t\u00eb jasht\u00ebzakonshme p\u00ebr te, nd\u00ebrkaq duke qen\u00eb i bindur n\u00eb iden\u00eb e pagabueshme se \u00e7do mysliman ishte turk, ai u pajtua q\u00eb Malit t\u00eb Zi t\u2019i jepej Ulqini, qytet i past\u00ebr shqiptar (\u2026) Ky ishte vendim tejet i padrejt\u00eb dhe mizor\u00eb. Ulqini n\u00eb koh\u00ebn e [sundimit t\u00eb] mbret\u00ebrve serb\u00eb [gjat\u00eb Mesjet\u00ebs] ruajti autonomin\u00eb e vet, nj\u00eb koh\u00eb bile shtypte edhe monedh\u00ebn e vet. T\u00eb gjith\u00eb udh\u00ebp\u00ebrshkruesit e koh\u00ebve t\u00eb shkuara sh\u00ebnojn\u00eb se atje flitej gjuha shqipe. Malazez\u00ebt nuk ia dol\u00ebn ta marrin at\u00eb dhe nuk kan\u00eb t\u00eb drejt\u00eb mbi te. Vet\u00ebm demonstrimi i detar i Fuqive i detyroi shqiptar\u00ebt ta dor\u00ebzonin qytetin &#8211; ishte kjo nd\u00ebr aktet k\u00ebrc\u00ebnuese m\u00eb t\u00eb sh\u00ebmtuara t\u00eb Fuqive deri n\u00eb at\u00eb koh\u00eb\u201d. <em>(M. Edith Durham, Twenty Years of Balkan Tangle, London: George Allen&amp;Unwin LTD, 1920, P.35.)<\/em><\/p>\n<p>Sa i p\u00ebrket Gadishullit Ballkanik Rusia n\u00eb konkurrenc\u00eb p\u00ebr ndarje t\u00eb zonave t\u00eb interesit kishte Austro-Hungarin\u00eb. Ketij rivaliteti n\u00eb m\u00ebnyr\u00eb indirekte pas bashkimit iu shtua edhe Italia e cila filloi t\u00eb b\u00ebhej faktor i r\u00ebnd\u00ebsish\u00ebm n\u00eb politikat nd\u00ebrkomb\u00ebtare. Anglia dhe Franca interesat e t\u00eb cilave nuk ishin n\u00eb nj\u00eb vij\u00eb me fuqit\u00eb e tjera k\u00ebrkonin dhe hartonin strategji q\u00eb t\u2019i zgjidhnin sa m\u00eb shpejt \u00e7\u00ebshtjen e Ballkanin, ku si synim kishin mos krijimin e konflikteve tjera zon\u00eb e interesit t\u00eb tyre. E gjith\u00eb kjo p\u00ebrplasje nd\u00ebrmjet fuqive t\u00eb m\u00ebdha, q\u00eb \u00e7\u00ebshtja e Kriz\u00ebs Lindore t\u00eb zgjidhej, pa prekur interesat e tyre gjeopolitike dhe gjeostrategjike p\u00ebr faktorin shqiptar dhe \u00e7\u00ebshtjen e Shqip\u00ebris\u00eb s\u00eb Veriut n\u00eb ve\u00e7anti p\u00ebrb\u00ebnte betej\u00ebn me t\u00eb madhe mbi t\u00eb cil\u00ebn dhe si duhet t\u00eb nd\u00ebrtohet mbrojtja e trojeve t\u00eb tyre etnike.<\/p>\n","protected":false},"excerpt":{"rendered":"<p>Vendimi i Fuqive t\u00eb M\u00ebdha p\u00ebr shtypjen e Lidhjes Shqiptare nga Porta e Lart\u00eb m\u00eb q\u00ebllim dor\u00ebzimin e Ulqinit, kishte b\u00ebr\u00eb jehon\u00eb t\u00eb m\u00ebdha n\u00eb korrespodenc\u00ebn evropiane ku gazeta \u201cObzor\u201d vinte n\u00eb dukje se Evropa, duke mos pasur mund\u00ebsi t\u00eb luftoj\u00eb kund\u00ebr shqiptar\u00ebve n\u00eb brendin\u00eb kontinentale e detyroi Turqin\u00eb q\u00eb ajo m\u00eb t\u00eb gjitha forcat [&hellip;]<\/p>\n","protected":false},"author":1,"featured_media":0,"comment_status":"closed","ping_status":"closed","sticky":false,"template":"","format":"standard","meta":{"spay_email":"","jetpack_publicize_message":"","jetpack_is_tweetstorm":false,"jetpack_publicize_feature_enabled":true},"categories":[1,14249],"tags":[],"jetpack_publicize_connections":[],"yoast_head":"<!-- This site is optimized with the Yoast SEO plugin v19.1 - https:\/\/yoast.com\/wordpress\/plugins\/seo\/ -->\n<title>SABRI SALAJ: Ulqini si aren\u00eb diplomatike - \u00c7\u00cbSHTJA E ULQINIT (2) - Lajme nga Ulqini<\/title>\n<meta name=\"description\" content=\"Vendimi i Fuqive t\u00eb M\u00ebdha p\u00ebr shtypjen e Lidhjes Shqiptare nga Porta e Lart\u00eb m\u00eb q\u00ebllim dor\u00ebzimin e Ulqinit, kishte b\u00ebr\u00eb jehon\u00eb t\u00eb m\u00ebdha n\u00eb korrespodenc\u00ebn\" \/>\n<meta name=\"robots\" content=\"index, follow, max-snippet:-1, max-image-preview:large, max-video-preview:-1\" \/>\n<link rel=\"canonical\" href=\"https:\/\/www.visit-ulcinj.com\/blog\/2014\/09\/15\/sabri-salaj-ulqini-si-arene-diplomatike-ceshtja-e-ulqinit-2\/\" \/>\n<meta property=\"og:locale\" content=\"en_US\" \/>\n<meta property=\"og:type\" content=\"article\" \/>\n<meta property=\"og:title\" content=\"SABRI SALAJ: Ulqini si aren\u00eb diplomatike - \u00c7\u00cbSHTJA E ULQINIT (2) - Lajme nga Ulqini\" \/>\n<meta property=\"og:description\" content=\"Vendimi i Fuqive t\u00eb M\u00ebdha p\u00ebr shtypjen e Lidhjes Shqiptare nga Porta e Lart\u00eb m\u00eb q\u00ebllim dor\u00ebzimin e Ulqinit, kishte b\u00ebr\u00eb jehon\u00eb t\u00eb m\u00ebdha n\u00eb korrespodenc\u00ebn\" \/>\n<meta property=\"og:url\" content=\"https:\/\/www.visit-ulcinj.com\/blog\/2014\/09\/15\/sabri-salaj-ulqini-si-arene-diplomatike-ceshtja-e-ulqinit-2\/\" \/>\n<meta property=\"og:site_name\" content=\"Lajme nga Ulqini\" \/>\n<meta property=\"article:published_time\" content=\"2014-09-15T06:45:21+00:00\" \/>\n<meta property=\"article:modified_time\" content=\"2014-09-15T14:58:51+00:00\" \/>\n<meta property=\"og:image\" content=\"http:\/\/www.visit-ulcinj.com\/blog\/wp-content\/uploads\/2014\/09\/SABRI-SALAJ.jpg\" \/>\n<meta name=\"twitter:label1\" content=\"Written by\" \/>\n\t<meta name=\"twitter:data1\" content=\"ulqini\" \/>\n\t<meta name=\"twitter:label2\" content=\"Est. reading time\" \/>\n\t<meta name=\"twitter:data2\" content=\"5 minutes\" \/>\n<script type=\"application\/ld+json\" class=\"yoast-schema-graph\">{\"@context\":\"https:\/\/schema.org\",\"@graph\":[{\"@type\":\"WebSite\",\"@id\":\"https:\/\/www.visit-ulcinj.com\/blog\/#website\",\"url\":\"https:\/\/www.visit-ulcinj.com\/blog\/\",\"name\":\"Lajme nga Ulqini\",\"description\":\"Lajme,Vijesti,Ulqini,Ulqin,Crna Gora,Mali i Zi\",\"potentialAction\":[{\"@type\":\"SearchAction\",\"target\":{\"@type\":\"EntryPoint\",\"urlTemplate\":\"https:\/\/www.visit-ulcinj.com\/blog\/?s={search_term_string}\"},\"query-input\":\"required name=search_term_string\"}],\"inLanguage\":\"en-US\"},{\"@type\":\"ImageObject\",\"inLanguage\":\"en-US\",\"@id\":\"https:\/\/www.visit-ulcinj.com\/blog\/2014\/09\/15\/sabri-salaj-ulqini-si-arene-diplomatike-ceshtja-e-ulqinit-2\/#primaryimage\",\"url\":\"https:\/\/www.visit-ulcinj.com\/blog\/wp-content\/uploads\/2014\/09\/SABRI-SALAJ.jpg\",\"contentUrl\":\"https:\/\/www.visit-ulcinj.com\/blog\/wp-content\/uploads\/2014\/09\/SABRI-SALAJ.jpg\",\"width\":640,\"height\":480},{\"@type\":\"WebPage\",\"@id\":\"https:\/\/www.visit-ulcinj.com\/blog\/2014\/09\/15\/sabri-salaj-ulqini-si-arene-diplomatike-ceshtja-e-ulqinit-2\/#webpage\",\"url\":\"https:\/\/www.visit-ulcinj.com\/blog\/2014\/09\/15\/sabri-salaj-ulqini-si-arene-diplomatike-ceshtja-e-ulqinit-2\/\",\"name\":\"SABRI SALAJ: Ulqini si aren\u00eb diplomatike - \u00c7\u00cbSHTJA E ULQINIT (2) - Lajme nga Ulqini\",\"isPartOf\":{\"@id\":\"https:\/\/www.visit-ulcinj.com\/blog\/#website\"},\"primaryImageOfPage\":{\"@id\":\"https:\/\/www.visit-ulcinj.com\/blog\/2014\/09\/15\/sabri-salaj-ulqini-si-arene-diplomatike-ceshtja-e-ulqinit-2\/#primaryimage\"},\"datePublished\":\"2014-09-15T06:45:21+00:00\",\"dateModified\":\"2014-09-15T14:58:51+00:00\",\"author\":{\"@id\":\"https:\/\/www.visit-ulcinj.com\/blog\/#\/schema\/person\/dcab619c614d3038751c63bc2aadc06d\"},\"description\":\"Vendimi i Fuqive t\u00eb M\u00ebdha p\u00ebr shtypjen e Lidhjes Shqiptare nga Porta e Lart\u00eb m\u00eb q\u00ebllim dor\u00ebzimin e Ulqinit, kishte b\u00ebr\u00eb jehon\u00eb t\u00eb m\u00ebdha n\u00eb korrespodenc\u00ebn\",\"breadcrumb\":{\"@id\":\"https:\/\/www.visit-ulcinj.com\/blog\/2014\/09\/15\/sabri-salaj-ulqini-si-arene-diplomatike-ceshtja-e-ulqinit-2\/#breadcrumb\"},\"inLanguage\":\"en-US\",\"potentialAction\":[{\"@type\":\"ReadAction\",\"target\":[\"https:\/\/www.visit-ulcinj.com\/blog\/2014\/09\/15\/sabri-salaj-ulqini-si-arene-diplomatike-ceshtja-e-ulqinit-2\/\"]}]},{\"@type\":\"BreadcrumbList\",\"@id\":\"https:\/\/www.visit-ulcinj.com\/blog\/2014\/09\/15\/sabri-salaj-ulqini-si-arene-diplomatike-ceshtja-e-ulqinit-2\/#breadcrumb\",\"itemListElement\":[{\"@type\":\"ListItem\",\"position\":1,\"name\":\"SABRI SALAJ: Ulqini si aren\u00eb diplomatike &#8211; \u00c7\u00cbSHTJA E ULQINIT (2)\"}]},{\"@type\":\"Person\",\"@id\":\"https:\/\/www.visit-ulcinj.com\/blog\/#\/schema\/person\/dcab619c614d3038751c63bc2aadc06d\",\"name\":\"ulqini\",\"sameAs\":[\"http:\/\/www.visit-ulcinj.com\"],\"url\":\"https:\/\/www.visit-ulcinj.com\/blog\/author\/admin\/\"}]}<\/script>\n<!-- \/ Yoast SEO plugin. -->","yoast_head_json":{"title":"SABRI SALAJ: Ulqini si aren\u00eb diplomatike - \u00c7\u00cbSHTJA E ULQINIT (2) - Lajme nga Ulqini","description":"Vendimi i Fuqive t\u00eb M\u00ebdha p\u00ebr shtypjen e Lidhjes Shqiptare nga Porta e Lart\u00eb m\u00eb q\u00ebllim dor\u00ebzimin e Ulqinit, kishte b\u00ebr\u00eb jehon\u00eb t\u00eb m\u00ebdha n\u00eb korrespodenc\u00ebn","robots":{"index":"index","follow":"follow","max-snippet":"max-snippet:-1","max-image-preview":"max-image-preview:large","max-video-preview":"max-video-preview:-1"},"canonical":"https:\/\/www.visit-ulcinj.com\/blog\/2014\/09\/15\/sabri-salaj-ulqini-si-arene-diplomatike-ceshtja-e-ulqinit-2\/","og_locale":"en_US","og_type":"article","og_title":"SABRI SALAJ: Ulqini si aren\u00eb diplomatike - \u00c7\u00cbSHTJA E ULQINIT (2) - Lajme nga Ulqini","og_description":"Vendimi i Fuqive t\u00eb M\u00ebdha p\u00ebr shtypjen e Lidhjes Shqiptare nga Porta e Lart\u00eb m\u00eb q\u00ebllim dor\u00ebzimin e Ulqinit, kishte b\u00ebr\u00eb jehon\u00eb t\u00eb m\u00ebdha n\u00eb korrespodenc\u00ebn","og_url":"https:\/\/www.visit-ulcinj.com\/blog\/2014\/09\/15\/sabri-salaj-ulqini-si-arene-diplomatike-ceshtja-e-ulqinit-2\/","og_site_name":"Lajme nga Ulqini","article_published_time":"2014-09-15T06:45:21+00:00","article_modified_time":"2014-09-15T14:58:51+00:00","og_image":[{"url":"http:\/\/www.visit-ulcinj.com\/blog\/wp-content\/uploads\/2014\/09\/SABRI-SALAJ.jpg"}],"twitter_misc":{"Written by":"ulqini","Est. reading time":"5 minutes"},"schema":{"@context":"https:\/\/schema.org","@graph":[{"@type":"WebSite","@id":"https:\/\/www.visit-ulcinj.com\/blog\/#website","url":"https:\/\/www.visit-ulcinj.com\/blog\/","name":"Lajme nga Ulqini","description":"Lajme,Vijesti,Ulqini,Ulqin,Crna Gora,Mali i Zi","potentialAction":[{"@type":"SearchAction","target":{"@type":"EntryPoint","urlTemplate":"https:\/\/www.visit-ulcinj.com\/blog\/?s={search_term_string}"},"query-input":"required name=search_term_string"}],"inLanguage":"en-US"},{"@type":"ImageObject","inLanguage":"en-US","@id":"https:\/\/www.visit-ulcinj.com\/blog\/2014\/09\/15\/sabri-salaj-ulqini-si-arene-diplomatike-ceshtja-e-ulqinit-2\/#primaryimage","url":"https:\/\/www.visit-ulcinj.com\/blog\/wp-content\/uploads\/2014\/09\/SABRI-SALAJ.jpg","contentUrl":"https:\/\/www.visit-ulcinj.com\/blog\/wp-content\/uploads\/2014\/09\/SABRI-SALAJ.jpg","width":640,"height":480},{"@type":"WebPage","@id":"https:\/\/www.visit-ulcinj.com\/blog\/2014\/09\/15\/sabri-salaj-ulqini-si-arene-diplomatike-ceshtja-e-ulqinit-2\/#webpage","url":"https:\/\/www.visit-ulcinj.com\/blog\/2014\/09\/15\/sabri-salaj-ulqini-si-arene-diplomatike-ceshtja-e-ulqinit-2\/","name":"SABRI SALAJ: Ulqini si aren\u00eb diplomatike - \u00c7\u00cbSHTJA E ULQINIT (2) - Lajme nga Ulqini","isPartOf":{"@id":"https:\/\/www.visit-ulcinj.com\/blog\/#website"},"primaryImageOfPage":{"@id":"https:\/\/www.visit-ulcinj.com\/blog\/2014\/09\/15\/sabri-salaj-ulqini-si-arene-diplomatike-ceshtja-e-ulqinit-2\/#primaryimage"},"datePublished":"2014-09-15T06:45:21+00:00","dateModified":"2014-09-15T14:58:51+00:00","author":{"@id":"https:\/\/www.visit-ulcinj.com\/blog\/#\/schema\/person\/dcab619c614d3038751c63bc2aadc06d"},"description":"Vendimi i Fuqive t\u00eb M\u00ebdha p\u00ebr shtypjen e Lidhjes Shqiptare nga Porta e Lart\u00eb m\u00eb q\u00ebllim dor\u00ebzimin e Ulqinit, kishte b\u00ebr\u00eb jehon\u00eb t\u00eb m\u00ebdha n\u00eb korrespodenc\u00ebn","breadcrumb":{"@id":"https:\/\/www.visit-ulcinj.com\/blog\/2014\/09\/15\/sabri-salaj-ulqini-si-arene-diplomatike-ceshtja-e-ulqinit-2\/#breadcrumb"},"inLanguage":"en-US","potentialAction":[{"@type":"ReadAction","target":["https:\/\/www.visit-ulcinj.com\/blog\/2014\/09\/15\/sabri-salaj-ulqini-si-arene-diplomatike-ceshtja-e-ulqinit-2\/"]}]},{"@type":"BreadcrumbList","@id":"https:\/\/www.visit-ulcinj.com\/blog\/2014\/09\/15\/sabri-salaj-ulqini-si-arene-diplomatike-ceshtja-e-ulqinit-2\/#breadcrumb","itemListElement":[{"@type":"ListItem","position":1,"name":"SABRI SALAJ: Ulqini si aren\u00eb diplomatike &#8211; \u00c7\u00cbSHTJA E ULQINIT (2)"}]},{"@type":"Person","@id":"https:\/\/www.visit-ulcinj.com\/blog\/#\/schema\/person\/dcab619c614d3038751c63bc2aadc06d","name":"ulqini","sameAs":["http:\/\/www.visit-ulcinj.com"],"url":"https:\/\/www.visit-ulcinj.com\/blog\/author\/admin\/"}]}},"jetpack_featured_media_url":"","jetpack_sharing_enabled":true,"jetpack_shortlink":"https:\/\/wp.me\/pe6lTn-maf","_links":{"self":[{"href":"https:\/\/www.visit-ulcinj.com\/blog\/wp-json\/wp\/v2\/posts\/85203"}],"collection":[{"href":"https:\/\/www.visit-ulcinj.com\/blog\/wp-json\/wp\/v2\/posts"}],"about":[{"href":"https:\/\/www.visit-ulcinj.com\/blog\/wp-json\/wp\/v2\/types\/post"}],"author":[{"embeddable":true,"href":"https:\/\/www.visit-ulcinj.com\/blog\/wp-json\/wp\/v2\/users\/1"}],"replies":[{"embeddable":true,"href":"https:\/\/www.visit-ulcinj.com\/blog\/wp-json\/wp\/v2\/comments?post=85203"}],"version-history":[{"count":1,"href":"https:\/\/www.visit-ulcinj.com\/blog\/wp-json\/wp\/v2\/posts\/85203\/revisions"}],"predecessor-version":[{"id":85204,"href":"https:\/\/www.visit-ulcinj.com\/blog\/wp-json\/wp\/v2\/posts\/85203\/revisions\/85204"}],"wp:attachment":[{"href":"https:\/\/www.visit-ulcinj.com\/blog\/wp-json\/wp\/v2\/media?parent=85203"}],"wp:term":[{"taxonomy":"category","embeddable":true,"href":"https:\/\/www.visit-ulcinj.com\/blog\/wp-json\/wp\/v2\/categories?post=85203"},{"taxonomy":"post_tag","embeddable":true,"href":"https:\/\/www.visit-ulcinj.com\/blog\/wp-json\/wp\/v2\/tags?post=85203"}],"curies":[{"name":"wp","href":"https:\/\/api.w.org\/{rel}","templated":true}]}}