{"id":85205,"date":"2014-09-15T15:30:35","date_gmt":"2014-09-15T14:30:35","guid":{"rendered":"http:\/\/www.visit-ulcinj.com\/blog\/?p=85205"},"modified":"2014-09-16T10:48:28","modified_gmt":"2014-09-16T09:48:28","slug":"forca-viti-ri-shkollor-programe-e-tekste-mesimore-te-imponuara","status":"publish","type":"post","link":"https:\/\/www.visit-ulcinj.com\/blog\/2014\/09\/15\/forca-viti-ri-shkollor-programe-e-tekste-mesimore-te-imponuara\/","title":{"rendered":"Forca: Viti i ri shkollor me programe e tekste m\u00ebsimore  t\u00eb imponuara"},"content":{"rendered":"<p>Fillimi i vitit t\u00eb ri shkollor p\u00ebr nx\u00ebn\u00ebsit m\u00eb m\u00ebsim n\u00eb shqip shkollat n\u00eb Mal t\u00eb Zi, nuk paraqet ndonj\u00eb risi n\u00eb krahasim me vitet e kaluara. Fjal\u00ebn e kemi t\u00eb programet m\u00ebsimore dhe tekstet shkollore p\u00ebr l\u00ebnd\u00ebt e identitetit komb\u00ebtar. P\u00ebrjashtim k\u00ebtu b\u00ebn vet\u00ebm programi m\u00ebsimor nga l\u00ebnda e gjuh\u00ebs shqipe dhe let\u00ebrsis\u00eb, nd\u00ebrsa programet tjera sidomos nga l\u00ebnda e historis\u00eb, kultur\u00ebs muzikore dhe gjeografis\u00eb jan\u00eb t\u00eb pap\u00ebrshtasthme dhe si t\u00eb tilla kund\u00ebr identitetit komb\u00ebtar t\u00eb shqiptar\u00ebve n\u00eb k\u00ebt\u00eb mjedis. Me nj\u00eb fjal\u00eb kemi gjithnj\u00eb programe dhe tekste shkollore t\u00eb imponuara p\u00ebr nx\u00ebnsit n\u00eb shkollat m\u00eb m\u00ebsim n\u00eb gjuh\u00ebn shqipe. Imponimi i teksteve t\u00eb p\u00ebrkthyera n\u00eb gjuh\u00ebn shqipe p\u00ebrve\u00e7 tekstit nga gjuha amtare, \u00ebsht\u00eb dukuri e demoduar dhe e d\u00ebmshme p\u00ebr identitetin komb\u00ebtar t\u00eb shqiptar\u00ebve. Mos p\u00ebrdorimi Abetar\u00ebs mbar\u00ebkomb\u00ebtare p\u00ebr shqiptar\u00ebt n\u00eb Mal t\u00eb Zi, \u00ebsht\u00eb d\u00ebshmi e mentalitetit nga koha e kaluar n\u00eb Ministrin\u00eb e Arsimit n\u00eb Mal t\u00eb Zi.<\/p>\n<p><a href=\"http:\/\/www.visit-ulcinj.com\/blog\/wp-content\/uploads\/2014\/09\/mesimet-e-imponuara-ulqin.jpg\"><img loading=\"lazy\" class=\"alignleft wp-image-85206\" src=\"http:\/\/www.visit-ulcinj.com\/blog\/wp-content\/uploads\/2014\/09\/mesimet-e-imponuara-ulqin.jpg\" alt=\"mesimet-e-imponuara-ulqin\" width=\"508\" height=\"590\" srcset=\"https:\/\/www.visit-ulcinj.com\/blog\/wp-content\/uploads\/2014\/09\/mesimet-e-imponuara-ulqin.jpg 720w, https:\/\/www.visit-ulcinj.com\/blog\/wp-content\/uploads\/2014\/09\/mesimet-e-imponuara-ulqin-258x300.jpg 258w\" sizes=\"(max-width: 508px) 100vw, 508px\" \/><\/a><\/p>\n<p>N\u00eb k\u00ebt\u00eb aspekt nuk kemi nevoj\u00eb p\u00ebr deklarata formale por k\u00ebto \u00e7\u00ebshtje meritojn\u00eb qasje serioze dhe zgjidhje optimale nga ana e Ministris\u00eb s\u00eb Arsimit e cila \u00ebsht\u00eb p\u00ebrgjegj\u00ebse p\u00ebr keto programe m\u00ebsimore dhe tekste shkollore t\u00eb imponuara.<\/p>\n<p>N\u00eb lidhje me k\u00ebt\u00eb \u00e7\u00ebshtje patjet\u00ebr duhet t\u00eb konsultohet K\u00ebshilli Komb\u00ebtar i Shqiptar\u00ebve n\u00eb Mal t\u00eb Zi, e pastaj t\u00eb miratohen programet m\u00ebsimore dhe tekstet shkollore p\u00ebr shkollat m\u00eb m\u00ebsim n\u00eb gjuh\u00ebn shqipe n\u00eb Mal t\u00eb Zi. \u00cbsht\u00eb obligim kushtetues dhe ligjor q\u00eb t\u00eb respektohen ligjet dhe aktet demokratike nd\u00ebrkombetare, p\u00ebr mjediset e ndryshme multinacionale.<\/p>\n<p>Pik\u00ebrisht p\u00ebr fush\u00ebn e arsimit ekzistojn\u00eb modele t\u00eb njohura por duhet t\u00eb ekzistoj\u00eb vullneti politik i pushtetit, p\u00ebr aplikimin e tyre. Ndon\u00ebse jemi n\u00eb pluraliz\u00ebm n\u00eb Mal t\u00eb Zi, n\u00eb fush\u00ebn e arsimit vazhdon qasja unitariste e cila nuk \u00ebsht\u00eb n\u00eb favor t\u00eb barazis\u00eb nacionale dhe qytetare n\u00eb ket\u00eb mjedis multinacional.<\/p>\n<p>Ne jemi p\u00ebr qasje profesionale n\u00eb fush\u00ebn e arsimit duke \u00a0inkuadruar edhe kuadrat shqiptare q\u00eb jan\u00eb d\u00ebshmuar n\u00eb profilet e tyre profesionale, e jo p\u00ebr politizim t\u00eb tij sikurse \u00ebsht\u00eb situata me vite t\u00eb t\u00ebra n\u00eb Mal t\u00eb Zi.<\/p>\n<p>&nbsp;<\/p>\n<p><strong>Sh\u00ebrbimi p\u00ebr informim i Forc\u00ebs<\/strong><\/p>\n<p><a href=\"http:\/\/www.visit-ulcinj.com\/blog\/wp-content\/uploads\/2014\/09\/I-lindur-fajtor-ulqin.jpg\"><img loading=\"lazy\" class=\"alignleft wp-image-85189\" src=\"http:\/\/www.visit-ulcinj.com\/blog\/wp-content\/uploads\/2014\/09\/I-lindur-fajtor-ulqin.jpg\" alt=\"I lindur fajtor-ulqin\" width=\"508\" height=\"381\" srcset=\"https:\/\/www.visit-ulcinj.com\/blog\/wp-content\/uploads\/2014\/09\/I-lindur-fajtor-ulqin.jpg 960w, https:\/\/www.visit-ulcinj.com\/blog\/wp-content\/uploads\/2014\/09\/I-lindur-fajtor-ulqin-300x225.jpg 300w\" sizes=\"(max-width: 508px) 100vw, 508px\" \/><\/a><\/p>\n","protected":false},"excerpt":{"rendered":"<p>Fillimi i vitit t\u00eb ri shkollor p\u00ebr nx\u00ebn\u00ebsit m\u00eb m\u00ebsim n\u00eb shqip shkollat n\u00eb Mal t\u00eb Zi, nuk paraqet ndonj\u00eb risi n\u00eb krahasim me vitet e kaluara. Fjal\u00ebn e kemi t\u00eb programet m\u00ebsimore dhe tekstet shkollore p\u00ebr l\u00ebnd\u00ebt e identitetit komb\u00ebtar. P\u00ebrjashtim k\u00ebtu b\u00ebn vet\u00ebm programi m\u00ebsimor nga l\u00ebnda e gjuh\u00ebs shqipe dhe let\u00ebrsis\u00eb, nd\u00ebrsa [&hellip;]<\/p>\n","protected":false},"author":1,"featured_media":0,"comment_status":"closed","ping_status":"closed","sticky":false,"template":"","format":"standard","meta":{"spay_email":"","jetpack_publicize_message":"","jetpack_is_tweetstorm":false,"jetpack_publicize_feature_enabled":true},"categories":[1,12],"tags":[],"jetpack_publicize_connections":[],"yoast_head":"<!-- This site is optimized with the Yoast SEO plugin v19.1 - https:\/\/yoast.com\/wordpress\/plugins\/seo\/ -->\n<title>Forca: Viti i ri shkollor me programe e tekste m\u00ebsimore t\u00eb imponuara - Lajme nga Ulqini<\/title>\n<meta name=\"description\" content=\"Fillimi i vitit t\u00eb ri shkollor p\u00ebr nx\u00ebn\u00ebsit m\u00eb m\u00ebsim n\u00eb shqip shkollat n\u00eb Mal t\u00eb Zi, nuk paraqet ndonj\u00eb risi n\u00eb krahasim me vitet e kaluara. Fjal\u00ebn e kemi\" \/>\n<meta name=\"robots\" content=\"index, follow, max-snippet:-1, max-image-preview:large, max-video-preview:-1\" \/>\n<link rel=\"canonical\" href=\"https:\/\/www.visit-ulcinj.com\/blog\/2014\/09\/15\/forca-viti-ri-shkollor-programe-e-tekste-mesimore-te-imponuara\/\" \/>\n<meta property=\"og:locale\" content=\"en_US\" \/>\n<meta property=\"og:type\" content=\"article\" \/>\n<meta property=\"og:title\" content=\"Forca: Viti i ri shkollor me programe e tekste m\u00ebsimore t\u00eb imponuara - Lajme nga Ulqini\" \/>\n<meta property=\"og:description\" content=\"Fillimi i vitit t\u00eb ri shkollor p\u00ebr nx\u00ebn\u00ebsit m\u00eb m\u00ebsim n\u00eb shqip shkollat n\u00eb Mal t\u00eb Zi, nuk paraqet ndonj\u00eb risi n\u00eb krahasim me vitet e kaluara. Fjal\u00ebn e kemi\" \/>\n<meta property=\"og:url\" content=\"https:\/\/www.visit-ulcinj.com\/blog\/2014\/09\/15\/forca-viti-ri-shkollor-programe-e-tekste-mesimore-te-imponuara\/\" \/>\n<meta property=\"og:site_name\" content=\"Lajme nga Ulqini\" \/>\n<meta property=\"article:published_time\" content=\"2014-09-15T14:30:35+00:00\" \/>\n<meta property=\"article:modified_time\" content=\"2014-09-16T09:48:28+00:00\" \/>\n<meta property=\"og:image\" content=\"http:\/\/www.visit-ulcinj.com\/blog\/wp-content\/uploads\/2014\/09\/mesimet-e-imponuara-ulqin.jpg\" \/>\n<meta name=\"twitter:label1\" content=\"Written by\" \/>\n\t<meta name=\"twitter:data1\" content=\"ulqini\" \/>\n\t<meta name=\"twitter:label2\" content=\"Est. reading time\" \/>\n\t<meta name=\"twitter:data2\" content=\"2 minutes\" \/>\n<script type=\"application\/ld+json\" class=\"yoast-schema-graph\">{\"@context\":\"https:\/\/schema.org\",\"@graph\":[{\"@type\":\"WebSite\",\"@id\":\"https:\/\/www.visit-ulcinj.com\/blog\/#website\",\"url\":\"https:\/\/www.visit-ulcinj.com\/blog\/\",\"name\":\"Lajme nga Ulqini\",\"description\":\"Lajme,Vijesti,Ulqini,Ulqin,Crna Gora,Mali i Zi\",\"potentialAction\":[{\"@type\":\"SearchAction\",\"target\":{\"@type\":\"EntryPoint\",\"urlTemplate\":\"https:\/\/www.visit-ulcinj.com\/blog\/?s={search_term_string}\"},\"query-input\":\"required name=search_term_string\"}],\"inLanguage\":\"en-US\"},{\"@type\":\"ImageObject\",\"inLanguage\":\"en-US\",\"@id\":\"https:\/\/www.visit-ulcinj.com\/blog\/2014\/09\/15\/forca-viti-ri-shkollor-programe-e-tekste-mesimore-te-imponuara\/#primaryimage\",\"url\":\"https:\/\/www.visit-ulcinj.com\/blog\/wp-content\/uploads\/2014\/09\/mesimet-e-imponuara-ulqin.jpg\",\"contentUrl\":\"https:\/\/www.visit-ulcinj.com\/blog\/wp-content\/uploads\/2014\/09\/mesimet-e-imponuara-ulqin.jpg\",\"width\":720,\"height\":836},{\"@type\":\"WebPage\",\"@id\":\"https:\/\/www.visit-ulcinj.com\/blog\/2014\/09\/15\/forca-viti-ri-shkollor-programe-e-tekste-mesimore-te-imponuara\/#webpage\",\"url\":\"https:\/\/www.visit-ulcinj.com\/blog\/2014\/09\/15\/forca-viti-ri-shkollor-programe-e-tekste-mesimore-te-imponuara\/\",\"name\":\"Forca: Viti i ri shkollor me programe e tekste m\u00ebsimore t\u00eb imponuara - Lajme nga Ulqini\",\"isPartOf\":{\"@id\":\"https:\/\/www.visit-ulcinj.com\/blog\/#website\"},\"primaryImageOfPage\":{\"@id\":\"https:\/\/www.visit-ulcinj.com\/blog\/2014\/09\/15\/forca-viti-ri-shkollor-programe-e-tekste-mesimore-te-imponuara\/#primaryimage\"},\"datePublished\":\"2014-09-15T14:30:35+00:00\",\"dateModified\":\"2014-09-16T09:48:28+00:00\",\"author\":{\"@id\":\"https:\/\/www.visit-ulcinj.com\/blog\/#\/schema\/person\/dcab619c614d3038751c63bc2aadc06d\"},\"description\":\"Fillimi i vitit t\u00eb ri shkollor p\u00ebr nx\u00ebn\u00ebsit m\u00eb m\u00ebsim n\u00eb shqip shkollat n\u00eb Mal t\u00eb Zi, nuk paraqet ndonj\u00eb risi n\u00eb krahasim me vitet e kaluara. Fjal\u00ebn e kemi\",\"breadcrumb\":{\"@id\":\"https:\/\/www.visit-ulcinj.com\/blog\/2014\/09\/15\/forca-viti-ri-shkollor-programe-e-tekste-mesimore-te-imponuara\/#breadcrumb\"},\"inLanguage\":\"en-US\",\"potentialAction\":[{\"@type\":\"ReadAction\",\"target\":[\"https:\/\/www.visit-ulcinj.com\/blog\/2014\/09\/15\/forca-viti-ri-shkollor-programe-e-tekste-mesimore-te-imponuara\/\"]}]},{\"@type\":\"BreadcrumbList\",\"@id\":\"https:\/\/www.visit-ulcinj.com\/blog\/2014\/09\/15\/forca-viti-ri-shkollor-programe-e-tekste-mesimore-te-imponuara\/#breadcrumb\",\"itemListElement\":[{\"@type\":\"ListItem\",\"position\":1,\"name\":\"Forca: Viti i ri shkollor me programe e tekste m\u00ebsimore t\u00eb imponuara\"}]},{\"@type\":\"Person\",\"@id\":\"https:\/\/www.visit-ulcinj.com\/blog\/#\/schema\/person\/dcab619c614d3038751c63bc2aadc06d\",\"name\":\"ulqini\",\"sameAs\":[\"http:\/\/www.visit-ulcinj.com\"],\"url\":\"https:\/\/www.visit-ulcinj.com\/blog\/author\/admin\/\"}]}<\/script>\n<!-- \/ Yoast SEO plugin. -->","yoast_head_json":{"title":"Forca: Viti i ri shkollor me programe e tekste m\u00ebsimore t\u00eb imponuara - Lajme nga Ulqini","description":"Fillimi i vitit t\u00eb ri shkollor p\u00ebr nx\u00ebn\u00ebsit m\u00eb m\u00ebsim n\u00eb shqip shkollat n\u00eb Mal t\u00eb Zi, nuk paraqet ndonj\u00eb risi n\u00eb krahasim me vitet e kaluara. Fjal\u00ebn e kemi","robots":{"index":"index","follow":"follow","max-snippet":"max-snippet:-1","max-image-preview":"max-image-preview:large","max-video-preview":"max-video-preview:-1"},"canonical":"https:\/\/www.visit-ulcinj.com\/blog\/2014\/09\/15\/forca-viti-ri-shkollor-programe-e-tekste-mesimore-te-imponuara\/","og_locale":"en_US","og_type":"article","og_title":"Forca: Viti i ri shkollor me programe e tekste m\u00ebsimore t\u00eb imponuara - Lajme nga Ulqini","og_description":"Fillimi i vitit t\u00eb ri shkollor p\u00ebr nx\u00ebn\u00ebsit m\u00eb m\u00ebsim n\u00eb shqip shkollat n\u00eb Mal t\u00eb Zi, nuk paraqet ndonj\u00eb risi n\u00eb krahasim me vitet e kaluara. Fjal\u00ebn e kemi","og_url":"https:\/\/www.visit-ulcinj.com\/blog\/2014\/09\/15\/forca-viti-ri-shkollor-programe-e-tekste-mesimore-te-imponuara\/","og_site_name":"Lajme nga Ulqini","article_published_time":"2014-09-15T14:30:35+00:00","article_modified_time":"2014-09-16T09:48:28+00:00","og_image":[{"url":"http:\/\/www.visit-ulcinj.com\/blog\/wp-content\/uploads\/2014\/09\/mesimet-e-imponuara-ulqin.jpg"}],"twitter_misc":{"Written by":"ulqini","Est. reading time":"2 minutes"},"schema":{"@context":"https:\/\/schema.org","@graph":[{"@type":"WebSite","@id":"https:\/\/www.visit-ulcinj.com\/blog\/#website","url":"https:\/\/www.visit-ulcinj.com\/blog\/","name":"Lajme nga Ulqini","description":"Lajme,Vijesti,Ulqini,Ulqin,Crna Gora,Mali i Zi","potentialAction":[{"@type":"SearchAction","target":{"@type":"EntryPoint","urlTemplate":"https:\/\/www.visit-ulcinj.com\/blog\/?s={search_term_string}"},"query-input":"required name=search_term_string"}],"inLanguage":"en-US"},{"@type":"ImageObject","inLanguage":"en-US","@id":"https:\/\/www.visit-ulcinj.com\/blog\/2014\/09\/15\/forca-viti-ri-shkollor-programe-e-tekste-mesimore-te-imponuara\/#primaryimage","url":"https:\/\/www.visit-ulcinj.com\/blog\/wp-content\/uploads\/2014\/09\/mesimet-e-imponuara-ulqin.jpg","contentUrl":"https:\/\/www.visit-ulcinj.com\/blog\/wp-content\/uploads\/2014\/09\/mesimet-e-imponuara-ulqin.jpg","width":720,"height":836},{"@type":"WebPage","@id":"https:\/\/www.visit-ulcinj.com\/blog\/2014\/09\/15\/forca-viti-ri-shkollor-programe-e-tekste-mesimore-te-imponuara\/#webpage","url":"https:\/\/www.visit-ulcinj.com\/blog\/2014\/09\/15\/forca-viti-ri-shkollor-programe-e-tekste-mesimore-te-imponuara\/","name":"Forca: Viti i ri shkollor me programe e tekste m\u00ebsimore t\u00eb imponuara - Lajme nga Ulqini","isPartOf":{"@id":"https:\/\/www.visit-ulcinj.com\/blog\/#website"},"primaryImageOfPage":{"@id":"https:\/\/www.visit-ulcinj.com\/blog\/2014\/09\/15\/forca-viti-ri-shkollor-programe-e-tekste-mesimore-te-imponuara\/#primaryimage"},"datePublished":"2014-09-15T14:30:35+00:00","dateModified":"2014-09-16T09:48:28+00:00","author":{"@id":"https:\/\/www.visit-ulcinj.com\/blog\/#\/schema\/person\/dcab619c614d3038751c63bc2aadc06d"},"description":"Fillimi i vitit t\u00eb ri shkollor p\u00ebr nx\u00ebn\u00ebsit m\u00eb m\u00ebsim n\u00eb shqip shkollat n\u00eb Mal t\u00eb Zi, nuk paraqet ndonj\u00eb risi n\u00eb krahasim me vitet e kaluara. Fjal\u00ebn e kemi","breadcrumb":{"@id":"https:\/\/www.visit-ulcinj.com\/blog\/2014\/09\/15\/forca-viti-ri-shkollor-programe-e-tekste-mesimore-te-imponuara\/#breadcrumb"},"inLanguage":"en-US","potentialAction":[{"@type":"ReadAction","target":["https:\/\/www.visit-ulcinj.com\/blog\/2014\/09\/15\/forca-viti-ri-shkollor-programe-e-tekste-mesimore-te-imponuara\/"]}]},{"@type":"BreadcrumbList","@id":"https:\/\/www.visit-ulcinj.com\/blog\/2014\/09\/15\/forca-viti-ri-shkollor-programe-e-tekste-mesimore-te-imponuara\/#breadcrumb","itemListElement":[{"@type":"ListItem","position":1,"name":"Forca: Viti i ri shkollor me programe e tekste m\u00ebsimore t\u00eb imponuara"}]},{"@type":"Person","@id":"https:\/\/www.visit-ulcinj.com\/blog\/#\/schema\/person\/dcab619c614d3038751c63bc2aadc06d","name":"ulqini","sameAs":["http:\/\/www.visit-ulcinj.com"],"url":"https:\/\/www.visit-ulcinj.com\/blog\/author\/admin\/"}]}},"jetpack_featured_media_url":"","jetpack_sharing_enabled":true,"jetpack_shortlink":"https:\/\/wp.me\/pe6lTn-mah","_links":{"self":[{"href":"https:\/\/www.visit-ulcinj.com\/blog\/wp-json\/wp\/v2\/posts\/85205"}],"collection":[{"href":"https:\/\/www.visit-ulcinj.com\/blog\/wp-json\/wp\/v2\/posts"}],"about":[{"href":"https:\/\/www.visit-ulcinj.com\/blog\/wp-json\/wp\/v2\/types\/post"}],"author":[{"embeddable":true,"href":"https:\/\/www.visit-ulcinj.com\/blog\/wp-json\/wp\/v2\/users\/1"}],"replies":[{"embeddable":true,"href":"https:\/\/www.visit-ulcinj.com\/blog\/wp-json\/wp\/v2\/comments?post=85205"}],"version-history":[{"count":1,"href":"https:\/\/www.visit-ulcinj.com\/blog\/wp-json\/wp\/v2\/posts\/85205\/revisions"}],"predecessor-version":[{"id":85207,"href":"https:\/\/www.visit-ulcinj.com\/blog\/wp-json\/wp\/v2\/posts\/85205\/revisions\/85207"}],"wp:attachment":[{"href":"https:\/\/www.visit-ulcinj.com\/blog\/wp-json\/wp\/v2\/media?parent=85205"}],"wp:term":[{"taxonomy":"category","embeddable":true,"href":"https:\/\/www.visit-ulcinj.com\/blog\/wp-json\/wp\/v2\/categories?post=85205"},{"taxonomy":"post_tag","embeddable":true,"href":"https:\/\/www.visit-ulcinj.com\/blog\/wp-json\/wp\/v2\/tags?post=85205"}],"curies":[{"name":"wp","href":"https:\/\/api.w.org\/{rel}","templated":true}]}}