{"id":85211,"date":"2014-09-15T15:56:37","date_gmt":"2014-09-15T14:56:37","guid":{"rendered":"http:\/\/www.visit-ulcinj.com\/blog\/?p=85211"},"modified":"2014-09-15T15:56:37","modified_gmt":"2014-09-15T14:56:37","slug":"nimanbegu-pergjigjet-ibrocit-per-problemet-e-arsimit-shqip-ne-malin-e-zi","status":"publish","type":"post","link":"https:\/\/www.visit-ulcinj.com\/blog\/2014\/09\/15\/nimanbegu-pergjigjet-ibrocit-per-problemet-e-arsimit-shqip-ne-malin-e-zi\/","title":{"rendered":"Nimanbegu i p\u00ebrgjigjet Ibro\u00e7it p\u00ebr problemet e arsimit shqip n\u00eb Malin e Zi!"},"content":{"rendered":"<div class=\"_5pbx userContent\" data-ft=\"{&quot;tn&quot;:&quot;K&quot;}\">\n<p><strong> <a href=\"http:\/\/www.visit-ulcinj.com\/blog\/wp-content\/uploads\/2014\/09\/Genci-nimanbegu-me-femije.jpg\"><img loading=\"lazy\" class=\"alignleft wp-image-85212\" src=\"http:\/\/www.visit-ulcinj.com\/blog\/wp-content\/uploads\/2014\/09\/Genci-nimanbegu-me-femije.jpg\" alt=\"Genci-nimanbegu-me -femije\" width=\"508\" height=\"379\" srcset=\"https:\/\/www.visit-ulcinj.com\/blog\/wp-content\/uploads\/2014\/09\/Genci-nimanbegu-me-femije.jpg 1024w, https:\/\/www.visit-ulcinj.com\/blog\/wp-content\/uploads\/2014\/09\/Genci-nimanbegu-me-femije-300x223.jpg 300w\" sizes=\"(max-width: 508px) 100vw, 508px\" \/><\/a>Problemet e arsimit n\u00eb gjuh\u00ebn shqipe n\u00eb Mal t\u00eb zi nga pyetja e prindit G\u00ebzim Ibro\u00e7i!<\/strong><\/p>\n<p>Me shum\u00eb vend G\u00ebzim, keni treguar p\u00ebr disa nga problemet e arsimit shqip n\u00eb Malin e Zi!<br \/>\nKjo p\u00ebrgjegje nuk ka q\u00ebllim polemike por vet\u00ebm informim tuajin dhe njer\u00ebzve ( prind\u00ebrve ) mbi aktivitetin e K\u00ebshillit komb\u00ebtar!<br \/>\nJu nuk keni obligim p\u00ebr t\u00eb p\u00ebrcjellni t\u00eb gjitha aktivitetet por sigurisht q\u00eb edhe para Genc Nimanbegut, dhe mbas tij Shqiptar\u00ebt n\u00eb Mal t\u00eb Zi kan ngrit dhe do ta ngrisin z\u00ebrin mbi problemet e arsimit!<br \/>\nSi n\u00eb parlament, n\u00eb tryeza t\u00eb rastit, para p\u00ebrfaq\u00ebsuesve t\u00eb evropes dhe n\u00eb \u00e7do rast!<br \/>\nKur kjo padrejtesi do t\u00eb p\u00ebrmirsohet nuk e di, por e di sigurisht q\u00eb do t\u00eb p\u00ebrmirsohet! di edhe se \u00ebsht\u00eb shum\u00eb e r\u00ebnd\u00ebsishme se kujt i jepet vota p\u00ebr p\u00ebrfaqesim! Dhe un\u00eb si p\u00ebrfaqesues kam obligim dhe t&#8217;ju jap p\u00ebrgjegje, perkundrejt tjerve q\u00eb ndoshta i&#8217;a keni jap besimin dhe nuk di se a kan punuar ndonj\u00eb gj\u00eb n\u00eb k\u00ebt\u00eb q\u00ebndrim!<\/p>\n<p>Vajza ime, n\u00eb Klas\u00ebn e VI-t\u00eb k\u00ebto dit\u00eb m\u00ebson vjersh\u00ebn e Gjergj\u00eb Fisht\u00ebs, Gjuha jon\u00eb! Autori i librit Rrok Gjolaj!<\/p>\n<p>T\u00eb p\u00ebrkujtoj se as ne, e as prind\u00ebrit tan\u00eb nuk kan pas mund\u00ebsi ta mesojn n\u00eb shkoll\u00eb!<br \/>\nE di q\u00eb n\u00eb grupe qe kan aprovuar tekste shkollore kishte edhe shqiptar, por jo ato t\u00eb cil\u00ebt i drejtoheni ju n\u00eb letr\u00ebn tuaj!<br \/>\nMos e kupto k\u00ebt\u00eb si mbrojtje t\u00eb atyre qe kan aprovuar keto tekste shkollore!<br \/>\nSe \u00e7ka KKSH mendon p\u00ebr k\u00ebto tekste shkollore si dhe shum\u00eb probleme tjera Ju lutem lexoni m\u00eb posht\u00eb Qendrimet e Rekomandimet mbi pozit\u00ebn dhe nevojat dhe arsimin shqip n\u00eb MZ!<br \/>\nK\u00ebto rekomandime, pas shum\u00eb muajsh pun\u00eb i ka b\u00ebre puna e KKSH-s\u00eb!<br \/>\nDhe kesi lloj rekomandimesh nuk kishte m\u00eb heret dhe jan baz\u00eb e mir\u00eb p\u00ebr realizimin e k\u00ebrkesave tona komb\u00ebtare n\u00eb t\u00eb ardhmen!<br \/>\nK\u00ebto rekomandime jan\u00eb d\u00ebrguar Ministris\u00eb s\u00eb Arsimit t\u00eb Malit T\u00eb Zi, Ambasadave por edhe Komisionit t\u00eb keshillit t\u00eb Evrop\u00ebs mbi mbrojtejen e gjuh\u00ebve t\u00eb pakicave!<\/p>\n<p>Me rrespekt<br \/>\nGenci Nimanbegu<\/p>\n<p>&nbsp;<\/p>\n<p><strong>K\u00cbSHILLI KOMB\u00cbTAR I SHQIPTAR\u00cbVE N\u00cb MALIN E ZI<\/strong><\/p>\n<p><strong>SEMINARI \u201cPOZITA DHE NEVOJAT E ARSIMIT SHQIP N\u00cb MALIN E ZI\u201d<\/strong><\/p>\n<p><strong>P\u00cbRFUNDIME DHE REKOMANDIME<\/strong><\/p>\n<p>K\u00ebshilli Komb\u00ebtar i Shqiptar\u00ebve n\u00eb Malin e Zi, m\u00eb 14 dhe 15 qershor 2014 organizoi seminarin me tem\u00ebn \u201cPozita dhe nevojat e arsimit shqip n\u00eb Malin e Zi\u201d. N\u00eb seminar mor\u00ebn pjes\u00eb m\u00ebsimdh\u00ebn\u00ebs t\u00eb shkollave fillore dhe t\u00eb mesme, p\u00ebrfaq\u00ebsues t\u00eb institucioneve arsimore nga Mali i Zi, Shqip\u00ebria dhe Kosova. N\u00eb k\u00ebt\u00eb veprimtari mor\u00ebn pjes\u00eb kumtues t\u00eb cil\u00ebt trajtuan problemet themelore q\u00eb i ka arsimi shqip n\u00eb Malin e Zi.<\/p>\n<p>Pjes\u00ebmarr\u00ebsit vler\u00ebsuan pozitivisht organizimin e k\u00ebtij seminari nga K\u00ebshilli Komb\u00ebtar i Shqiptar\u00ebve n\u00eb Malin e Zi, pasi arsimi n\u00eb gjuh\u00ebn amtare ka problemet, por edhe t\u00eb arriturat e veta.<\/p>\n<p>Kumtesat trajtuan problemet themelore n\u00eb ciklet e ndryshme t\u00eb shkoll\u00ebs fillore dhe t\u00eb mesme, n\u00eb l\u00ebnd\u00ebt e identitetit komb\u00ebtar: gjuh\u00eb shqipe e let\u00ebrsi, histori, gjeografi, kultur\u00eb muzikore, art figurativ etj.<\/p>\n<p>P\u00ebrfaq\u00ebsuesit e institucioneve nga Shqip\u00ebria dhe Kosova soll\u00ebn p\u00ebrvojat e tyre n\u00eb fush\u00ebn e arsimit, q\u00eb mund t\u00eb merren parasysh p\u00ebr p\u00ebrmir\u00ebsimin e planprogrameve dhe teksteve shkollore n\u00eb l\u00ebnd\u00ebt p\u00ebrkat\u00ebse n\u00eb arsimin n\u00eb gjuh\u00ebn shqipe n\u00eb Malin e Zi. N\u00eb k\u00ebt\u00eb kontekst, u diskutua edhe p\u00ebr p\u00ebrvojat nd\u00ebrkomb\u00ebtare n\u00eb k\u00ebt\u00eb fush\u00eb, t\u00eb cilat jo vet\u00ebm garantojn\u00eb realizimin e t\u00eb drejt\u00ebs s\u00eb arsimimit n\u00eb gjuh\u00ebn amtare, por edhe ofrojn\u00eb modele t\u00eb cilat mund dhe duhet t\u00eb zbatohen n\u00eb Malin e Zi.<\/p>\n<p>N\u00eb t\u00eb nj\u00ebjt\u00ebn koh\u00eb, u zhvillua nj\u00eb diskutim aktiv midis pjes\u00ebmarr\u00ebsve, p\u00ebrfshir\u00eb k\u00ebtu edhe p\u00ebrfaq\u00ebsuesit e institucioneve p\u00ebrkat\u00ebse n\u00eb nivel shtet\u00ebror t\u00eb Malit t\u00eb Zi, t\u00eb cil\u00ebt pranuan ekzistimin e problemeve n\u00eb k\u00ebt\u00eb fush\u00eb. Kumtesat dhe diskutimet shtruan probleme, k\u00ebrkesa, propozime dhe ofruan zgjidhje t\u00eb mundshme dhe t\u00eb zbatueshme.<\/p>\n<p>N\u00eb k\u00ebt\u00eb seminar nuk u trajtuan problemet e arsimit parashkollor n\u00eb gjuh\u00ebn shqipe, si zanafill\u00eb e shkollimit t\u00eb m\u00ebtejsh\u00ebm, si dhe problemi i munges\u00ebs s\u00eb lektyrave shkollore n\u00eb gjuh\u00ebn shqipe q\u00eb \u00ebsht\u00eb obligim shtet\u00ebror, t\u00eb cilat duhet marr\u00eb parasysh n\u00eb veprimtarit\u00eb e tjera t\u00eb k\u00ebtij lloji.<\/p>\n<p>Mb\u00ebshtetur n\u00eb kumtesat e paraqitura nga ligj\u00ebruesit, diskutimet e pjes\u00ebmarr\u00ebsve t\u00eb seminarit, si dhe takimet e m\u00ebparshme t\u00eb realizuara n\u00eb kuad\u00ebr t\u00eb k\u00ebtij projekti, u arrit\u00ebn k\u00ebto p\u00ebrfundime dhe rekomandime:<\/p>\n<p>1. Planprogramet e l\u00ebnd\u00ebs gjuh\u00eb shqipe e let\u00ebrsi, si problem kryesor kan\u00eb st\u00ebrngarkimin me nj\u00ebsi m\u00ebsimore, kurse planprogramet n\u00eb l\u00ebnd\u00ebt: histori, gjeografi, kultur\u00eb muzikore, art figurativ, kan\u00eb munges\u00eb t\u00eb theksuar t\u00eb nj\u00ebsive m\u00ebsimore nga identiteti komb\u00ebtar i shqiptar\u00ebve. Rekomandohet q\u00eb t\u00eb reduktohet planprogrami i l\u00ebnd\u00ebs gjuh\u00eb shqipe e let\u00ebrsi, duke marr\u00eb parasysh r\u00ebnd\u00ebsin\u00eb q\u00eb kan\u00eb autor\u00ebt dhe veprat p\u00ebrkat\u00ebse, kurse sa i p\u00ebrket planprogrameve n\u00eb l\u00ebnd\u00ebt: histori, gjeografi, kultur\u00eb muzikore, art figurativ, t\u00eb hartohen planprograme nga profesionist\u00ebt shqiptar\u00eb t\u00eb fushave p\u00ebrkat\u00ebse, q\u00eb do t\u00eb p\u00ebrfshijn\u00eb n\u00eb mas\u00eb t\u00eb mjaftueshme nj\u00ebsit\u00eb m\u00ebsimore nga identiteti komb\u00ebtar i shqiptar\u00ebve. Gjithashtu duhet pasur parasysh edhe b\u00ebrtham\u00ebn e p\u00ebrbashk\u00ebt t\u00eb planprogrameve n\u00eb k\u00ebto l\u00ebnd\u00eb, q\u00eb ekziston n\u00eb Shqip\u00ebri dhe Kosov\u00eb.<br \/>\n2. Tekstet m\u00ebsimore t\u00eb l\u00ebnd\u00ebve t\u00eb identitetit komb\u00ebtar kan\u00eb mang\u00ebsi t\u00eb theksuara, q\u00eb jan\u00eb si pasoj\u00eb e munges\u00ebs pothuajse t\u00eb t\u00ebr\u00ebsishme t\u00eb nj\u00ebsive m\u00ebsimore nga p\u00ebrkat\u00ebsia komb\u00ebtare dhe si rezultat i p\u00ebrkthimeve t\u00eb pap\u00ebrshtatshme nga gjuha malazeze, sidomos nga l\u00ebnda e historis\u00eb, gjeografis\u00eb, kultur\u00ebs muzikore, artit figurativ, dhe si t\u00eb k\u00ebtill\u00eb jan\u00eb t\u00eb papranueshme. Tekstet e l\u00ebnd\u00ebs gjuh\u00eb shqipe dhe let\u00ebrsi n\u00eb krahasim me t\u00eb kaluar\u00ebn mund t\u00eb thuhet se kan\u00eb arritje, por edhe ato duhet t\u00eb rishikohen dhe t\u00eb ndryshohen n\u00eb p\u00ebrputhje me k\u00ebrkesat dhe nevojat q\u00eb do t\u00eb dalin nga ndryshimet e planprogrameve. Nd\u00ebrsa n\u00eb l\u00ebnd\u00ebt: histori, gjeografi, kultur\u00eb muzikore, art figurativ etj. duhet t\u00eb hartohen tekste t\u00eb reja. Po ashtu rekomandohet p\u00ebrdorimi i teksteve nga Shqip\u00ebria dhe Kosova, kudo q\u00eb \u00ebsht\u00eb e mundur, sidomos e Abetares komb\u00ebtare, si dhe e teksteve alternative p\u00ebr l\u00ebnd\u00ebt p\u00ebrkat\u00ebse. N\u00eb k\u00ebt\u00eb kuad\u00ebr, duhet nd\u00ebrmarr\u00eb masa konkrete p\u00ebr pasurimin e bibliotekave shkollore dhe t\u00eb qyteteve ku jetojn\u00eb shqiptar\u00ebt me lektyra dhe literatur\u00eb tjet\u00ebr t\u00eb domosdoshme p\u00ebr nx\u00ebn\u00ebsit e t\u00eb gjitha moshave.<br \/>\n3. M\u00ebsimi i gjuh\u00ebs shqipe ka rol t\u00eb ve\u00e7ant\u00eb n\u00eb formimin e identitetit komb\u00ebtar t\u00eb nx\u00ebn\u00ebsve shqiptar\u00eb n\u00eb Malin e Zi. Niveli i njohurive t\u00eb gjuh\u00ebs dhe kultur\u00ebs shqiptare ka probleme t\u00eb theksuara. Prandaj, rekomandohet q\u00eb t\u2019i kushtohet m\u00eb tep\u00ebr kujdes m\u00ebsimit t\u00eb gjuh\u00ebs shqipe n\u00eb shkolla, si dhe gjuha shqipe t\u00eb z\u00eb vend t\u00eb merituar q\u00eb nga niveli i hartimit t\u00eb planprogrameve e teksteve shkollore deri tek zbatimi i saj praktik n\u00ebp\u00ebr t\u00eb gjitha dokumentet shkollore, duke shfryt\u00ebzuar t\u00eb drejtat e garantuara me dokumentet nd\u00ebrkomb\u00ebtare dhe vendore.<br \/>\n4. Korniza juridike n\u00eb Malin e Zi dhe n\u00eb nivel nd\u00ebrkomb\u00ebtar garanton t\u00eb drejt\u00ebn e arsimimit n\u00eb gjuh\u00ebn amtare, por n\u00eb praktik\u00eb kjo e drejt\u00eb nuk zbatohet n\u00eb mas\u00ebn e duhur n\u00eb arsimin n\u00eb gjuh\u00ebn shqipe n\u00eb Malin e Zi. Nj\u00eb pjes\u00eb e shqiptar\u00ebve n\u00eb Malin e Zi ende nuk g\u00ebzojn\u00eb t\u00eb drejt\u00ebn e arsimimit n\u00eb gjuh\u00ebn e tyre amtare as n\u00eb nivelin parashkollor, fillor e t\u00eb mes\u00ebm, si p\u00ebr shembull n\u00eb Komun\u00ebn e Tivarit etj. Prandaj rekomandohet q\u00eb t\u00eb drejtat e garantuara nga konventat nd\u00ebrkomb\u00ebtare, Kushtetuta dhe ligjet e tjera vendore duhet t\u00eb zbatohen sepse jan\u00eb nj\u00eb nga kushtet p\u00ebr integrim n\u00eb Bashkimin Evropian.<br \/>\n5. Politika ndaj arsimimit n\u00eb gjuh\u00ebn shqipe n\u00eb Malin e Zi ka probleme t\u00eb theksuara, si rezultat i politizimit dhe centralizimit t\u00eb sistemit arsimor, duke i m\u00ebnjanuar shqiptar\u00ebt q\u00eb nga procesi i vendimmarrjes, zbatimi i vendimeve e deri te drejtimi i institucioneve shkollore. Si rrjedhim, duhet ndryshuar kjo qasje ndaj arsimit n\u00eb gjuh\u00ebn shqipe. Prandaj rekomandohet themelimi i nj\u00eb institucioni arsimor q\u00eb do t\u00eb merret n\u00eb m\u00ebnyr\u00eb t\u00eb ve\u00e7ant\u00eb me arsimin shqip n\u00eb Malin e Zi, n\u00eb t\u00eb cilin do t\u00eb punojn\u00eb kuadro profesionist\u00eb shqiptar\u00eb. Po ashtu k\u00ebrkohet decentralizimi i sistemit arsimor, duke rritur kompetencat e qeverisjeve vendore.<br \/>\n6. P\u00ebrvoja tregon se shkollat me m\u00ebsim n\u00eb gjuh\u00ebn shqipe n\u00eb Malin e Zi deri m\u00eb tash nuk e kan\u00eb shfryt\u00ebzuar n\u00eb mas\u00ebn e duhur mund\u00ebsin\u00eb ligjore p\u00ebr zhvillimin e nj\u00ebsive m\u00ebsimore q\u00eb i parashikon realizimi i planit m\u00ebsimor n\u00eb mas\u00ebn 20 p\u00ebr qind. Kjo ka ndodhur si rezultat i munges\u00ebs s\u00eb programeve konkrete si dhe t\u00eb teksteve p\u00ebrkat\u00ebse. Prandaj rekomandohet q\u00eb profesionist\u00ebt shqiptar\u00eb nga l\u00ebnd\u00ebt p\u00ebrkat\u00ebse, t\u00eb p\u00ebrpilojn\u00eb planprograme n\u00eb baz\u00eb t\u00eb t\u00eb cil\u00ebve do t\u00eb hartohen edhe tekstet p\u00ebrkat\u00ebse. KKSH-ja t\u00eb nd\u00ebrmarr\u00eb masa dhe t\u00eb krijoj\u00eb baz\u00ebn p\u00ebr realizimin n\u00eb praktik\u00eb.<br \/>\n7. Institucionet arsimore t\u00eb Shqip\u00ebris\u00eb dhe t\u00eb Kosov\u00ebs deri tani nuk kan\u00eb qen\u00eb t\u00eb p\u00ebrfshir\u00eb n\u00eb mas\u00ebn e duhur n\u00eb zgjidhjen e problemeve ekzistuese t\u00eb arsimit shqip n\u00eb Malin e Zi. Duke pasur parasysh se kemi t\u00eb b\u00ebjm\u00eb me t\u00eb nj\u00ebjtin identitet komb\u00ebtar, gjuh\u00ebsor dhe kulturor, \u00ebsht\u00eb obligim i k\u00ebtyre institucioneve q\u00eb t\u00eb p\u00ebrfshihen m\u00eb shum\u00eb n\u00eb p\u00ebrmir\u00ebsimin e situat\u00ebs s\u00eb arsimit shqip n\u00eb Malin e Zi. Rekomandohet q\u00eb institucionet e p\u00ebrmendura t\u00eb zhvillojn\u00eb kontakte t\u00eb drejtp\u00ebrdrejta dhe t\u00eb vazhdueshme me p\u00ebrfaq\u00ebsuesit shqiptar\u00eb n\u00eb k\u00ebt\u00eb fush\u00eb dhe me institucionet p\u00ebrkat\u00ebse t\u00eb Malit t\u00eb Zi.<br \/>\n8. K\u00ebshillit Komb\u00ebtar t\u00eb Shqiptar\u00ebve n\u00eb Malin e Zi, si institucion q\u00eb p\u00ebrfaq\u00ebson interesat e shqiptar\u00ebve, deri m\u00eb tash, nuk i \u00ebsht\u00eb mund\u00ebsuar q\u00eb t\u2019i ushtroj\u00eb kompetencat e p\u00ebrcaktuara me ligj, si rezultat i minimizimit t\u00eb rolit t\u00eb tij nga institucionet shtet\u00ebrore. Ai duhet q\u00eb n\u00eb t\u00eb ardhmen t\u00eb luaj rolin q\u00eb i takon, q\u00eb nga pjes\u00ebmarrja vepruese n\u00eb hartimin e politikave arsimore dhe zbatimi i tyre n\u00eb praktik\u00eb. Konkretisht, KKSH-ja duhet t\u00eb jet\u00eb pjes\u00eb e vendimmarrjes p\u00ebr: hartimin e planprogrameve dhe teksteve shkollore, zgjedhjen e organeve drejtuese n\u00eb shkolla, regjistrimin e nx\u00ebn\u00ebsve, student\u00ebve etj. N\u00eb t\u00eb nj\u00ebjt\u00ebn koh\u00eb, ky institucion duhet t\u00eb vazhdoj\u00eb p\u00ebrpjekjet p\u00ebr p\u00ebrmir\u00ebsimin e statusit dhe pozit\u00ebs s\u00eb arsimit shqip n\u00eb Malin e Zi.<br \/>\nUlqin, m\u00eb 15 qershor 2014<\/p>\n<\/div>\n","protected":false},"excerpt":{"rendered":"<p>Problemet e arsimit n\u00eb gjuh\u00ebn shqipe n\u00eb Mal t\u00eb zi nga pyetja e prindit G\u00ebzim Ibro\u00e7i! Me shum\u00eb vend G\u00ebzim, keni treguar p\u00ebr disa nga problemet e arsimit shqip n\u00eb Malin e Zi! Kjo p\u00ebrgjegje nuk ka q\u00ebllim polemike por vet\u00ebm informim tuajin dhe njer\u00ebzve ( prind\u00ebrve ) mbi aktivitetin e K\u00ebshillit komb\u00ebtar! Ju nuk [&hellip;]<\/p>\n","protected":false},"author":1,"featured_media":0,"comment_status":"closed","ping_status":"closed","sticky":false,"template":"","format":"standard","meta":{"spay_email":"","jetpack_publicize_message":"","jetpack_is_tweetstorm":false,"jetpack_publicize_feature_enabled":true},"categories":[6],"tags":[],"jetpack_publicize_connections":[],"yoast_head":"<!-- This site is optimized with the Yoast SEO plugin v19.1 - https:\/\/yoast.com\/wordpress\/plugins\/seo\/ -->\n<title>Nimanbegu i p\u00ebrgjigjet Ibro\u00e7it p\u00ebr problemet e arsimit shqip n\u00eb Malin e Zi! - Lajme nga Ulqini<\/title>\n<meta name=\"description\" content=\"Problemet e arsimit n\u00eb gjuh\u00ebn shqipe n\u00eb Mal t\u00eb zi nga pyetja e prindit G\u00ebzim Ibro\u00e7i! Me shum\u00eb vend G\u00ebzim, keni treguar p\u00ebr disa nga problemet e arsimit\" \/>\n<meta name=\"robots\" content=\"index, follow, max-snippet:-1, max-image-preview:large, max-video-preview:-1\" \/>\n<link rel=\"canonical\" href=\"https:\/\/www.visit-ulcinj.com\/blog\/2014\/09\/15\/nimanbegu-pergjigjet-ibrocit-per-problemet-e-arsimit-shqip-ne-malin-e-zi\/\" \/>\n<meta property=\"og:locale\" content=\"en_US\" \/>\n<meta property=\"og:type\" content=\"article\" \/>\n<meta property=\"og:title\" content=\"Nimanbegu i p\u00ebrgjigjet Ibro\u00e7it p\u00ebr problemet e arsimit shqip n\u00eb Malin e Zi! - Lajme nga Ulqini\" \/>\n<meta property=\"og:description\" content=\"Problemet e arsimit n\u00eb gjuh\u00ebn shqipe n\u00eb Mal t\u00eb zi nga pyetja e prindit G\u00ebzim Ibro\u00e7i! Me shum\u00eb vend G\u00ebzim, keni treguar p\u00ebr disa nga problemet e arsimit\" \/>\n<meta property=\"og:url\" content=\"https:\/\/www.visit-ulcinj.com\/blog\/2014\/09\/15\/nimanbegu-pergjigjet-ibrocit-per-problemet-e-arsimit-shqip-ne-malin-e-zi\/\" \/>\n<meta property=\"og:site_name\" content=\"Lajme nga Ulqini\" \/>\n<meta property=\"article:published_time\" content=\"2014-09-15T14:56:37+00:00\" \/>\n<meta property=\"og:image\" content=\"http:\/\/www.visit-ulcinj.com\/blog\/wp-content\/uploads\/2014\/09\/Genci-nimanbegu-me-femije.jpg\" \/>\n<meta name=\"twitter:label1\" content=\"Written by\" \/>\n\t<meta name=\"twitter:data1\" content=\"ulqini\" \/>\n\t<meta name=\"twitter:label2\" content=\"Est. reading time\" \/>\n\t<meta name=\"twitter:data2\" content=\"9 minutes\" \/>\n<script type=\"application\/ld+json\" class=\"yoast-schema-graph\">{\"@context\":\"https:\/\/schema.org\",\"@graph\":[{\"@type\":\"WebSite\",\"@id\":\"https:\/\/www.visit-ulcinj.com\/blog\/#website\",\"url\":\"https:\/\/www.visit-ulcinj.com\/blog\/\",\"name\":\"Lajme nga Ulqini\",\"description\":\"Lajme,Vijesti,Ulqini,Ulqin,Crna Gora,Mali i Zi\",\"potentialAction\":[{\"@type\":\"SearchAction\",\"target\":{\"@type\":\"EntryPoint\",\"urlTemplate\":\"https:\/\/www.visit-ulcinj.com\/blog\/?s={search_term_string}\"},\"query-input\":\"required name=search_term_string\"}],\"inLanguage\":\"en-US\"},{\"@type\":\"ImageObject\",\"inLanguage\":\"en-US\",\"@id\":\"https:\/\/www.visit-ulcinj.com\/blog\/2014\/09\/15\/nimanbegu-pergjigjet-ibrocit-per-problemet-e-arsimit-shqip-ne-malin-e-zi\/#primaryimage\",\"url\":\"https:\/\/www.visit-ulcinj.com\/blog\/wp-content\/uploads\/2014\/09\/Genci-nimanbegu-me-femije.jpg\",\"contentUrl\":\"https:\/\/www.visit-ulcinj.com\/blog\/wp-content\/uploads\/2014\/09\/Genci-nimanbegu-me-femije.jpg\",\"width\":1024,\"height\":764},{\"@type\":\"WebPage\",\"@id\":\"https:\/\/www.visit-ulcinj.com\/blog\/2014\/09\/15\/nimanbegu-pergjigjet-ibrocit-per-problemet-e-arsimit-shqip-ne-malin-e-zi\/#webpage\",\"url\":\"https:\/\/www.visit-ulcinj.com\/blog\/2014\/09\/15\/nimanbegu-pergjigjet-ibrocit-per-problemet-e-arsimit-shqip-ne-malin-e-zi\/\",\"name\":\"Nimanbegu i p\u00ebrgjigjet Ibro\u00e7it p\u00ebr problemet e arsimit shqip n\u00eb Malin e Zi! - Lajme nga Ulqini\",\"isPartOf\":{\"@id\":\"https:\/\/www.visit-ulcinj.com\/blog\/#website\"},\"primaryImageOfPage\":{\"@id\":\"https:\/\/www.visit-ulcinj.com\/blog\/2014\/09\/15\/nimanbegu-pergjigjet-ibrocit-per-problemet-e-arsimit-shqip-ne-malin-e-zi\/#primaryimage\"},\"datePublished\":\"2014-09-15T14:56:37+00:00\",\"dateModified\":\"2014-09-15T14:56:37+00:00\",\"author\":{\"@id\":\"https:\/\/www.visit-ulcinj.com\/blog\/#\/schema\/person\/dcab619c614d3038751c63bc2aadc06d\"},\"description\":\"Problemet e arsimit n\u00eb gjuh\u00ebn shqipe n\u00eb Mal t\u00eb zi nga pyetja e prindit G\u00ebzim Ibro\u00e7i! Me shum\u00eb vend G\u00ebzim, keni treguar p\u00ebr disa nga problemet e arsimit\",\"breadcrumb\":{\"@id\":\"https:\/\/www.visit-ulcinj.com\/blog\/2014\/09\/15\/nimanbegu-pergjigjet-ibrocit-per-problemet-e-arsimit-shqip-ne-malin-e-zi\/#breadcrumb\"},\"inLanguage\":\"en-US\",\"potentialAction\":[{\"@type\":\"ReadAction\",\"target\":[\"https:\/\/www.visit-ulcinj.com\/blog\/2014\/09\/15\/nimanbegu-pergjigjet-ibrocit-per-problemet-e-arsimit-shqip-ne-malin-e-zi\/\"]}]},{\"@type\":\"BreadcrumbList\",\"@id\":\"https:\/\/www.visit-ulcinj.com\/blog\/2014\/09\/15\/nimanbegu-pergjigjet-ibrocit-per-problemet-e-arsimit-shqip-ne-malin-e-zi\/#breadcrumb\",\"itemListElement\":[{\"@type\":\"ListItem\",\"position\":1,\"name\":\"Nimanbegu i p\u00ebrgjigjet Ibro\u00e7it p\u00ebr problemet e arsimit shqip n\u00eb Malin e Zi!\"}]},{\"@type\":\"Person\",\"@id\":\"https:\/\/www.visit-ulcinj.com\/blog\/#\/schema\/person\/dcab619c614d3038751c63bc2aadc06d\",\"name\":\"ulqini\",\"sameAs\":[\"http:\/\/www.visit-ulcinj.com\"],\"url\":\"https:\/\/www.visit-ulcinj.com\/blog\/author\/admin\/\"}]}<\/script>\n<!-- \/ Yoast SEO plugin. -->","yoast_head_json":{"title":"Nimanbegu i p\u00ebrgjigjet Ibro\u00e7it p\u00ebr problemet e arsimit shqip n\u00eb Malin e Zi! - Lajme nga Ulqini","description":"Problemet e arsimit n\u00eb gjuh\u00ebn shqipe n\u00eb Mal t\u00eb zi nga pyetja e prindit G\u00ebzim Ibro\u00e7i! Me shum\u00eb vend G\u00ebzim, keni treguar p\u00ebr disa nga problemet e arsimit","robots":{"index":"index","follow":"follow","max-snippet":"max-snippet:-1","max-image-preview":"max-image-preview:large","max-video-preview":"max-video-preview:-1"},"canonical":"https:\/\/www.visit-ulcinj.com\/blog\/2014\/09\/15\/nimanbegu-pergjigjet-ibrocit-per-problemet-e-arsimit-shqip-ne-malin-e-zi\/","og_locale":"en_US","og_type":"article","og_title":"Nimanbegu i p\u00ebrgjigjet Ibro\u00e7it p\u00ebr problemet e arsimit shqip n\u00eb Malin e Zi! - Lajme nga Ulqini","og_description":"Problemet e arsimit n\u00eb gjuh\u00ebn shqipe n\u00eb Mal t\u00eb zi nga pyetja e prindit G\u00ebzim Ibro\u00e7i! Me shum\u00eb vend G\u00ebzim, keni treguar p\u00ebr disa nga problemet e arsimit","og_url":"https:\/\/www.visit-ulcinj.com\/blog\/2014\/09\/15\/nimanbegu-pergjigjet-ibrocit-per-problemet-e-arsimit-shqip-ne-malin-e-zi\/","og_site_name":"Lajme nga Ulqini","article_published_time":"2014-09-15T14:56:37+00:00","og_image":[{"url":"http:\/\/www.visit-ulcinj.com\/blog\/wp-content\/uploads\/2014\/09\/Genci-nimanbegu-me-femije.jpg"}],"twitter_misc":{"Written by":"ulqini","Est. reading time":"9 minutes"},"schema":{"@context":"https:\/\/schema.org","@graph":[{"@type":"WebSite","@id":"https:\/\/www.visit-ulcinj.com\/blog\/#website","url":"https:\/\/www.visit-ulcinj.com\/blog\/","name":"Lajme nga Ulqini","description":"Lajme,Vijesti,Ulqini,Ulqin,Crna Gora,Mali i Zi","potentialAction":[{"@type":"SearchAction","target":{"@type":"EntryPoint","urlTemplate":"https:\/\/www.visit-ulcinj.com\/blog\/?s={search_term_string}"},"query-input":"required name=search_term_string"}],"inLanguage":"en-US"},{"@type":"ImageObject","inLanguage":"en-US","@id":"https:\/\/www.visit-ulcinj.com\/blog\/2014\/09\/15\/nimanbegu-pergjigjet-ibrocit-per-problemet-e-arsimit-shqip-ne-malin-e-zi\/#primaryimage","url":"https:\/\/www.visit-ulcinj.com\/blog\/wp-content\/uploads\/2014\/09\/Genci-nimanbegu-me-femije.jpg","contentUrl":"https:\/\/www.visit-ulcinj.com\/blog\/wp-content\/uploads\/2014\/09\/Genci-nimanbegu-me-femije.jpg","width":1024,"height":764},{"@type":"WebPage","@id":"https:\/\/www.visit-ulcinj.com\/blog\/2014\/09\/15\/nimanbegu-pergjigjet-ibrocit-per-problemet-e-arsimit-shqip-ne-malin-e-zi\/#webpage","url":"https:\/\/www.visit-ulcinj.com\/blog\/2014\/09\/15\/nimanbegu-pergjigjet-ibrocit-per-problemet-e-arsimit-shqip-ne-malin-e-zi\/","name":"Nimanbegu i p\u00ebrgjigjet Ibro\u00e7it p\u00ebr problemet e arsimit shqip n\u00eb Malin e Zi! - Lajme nga Ulqini","isPartOf":{"@id":"https:\/\/www.visit-ulcinj.com\/blog\/#website"},"primaryImageOfPage":{"@id":"https:\/\/www.visit-ulcinj.com\/blog\/2014\/09\/15\/nimanbegu-pergjigjet-ibrocit-per-problemet-e-arsimit-shqip-ne-malin-e-zi\/#primaryimage"},"datePublished":"2014-09-15T14:56:37+00:00","dateModified":"2014-09-15T14:56:37+00:00","author":{"@id":"https:\/\/www.visit-ulcinj.com\/blog\/#\/schema\/person\/dcab619c614d3038751c63bc2aadc06d"},"description":"Problemet e arsimit n\u00eb gjuh\u00ebn shqipe n\u00eb Mal t\u00eb zi nga pyetja e prindit G\u00ebzim Ibro\u00e7i! Me shum\u00eb vend G\u00ebzim, keni treguar p\u00ebr disa nga problemet e arsimit","breadcrumb":{"@id":"https:\/\/www.visit-ulcinj.com\/blog\/2014\/09\/15\/nimanbegu-pergjigjet-ibrocit-per-problemet-e-arsimit-shqip-ne-malin-e-zi\/#breadcrumb"},"inLanguage":"en-US","potentialAction":[{"@type":"ReadAction","target":["https:\/\/www.visit-ulcinj.com\/blog\/2014\/09\/15\/nimanbegu-pergjigjet-ibrocit-per-problemet-e-arsimit-shqip-ne-malin-e-zi\/"]}]},{"@type":"BreadcrumbList","@id":"https:\/\/www.visit-ulcinj.com\/blog\/2014\/09\/15\/nimanbegu-pergjigjet-ibrocit-per-problemet-e-arsimit-shqip-ne-malin-e-zi\/#breadcrumb","itemListElement":[{"@type":"ListItem","position":1,"name":"Nimanbegu i p\u00ebrgjigjet Ibro\u00e7it p\u00ebr problemet e arsimit shqip n\u00eb Malin e Zi!"}]},{"@type":"Person","@id":"https:\/\/www.visit-ulcinj.com\/blog\/#\/schema\/person\/dcab619c614d3038751c63bc2aadc06d","name":"ulqini","sameAs":["http:\/\/www.visit-ulcinj.com"],"url":"https:\/\/www.visit-ulcinj.com\/blog\/author\/admin\/"}]}},"jetpack_featured_media_url":"","jetpack_sharing_enabled":true,"jetpack_shortlink":"https:\/\/wp.me\/pe6lTn-man","_links":{"self":[{"href":"https:\/\/www.visit-ulcinj.com\/blog\/wp-json\/wp\/v2\/posts\/85211"}],"collection":[{"href":"https:\/\/www.visit-ulcinj.com\/blog\/wp-json\/wp\/v2\/posts"}],"about":[{"href":"https:\/\/www.visit-ulcinj.com\/blog\/wp-json\/wp\/v2\/types\/post"}],"author":[{"embeddable":true,"href":"https:\/\/www.visit-ulcinj.com\/blog\/wp-json\/wp\/v2\/users\/1"}],"replies":[{"embeddable":true,"href":"https:\/\/www.visit-ulcinj.com\/blog\/wp-json\/wp\/v2\/comments?post=85211"}],"version-history":[{"count":1,"href":"https:\/\/www.visit-ulcinj.com\/blog\/wp-json\/wp\/v2\/posts\/85211\/revisions"}],"predecessor-version":[{"id":85213,"href":"https:\/\/www.visit-ulcinj.com\/blog\/wp-json\/wp\/v2\/posts\/85211\/revisions\/85213"}],"wp:attachment":[{"href":"https:\/\/www.visit-ulcinj.com\/blog\/wp-json\/wp\/v2\/media?parent=85211"}],"wp:term":[{"taxonomy":"category","embeddable":true,"href":"https:\/\/www.visit-ulcinj.com\/blog\/wp-json\/wp\/v2\/categories?post=85211"},{"taxonomy":"post_tag","embeddable":true,"href":"https:\/\/www.visit-ulcinj.com\/blog\/wp-json\/wp\/v2\/tags?post=85211"}],"curies":[{"name":"wp","href":"https:\/\/api.w.org\/{rel}","templated":true}]}}