{"id":85222,"date":"2014-09-15T17:33:44","date_gmt":"2014-09-15T16:33:44","guid":{"rendered":"http:\/\/www.visit-ulcinj.com\/blog\/?p=85222"},"modified":"2014-09-15T17:37:11","modified_gmt":"2014-09-15T16:37:11","slug":"forca-mosperdorimi-abetares-mbarekombetare-deshmi-e-mentalitetit-te-trasheguar","status":"publish","type":"post","link":"https:\/\/www.visit-ulcinj.com\/blog\/2014\/09\/15\/forca-mosperdorimi-abetares-mbarekombetare-deshmi-e-mentalitetit-te-trasheguar\/","title":{"rendered":"Forca: Mosp\u00ebrdorimi i abetares mbar\u00ebkomb\u00ebtare, d\u00ebshmi e mentalitetit t\u00eb trash\u00ebguar"},"content":{"rendered":"<p>Mosp\u00ebrdorimi i abetares\u00a0 mbar\u00eb shqiptare brenda\u00a0 korpusit t\u00eb shqiptar\u00ebve n\u00eb Mal t\u00eb Zi, \u00ebsht\u00eb d\u00ebshmi e mentalitetit t\u00eb trash\u00ebguar\u00a0 n\u00eb ministrin\u00eb\u00a0 e arsimit , ka vler\u00ebsuar\u00a0 Forca e re demokratike.\u00a0 Si\u00e7 thekson kjo parti,\u00a0 fillimi i k\u00ebtij viti shkollor nuk paraqet ndonj\u00eb risi krahasuar me vitet e m\u00ebparshme . Fjala \u00ebsht\u00eb p\u00ebr programin dhe tekstet m\u00ebsimore\u00a0 p\u00ebr l\u00ebnd\u00ebt e identitetit nacional .<\/p>\n<p><a href=\"http:\/\/www.visit-ulcinj.com\/blog\/wp-content\/uploads\/2014\/09\/Abetare-Faqe11.jpg\"><img loading=\"lazy\" class=\"alignleft wp-image-85223\" src=\"http:\/\/www.visit-ulcinj.com\/blog\/wp-content\/uploads\/2014\/09\/Abetare-Faqe11.jpg\" alt=\"Abetare-Faqe11\" width=\"508\" height=\"660\" \/><\/a><\/p>\n<p>P\u00ebrjashtim b\u00ebn\u00eb vet\u00ebm\u00a0 programi m\u00ebsimor\u00a0 p\u00ebr gjuh\u00ebn dhe let\u00ebrsin\u00eb shqipe, kurse l\u00ebnd\u00ebt tjera sidomos historia , kultura muzikore dhe gjeografia,\u00a0 jan\u00eb t\u00eb pa p\u00ebrshtatshme dhe si t\u00eb tilla jan\u00eb n\u00eb kund\u00ebrshtim me identitetin komb\u00ebtar\u00eb shqiptar\u00eb n\u00eb k\u00ebt\u00eb mjedis , thuhet n\u00eb kumtes\u00ebn e Forc\u00ebs,\u00a0 dor\u00ebzuar agjencis\u00eb MINA.<\/p>\n<p>Lidhur me k\u00ebt\u00eb\u00a0 \u00e7\u00ebshtje , gjithsesi\u00a0 duhet konsultuar\u00a0 K\u00ebshillin nacional i shqiptar\u00ebve n\u00eb Mal t\u00eb Zi dhe pastaj t\u00eb miratohen planprogramet arsimore\u00a0 dhe tekstet shkollore\u00a0 p\u00ebr shkollat me m\u00ebsim n\u00eb gjuh\u00ebn shqipe n\u00eb Mal t\u00eb Zi.<\/p>\n<p>RTCG<\/p>\n","protected":false},"excerpt":{"rendered":"<p>Mosp\u00ebrdorimi i abetares\u00a0 mbar\u00eb shqiptare brenda\u00a0 korpusit t\u00eb shqiptar\u00ebve n\u00eb Mal t\u00eb Zi, \u00ebsht\u00eb d\u00ebshmi e mentalitetit t\u00eb trash\u00ebguar\u00a0 n\u00eb ministrin\u00eb\u00a0 e arsimit , ka vler\u00ebsuar\u00a0 Forca e re demokratike.\u00a0 Si\u00e7 thekson kjo parti,\u00a0 fillimi i k\u00ebtij viti shkollor nuk paraqet ndonj\u00eb risi krahasuar me vitet e m\u00ebparshme . Fjala \u00ebsht\u00eb p\u00ebr programin dhe tekstet [&hellip;]<\/p>\n","protected":false},"author":1,"featured_media":0,"comment_status":"closed","ping_status":"closed","sticky":false,"template":"","format":"standard","meta":{"spay_email":"","jetpack_publicize_message":"","jetpack_is_tweetstorm":false,"jetpack_publicize_feature_enabled":true},"categories":[14],"tags":[],"jetpack_publicize_connections":[],"yoast_head":"<!-- This site is optimized with the Yoast SEO plugin v19.1 - https:\/\/yoast.com\/wordpress\/plugins\/seo\/ -->\n<title>Forca: Mosp\u00ebrdorimi i abetares mbar\u00ebkomb\u00ebtare, d\u00ebshmi e mentalitetit t\u00eb trash\u00ebguar - Lajme nga Ulqini<\/title>\n<meta name=\"description\" content=\"Mosp\u00ebrdorimi i abetares\u00a0 mbar\u00eb shqiptare brenda\u00a0 korpusit t\u00eb shqiptar\u00ebve n\u00eb Mal t\u00eb Zi, \u00ebsht\u00eb d\u00ebshmi e mentalitetit t\u00eb trash\u00ebguar\u00a0 n\u00eb ministrin\u00eb\u00a0 e arsimit\" \/>\n<meta name=\"robots\" content=\"index, follow, max-snippet:-1, max-image-preview:large, max-video-preview:-1\" \/>\n<link rel=\"canonical\" href=\"https:\/\/www.visit-ulcinj.com\/blog\/2014\/09\/15\/forca-mosperdorimi-abetares-mbarekombetare-deshmi-e-mentalitetit-te-trasheguar\/\" \/>\n<meta property=\"og:locale\" content=\"en_US\" \/>\n<meta property=\"og:type\" content=\"article\" \/>\n<meta property=\"og:title\" content=\"Forca: Mosp\u00ebrdorimi i abetares mbar\u00ebkomb\u00ebtare, d\u00ebshmi e mentalitetit t\u00eb trash\u00ebguar - Lajme nga Ulqini\" \/>\n<meta property=\"og:description\" content=\"Mosp\u00ebrdorimi i abetares\u00a0 mbar\u00eb shqiptare brenda\u00a0 korpusit t\u00eb shqiptar\u00ebve n\u00eb Mal t\u00eb Zi, \u00ebsht\u00eb d\u00ebshmi e mentalitetit t\u00eb trash\u00ebguar\u00a0 n\u00eb ministrin\u00eb\u00a0 e arsimit\" \/>\n<meta property=\"og:url\" content=\"https:\/\/www.visit-ulcinj.com\/blog\/2014\/09\/15\/forca-mosperdorimi-abetares-mbarekombetare-deshmi-e-mentalitetit-te-trasheguar\/\" \/>\n<meta property=\"og:site_name\" content=\"Lajme nga Ulqini\" \/>\n<meta property=\"article:published_time\" content=\"2014-09-15T16:33:44+00:00\" \/>\n<meta property=\"article:modified_time\" content=\"2014-09-15T16:37:11+00:00\" \/>\n<meta property=\"og:image\" content=\"http:\/\/www.visit-ulcinj.com\/blog\/wp-content\/uploads\/2014\/09\/Abetare-Faqe11.jpg\" \/>\n<meta name=\"twitter:label1\" content=\"Written by\" \/>\n\t<meta name=\"twitter:data1\" content=\"ulqini\" \/>\n\t<meta name=\"twitter:label2\" content=\"Est. reading time\" \/>\n\t<meta name=\"twitter:data2\" content=\"1 minute\" \/>\n<script type=\"application\/ld+json\" class=\"yoast-schema-graph\">{\"@context\":\"https:\/\/schema.org\",\"@graph\":[{\"@type\":\"WebSite\",\"@id\":\"https:\/\/www.visit-ulcinj.com\/blog\/#website\",\"url\":\"https:\/\/www.visit-ulcinj.com\/blog\/\",\"name\":\"Lajme nga Ulqini\",\"description\":\"Lajme,Vijesti,Ulqini,Ulqin,Crna Gora,Mali i Zi\",\"potentialAction\":[{\"@type\":\"SearchAction\",\"target\":{\"@type\":\"EntryPoint\",\"urlTemplate\":\"https:\/\/www.visit-ulcinj.com\/blog\/?s={search_term_string}\"},\"query-input\":\"required name=search_term_string\"}],\"inLanguage\":\"en-US\"},{\"@type\":\"ImageObject\",\"inLanguage\":\"en-US\",\"@id\":\"https:\/\/www.visit-ulcinj.com\/blog\/2014\/09\/15\/forca-mosperdorimi-abetares-mbarekombetare-deshmi-e-mentalitetit-te-trasheguar\/#primaryimage\",\"url\":\"https:\/\/www.visit-ulcinj.com\/blog\/wp-content\/uploads\/2014\/09\/Abetare-Faqe11.jpg\",\"contentUrl\":\"https:\/\/www.visit-ulcinj.com\/blog\/wp-content\/uploads\/2014\/09\/Abetare-Faqe11.jpg\",\"width\":565,\"height\":804},{\"@type\":\"WebPage\",\"@id\":\"https:\/\/www.visit-ulcinj.com\/blog\/2014\/09\/15\/forca-mosperdorimi-abetares-mbarekombetare-deshmi-e-mentalitetit-te-trasheguar\/#webpage\",\"url\":\"https:\/\/www.visit-ulcinj.com\/blog\/2014\/09\/15\/forca-mosperdorimi-abetares-mbarekombetare-deshmi-e-mentalitetit-te-trasheguar\/\",\"name\":\"Forca: Mosp\u00ebrdorimi i abetares mbar\u00ebkomb\u00ebtare, d\u00ebshmi e mentalitetit t\u00eb trash\u00ebguar - Lajme nga Ulqini\",\"isPartOf\":{\"@id\":\"https:\/\/www.visit-ulcinj.com\/blog\/#website\"},\"primaryImageOfPage\":{\"@id\":\"https:\/\/www.visit-ulcinj.com\/blog\/2014\/09\/15\/forca-mosperdorimi-abetares-mbarekombetare-deshmi-e-mentalitetit-te-trasheguar\/#primaryimage\"},\"datePublished\":\"2014-09-15T16:33:44+00:00\",\"dateModified\":\"2014-09-15T16:37:11+00:00\",\"author\":{\"@id\":\"https:\/\/www.visit-ulcinj.com\/blog\/#\/schema\/person\/dcab619c614d3038751c63bc2aadc06d\"},\"description\":\"Mosp\u00ebrdorimi i abetares\u00a0 mbar\u00eb shqiptare brenda\u00a0 korpusit t\u00eb shqiptar\u00ebve n\u00eb Mal t\u00eb Zi, \u00ebsht\u00eb d\u00ebshmi e mentalitetit t\u00eb trash\u00ebguar\u00a0 n\u00eb ministrin\u00eb\u00a0 e arsimit\",\"breadcrumb\":{\"@id\":\"https:\/\/www.visit-ulcinj.com\/blog\/2014\/09\/15\/forca-mosperdorimi-abetares-mbarekombetare-deshmi-e-mentalitetit-te-trasheguar\/#breadcrumb\"},\"inLanguage\":\"en-US\",\"potentialAction\":[{\"@type\":\"ReadAction\",\"target\":[\"https:\/\/www.visit-ulcinj.com\/blog\/2014\/09\/15\/forca-mosperdorimi-abetares-mbarekombetare-deshmi-e-mentalitetit-te-trasheguar\/\"]}]},{\"@type\":\"BreadcrumbList\",\"@id\":\"https:\/\/www.visit-ulcinj.com\/blog\/2014\/09\/15\/forca-mosperdorimi-abetares-mbarekombetare-deshmi-e-mentalitetit-te-trasheguar\/#breadcrumb\",\"itemListElement\":[{\"@type\":\"ListItem\",\"position\":1,\"name\":\"Forca: Mosp\u00ebrdorimi i abetares mbar\u00ebkomb\u00ebtare, d\u00ebshmi e mentalitetit t\u00eb trash\u00ebguar\"}]},{\"@type\":\"Person\",\"@id\":\"https:\/\/www.visit-ulcinj.com\/blog\/#\/schema\/person\/dcab619c614d3038751c63bc2aadc06d\",\"name\":\"ulqini\",\"sameAs\":[\"http:\/\/www.visit-ulcinj.com\"],\"url\":\"https:\/\/www.visit-ulcinj.com\/blog\/author\/admin\/\"}]}<\/script>\n<!-- \/ Yoast SEO plugin. -->","yoast_head_json":{"title":"Forca: Mosp\u00ebrdorimi i abetares mbar\u00ebkomb\u00ebtare, d\u00ebshmi e mentalitetit t\u00eb trash\u00ebguar - Lajme nga Ulqini","description":"Mosp\u00ebrdorimi i abetares\u00a0 mbar\u00eb shqiptare brenda\u00a0 korpusit t\u00eb shqiptar\u00ebve n\u00eb Mal t\u00eb Zi, \u00ebsht\u00eb d\u00ebshmi e mentalitetit t\u00eb trash\u00ebguar\u00a0 n\u00eb ministrin\u00eb\u00a0 e arsimit","robots":{"index":"index","follow":"follow","max-snippet":"max-snippet:-1","max-image-preview":"max-image-preview:large","max-video-preview":"max-video-preview:-1"},"canonical":"https:\/\/www.visit-ulcinj.com\/blog\/2014\/09\/15\/forca-mosperdorimi-abetares-mbarekombetare-deshmi-e-mentalitetit-te-trasheguar\/","og_locale":"en_US","og_type":"article","og_title":"Forca: Mosp\u00ebrdorimi i abetares mbar\u00ebkomb\u00ebtare, d\u00ebshmi e mentalitetit t\u00eb trash\u00ebguar - Lajme nga Ulqini","og_description":"Mosp\u00ebrdorimi i abetares\u00a0 mbar\u00eb shqiptare brenda\u00a0 korpusit t\u00eb shqiptar\u00ebve n\u00eb Mal t\u00eb Zi, \u00ebsht\u00eb d\u00ebshmi e mentalitetit t\u00eb trash\u00ebguar\u00a0 n\u00eb ministrin\u00eb\u00a0 e arsimit","og_url":"https:\/\/www.visit-ulcinj.com\/blog\/2014\/09\/15\/forca-mosperdorimi-abetares-mbarekombetare-deshmi-e-mentalitetit-te-trasheguar\/","og_site_name":"Lajme nga Ulqini","article_published_time":"2014-09-15T16:33:44+00:00","article_modified_time":"2014-09-15T16:37:11+00:00","og_image":[{"url":"http:\/\/www.visit-ulcinj.com\/blog\/wp-content\/uploads\/2014\/09\/Abetare-Faqe11.jpg"}],"twitter_misc":{"Written by":"ulqini","Est. reading time":"1 minute"},"schema":{"@context":"https:\/\/schema.org","@graph":[{"@type":"WebSite","@id":"https:\/\/www.visit-ulcinj.com\/blog\/#website","url":"https:\/\/www.visit-ulcinj.com\/blog\/","name":"Lajme nga Ulqini","description":"Lajme,Vijesti,Ulqini,Ulqin,Crna Gora,Mali i Zi","potentialAction":[{"@type":"SearchAction","target":{"@type":"EntryPoint","urlTemplate":"https:\/\/www.visit-ulcinj.com\/blog\/?s={search_term_string}"},"query-input":"required name=search_term_string"}],"inLanguage":"en-US"},{"@type":"ImageObject","inLanguage":"en-US","@id":"https:\/\/www.visit-ulcinj.com\/blog\/2014\/09\/15\/forca-mosperdorimi-abetares-mbarekombetare-deshmi-e-mentalitetit-te-trasheguar\/#primaryimage","url":"https:\/\/www.visit-ulcinj.com\/blog\/wp-content\/uploads\/2014\/09\/Abetare-Faqe11.jpg","contentUrl":"https:\/\/www.visit-ulcinj.com\/blog\/wp-content\/uploads\/2014\/09\/Abetare-Faqe11.jpg","width":565,"height":804},{"@type":"WebPage","@id":"https:\/\/www.visit-ulcinj.com\/blog\/2014\/09\/15\/forca-mosperdorimi-abetares-mbarekombetare-deshmi-e-mentalitetit-te-trasheguar\/#webpage","url":"https:\/\/www.visit-ulcinj.com\/blog\/2014\/09\/15\/forca-mosperdorimi-abetares-mbarekombetare-deshmi-e-mentalitetit-te-trasheguar\/","name":"Forca: Mosp\u00ebrdorimi i abetares mbar\u00ebkomb\u00ebtare, d\u00ebshmi e mentalitetit t\u00eb trash\u00ebguar - Lajme nga Ulqini","isPartOf":{"@id":"https:\/\/www.visit-ulcinj.com\/blog\/#website"},"primaryImageOfPage":{"@id":"https:\/\/www.visit-ulcinj.com\/blog\/2014\/09\/15\/forca-mosperdorimi-abetares-mbarekombetare-deshmi-e-mentalitetit-te-trasheguar\/#primaryimage"},"datePublished":"2014-09-15T16:33:44+00:00","dateModified":"2014-09-15T16:37:11+00:00","author":{"@id":"https:\/\/www.visit-ulcinj.com\/blog\/#\/schema\/person\/dcab619c614d3038751c63bc2aadc06d"},"description":"Mosp\u00ebrdorimi i abetares\u00a0 mbar\u00eb shqiptare brenda\u00a0 korpusit t\u00eb shqiptar\u00ebve n\u00eb Mal t\u00eb Zi, \u00ebsht\u00eb d\u00ebshmi e mentalitetit t\u00eb trash\u00ebguar\u00a0 n\u00eb ministrin\u00eb\u00a0 e arsimit","breadcrumb":{"@id":"https:\/\/www.visit-ulcinj.com\/blog\/2014\/09\/15\/forca-mosperdorimi-abetares-mbarekombetare-deshmi-e-mentalitetit-te-trasheguar\/#breadcrumb"},"inLanguage":"en-US","potentialAction":[{"@type":"ReadAction","target":["https:\/\/www.visit-ulcinj.com\/blog\/2014\/09\/15\/forca-mosperdorimi-abetares-mbarekombetare-deshmi-e-mentalitetit-te-trasheguar\/"]}]},{"@type":"BreadcrumbList","@id":"https:\/\/www.visit-ulcinj.com\/blog\/2014\/09\/15\/forca-mosperdorimi-abetares-mbarekombetare-deshmi-e-mentalitetit-te-trasheguar\/#breadcrumb","itemListElement":[{"@type":"ListItem","position":1,"name":"Forca: Mosp\u00ebrdorimi i abetares mbar\u00ebkomb\u00ebtare, d\u00ebshmi e mentalitetit t\u00eb trash\u00ebguar"}]},{"@type":"Person","@id":"https:\/\/www.visit-ulcinj.com\/blog\/#\/schema\/person\/dcab619c614d3038751c63bc2aadc06d","name":"ulqini","sameAs":["http:\/\/www.visit-ulcinj.com"],"url":"https:\/\/www.visit-ulcinj.com\/blog\/author\/admin\/"}]}},"jetpack_featured_media_url":"","jetpack_sharing_enabled":true,"jetpack_shortlink":"https:\/\/wp.me\/pe6lTn-may","_links":{"self":[{"href":"https:\/\/www.visit-ulcinj.com\/blog\/wp-json\/wp\/v2\/posts\/85222"}],"collection":[{"href":"https:\/\/www.visit-ulcinj.com\/blog\/wp-json\/wp\/v2\/posts"}],"about":[{"href":"https:\/\/www.visit-ulcinj.com\/blog\/wp-json\/wp\/v2\/types\/post"}],"author":[{"embeddable":true,"href":"https:\/\/www.visit-ulcinj.com\/blog\/wp-json\/wp\/v2\/users\/1"}],"replies":[{"embeddable":true,"href":"https:\/\/www.visit-ulcinj.com\/blog\/wp-json\/wp\/v2\/comments?post=85222"}],"version-history":[{"count":1,"href":"https:\/\/www.visit-ulcinj.com\/blog\/wp-json\/wp\/v2\/posts\/85222\/revisions"}],"predecessor-version":[{"id":85224,"href":"https:\/\/www.visit-ulcinj.com\/blog\/wp-json\/wp\/v2\/posts\/85222\/revisions\/85224"}],"wp:attachment":[{"href":"https:\/\/www.visit-ulcinj.com\/blog\/wp-json\/wp\/v2\/media?parent=85222"}],"wp:term":[{"taxonomy":"category","embeddable":true,"href":"https:\/\/www.visit-ulcinj.com\/blog\/wp-json\/wp\/v2\/categories?post=85222"},{"taxonomy":"post_tag","embeddable":true,"href":"https:\/\/www.visit-ulcinj.com\/blog\/wp-json\/wp\/v2\/tags?post=85222"}],"curies":[{"name":"wp","href":"https:\/\/api.w.org\/{rel}","templated":true}]}}