{"id":85228,"date":"2014-09-15T17:51:35","date_gmt":"2014-09-15T16:51:35","guid":{"rendered":"http:\/\/www.visit-ulcinj.com\/blog\/?p=85228"},"modified":"2014-09-15T17:51:35","modified_gmt":"2014-09-15T16:51:35","slug":"etrita-ibroci-arsimi-arme-kunder-pabarazise-gjinore","status":"publish","type":"post","link":"https:\/\/www.visit-ulcinj.com\/blog\/2014\/09\/15\/etrita-ibroci-arsimi-arme-kunder-pabarazise-gjinore\/","title":{"rendered":"Etrita Ibro\u00e7i: Arsimi, arm\u00eb kund\u00ebr pabarazis\u00eb gjinore"},"content":{"rendered":"<p><a href=\"http:\/\/www.visit-ulcinj.com\/blog\/wp-content\/uploads\/2014\/09\/Etrita-Ibroci.jpg\"><img loading=\"lazy\" class=\"alignleft wp-image-85229\" src=\"http:\/\/www.visit-ulcinj.com\/blog\/wp-content\/uploads\/2014\/09\/Etrita-Ibroci.jpg\" alt=\"Etrita-Ibroci\" width=\"508\" height=\"285\" \/><\/a>Arsimi \u00ebsht\u00eb jo vet\u00ebm \u00e7el\u00ebsi i suksesit profesional n\u00eb jet\u00eb, por edhe m\u00ebnyra m\u00eb e mir\u00eb p\u00ebr t\u00eb p\u00ebrmir\u00ebsuar situat\u00ebn e gruas n\u00eb shoq\u00ebri. Kjo sipas Etrita Ibro\u00e7it, nj\u00eb shqiptaro-amerikane nga Ulqini i Malit t\u00eb Zi, e cila prej disa vitesh \u00ebsht\u00eb nj\u00eb nga operatoret financiare kryesore n\u00eb Nju Jork t\u00eb firm\u00ebs nd\u00ebrkomb\u00ebtare Kepler Cheuvreux. Ajo u intervistua nga gazetari i Z\u00ebrit t\u00eb Amerik\u00ebs n\u00eb Nju Jork, Julian Zyla.<\/p>\n<p>VAO<\/p>\n<p><iframe loading=\"lazy\" src=\"http:\/\/zeriamerikes.share.voanews.eu\/flashembed.aspx?t=vid&amp;id=2449539&amp;w=640&amp;h=363&amp;skin=embeded\" scrolling=\"no\" frameborder=\"0\" width=\"508\" height=\"363\"><\/iframe><\/p>\n","protected":false},"excerpt":{"rendered":"<p>Arsimi \u00ebsht\u00eb jo vet\u00ebm \u00e7el\u00ebsi i suksesit profesional n\u00eb jet\u00eb, por edhe m\u00ebnyra m\u00eb e mir\u00eb p\u00ebr t\u00eb p\u00ebrmir\u00ebsuar situat\u00ebn e gruas n\u00eb shoq\u00ebri. Kjo sipas Etrita Ibro\u00e7it, nj\u00eb shqiptaro-amerikane nga Ulqini i Malit t\u00eb Zi, e cila prej disa vitesh \u00ebsht\u00eb nj\u00eb nga operatoret financiare kryesore n\u00eb Nju Jork t\u00eb firm\u00ebs nd\u00ebrkomb\u00ebtare Kepler Cheuvreux. [&hellip;]<\/p>\n","protected":false},"author":1,"featured_media":0,"comment_status":"closed","ping_status":"closed","sticky":false,"template":"","format":"standard","meta":{"spay_email":"","jetpack_publicize_message":"","jetpack_is_tweetstorm":false,"jetpack_publicize_feature_enabled":true},"categories":[7],"tags":[],"jetpack_publicize_connections":[],"yoast_head":"<!-- This site is optimized with the Yoast SEO plugin v19.1 - https:\/\/yoast.com\/wordpress\/plugins\/seo\/ -->\n<title>Etrita Ibro\u00e7i: Arsimi, arm\u00eb kund\u00ebr pabarazis\u00eb gjinore - Lajme nga Ulqini<\/title>\n<meta name=\"description\" content=\"Arsimi \u00ebsht\u00eb jo vet\u00ebm \u00e7el\u00ebsi i suksesit profesional n\u00eb jet\u00eb, por edhe m\u00ebnyra m\u00eb e mir\u00eb p\u00ebr t\u00eb p\u00ebrmir\u00ebsuar situat\u00ebn e gruas n\u00eb shoq\u00ebri. Kjo sipas Etrita\" \/>\n<meta name=\"robots\" content=\"index, follow, max-snippet:-1, max-image-preview:large, max-video-preview:-1\" \/>\n<link rel=\"canonical\" href=\"https:\/\/www.visit-ulcinj.com\/blog\/2014\/09\/15\/etrita-ibroci-arsimi-arme-kunder-pabarazise-gjinore\/\" \/>\n<meta property=\"og:locale\" content=\"en_US\" \/>\n<meta property=\"og:type\" content=\"article\" \/>\n<meta property=\"og:title\" content=\"Etrita Ibro\u00e7i: Arsimi, arm\u00eb kund\u00ebr pabarazis\u00eb gjinore - Lajme nga Ulqini\" \/>\n<meta property=\"og:description\" content=\"Arsimi \u00ebsht\u00eb jo vet\u00ebm \u00e7el\u00ebsi i suksesit profesional n\u00eb jet\u00eb, por edhe m\u00ebnyra m\u00eb e mir\u00eb p\u00ebr t\u00eb p\u00ebrmir\u00ebsuar situat\u00ebn e gruas n\u00eb shoq\u00ebri. Kjo sipas Etrita\" \/>\n<meta property=\"og:url\" content=\"https:\/\/www.visit-ulcinj.com\/blog\/2014\/09\/15\/etrita-ibroci-arsimi-arme-kunder-pabarazise-gjinore\/\" \/>\n<meta property=\"og:site_name\" content=\"Lajme nga Ulqini\" \/>\n<meta property=\"article:published_time\" content=\"2014-09-15T16:51:35+00:00\" \/>\n<meta property=\"og:image\" content=\"http:\/\/www.visit-ulcinj.com\/blog\/wp-content\/uploads\/2014\/09\/Etrita-Ibroci.jpg\" \/>\n<meta name=\"twitter:label1\" content=\"Written by\" \/>\n\t<meta name=\"twitter:data1\" content=\"ulqini\" \/>\n<script type=\"application\/ld+json\" class=\"yoast-schema-graph\">{\"@context\":\"https:\/\/schema.org\",\"@graph\":[{\"@type\":\"WebSite\",\"@id\":\"https:\/\/www.visit-ulcinj.com\/blog\/#website\",\"url\":\"https:\/\/www.visit-ulcinj.com\/blog\/\",\"name\":\"Lajme nga Ulqini\",\"description\":\"Lajme,Vijesti,Ulqini,Ulqin,Crna Gora,Mali i Zi\",\"potentialAction\":[{\"@type\":\"SearchAction\",\"target\":{\"@type\":\"EntryPoint\",\"urlTemplate\":\"https:\/\/www.visit-ulcinj.com\/blog\/?s={search_term_string}\"},\"query-input\":\"required name=search_term_string\"}],\"inLanguage\":\"en-US\"},{\"@type\":\"ImageObject\",\"inLanguage\":\"en-US\",\"@id\":\"https:\/\/www.visit-ulcinj.com\/blog\/2014\/09\/15\/etrita-ibroci-arsimi-arme-kunder-pabarazise-gjinore\/#primaryimage\",\"url\":\"http:\/\/www.visit-ulcinj.com\/blog\/wp-content\/uploads\/2014\/09\/Etrita-Ibroci.jpg\",\"contentUrl\":\"http:\/\/www.visit-ulcinj.com\/blog\/wp-content\/uploads\/2014\/09\/Etrita-Ibroci.jpg\"},{\"@type\":\"WebPage\",\"@id\":\"https:\/\/www.visit-ulcinj.com\/blog\/2014\/09\/15\/etrita-ibroci-arsimi-arme-kunder-pabarazise-gjinore\/#webpage\",\"url\":\"https:\/\/www.visit-ulcinj.com\/blog\/2014\/09\/15\/etrita-ibroci-arsimi-arme-kunder-pabarazise-gjinore\/\",\"name\":\"Etrita Ibro\u00e7i: Arsimi, arm\u00eb kund\u00ebr pabarazis\u00eb gjinore - Lajme nga Ulqini\",\"isPartOf\":{\"@id\":\"https:\/\/www.visit-ulcinj.com\/blog\/#website\"},\"primaryImageOfPage\":{\"@id\":\"https:\/\/www.visit-ulcinj.com\/blog\/2014\/09\/15\/etrita-ibroci-arsimi-arme-kunder-pabarazise-gjinore\/#primaryimage\"},\"datePublished\":\"2014-09-15T16:51:35+00:00\",\"dateModified\":\"2014-09-15T16:51:35+00:00\",\"author\":{\"@id\":\"https:\/\/www.visit-ulcinj.com\/blog\/#\/schema\/person\/dcab619c614d3038751c63bc2aadc06d\"},\"description\":\"Arsimi \u00ebsht\u00eb jo vet\u00ebm \u00e7el\u00ebsi i suksesit profesional n\u00eb jet\u00eb, por edhe m\u00ebnyra m\u00eb e mir\u00eb p\u00ebr t\u00eb p\u00ebrmir\u00ebsuar situat\u00ebn e gruas n\u00eb shoq\u00ebri. Kjo sipas Etrita\",\"breadcrumb\":{\"@id\":\"https:\/\/www.visit-ulcinj.com\/blog\/2014\/09\/15\/etrita-ibroci-arsimi-arme-kunder-pabarazise-gjinore\/#breadcrumb\"},\"inLanguage\":\"en-US\",\"potentialAction\":[{\"@type\":\"ReadAction\",\"target\":[\"https:\/\/www.visit-ulcinj.com\/blog\/2014\/09\/15\/etrita-ibroci-arsimi-arme-kunder-pabarazise-gjinore\/\"]}]},{\"@type\":\"BreadcrumbList\",\"@id\":\"https:\/\/www.visit-ulcinj.com\/blog\/2014\/09\/15\/etrita-ibroci-arsimi-arme-kunder-pabarazise-gjinore\/#breadcrumb\",\"itemListElement\":[{\"@type\":\"ListItem\",\"position\":1,\"name\":\"Etrita Ibro\u00e7i: Arsimi, arm\u00eb kund\u00ebr pabarazis\u00eb gjinore\"}]},{\"@type\":\"Person\",\"@id\":\"https:\/\/www.visit-ulcinj.com\/blog\/#\/schema\/person\/dcab619c614d3038751c63bc2aadc06d\",\"name\":\"ulqini\",\"sameAs\":[\"http:\/\/www.visit-ulcinj.com\"],\"url\":\"https:\/\/www.visit-ulcinj.com\/blog\/author\/admin\/\"}]}<\/script>\n<!-- \/ Yoast SEO plugin. -->","yoast_head_json":{"title":"Etrita Ibro\u00e7i: Arsimi, arm\u00eb kund\u00ebr pabarazis\u00eb gjinore - Lajme nga Ulqini","description":"Arsimi \u00ebsht\u00eb jo vet\u00ebm \u00e7el\u00ebsi i suksesit profesional n\u00eb jet\u00eb, por edhe m\u00ebnyra m\u00eb e mir\u00eb p\u00ebr t\u00eb p\u00ebrmir\u00ebsuar situat\u00ebn e gruas n\u00eb shoq\u00ebri. Kjo sipas Etrita","robots":{"index":"index","follow":"follow","max-snippet":"max-snippet:-1","max-image-preview":"max-image-preview:large","max-video-preview":"max-video-preview:-1"},"canonical":"https:\/\/www.visit-ulcinj.com\/blog\/2014\/09\/15\/etrita-ibroci-arsimi-arme-kunder-pabarazise-gjinore\/","og_locale":"en_US","og_type":"article","og_title":"Etrita Ibro\u00e7i: Arsimi, arm\u00eb kund\u00ebr pabarazis\u00eb gjinore - Lajme nga Ulqini","og_description":"Arsimi \u00ebsht\u00eb jo vet\u00ebm \u00e7el\u00ebsi i suksesit profesional n\u00eb jet\u00eb, por edhe m\u00ebnyra m\u00eb e mir\u00eb p\u00ebr t\u00eb p\u00ebrmir\u00ebsuar situat\u00ebn e gruas n\u00eb shoq\u00ebri. Kjo sipas Etrita","og_url":"https:\/\/www.visit-ulcinj.com\/blog\/2014\/09\/15\/etrita-ibroci-arsimi-arme-kunder-pabarazise-gjinore\/","og_site_name":"Lajme nga Ulqini","article_published_time":"2014-09-15T16:51:35+00:00","og_image":[{"url":"http:\/\/www.visit-ulcinj.com\/blog\/wp-content\/uploads\/2014\/09\/Etrita-Ibroci.jpg"}],"twitter_misc":{"Written by":"ulqini"},"schema":{"@context":"https:\/\/schema.org","@graph":[{"@type":"WebSite","@id":"https:\/\/www.visit-ulcinj.com\/blog\/#website","url":"https:\/\/www.visit-ulcinj.com\/blog\/","name":"Lajme nga Ulqini","description":"Lajme,Vijesti,Ulqini,Ulqin,Crna Gora,Mali i Zi","potentialAction":[{"@type":"SearchAction","target":{"@type":"EntryPoint","urlTemplate":"https:\/\/www.visit-ulcinj.com\/blog\/?s={search_term_string}"},"query-input":"required name=search_term_string"}],"inLanguage":"en-US"},{"@type":"ImageObject","inLanguage":"en-US","@id":"https:\/\/www.visit-ulcinj.com\/blog\/2014\/09\/15\/etrita-ibroci-arsimi-arme-kunder-pabarazise-gjinore\/#primaryimage","url":"http:\/\/www.visit-ulcinj.com\/blog\/wp-content\/uploads\/2014\/09\/Etrita-Ibroci.jpg","contentUrl":"http:\/\/www.visit-ulcinj.com\/blog\/wp-content\/uploads\/2014\/09\/Etrita-Ibroci.jpg"},{"@type":"WebPage","@id":"https:\/\/www.visit-ulcinj.com\/blog\/2014\/09\/15\/etrita-ibroci-arsimi-arme-kunder-pabarazise-gjinore\/#webpage","url":"https:\/\/www.visit-ulcinj.com\/blog\/2014\/09\/15\/etrita-ibroci-arsimi-arme-kunder-pabarazise-gjinore\/","name":"Etrita Ibro\u00e7i: Arsimi, arm\u00eb kund\u00ebr pabarazis\u00eb gjinore - Lajme nga Ulqini","isPartOf":{"@id":"https:\/\/www.visit-ulcinj.com\/blog\/#website"},"primaryImageOfPage":{"@id":"https:\/\/www.visit-ulcinj.com\/blog\/2014\/09\/15\/etrita-ibroci-arsimi-arme-kunder-pabarazise-gjinore\/#primaryimage"},"datePublished":"2014-09-15T16:51:35+00:00","dateModified":"2014-09-15T16:51:35+00:00","author":{"@id":"https:\/\/www.visit-ulcinj.com\/blog\/#\/schema\/person\/dcab619c614d3038751c63bc2aadc06d"},"description":"Arsimi \u00ebsht\u00eb jo vet\u00ebm \u00e7el\u00ebsi i suksesit profesional n\u00eb jet\u00eb, por edhe m\u00ebnyra m\u00eb e mir\u00eb p\u00ebr t\u00eb p\u00ebrmir\u00ebsuar situat\u00ebn e gruas n\u00eb shoq\u00ebri. Kjo sipas Etrita","breadcrumb":{"@id":"https:\/\/www.visit-ulcinj.com\/blog\/2014\/09\/15\/etrita-ibroci-arsimi-arme-kunder-pabarazise-gjinore\/#breadcrumb"},"inLanguage":"en-US","potentialAction":[{"@type":"ReadAction","target":["https:\/\/www.visit-ulcinj.com\/blog\/2014\/09\/15\/etrita-ibroci-arsimi-arme-kunder-pabarazise-gjinore\/"]}]},{"@type":"BreadcrumbList","@id":"https:\/\/www.visit-ulcinj.com\/blog\/2014\/09\/15\/etrita-ibroci-arsimi-arme-kunder-pabarazise-gjinore\/#breadcrumb","itemListElement":[{"@type":"ListItem","position":1,"name":"Etrita Ibro\u00e7i: Arsimi, arm\u00eb kund\u00ebr pabarazis\u00eb gjinore"}]},{"@type":"Person","@id":"https:\/\/www.visit-ulcinj.com\/blog\/#\/schema\/person\/dcab619c614d3038751c63bc2aadc06d","name":"ulqini","sameAs":["http:\/\/www.visit-ulcinj.com"],"url":"https:\/\/www.visit-ulcinj.com\/blog\/author\/admin\/"}]}},"jetpack_featured_media_url":"","jetpack_sharing_enabled":true,"jetpack_shortlink":"https:\/\/wp.me\/pe6lTn-maE","_links":{"self":[{"href":"https:\/\/www.visit-ulcinj.com\/blog\/wp-json\/wp\/v2\/posts\/85228"}],"collection":[{"href":"https:\/\/www.visit-ulcinj.com\/blog\/wp-json\/wp\/v2\/posts"}],"about":[{"href":"https:\/\/www.visit-ulcinj.com\/blog\/wp-json\/wp\/v2\/types\/post"}],"author":[{"embeddable":true,"href":"https:\/\/www.visit-ulcinj.com\/blog\/wp-json\/wp\/v2\/users\/1"}],"replies":[{"embeddable":true,"href":"https:\/\/www.visit-ulcinj.com\/blog\/wp-json\/wp\/v2\/comments?post=85228"}],"version-history":[{"count":1,"href":"https:\/\/www.visit-ulcinj.com\/blog\/wp-json\/wp\/v2\/posts\/85228\/revisions"}],"predecessor-version":[{"id":85230,"href":"https:\/\/www.visit-ulcinj.com\/blog\/wp-json\/wp\/v2\/posts\/85228\/revisions\/85230"}],"wp:attachment":[{"href":"https:\/\/www.visit-ulcinj.com\/blog\/wp-json\/wp\/v2\/media?parent=85228"}],"wp:term":[{"taxonomy":"category","embeddable":true,"href":"https:\/\/www.visit-ulcinj.com\/blog\/wp-json\/wp\/v2\/categories?post=85228"},{"taxonomy":"post_tag","embeddable":true,"href":"https:\/\/www.visit-ulcinj.com\/blog\/wp-json\/wp\/v2\/tags?post=85228"}],"curies":[{"name":"wp","href":"https:\/\/api.w.org\/{rel}","templated":true}]}}