{"id":85231,"date":"2014-09-15T17:58:43","date_gmt":"2014-09-15T16:58:43","guid":{"rendered":"http:\/\/www.visit-ulcinj.com\/blog\/?p=85231"},"modified":"2014-09-15T17:58:43","modified_gmt":"2014-09-15T16:58:43","slug":"njohje-reciproke-e-patentave-te-shofereve-mes-maqedonise-dhe-malit-te-zi","status":"publish","type":"post","link":"https:\/\/www.visit-ulcinj.com\/blog\/2014\/09\/15\/njohje-reciproke-e-patentave-te-shofereve-mes-maqedonise-dhe-malit-te-zi\/","title":{"rendered":"Njohje reciproke e patentave t\u00eb shofer\u00ebve mes Maqedonis\u00eb dhe Malit t\u00eb Zi"},"content":{"rendered":"<p><a href=\"http:\/\/www.visit-ulcinj.com\/blog\/wp-content\/uploads\/2014\/09\/Patent_shofer.jpg\"><img loading=\"lazy\" class=\"alignleft wp-image-85232\" src=\"http:\/\/www.visit-ulcinj.com\/blog\/wp-content\/uploads\/2014\/09\/Patent_shofer.jpg\" alt=\"Patent_shofer\" width=\"508\" height=\"380\" srcset=\"https:\/\/www.visit-ulcinj.com\/blog\/wp-content\/uploads\/2014\/09\/Patent_shofer.jpg 800w, https:\/\/www.visit-ulcinj.com\/blog\/wp-content\/uploads\/2014\/09\/Patent_shofer-300x224.jpg 300w\" sizes=\"(max-width: 508px) 100vw, 508px\" \/><\/a>Podgoric\u00eb, 15 shtator 2014 (MIA) \u2013 Ministrja e Pun\u00ebve t\u00eb Brendshme Gordana Jankulloska dhe\u00a0homologu i saj nga Mali i Zi Rashko Konjeviq sot n\u00eb Podgoric\u00eb do t\u00eb n\u00ebnshkruajn\u00eb marrv\u00ebeshje\u00a0p\u00ebr njohje reciproke t\u00eb patentave t\u00eb shofer\u00ebve t\u00eb qytetar\u00ebve nga t\u00eb dy vendet.<\/p>\n<p>Mali i Zi \u00ebsht\u00eb vendi i dyt\u00eb n\u00eb rajon me t\u00eb cilin Maqedonia dakordohet p\u00ebr njohje reciproke t\u00eb\u00a0patentave t\u00eb shofer\u00ebve. Marr\u00ebveshja e till\u00eb n\u00eb muajin korrik t\u00eb k\u00ebtij viti ishte n\u00ebnshkruar n\u00eb Serbi.<\/p>\n<p>Burimi: Portalb<\/p>\n","protected":false},"excerpt":{"rendered":"<p>Podgoric\u00eb, 15 shtator 2014 (MIA) \u2013 Ministrja e Pun\u00ebve t\u00eb Brendshme Gordana Jankulloska dhe\u00a0homologu i saj nga Mali i Zi Rashko Konjeviq sot n\u00eb Podgoric\u00eb do t\u00eb n\u00ebnshkruajn\u00eb marrv\u00ebeshje\u00a0p\u00ebr njohje reciproke t\u00eb patentave t\u00eb shofer\u00ebve t\u00eb qytetar\u00ebve nga t\u00eb dy vendet. Mali i Zi \u00ebsht\u00eb vendi i dyt\u00eb n\u00eb rajon me t\u00eb cilin Maqedonia dakordohet [&hellip;]<\/p>\n","protected":false},"author":1,"featured_media":0,"comment_status":"closed","ping_status":"closed","sticky":false,"template":"","format":"standard","meta":{"spay_email":"","jetpack_publicize_message":"","jetpack_is_tweetstorm":false,"jetpack_publicize_feature_enabled":true},"categories":[2451],"tags":[],"jetpack_publicize_connections":[],"yoast_head":"<!-- This site is optimized with the Yoast SEO plugin v19.1 - https:\/\/yoast.com\/wordpress\/plugins\/seo\/ -->\n<title>Njohje reciproke e patentave t\u00eb shofer\u00ebve mes Maqedonis\u00eb dhe Malit t\u00eb Zi - Lajme nga Ulqini<\/title>\n<meta name=\"description\" content=\"Podgoric\u00eb, 15 shtator 2014 (MIA) \u2013 Ministrja e Pun\u00ebve t\u00eb Brendshme Gordana Jankulloska dhe\u00a0homologu i saj nga Mali i Zi Rashko Konjeviq sot n\u00eb Podgoric\u00eb\" \/>\n<meta name=\"robots\" content=\"index, follow, max-snippet:-1, max-image-preview:large, max-video-preview:-1\" \/>\n<link rel=\"canonical\" href=\"https:\/\/www.visit-ulcinj.com\/blog\/2014\/09\/15\/njohje-reciproke-e-patentave-te-shofereve-mes-maqedonise-dhe-malit-te-zi\/\" \/>\n<meta property=\"og:locale\" content=\"en_US\" \/>\n<meta property=\"og:type\" content=\"article\" \/>\n<meta property=\"og:title\" content=\"Njohje reciproke e patentave t\u00eb shofer\u00ebve mes Maqedonis\u00eb dhe Malit t\u00eb Zi - Lajme nga Ulqini\" \/>\n<meta property=\"og:description\" content=\"Podgoric\u00eb, 15 shtator 2014 (MIA) \u2013 Ministrja e Pun\u00ebve t\u00eb Brendshme Gordana Jankulloska dhe\u00a0homologu i saj nga Mali i Zi Rashko Konjeviq sot n\u00eb Podgoric\u00eb\" \/>\n<meta property=\"og:url\" content=\"https:\/\/www.visit-ulcinj.com\/blog\/2014\/09\/15\/njohje-reciproke-e-patentave-te-shofereve-mes-maqedonise-dhe-malit-te-zi\/\" \/>\n<meta property=\"og:site_name\" content=\"Lajme nga Ulqini\" \/>\n<meta property=\"article:published_time\" content=\"2014-09-15T16:58:43+00:00\" \/>\n<meta property=\"og:image\" content=\"http:\/\/www.visit-ulcinj.com\/blog\/wp-content\/uploads\/2014\/09\/Patent_shofer.jpg\" \/>\n<meta name=\"twitter:label1\" content=\"Written by\" \/>\n\t<meta name=\"twitter:data1\" content=\"ulqini\" \/>\n<script type=\"application\/ld+json\" class=\"yoast-schema-graph\">{\"@context\":\"https:\/\/schema.org\",\"@graph\":[{\"@type\":\"WebSite\",\"@id\":\"https:\/\/www.visit-ulcinj.com\/blog\/#website\",\"url\":\"https:\/\/www.visit-ulcinj.com\/blog\/\",\"name\":\"Lajme nga Ulqini\",\"description\":\"Lajme,Vijesti,Ulqini,Ulqin,Crna Gora,Mali i Zi\",\"potentialAction\":[{\"@type\":\"SearchAction\",\"target\":{\"@type\":\"EntryPoint\",\"urlTemplate\":\"https:\/\/www.visit-ulcinj.com\/blog\/?s={search_term_string}\"},\"query-input\":\"required name=search_term_string\"}],\"inLanguage\":\"en-US\"},{\"@type\":\"ImageObject\",\"inLanguage\":\"en-US\",\"@id\":\"https:\/\/www.visit-ulcinj.com\/blog\/2014\/09\/15\/njohje-reciproke-e-patentave-te-shofereve-mes-maqedonise-dhe-malit-te-zi\/#primaryimage\",\"url\":\"https:\/\/www.visit-ulcinj.com\/blog\/wp-content\/uploads\/2014\/09\/Patent_shofer.jpg\",\"contentUrl\":\"https:\/\/www.visit-ulcinj.com\/blog\/wp-content\/uploads\/2014\/09\/Patent_shofer.jpg\",\"width\":800,\"height\":598},{\"@type\":\"WebPage\",\"@id\":\"https:\/\/www.visit-ulcinj.com\/blog\/2014\/09\/15\/njohje-reciproke-e-patentave-te-shofereve-mes-maqedonise-dhe-malit-te-zi\/#webpage\",\"url\":\"https:\/\/www.visit-ulcinj.com\/blog\/2014\/09\/15\/njohje-reciproke-e-patentave-te-shofereve-mes-maqedonise-dhe-malit-te-zi\/\",\"name\":\"Njohje reciproke e patentave t\u00eb shofer\u00ebve mes Maqedonis\u00eb dhe Malit t\u00eb Zi - Lajme nga Ulqini\",\"isPartOf\":{\"@id\":\"https:\/\/www.visit-ulcinj.com\/blog\/#website\"},\"primaryImageOfPage\":{\"@id\":\"https:\/\/www.visit-ulcinj.com\/blog\/2014\/09\/15\/njohje-reciproke-e-patentave-te-shofereve-mes-maqedonise-dhe-malit-te-zi\/#primaryimage\"},\"datePublished\":\"2014-09-15T16:58:43+00:00\",\"dateModified\":\"2014-09-15T16:58:43+00:00\",\"author\":{\"@id\":\"https:\/\/www.visit-ulcinj.com\/blog\/#\/schema\/person\/dcab619c614d3038751c63bc2aadc06d\"},\"description\":\"Podgoric\u00eb, 15 shtator 2014 (MIA) \u2013 Ministrja e Pun\u00ebve t\u00eb Brendshme Gordana Jankulloska dhe\u00a0homologu i saj nga Mali i Zi Rashko Konjeviq sot n\u00eb Podgoric\u00eb\",\"breadcrumb\":{\"@id\":\"https:\/\/www.visit-ulcinj.com\/blog\/2014\/09\/15\/njohje-reciproke-e-patentave-te-shofereve-mes-maqedonise-dhe-malit-te-zi\/#breadcrumb\"},\"inLanguage\":\"en-US\",\"potentialAction\":[{\"@type\":\"ReadAction\",\"target\":[\"https:\/\/www.visit-ulcinj.com\/blog\/2014\/09\/15\/njohje-reciproke-e-patentave-te-shofereve-mes-maqedonise-dhe-malit-te-zi\/\"]}]},{\"@type\":\"BreadcrumbList\",\"@id\":\"https:\/\/www.visit-ulcinj.com\/blog\/2014\/09\/15\/njohje-reciproke-e-patentave-te-shofereve-mes-maqedonise-dhe-malit-te-zi\/#breadcrumb\",\"itemListElement\":[{\"@type\":\"ListItem\",\"position\":1,\"name\":\"Njohje reciproke e patentave t\u00eb shofer\u00ebve mes Maqedonis\u00eb dhe Malit t\u00eb Zi\"}]},{\"@type\":\"Person\",\"@id\":\"https:\/\/www.visit-ulcinj.com\/blog\/#\/schema\/person\/dcab619c614d3038751c63bc2aadc06d\",\"name\":\"ulqini\",\"sameAs\":[\"http:\/\/www.visit-ulcinj.com\"],\"url\":\"https:\/\/www.visit-ulcinj.com\/blog\/author\/admin\/\"}]}<\/script>\n<!-- \/ Yoast SEO plugin. -->","yoast_head_json":{"title":"Njohje reciproke e patentave t\u00eb shofer\u00ebve mes Maqedonis\u00eb dhe Malit t\u00eb Zi - Lajme nga Ulqini","description":"Podgoric\u00eb, 15 shtator 2014 (MIA) \u2013 Ministrja e Pun\u00ebve t\u00eb Brendshme Gordana Jankulloska dhe\u00a0homologu i saj nga Mali i Zi Rashko Konjeviq sot n\u00eb Podgoric\u00eb","robots":{"index":"index","follow":"follow","max-snippet":"max-snippet:-1","max-image-preview":"max-image-preview:large","max-video-preview":"max-video-preview:-1"},"canonical":"https:\/\/www.visit-ulcinj.com\/blog\/2014\/09\/15\/njohje-reciproke-e-patentave-te-shofereve-mes-maqedonise-dhe-malit-te-zi\/","og_locale":"en_US","og_type":"article","og_title":"Njohje reciproke e patentave t\u00eb shofer\u00ebve mes Maqedonis\u00eb dhe Malit t\u00eb Zi - Lajme nga Ulqini","og_description":"Podgoric\u00eb, 15 shtator 2014 (MIA) \u2013 Ministrja e Pun\u00ebve t\u00eb Brendshme Gordana Jankulloska dhe\u00a0homologu i saj nga Mali i Zi Rashko Konjeviq sot n\u00eb Podgoric\u00eb","og_url":"https:\/\/www.visit-ulcinj.com\/blog\/2014\/09\/15\/njohje-reciproke-e-patentave-te-shofereve-mes-maqedonise-dhe-malit-te-zi\/","og_site_name":"Lajme nga Ulqini","article_published_time":"2014-09-15T16:58:43+00:00","og_image":[{"url":"http:\/\/www.visit-ulcinj.com\/blog\/wp-content\/uploads\/2014\/09\/Patent_shofer.jpg"}],"twitter_misc":{"Written by":"ulqini"},"schema":{"@context":"https:\/\/schema.org","@graph":[{"@type":"WebSite","@id":"https:\/\/www.visit-ulcinj.com\/blog\/#website","url":"https:\/\/www.visit-ulcinj.com\/blog\/","name":"Lajme nga Ulqini","description":"Lajme,Vijesti,Ulqini,Ulqin,Crna Gora,Mali i Zi","potentialAction":[{"@type":"SearchAction","target":{"@type":"EntryPoint","urlTemplate":"https:\/\/www.visit-ulcinj.com\/blog\/?s={search_term_string}"},"query-input":"required name=search_term_string"}],"inLanguage":"en-US"},{"@type":"ImageObject","inLanguage":"en-US","@id":"https:\/\/www.visit-ulcinj.com\/blog\/2014\/09\/15\/njohje-reciproke-e-patentave-te-shofereve-mes-maqedonise-dhe-malit-te-zi\/#primaryimage","url":"https:\/\/www.visit-ulcinj.com\/blog\/wp-content\/uploads\/2014\/09\/Patent_shofer.jpg","contentUrl":"https:\/\/www.visit-ulcinj.com\/blog\/wp-content\/uploads\/2014\/09\/Patent_shofer.jpg","width":800,"height":598},{"@type":"WebPage","@id":"https:\/\/www.visit-ulcinj.com\/blog\/2014\/09\/15\/njohje-reciproke-e-patentave-te-shofereve-mes-maqedonise-dhe-malit-te-zi\/#webpage","url":"https:\/\/www.visit-ulcinj.com\/blog\/2014\/09\/15\/njohje-reciproke-e-patentave-te-shofereve-mes-maqedonise-dhe-malit-te-zi\/","name":"Njohje reciproke e patentave t\u00eb shofer\u00ebve mes Maqedonis\u00eb dhe Malit t\u00eb Zi - Lajme nga Ulqini","isPartOf":{"@id":"https:\/\/www.visit-ulcinj.com\/blog\/#website"},"primaryImageOfPage":{"@id":"https:\/\/www.visit-ulcinj.com\/blog\/2014\/09\/15\/njohje-reciproke-e-patentave-te-shofereve-mes-maqedonise-dhe-malit-te-zi\/#primaryimage"},"datePublished":"2014-09-15T16:58:43+00:00","dateModified":"2014-09-15T16:58:43+00:00","author":{"@id":"https:\/\/www.visit-ulcinj.com\/blog\/#\/schema\/person\/dcab619c614d3038751c63bc2aadc06d"},"description":"Podgoric\u00eb, 15 shtator 2014 (MIA) \u2013 Ministrja e Pun\u00ebve t\u00eb Brendshme Gordana Jankulloska dhe\u00a0homologu i saj nga Mali i Zi Rashko Konjeviq sot n\u00eb Podgoric\u00eb","breadcrumb":{"@id":"https:\/\/www.visit-ulcinj.com\/blog\/2014\/09\/15\/njohje-reciproke-e-patentave-te-shofereve-mes-maqedonise-dhe-malit-te-zi\/#breadcrumb"},"inLanguage":"en-US","potentialAction":[{"@type":"ReadAction","target":["https:\/\/www.visit-ulcinj.com\/blog\/2014\/09\/15\/njohje-reciproke-e-patentave-te-shofereve-mes-maqedonise-dhe-malit-te-zi\/"]}]},{"@type":"BreadcrumbList","@id":"https:\/\/www.visit-ulcinj.com\/blog\/2014\/09\/15\/njohje-reciproke-e-patentave-te-shofereve-mes-maqedonise-dhe-malit-te-zi\/#breadcrumb","itemListElement":[{"@type":"ListItem","position":1,"name":"Njohje reciproke e patentave t\u00eb shofer\u00ebve mes Maqedonis\u00eb dhe Malit t\u00eb Zi"}]},{"@type":"Person","@id":"https:\/\/www.visit-ulcinj.com\/blog\/#\/schema\/person\/dcab619c614d3038751c63bc2aadc06d","name":"ulqini","sameAs":["http:\/\/www.visit-ulcinj.com"],"url":"https:\/\/www.visit-ulcinj.com\/blog\/author\/admin\/"}]}},"jetpack_featured_media_url":"","jetpack_sharing_enabled":true,"jetpack_shortlink":"https:\/\/wp.me\/pe6lTn-maH","_links":{"self":[{"href":"https:\/\/www.visit-ulcinj.com\/blog\/wp-json\/wp\/v2\/posts\/85231"}],"collection":[{"href":"https:\/\/www.visit-ulcinj.com\/blog\/wp-json\/wp\/v2\/posts"}],"about":[{"href":"https:\/\/www.visit-ulcinj.com\/blog\/wp-json\/wp\/v2\/types\/post"}],"author":[{"embeddable":true,"href":"https:\/\/www.visit-ulcinj.com\/blog\/wp-json\/wp\/v2\/users\/1"}],"replies":[{"embeddable":true,"href":"https:\/\/www.visit-ulcinj.com\/blog\/wp-json\/wp\/v2\/comments?post=85231"}],"version-history":[{"count":1,"href":"https:\/\/www.visit-ulcinj.com\/blog\/wp-json\/wp\/v2\/posts\/85231\/revisions"}],"predecessor-version":[{"id":85233,"href":"https:\/\/www.visit-ulcinj.com\/blog\/wp-json\/wp\/v2\/posts\/85231\/revisions\/85233"}],"wp:attachment":[{"href":"https:\/\/www.visit-ulcinj.com\/blog\/wp-json\/wp\/v2\/media?parent=85231"}],"wp:term":[{"taxonomy":"category","embeddable":true,"href":"https:\/\/www.visit-ulcinj.com\/blog\/wp-json\/wp\/v2\/categories?post=85231"},{"taxonomy":"post_tag","embeddable":true,"href":"https:\/\/www.visit-ulcinj.com\/blog\/wp-json\/wp\/v2\/tags?post=85231"}],"curies":[{"name":"wp","href":"https:\/\/api.w.org\/{rel}","templated":true}]}}