{"id":85252,"date":"2014-09-16T17:33:58","date_gmt":"2014-09-16T16:33:58","guid":{"rendered":"http:\/\/www.visit-ulcinj.com\/blog\/?p=85252"},"modified":"2014-09-16T18:05:03","modified_gmt":"2014-09-16T17:05:03","slug":"nika-verjani-sot-gishtin-kokes-per-te-mos-e-vene-neser-diku-tjeter","status":"publish","type":"post","link":"https:\/\/www.visit-ulcinj.com\/blog\/2014\/09\/16\/nika-verjani-sot-gishtin-kokes-per-te-mos-e-vene-neser-diku-tjeter\/","title":{"rendered":"Nika: V\u00ebrjani sot gishtin kok\u00ebs, p\u00ebr t\u00eb mos e v\u00ebn\u00eb nes\u00ebr diku tjet\u00ebr..?!!"},"content":{"rendered":"<p><strong><em><a href=\"http:\/\/www.visit-ulcinj.com\/blog\/wp-content\/uploads\/2014\/02\/Muhamet-Nika-001.jpg\"><img loading=\"lazy\" class=\"alignleft wp-image-79099\" src=\"http:\/\/www.visit-ulcinj.com\/blog\/wp-content\/uploads\/2014\/02\/Muhamet-Nika-001.jpg\" alt=\"Muhamet-Nika-001\" width=\"508\" height=\"340\" \/><\/a>Shkruan: Muhamet Nika,<\/em><\/strong><\/p>\n<p><strong><em>V\u00ebrjani sot gishtin kok\u00ebs, p\u00ebr t\u00eb mos e v\u00ebn\u00eb nes\u00ebr diku tjet\u00ebr..?!!\u00a0\u00a0\u00a0\u00a0\u00a0\u00a0\u00a0\u00a0\u00a0\u00a0\u00a0\u00a0\u00a0\u00a0\u00a0\u00a0\u00a0\u00a0\u00a0\u00a0\u00a0\u00a0\u00a0\u00a0\u00a0\u00a0\u00a0\u00a0\u00a0\u00a0\u00a0\u00a0\u00a0\u00a0\u00a0\u00a0\u00a0\u00a0\u00a0\u00a0\u00a0\u00a0\u00a0\u00a0\u00a0\u00a0\u00a0\u00a0\u00a0\u00a0\u00a0\u00a0\u00a0\u00a0\u00a0\u00a0 <\/em><\/strong><\/p>\n<p><strong><em>\u00a0\u00a0\u00a0\u00a0\u00a0\u00a0\u00a0\u00a0\u00a0\u00a0\u00a0\u00a0\u00a0\u00a0\u00a0\u00a0\u00a0\u00a0\u00a0\u00a0\u00a0\u00a0\u00a0\u00a0\u00a0\u00a0\u00a0\u00a0\u00a0\u00a0\u00a0\u00a0\u00a0\u00a0\u00a0\u00a0\u00a0\u00a0\u00a0\u00a0\u00a0\u00a0\u00a0\u00a0\u00a0\u00a0\u00a0\u00a0\u00a0\u00a0\u00a0\u00a0\u00a0\u00a0\u00a0\u00a0\u00a0\u00a0\u00a0\u00a0\u00a0\u00a0\u00a0\u00a0 \u201c I do my job !\u201d <\/em><\/strong><\/p>\n<ol>\n<li><strong><em> Walke<\/em><\/strong><\/li>\n<\/ol>\n<p>(<strong><em>Vazhdim V)<\/em><\/strong><\/p>\n<p><strong>Se Dpsi, e ka sahatin e ndalur n\u00eb Ulqin, me kryetarin aktual Loro Ndrekiqin bashk\u00eb me ata q\u00eb e ndjekin&#8230;, por pa Mikan Zecin- drejtorin e Rivier\u00ebs&#8230;, e d\u00ebshmon e dhe deklarata e shokut Loro, se n\u00eb Ulqin, sipas tij, nuk guxon t\u00eb mbahet manifestimi Miss Albania 2014?!!! Manifestimi u iniciua nga kryetari i Komun\u00ebs s\u00eb Ulqini, Fatmir Gjeka dhe u b\u00eb me p\u00ebrkrahjen e Zecit, q\u00eb \u00ebsht\u00eb nj\u00eb serb- malazi, me siguri kuad\u00ebr i DPS-s\u00eb. P\u00ebr k\u00ebt\u00eb deklarat\u00eb t\u00eb \u00e7uditshme- v\u00ebrtet\u00eb po shihet se nuk gabojn\u00eb disa nga tan\u00ebt, kur p\u00ebr shqiptar\u00ebt n\u00eb Dps, thon\u00eb(kuptohet jo t\u00eb gjith\u00eb) se, ata, jan\u00eb t\u00eb d\u00ebmsh\u00ebm, por po t\u00eb kishin mund\u00ebsi, do t\u00eb b\u00ebheshin edhe t\u00eb rreziksh\u00ebm&#8230;?!! Un\u00eb e lus zotin, q\u00eb inshala \u00a0k\u00ebta kurr\u00eb nuk do t\u00eb vin\u00eb n\u00eb em\u00ebr t\u00eb DPS-it, n\u00eb krye t\u00eb prokuroris\u00eb, gjykat\u00ebs e policis\u00eb, sepse ashtu e kam \u00a0nj\u00eb p\u00ebrshtypje t\u00eb keqe p\u00ebr ta, se disa prej tyre, na e kishin &#8230;. &#8230; , si shqiptar\u00eb?!!!<\/strong><\/p>\n<p><strong><em>Filozofia e Muranit n\u00eb filmin Era e Moll\u00ebs, t\u00eb Emin Halilit dhe fati i yn\u00eb kolektiv&#8230;<\/em><\/strong><\/p>\n<p>S\u00ebrish po m\u00eb ngjan t\u00eb kujtoj, p\u00ebr t\u00eb disten her\u00eb, at\u00eb q\u00eb miku im dhe i juaji, Emin Halili, b\u00ebn n\u00eb filmin e tij \u201e Era e Moll\u00ebs\u201c. Ai , si regjisor e skenarist, q\u00eb \u00ebsht\u00eb, kujtohet dhe n\u00eb goj\u00eb t\u00eb krye personazhit t\u00eb filmit-Muranit( nj\u00eb jetimi nga Ana e Malit), i cili ka filluar e flet me vete, i v\u00eb fjal\u00ebt: <strong>\u201e&#8230; E more Muran, fillimi dhe mbarimi, edhe pse nuk kan\u00eb asgj\u00eb t\u00eb p\u00ebrbashk\u00ebt, ata ia p\u00ebrngjasin shum\u00eb nj\u00ebri tjetrit\u201c?!!<\/strong>! P\u00ebr t\u00eb kuptuar vet dijsimin dhe urt\u00ebsin\u00eb e \u201et\u00eb folurit me vete \u201e q\u00eb i ngjan\u00eb Muranit t\u00eb n\u00ebp\u00ebrk\u00ebmbur nga xhaxhai , sipas autorit, \u00ebsht\u00eb vet\u00eb jetimll\u00ebku i tij, q\u00eb ia ka imponuar \u201e jeta\u201c. Dhe n\u00eb an\u00ebn tjet\u00ebr \u00ebsht\u00eb\u201c kmesa e komshiut\u201c, ajo e cila e nxit\u00eb t\u00eb logjikoj\u00eb me kok\u00eb t\u00eb ftoht\u00eb para k\u00ebndelljes s\u00eb trurit &#8230;?!! Shprehja refren e tij, nga \u201cpo,po, q\u00eb e z\u00ebvend\u00ebson me mir\u00eb , mir\u00eb , \u00ebsht\u00eb nj\u00eb evoluim i (pa)pritur shpirt\u00ebror i personazhit&#8230;?!!<\/p>\n<p>Le t\u00eb krahasojm\u00eb p\u00ebr momentin, at\u00eb q\u00eb ndodh\u00eb n\u00eb artin e Eminit, p\u00ebr t\u00eb par\u00eb mund\u00ebsisht, at\u00eb se \u00e7far\u00eb i ndodhi qytetarit me privatizim dhe shkat\u00ebrrim ekonomik<\/p>\n<p>n\u00eb jet\u00eb , nga k\u00ebndi i p\u00ebrvoj\u00ebs s\u00eb Muranit. Kurse kjo,duhet t\u00eb analizohet, pasi q\u00eb me ekonomin\u00eb ton\u00eb \u201cjetime\u201cjemi \u201eba me fol\u00eb me vete\u201c?!!<\/p>\n<p>Kuptohet duke mos harruar k\u00ebtu, gjithnj\u00eb edhe \u201ckmes\u00ebn e komshiut- pushtetit, e cila, ashtu si imazh filmi, q\u00eb p\u00ebrcjell\u00eb Muranin, po duket se na \u00ebsht\u00eb qepur edhe neve duke q\u00ebndruar vazhdimisht mbi kokat tona n\u00eb ekonomin\u00eb fmiljare?!!!<\/p>\n<p>Pa si n\u00eb raport me bankrotin ekonomik n\u00eb privatizim dhe n\u00eb kredi marrje, po duket se gj\u00ebrat n\u00eb situat\u00ebn ton\u00eb l\u00ebvizin n\u00eb m\u00ebnyr\u00eb t\u00eb habitshme, t\u00eb koordinuara brenda nj\u00eb grupi njer\u00ebzish q\u00eb krijon sistemi (e keqja) dhe skenari ende vazhdon, po p\u00ebrmendim nj\u00eb urti t\u00eb shkrimtarit t\u00eb k\u00ebtyre an\u00ebve, Mehmet Kraj\u00ebs e cila thot\u00eb:<\/p>\n<p><strong><em> &#8211; V\u00cbRJANI SOT GISHTIN KOK\u00cbS, P\u00cbR T\u00cb MOS E V\u00cbN\u00cb NES\u00cbR DIKU TJET\u00cbR..?!!!<\/em><\/strong><\/p>\n<p>N\u00eb Ulqin, ve\u00e7 \u00ebsht\u00eb (javna tajna- sekret publik) q\u00eb presin p\u00ebr konfiskim t\u00eb tyre , mbi 500 sht\u00ebpi ulqinake n\u00eb em\u00ebr t\u00eb hipotekave bankare t\u00eb kredive t\u00eb k\u00ebqija&#8230;?!!! Qeveria malazeze, p\u00ebr tu liruar nga presioni i lobit \u00e7ifut francez-kredidh\u00ebn\u00ebs i jasht\u00ebm, n\u00eb k\u00ebt\u00eb situ, doemos do t\u00eb pyes qeverin\u00eb, se \u00e7far\u00eb \u00ebsht\u00eb ka b\u00ebhet me ato kredi- borxhe q\u00eb i jan\u00eb dh\u00ebn\u00eb Malit t\u00eb Zi?!! Shtetit, p\u00ebr t\u00eb dal\u00eb lakut(q\u00eb n\u00ebnkupton konfiskim t\u00eb dhunsh\u00ebm), do t\u2019i imponohet q\u00eb n\u00eb vend t\u00eb gjyqit ekonomik- i cili b\u00ebn ekzekutimin e hipotekave p\u00ebr kredi(<em>duke vepruar me avashll\u00ebk- jo sot , jo nes\u00ebr)?!\u00a0\u00a0 <\/em>Dhe p\u00ebr t\u00eb evituar problemet e mundshme sociale q\u00eb krijohen me te pa streh\u00ebt, do t\u2019i duhet t\u00eb forcoj\u00eb (Javni izvrshitelat- ekzekutuesit publik\u00eb). Ai atyre, me q\u00ebllim do \u201c tu huazoj\u00eb \u201c do pun\u00eb shtet\u00ebrore t\u00eb gjykat\u00ebs, p\u00ebr t\u00eb kryer n\u00eb m\u00ebnyr\u00ebn sa m\u00eb t\u00eb pa dhimbshme \u00e7\u00ebshtjen e lirimit t\u00eb sht\u00ebpive ulqinake &#8230;.?!! Shembull ,se si do t\u00eb funksionoj\u00eb ky mekaniz\u00ebm mund t\u00eb sh\u00ebrbej\u00eb rasti i hotel Mogrenit, n\u00eb Budv\u00eb, i para do koh\u00ebve, kur ekzekutuesi publik(shteti) , e liroi,nat\u00ebn hotelin, n\u00eb midis t\u00eb sezonit turistik, me gjith\u00eb mysafir\u00eb. Ata pas intervenimit \u00a0i strehuan n\u00eb nj\u00eb hotel tjet\u00ebr&#8230;?!! Ky aplikim doemos pritet si di\u00e7ka tep\u00ebr e mundshme, q\u00eb mund t\u00eb ndodh\u00eb edhe n\u00eb Ulqin&#8230;?!!!<\/p>\n<p><strong><em>P\u00ebrs\u00ebrisim urt\u00ebsin\u00eb shtojake q\u00eb \u00ebsht\u00eb\u201d Nevoja shet , nevoja blen \u201c<\/em><\/strong><\/p>\n<p>Si rast, marrja e 500 sht\u00ebpive p\u00ebr hipoteka bankare t\u00eb kredive do t\u00eb paraqiste kolonizimin m\u00eb t\u00eb ri <strong><em>(T\u00cb DYTIN E RADH\u00cbS), <\/em><\/strong>q\u00eb shpiku qeveria e DPS-it n\u00eb k\u00ebto an\u00eb. Kuptohet pas atij, q\u00eb m\u00eb her\u00ebt, sistemi komunist, p\u00ebrmes serb\u00ebve dhe boshnjak\u00ebve , pat krijuar rrethanat, p\u00ebr auto- kolonizim t\u00eb Shtojit n\u00eb Ulqin. P\u00ebr k\u00ebt\u00eb q\u00eb ngjau shtojak\u00ebt vet\u00ebm se din\u00eb t\u00eb thon\u00eb ,duke u p\u00ebrgjigjur shkurt: <strong><em>Nevoja shet , nevoja blen&#8230;?!<\/em><\/strong> Auto-kolonizimi(auto-goli), n\u00eb Ulqin, ngjau, kur<\/p>\n<p>popullsia , autokton\u00eb, me vet\u00ebdije, ua shiti tok\u00ebn, \u00a0t\u00eb tjer\u00ebve( q\u00eb nuk kan\u00eb as gjuhen as fen\u00eb e tij). Duke qen\u00eb ekonomikisht m\u00eb t\u00eb fort\u00eb, popullsia e ardhur, fitoi statusin e kolon\u00ebve.<\/p>\n<p>Nisur nga mentaliteti i popullsis\u00eb n\u00eb Ulqin dhe ngopja e tregut p\u00ebr shitblerje t\u00eb banesave nga vet\u00eb ajo, at\u00ebher\u00eb i bie q\u00eb bler\u00ebsit e k\u00ebtyre sht\u00ebpive t\u00eb konfiskuara t\u00eb jen\u00eb nga jasht\u00eb dhe m\u00eb t\u00eb m\u00ebk\u00ebmbur materialisht. Q\u00eb n\u00eb vet\u00eb vete do t\u00eb thot\u00eb se do t\u00eb g\u00ebzojn\u00eb statusin e kolon\u00ebve t\u00eb dyt\u00eb t\u00eb Ulqinit&#8230;.?!!!<\/p>\n<p>Mos t\u00eb harrojm\u00eb se edhe palestinez\u00ebve, n\u00eb nj\u00eb far\u00eb m\u00ebnyre, nuk u kan\u00eb faj hebrenjt\u00eb, t\u00eb cil\u00ebve palestinez\u00ebt, iu shiten vet\u00eb tokat. Ose, nuk u kan\u00eb faj, kur ata pranonin t\u00eb merrnin kredi duke futur sht\u00ebpit\u00eb e veta n\u00eb hipotek\u00eb&#8230;?!!! <strong> Dhe Zola do th\u00ebrriste<em>:\u201d P\u00ebr disa gabime nuk ka falje&#8230;\u201d?! <\/em><\/strong><\/p>\n<p>Shoq\u00ebrin\u00eb ulqinake t\u00eb k\u00ebsaj kohe, po v\u00ebrtetohet , se e goditi nj\u00eb bela e madhe, ajo kish ra n\u00eb hall sepse iu desh , t\u00eb marr\u00eb k\u00ebshilla e mend , n\u00eb ekonomi e politik\u00eb nga gjithkush , me sa shihet edhe nga ata q\u00eb nuk pat\u00ebn mjaftuesh\u00ebm as p\u00ebr vete. Andaj , ka ardhur koha t\u2019ia varin vet\u00ebs e t\u00eb pyesin ku jan\u00eb ekonomikisht dhe politikisht, t\u00eb gjith\u00eb ata, q\u00eb kishin z\u00ebn\u00eb vend para dyerve t\u00eb bankave duke u th\u00ebn\u00eb: \u201d <strong>Po ku jeni more ju?!! Hajdeni shpejt\u00eb e \u00e7oni kredi..?!! Hala nuk e \u00e7uat? Gjeni edhe dy zhiranta, se shkoi kjo,&#8230; tesh \u201d pa pejnoheni&#8230;\u201d?!!!<\/strong><\/p>\n<p><strong><em>(vazhdon)<\/em><\/strong><\/p>\n<p><strong><em>P\u00cbRSE DPS-i I ULQINIT , FITON ORGAZ\u00cbM(PSHURRET&#8230;), KUR KA KRIZ\u00cb N\u00cb QEVERISJEN ULQINAKE&#8230;?!!!<\/em><\/strong><\/p>\n","protected":false},"excerpt":{"rendered":"<p>Shkruan: Muhamet Nika, V\u00ebrjani sot gishtin kok\u00ebs, p\u00ebr t\u00eb mos e v\u00ebn\u00eb nes\u00ebr diku tjet\u00ebr..?!!\u00a0\u00a0\u00a0\u00a0\u00a0\u00a0\u00a0\u00a0\u00a0\u00a0\u00a0\u00a0\u00a0\u00a0\u00a0\u00a0\u00a0\u00a0\u00a0\u00a0\u00a0\u00a0\u00a0\u00a0\u00a0\u00a0\u00a0\u00a0\u00a0\u00a0\u00a0\u00a0\u00a0\u00a0\u00a0\u00a0\u00a0\u00a0\u00a0\u00a0\u00a0\u00a0\u00a0\u00a0\u00a0\u00a0\u00a0\u00a0\u00a0\u00a0\u00a0\u00a0\u00a0\u00a0\u00a0\u00a0 \u00a0\u00a0\u00a0\u00a0\u00a0\u00a0\u00a0\u00a0\u00a0\u00a0\u00a0\u00a0\u00a0\u00a0\u00a0\u00a0\u00a0\u00a0\u00a0\u00a0\u00a0\u00a0\u00a0\u00a0\u00a0\u00a0\u00a0\u00a0\u00a0\u00a0\u00a0\u00a0\u00a0\u00a0\u00a0\u00a0\u00a0\u00a0\u00a0\u00a0\u00a0\u00a0\u00a0\u00a0\u00a0\u00a0\u00a0\u00a0\u00a0\u00a0\u00a0\u00a0\u00a0\u00a0\u00a0\u00a0\u00a0\u00a0\u00a0\u00a0\u00a0\u00a0\u00a0\u00a0 \u201c I do my job !\u201d Walke (Vazhdim V) Se Dpsi, e ka sahatin e ndalur n\u00eb Ulqin, me kryetarin aktual Loro Ndrekiqin bashk\u00eb me ata q\u00eb e ndjekin&#8230;, por pa Mikan Zecin- drejtorin e Rivier\u00ebs&#8230;, e d\u00ebshmon e [&hellip;]<\/p>\n","protected":false},"author":1,"featured_media":0,"comment_status":"closed","ping_status":"closed","sticky":false,"template":"","format":"standard","meta":{"spay_email":"","jetpack_publicize_message":"","jetpack_is_tweetstorm":false,"jetpack_publicize_feature_enabled":true},"categories":[1,14249],"tags":[],"jetpack_publicize_connections":[],"yoast_head":"<!-- This site is optimized with the Yoast SEO plugin v19.1 - https:\/\/yoast.com\/wordpress\/plugins\/seo\/ -->\n<title>Nika: V\u00ebrjani sot gishtin kok\u00ebs, p\u00ebr t\u00eb mos e v\u00ebn\u00eb nes\u00ebr diku tjet\u00ebr..?!!                              - Lajme nga Ulqini<\/title>\n<meta name=\"description\" content=\"Shkruan: Muhamet Nika, V\u00ebrjani sot gishtin kok\u00ebs, p\u00ebr t\u00eb mos e v\u00ebn\u00eb nes\u00ebr diku tjet\u00ebr..?!!\u00a0\u00a0\u00a0\u00a0\u00a0\u00a0\u00a0\u00a0\u00a0\u00a0\u00a0\u00a0\u00a0\u00a0\u00a0\u00a0\u00a0\u00a0\u00a0\u00a0\u00a0\u00a0\u00a0\u00a0\u00a0\u00a0\u00a0\u00a0\u00a0\u00a0\u00a0\u00a0\u00a0\u00a0\u00a0\u00a0\u00a0\u00a0\u00a0\u00a0\u00a0\u00a0\u00a0\u00a0\u00a0\u00a0\u00a0\u00a0\u00a0\u00a0\u00a0\u00a0\u00a0\u00a0\u00a0\u00a0\" \/>\n<meta name=\"robots\" content=\"index, follow, max-snippet:-1, max-image-preview:large, max-video-preview:-1\" \/>\n<link rel=\"canonical\" href=\"https:\/\/www.visit-ulcinj.com\/blog\/2014\/09\/16\/nika-verjani-sot-gishtin-kokes-per-te-mos-e-vene-neser-diku-tjeter\/\" \/>\n<meta property=\"og:locale\" content=\"en_US\" \/>\n<meta property=\"og:type\" content=\"article\" \/>\n<meta property=\"og:title\" content=\"Nika: V\u00ebrjani sot gishtin kok\u00ebs, p\u00ebr t\u00eb mos e v\u00ebn\u00eb nes\u00ebr diku tjet\u00ebr..?!!                              - Lajme nga Ulqini\" \/>\n<meta property=\"og:description\" content=\"Shkruan: Muhamet Nika, V\u00ebrjani sot gishtin kok\u00ebs, p\u00ebr t\u00eb mos e v\u00ebn\u00eb nes\u00ebr diku tjet\u00ebr..?!!\u00a0\u00a0\u00a0\u00a0\u00a0\u00a0\u00a0\u00a0\u00a0\u00a0\u00a0\u00a0\u00a0\u00a0\u00a0\u00a0\u00a0\u00a0\u00a0\u00a0\u00a0\u00a0\u00a0\u00a0\u00a0\u00a0\u00a0\u00a0\u00a0\u00a0\u00a0\u00a0\u00a0\u00a0\u00a0\u00a0\u00a0\u00a0\u00a0\u00a0\u00a0\u00a0\u00a0\u00a0\u00a0\u00a0\u00a0\u00a0\u00a0\u00a0\u00a0\u00a0\u00a0\u00a0\u00a0\u00a0\" \/>\n<meta property=\"og:url\" content=\"https:\/\/www.visit-ulcinj.com\/blog\/2014\/09\/16\/nika-verjani-sot-gishtin-kokes-per-te-mos-e-vene-neser-diku-tjeter\/\" \/>\n<meta property=\"og:site_name\" content=\"Lajme nga Ulqini\" \/>\n<meta property=\"article:published_time\" content=\"2014-09-16T16:33:58+00:00\" \/>\n<meta property=\"article:modified_time\" content=\"2014-09-16T17:05:03+00:00\" \/>\n<meta property=\"og:image\" content=\"http:\/\/www.visit-ulcinj.com\/blog\/wp-content\/uploads\/2014\/02\/Muhamet-Nika-001.jpg\" \/>\n<meta name=\"twitter:label1\" content=\"Written by\" \/>\n\t<meta name=\"twitter:data1\" content=\"ulqini\" \/>\n\t<meta name=\"twitter:label2\" content=\"Est. reading time\" \/>\n\t<meta name=\"twitter:data2\" content=\"6 minutes\" \/>\n<script type=\"application\/ld+json\" class=\"yoast-schema-graph\">{\"@context\":\"https:\/\/schema.org\",\"@graph\":[{\"@type\":\"WebSite\",\"@id\":\"https:\/\/www.visit-ulcinj.com\/blog\/#website\",\"url\":\"https:\/\/www.visit-ulcinj.com\/blog\/\",\"name\":\"Lajme nga Ulqini\",\"description\":\"Lajme,Vijesti,Ulqini,Ulqin,Crna Gora,Mali i Zi\",\"potentialAction\":[{\"@type\":\"SearchAction\",\"target\":{\"@type\":\"EntryPoint\",\"urlTemplate\":\"https:\/\/www.visit-ulcinj.com\/blog\/?s={search_term_string}\"},\"query-input\":\"required name=search_term_string\"}],\"inLanguage\":\"en-US\"},{\"@type\":\"ImageObject\",\"inLanguage\":\"en-US\",\"@id\":\"https:\/\/www.visit-ulcinj.com\/blog\/2014\/09\/16\/nika-verjani-sot-gishtin-kokes-per-te-mos-e-vene-neser-diku-tjeter\/#primaryimage\",\"url\":\"https:\/\/www.visit-ulcinj.com\/blog\/wp-content\/uploads\/2014\/02\/Muhamet-Nika-001.jpg\",\"contentUrl\":\"https:\/\/www.visit-ulcinj.com\/blog\/wp-content\/uploads\/2014\/02\/Muhamet-Nika-001.jpg\",\"width\":527,\"height\":415},{\"@type\":\"WebPage\",\"@id\":\"https:\/\/www.visit-ulcinj.com\/blog\/2014\/09\/16\/nika-verjani-sot-gishtin-kokes-per-te-mos-e-vene-neser-diku-tjeter\/#webpage\",\"url\":\"https:\/\/www.visit-ulcinj.com\/blog\/2014\/09\/16\/nika-verjani-sot-gishtin-kokes-per-te-mos-e-vene-neser-diku-tjeter\/\",\"name\":\"Nika: V\u00ebrjani sot gishtin kok\u00ebs, p\u00ebr t\u00eb mos e v\u00ebn\u00eb nes\u00ebr diku tjet\u00ebr..?!! - Lajme nga Ulqini\",\"isPartOf\":{\"@id\":\"https:\/\/www.visit-ulcinj.com\/blog\/#website\"},\"primaryImageOfPage\":{\"@id\":\"https:\/\/www.visit-ulcinj.com\/blog\/2014\/09\/16\/nika-verjani-sot-gishtin-kokes-per-te-mos-e-vene-neser-diku-tjeter\/#primaryimage\"},\"datePublished\":\"2014-09-16T16:33:58+00:00\",\"dateModified\":\"2014-09-16T17:05:03+00:00\",\"author\":{\"@id\":\"https:\/\/www.visit-ulcinj.com\/blog\/#\/schema\/person\/dcab619c614d3038751c63bc2aadc06d\"},\"description\":\"Shkruan: Muhamet Nika, V\u00ebrjani sot gishtin kok\u00ebs, p\u00ebr t\u00eb mos e v\u00ebn\u00eb nes\u00ebr diku tjet\u00ebr..?!!\u00a0\u00a0\u00a0\u00a0\u00a0\u00a0\u00a0\u00a0\u00a0\u00a0\u00a0\u00a0\u00a0\u00a0\u00a0\u00a0\u00a0\u00a0\u00a0\u00a0\u00a0\u00a0\u00a0\u00a0\u00a0\u00a0\u00a0\u00a0\u00a0\u00a0\u00a0\u00a0\u00a0\u00a0\u00a0\u00a0\u00a0\u00a0\u00a0\u00a0\u00a0\u00a0\u00a0\u00a0\u00a0\u00a0\u00a0\u00a0\u00a0\u00a0\u00a0\u00a0\u00a0\u00a0\u00a0\u00a0\",\"breadcrumb\":{\"@id\":\"https:\/\/www.visit-ulcinj.com\/blog\/2014\/09\/16\/nika-verjani-sot-gishtin-kokes-per-te-mos-e-vene-neser-diku-tjeter\/#breadcrumb\"},\"inLanguage\":\"en-US\",\"potentialAction\":[{\"@type\":\"ReadAction\",\"target\":[\"https:\/\/www.visit-ulcinj.com\/blog\/2014\/09\/16\/nika-verjani-sot-gishtin-kokes-per-te-mos-e-vene-neser-diku-tjeter\/\"]}]},{\"@type\":\"BreadcrumbList\",\"@id\":\"https:\/\/www.visit-ulcinj.com\/blog\/2014\/09\/16\/nika-verjani-sot-gishtin-kokes-per-te-mos-e-vene-neser-diku-tjeter\/#breadcrumb\",\"itemListElement\":[{\"@type\":\"ListItem\",\"position\":1,\"name\":\"Nika: V\u00ebrjani sot gishtin kok\u00ebs, p\u00ebr t\u00eb mos e v\u00ebn\u00eb nes\u00ebr diku tjet\u00ebr..?!!\"}]},{\"@type\":\"Person\",\"@id\":\"https:\/\/www.visit-ulcinj.com\/blog\/#\/schema\/person\/dcab619c614d3038751c63bc2aadc06d\",\"name\":\"ulqini\",\"sameAs\":[\"http:\/\/www.visit-ulcinj.com\"],\"url\":\"https:\/\/www.visit-ulcinj.com\/blog\/author\/admin\/\"}]}<\/script>\n<!-- \/ Yoast SEO plugin. -->","yoast_head_json":{"title":"Nika: V\u00ebrjani sot gishtin kok\u00ebs, p\u00ebr t\u00eb mos e v\u00ebn\u00eb nes\u00ebr diku tjet\u00ebr..?!!                              - Lajme nga Ulqini","description":"Shkruan: Muhamet Nika, V\u00ebrjani sot gishtin kok\u00ebs, p\u00ebr t\u00eb mos e v\u00ebn\u00eb nes\u00ebr diku tjet\u00ebr..?!!\u00a0\u00a0\u00a0\u00a0\u00a0\u00a0\u00a0\u00a0\u00a0\u00a0\u00a0\u00a0\u00a0\u00a0\u00a0\u00a0\u00a0\u00a0\u00a0\u00a0\u00a0\u00a0\u00a0\u00a0\u00a0\u00a0\u00a0\u00a0\u00a0\u00a0\u00a0\u00a0\u00a0\u00a0\u00a0\u00a0\u00a0\u00a0\u00a0\u00a0\u00a0\u00a0\u00a0\u00a0\u00a0\u00a0\u00a0\u00a0\u00a0\u00a0\u00a0\u00a0\u00a0\u00a0\u00a0\u00a0","robots":{"index":"index","follow":"follow","max-snippet":"max-snippet:-1","max-image-preview":"max-image-preview:large","max-video-preview":"max-video-preview:-1"},"canonical":"https:\/\/www.visit-ulcinj.com\/blog\/2014\/09\/16\/nika-verjani-sot-gishtin-kokes-per-te-mos-e-vene-neser-diku-tjeter\/","og_locale":"en_US","og_type":"article","og_title":"Nika: V\u00ebrjani sot gishtin kok\u00ebs, p\u00ebr t\u00eb mos e v\u00ebn\u00eb nes\u00ebr diku tjet\u00ebr..?!!                              - Lajme nga Ulqini","og_description":"Shkruan: Muhamet Nika, V\u00ebrjani sot gishtin kok\u00ebs, p\u00ebr t\u00eb mos e v\u00ebn\u00eb nes\u00ebr diku tjet\u00ebr..?!!\u00a0\u00a0\u00a0\u00a0\u00a0\u00a0\u00a0\u00a0\u00a0\u00a0\u00a0\u00a0\u00a0\u00a0\u00a0\u00a0\u00a0\u00a0\u00a0\u00a0\u00a0\u00a0\u00a0\u00a0\u00a0\u00a0\u00a0\u00a0\u00a0\u00a0\u00a0\u00a0\u00a0\u00a0\u00a0\u00a0\u00a0\u00a0\u00a0\u00a0\u00a0\u00a0\u00a0\u00a0\u00a0\u00a0\u00a0\u00a0\u00a0\u00a0\u00a0\u00a0\u00a0\u00a0\u00a0\u00a0","og_url":"https:\/\/www.visit-ulcinj.com\/blog\/2014\/09\/16\/nika-verjani-sot-gishtin-kokes-per-te-mos-e-vene-neser-diku-tjeter\/","og_site_name":"Lajme nga Ulqini","article_published_time":"2014-09-16T16:33:58+00:00","article_modified_time":"2014-09-16T17:05:03+00:00","og_image":[{"url":"http:\/\/www.visit-ulcinj.com\/blog\/wp-content\/uploads\/2014\/02\/Muhamet-Nika-001.jpg"}],"twitter_misc":{"Written by":"ulqini","Est. reading time":"6 minutes"},"schema":{"@context":"https:\/\/schema.org","@graph":[{"@type":"WebSite","@id":"https:\/\/www.visit-ulcinj.com\/blog\/#website","url":"https:\/\/www.visit-ulcinj.com\/blog\/","name":"Lajme nga Ulqini","description":"Lajme,Vijesti,Ulqini,Ulqin,Crna Gora,Mali i Zi","potentialAction":[{"@type":"SearchAction","target":{"@type":"EntryPoint","urlTemplate":"https:\/\/www.visit-ulcinj.com\/blog\/?s={search_term_string}"},"query-input":"required name=search_term_string"}],"inLanguage":"en-US"},{"@type":"ImageObject","inLanguage":"en-US","@id":"https:\/\/www.visit-ulcinj.com\/blog\/2014\/09\/16\/nika-verjani-sot-gishtin-kokes-per-te-mos-e-vene-neser-diku-tjeter\/#primaryimage","url":"https:\/\/www.visit-ulcinj.com\/blog\/wp-content\/uploads\/2014\/02\/Muhamet-Nika-001.jpg","contentUrl":"https:\/\/www.visit-ulcinj.com\/blog\/wp-content\/uploads\/2014\/02\/Muhamet-Nika-001.jpg","width":527,"height":415},{"@type":"WebPage","@id":"https:\/\/www.visit-ulcinj.com\/blog\/2014\/09\/16\/nika-verjani-sot-gishtin-kokes-per-te-mos-e-vene-neser-diku-tjeter\/#webpage","url":"https:\/\/www.visit-ulcinj.com\/blog\/2014\/09\/16\/nika-verjani-sot-gishtin-kokes-per-te-mos-e-vene-neser-diku-tjeter\/","name":"Nika: V\u00ebrjani sot gishtin kok\u00ebs, p\u00ebr t\u00eb mos e v\u00ebn\u00eb nes\u00ebr diku tjet\u00ebr..?!! - Lajme nga Ulqini","isPartOf":{"@id":"https:\/\/www.visit-ulcinj.com\/blog\/#website"},"primaryImageOfPage":{"@id":"https:\/\/www.visit-ulcinj.com\/blog\/2014\/09\/16\/nika-verjani-sot-gishtin-kokes-per-te-mos-e-vene-neser-diku-tjeter\/#primaryimage"},"datePublished":"2014-09-16T16:33:58+00:00","dateModified":"2014-09-16T17:05:03+00:00","author":{"@id":"https:\/\/www.visit-ulcinj.com\/blog\/#\/schema\/person\/dcab619c614d3038751c63bc2aadc06d"},"description":"Shkruan: Muhamet Nika, V\u00ebrjani sot gishtin kok\u00ebs, p\u00ebr t\u00eb mos e v\u00ebn\u00eb nes\u00ebr diku tjet\u00ebr..?!!\u00a0\u00a0\u00a0\u00a0\u00a0\u00a0\u00a0\u00a0\u00a0\u00a0\u00a0\u00a0\u00a0\u00a0\u00a0\u00a0\u00a0\u00a0\u00a0\u00a0\u00a0\u00a0\u00a0\u00a0\u00a0\u00a0\u00a0\u00a0\u00a0\u00a0\u00a0\u00a0\u00a0\u00a0\u00a0\u00a0\u00a0\u00a0\u00a0\u00a0\u00a0\u00a0\u00a0\u00a0\u00a0\u00a0\u00a0\u00a0\u00a0\u00a0\u00a0\u00a0\u00a0\u00a0\u00a0\u00a0","breadcrumb":{"@id":"https:\/\/www.visit-ulcinj.com\/blog\/2014\/09\/16\/nika-verjani-sot-gishtin-kokes-per-te-mos-e-vene-neser-diku-tjeter\/#breadcrumb"},"inLanguage":"en-US","potentialAction":[{"@type":"ReadAction","target":["https:\/\/www.visit-ulcinj.com\/blog\/2014\/09\/16\/nika-verjani-sot-gishtin-kokes-per-te-mos-e-vene-neser-diku-tjeter\/"]}]},{"@type":"BreadcrumbList","@id":"https:\/\/www.visit-ulcinj.com\/blog\/2014\/09\/16\/nika-verjani-sot-gishtin-kokes-per-te-mos-e-vene-neser-diku-tjeter\/#breadcrumb","itemListElement":[{"@type":"ListItem","position":1,"name":"Nika: V\u00ebrjani sot gishtin kok\u00ebs, p\u00ebr t\u00eb mos e v\u00ebn\u00eb nes\u00ebr diku tjet\u00ebr..?!!"}]},{"@type":"Person","@id":"https:\/\/www.visit-ulcinj.com\/blog\/#\/schema\/person\/dcab619c614d3038751c63bc2aadc06d","name":"ulqini","sameAs":["http:\/\/www.visit-ulcinj.com"],"url":"https:\/\/www.visit-ulcinj.com\/blog\/author\/admin\/"}]}},"jetpack_featured_media_url":"","jetpack_sharing_enabled":true,"jetpack_shortlink":"https:\/\/wp.me\/pe6lTn-mb2","_links":{"self":[{"href":"https:\/\/www.visit-ulcinj.com\/blog\/wp-json\/wp\/v2\/posts\/85252"}],"collection":[{"href":"https:\/\/www.visit-ulcinj.com\/blog\/wp-json\/wp\/v2\/posts"}],"about":[{"href":"https:\/\/www.visit-ulcinj.com\/blog\/wp-json\/wp\/v2\/types\/post"}],"author":[{"embeddable":true,"href":"https:\/\/www.visit-ulcinj.com\/blog\/wp-json\/wp\/v2\/users\/1"}],"replies":[{"embeddable":true,"href":"https:\/\/www.visit-ulcinj.com\/blog\/wp-json\/wp\/v2\/comments?post=85252"}],"version-history":[{"count":1,"href":"https:\/\/www.visit-ulcinj.com\/blog\/wp-json\/wp\/v2\/posts\/85252\/revisions"}],"predecessor-version":[{"id":85253,"href":"https:\/\/www.visit-ulcinj.com\/blog\/wp-json\/wp\/v2\/posts\/85252\/revisions\/85253"}],"wp:attachment":[{"href":"https:\/\/www.visit-ulcinj.com\/blog\/wp-json\/wp\/v2\/media?parent=85252"}],"wp:term":[{"taxonomy":"category","embeddable":true,"href":"https:\/\/www.visit-ulcinj.com\/blog\/wp-json\/wp\/v2\/categories?post=85252"},{"taxonomy":"post_tag","embeddable":true,"href":"https:\/\/www.visit-ulcinj.com\/blog\/wp-json\/wp\/v2\/tags?post=85252"}],"curies":[{"name":"wp","href":"https:\/\/api.w.org\/{rel}","templated":true}]}}