{"id":85263,"date":"2014-09-16T18:29:40","date_gmt":"2014-09-16T17:29:40","guid":{"rendered":"http:\/\/www.visit-ulcinj.com\/blog\/?p=85263"},"modified":"2014-09-16T18:29:40","modified_gmt":"2014-09-16T17:29:40","slug":"propao-11-tender-za-ulcinjsku-solanu","status":"publish","type":"post","link":"https:\/\/www.visit-ulcinj.com\/blog\/2014\/09\/16\/propao-11-tender-za-ulcinjsku-solanu\/","title":{"rendered":"Propao i 11. tender za Ulcinjsku Solanu"},"content":{"rendered":"<p><strong><a href=\"http:\/\/www.visit-ulcinj.com\/blog\/wp-content\/uploads\/2014\/03\/ULCINJSKA-SOLANA-1.jpg\"><img loading=\"lazy\" class=\"alignleft wp-image-80323\" src=\"http:\/\/www.visit-ulcinj.com\/blog\/wp-content\/uploads\/2014\/03\/ULCINJSKA-SOLANA-1.jpg\" alt=\"ULCINJSKA-SOLANA-1\" width=\"508\" height=\"341\" srcset=\"https:\/\/www.visit-ulcinj.com\/blog\/wp-content\/uploads\/2014\/03\/ULCINJSKA-SOLANA-1.jpg 975w, https:\/\/www.visit-ulcinj.com\/blog\/wp-content\/uploads\/2014\/03\/ULCINJSKA-SOLANA-1-300x201.jpg 300w\" sizes=\"(max-width: 508px) 100vw, 508px\" \/><\/a>Na 11. oglas za prodaju cjelokupe imovine Solane \u201eBajo Sekuli\u0107\u201d, po po\u010detnoj cijeni od 179 miliona eura, nije stigla nijedna ponuda.<\/strong><\/p>\n<p>Iz ste\u010dajne uprave agenciji Mina-business su saop\u0161tili da \u0107e naknadno donijeti odluku o uslovima, na\u010dinu i terminu naredne prodaje.<\/p>\n<p>Ponude su se mogle dostavljati danas do 11 sati.\u00a0Cijena ulcinjske kompanije bila je 11 miliona eura ni\u017ea nego na prethodnom tenderu.<\/p>\n<p>Na prodaju je bila ponu\u0111ena nepokretna i pokretna imovina koju \u010dine zemlji\u0161te, poslovne zgrade, elektroenergetski i objekti za vodu i gasovod, kanali, sve locirano u Op\u0161tini Ulcinj na povr\u0161ini od oko 14,5 miliona kvadrata, kao i tehnolo\u0161ka i kancelarijska oprema, gra\u0111evinska mehanizacija i transportna sredstva.<\/p>\n<p>Pravo da u\u010destvuju na javnom nadmetanju imale su sve kompanije i gra\u0111ani iz zemlje i inostranstva koji su bili u obavezi da uplate depozit za u\u010de\u0161\u0107e od jedan odsto po\u010detne cijene ili prilo\u017ee garanciju poslovne banke na nazna\u010denu vrijednost, neopozivu i naplativu na prvi poziv.<\/p>\n<p>Ste\u010dajna uprava je krajem maja raspisala novi oglas za zakup tehni\u010dko-tehnolo\u0161kog kompleksa preduze\u0107a ili za poslovno-tehni\u010dku saradnju za organizovanje proizvodnje u periodu ovogodi\u0161nje i berbe soli u narednoj godini, na koji nije bilo zainteresovanih.<\/p>\n<p>Sindikat Solane je prethodno zvani\u010dno odustao od zakupa fabrike, zbog velike \u0161teta od diverzija iza kojih, kako tvrde, stoji uprava. Predstavnici Sindikata smatraju da su diverzije posljedica namjere da se sprije\u010di organizovanje proizvodnje i opstanak preduze\u0107a.<\/p>\n<p>Solanu je od 2003. kontrolisao podgori\u010dki biznismen Veselin Barovi\u0107, koji je kupio kontrolni paket akcija za 800 hiljada EUR. Barovi\u0107 je po\u010detkom godine iza\u0161ao iz Eurofonda i svih kompanija koje su u portfelju fonda, a time i iz Solane.<\/p>\n<p>U kompaniju je 2005. godine, zbog duga od 13 hiljada eura, uveden programirani ste\u010daj, koji nije dao rezultate, pa je po\u010detkom 2011. godine uveden klasi\u010dni. Vlada je u novembru 2011. godine Solani oduzela koncesiju na kori\u0161\u0107enje morske vode.<\/p>\n<p>Prema podacima Centralne depozitarne agencije (CDA), vlasnik 73,5 odsto akcija ulcinjske Solane sakriven je iza HB Zbirnog kastodi ra\u010duna 3. Fond Trend ima 5,89 odsto akcija ulcinjskog preduze\u0107a, podgori\u010dka kompanija Flash posjeduje 5,36 odsto, a Arnad Alivodi\u0107 jedan odsto. Ostali akcionari imaju manje od jedan odsto akcija preduze\u0107a.<\/p>\n<p><strong>Izvor: Mina-business\/ RTCG<br \/>\n<\/strong><\/p>\n","protected":false},"excerpt":{"rendered":"<p>Na 11. oglas za prodaju cjelokupe imovine Solane \u201eBajo Sekuli\u0107\u201d, po po\u010detnoj cijeni od 179 miliona eura, nije stigla nijedna ponuda. Iz ste\u010dajne uprave agenciji Mina-business su saop\u0161tili da \u0107e naknadno donijeti odluku o uslovima, na\u010dinu i terminu naredne prodaje. Ponude su se mogle dostavljati danas do 11 sati.\u00a0Cijena ulcinjske kompanije bila je 11 miliona [&hellip;]<\/p>\n","protected":false},"author":1,"featured_media":0,"comment_status":"closed","ping_status":"closed","sticky":false,"template":"","format":"standard","meta":{"spay_email":"","jetpack_publicize_message":"","jetpack_is_tweetstorm":false,"jetpack_publicize_feature_enabled":true},"categories":[6950],"tags":[],"jetpack_publicize_connections":[],"yoast_head":"<!-- This site is optimized with the Yoast SEO plugin v19.1 - https:\/\/yoast.com\/wordpress\/plugins\/seo\/ -->\n<title>Propao i 11. tender za Ulcinjsku Solanu - Lajme nga Ulqini<\/title>\n<meta name=\"description\" content=\"Na 11. oglas za prodaju cjelokupe imovine Solane \u201eBajo Sekuli\u0107\u201d, po po\u010detnoj cijeni od 179 miliona eura, nije stigla nijedna ponuda. Iz ste\u010dajne uprave\" \/>\n<meta name=\"robots\" content=\"index, follow, max-snippet:-1, max-image-preview:large, max-video-preview:-1\" \/>\n<link rel=\"canonical\" href=\"https:\/\/www.visit-ulcinj.com\/blog\/2014\/09\/16\/propao-11-tender-za-ulcinjsku-solanu\/\" \/>\n<meta property=\"og:locale\" content=\"en_US\" \/>\n<meta property=\"og:type\" content=\"article\" \/>\n<meta property=\"og:title\" content=\"Propao i 11. tender za Ulcinjsku Solanu - Lajme nga Ulqini\" \/>\n<meta property=\"og:description\" content=\"Na 11. oglas za prodaju cjelokupe imovine Solane \u201eBajo Sekuli\u0107\u201d, po po\u010detnoj cijeni od 179 miliona eura, nije stigla nijedna ponuda. Iz ste\u010dajne uprave\" \/>\n<meta property=\"og:url\" content=\"https:\/\/www.visit-ulcinj.com\/blog\/2014\/09\/16\/propao-11-tender-za-ulcinjsku-solanu\/\" \/>\n<meta property=\"og:site_name\" content=\"Lajme nga Ulqini\" \/>\n<meta property=\"article:published_time\" content=\"2014-09-16T17:29:40+00:00\" \/>\n<meta property=\"og:image\" content=\"http:\/\/www.visit-ulcinj.com\/blog\/wp-content\/uploads\/2014\/03\/ULCINJSKA-SOLANA-1.jpg\" \/>\n<meta name=\"twitter:label1\" content=\"Written by\" \/>\n\t<meta name=\"twitter:data1\" content=\"ulqini\" \/>\n\t<meta name=\"twitter:label2\" content=\"Est. reading time\" \/>\n\t<meta name=\"twitter:data2\" content=\"2 minutes\" \/>\n<script type=\"application\/ld+json\" class=\"yoast-schema-graph\">{\"@context\":\"https:\/\/schema.org\",\"@graph\":[{\"@type\":\"WebSite\",\"@id\":\"https:\/\/www.visit-ulcinj.com\/blog\/#website\",\"url\":\"https:\/\/www.visit-ulcinj.com\/blog\/\",\"name\":\"Lajme nga Ulqini\",\"description\":\"Lajme,Vijesti,Ulqini,Ulqin,Crna Gora,Mali i Zi\",\"potentialAction\":[{\"@type\":\"SearchAction\",\"target\":{\"@type\":\"EntryPoint\",\"urlTemplate\":\"https:\/\/www.visit-ulcinj.com\/blog\/?s={search_term_string}\"},\"query-input\":\"required name=search_term_string\"}],\"inLanguage\":\"en-US\"},{\"@type\":\"ImageObject\",\"inLanguage\":\"en-US\",\"@id\":\"https:\/\/www.visit-ulcinj.com\/blog\/2014\/09\/16\/propao-11-tender-za-ulcinjsku-solanu\/#primaryimage\",\"url\":\"https:\/\/www.visit-ulcinj.com\/blog\/wp-content\/uploads\/2014\/03\/ULCINJSKA-SOLANA-1.jpg\",\"contentUrl\":\"https:\/\/www.visit-ulcinj.com\/blog\/wp-content\/uploads\/2014\/03\/ULCINJSKA-SOLANA-1.jpg\",\"width\":975,\"height\":655},{\"@type\":\"WebPage\",\"@id\":\"https:\/\/www.visit-ulcinj.com\/blog\/2014\/09\/16\/propao-11-tender-za-ulcinjsku-solanu\/#webpage\",\"url\":\"https:\/\/www.visit-ulcinj.com\/blog\/2014\/09\/16\/propao-11-tender-za-ulcinjsku-solanu\/\",\"name\":\"Propao i 11. tender za Ulcinjsku Solanu - Lajme nga Ulqini\",\"isPartOf\":{\"@id\":\"https:\/\/www.visit-ulcinj.com\/blog\/#website\"},\"primaryImageOfPage\":{\"@id\":\"https:\/\/www.visit-ulcinj.com\/blog\/2014\/09\/16\/propao-11-tender-za-ulcinjsku-solanu\/#primaryimage\"},\"datePublished\":\"2014-09-16T17:29:40+00:00\",\"dateModified\":\"2014-09-16T17:29:40+00:00\",\"author\":{\"@id\":\"https:\/\/www.visit-ulcinj.com\/blog\/#\/schema\/person\/dcab619c614d3038751c63bc2aadc06d\"},\"description\":\"Na 11. oglas za prodaju cjelokupe imovine Solane \u201eBajo Sekuli\u0107\u201d, po po\u010detnoj cijeni od 179 miliona eura, nije stigla nijedna ponuda. Iz ste\u010dajne uprave\",\"breadcrumb\":{\"@id\":\"https:\/\/www.visit-ulcinj.com\/blog\/2014\/09\/16\/propao-11-tender-za-ulcinjsku-solanu\/#breadcrumb\"},\"inLanguage\":\"en-US\",\"potentialAction\":[{\"@type\":\"ReadAction\",\"target\":[\"https:\/\/www.visit-ulcinj.com\/blog\/2014\/09\/16\/propao-11-tender-za-ulcinjsku-solanu\/\"]}]},{\"@type\":\"BreadcrumbList\",\"@id\":\"https:\/\/www.visit-ulcinj.com\/blog\/2014\/09\/16\/propao-11-tender-za-ulcinjsku-solanu\/#breadcrumb\",\"itemListElement\":[{\"@type\":\"ListItem\",\"position\":1,\"name\":\"Propao i 11. tender za Ulcinjsku Solanu\"}]},{\"@type\":\"Person\",\"@id\":\"https:\/\/www.visit-ulcinj.com\/blog\/#\/schema\/person\/dcab619c614d3038751c63bc2aadc06d\",\"name\":\"ulqini\",\"sameAs\":[\"http:\/\/www.visit-ulcinj.com\"],\"url\":\"https:\/\/www.visit-ulcinj.com\/blog\/author\/admin\/\"}]}<\/script>\n<!-- \/ Yoast SEO plugin. -->","yoast_head_json":{"title":"Propao i 11. tender za Ulcinjsku Solanu - Lajme nga Ulqini","description":"Na 11. oglas za prodaju cjelokupe imovine Solane \u201eBajo Sekuli\u0107\u201d, po po\u010detnoj cijeni od 179 miliona eura, nije stigla nijedna ponuda. Iz ste\u010dajne uprave","robots":{"index":"index","follow":"follow","max-snippet":"max-snippet:-1","max-image-preview":"max-image-preview:large","max-video-preview":"max-video-preview:-1"},"canonical":"https:\/\/www.visit-ulcinj.com\/blog\/2014\/09\/16\/propao-11-tender-za-ulcinjsku-solanu\/","og_locale":"en_US","og_type":"article","og_title":"Propao i 11. tender za Ulcinjsku Solanu - Lajme nga Ulqini","og_description":"Na 11. oglas za prodaju cjelokupe imovine Solane \u201eBajo Sekuli\u0107\u201d, po po\u010detnoj cijeni od 179 miliona eura, nije stigla nijedna ponuda. Iz ste\u010dajne uprave","og_url":"https:\/\/www.visit-ulcinj.com\/blog\/2014\/09\/16\/propao-11-tender-za-ulcinjsku-solanu\/","og_site_name":"Lajme nga Ulqini","article_published_time":"2014-09-16T17:29:40+00:00","og_image":[{"url":"http:\/\/www.visit-ulcinj.com\/blog\/wp-content\/uploads\/2014\/03\/ULCINJSKA-SOLANA-1.jpg"}],"twitter_misc":{"Written by":"ulqini","Est. reading time":"2 minutes"},"schema":{"@context":"https:\/\/schema.org","@graph":[{"@type":"WebSite","@id":"https:\/\/www.visit-ulcinj.com\/blog\/#website","url":"https:\/\/www.visit-ulcinj.com\/blog\/","name":"Lajme nga Ulqini","description":"Lajme,Vijesti,Ulqini,Ulqin,Crna Gora,Mali i Zi","potentialAction":[{"@type":"SearchAction","target":{"@type":"EntryPoint","urlTemplate":"https:\/\/www.visit-ulcinj.com\/blog\/?s={search_term_string}"},"query-input":"required name=search_term_string"}],"inLanguage":"en-US"},{"@type":"ImageObject","inLanguage":"en-US","@id":"https:\/\/www.visit-ulcinj.com\/blog\/2014\/09\/16\/propao-11-tender-za-ulcinjsku-solanu\/#primaryimage","url":"https:\/\/www.visit-ulcinj.com\/blog\/wp-content\/uploads\/2014\/03\/ULCINJSKA-SOLANA-1.jpg","contentUrl":"https:\/\/www.visit-ulcinj.com\/blog\/wp-content\/uploads\/2014\/03\/ULCINJSKA-SOLANA-1.jpg","width":975,"height":655},{"@type":"WebPage","@id":"https:\/\/www.visit-ulcinj.com\/blog\/2014\/09\/16\/propao-11-tender-za-ulcinjsku-solanu\/#webpage","url":"https:\/\/www.visit-ulcinj.com\/blog\/2014\/09\/16\/propao-11-tender-za-ulcinjsku-solanu\/","name":"Propao i 11. tender za Ulcinjsku Solanu - Lajme nga Ulqini","isPartOf":{"@id":"https:\/\/www.visit-ulcinj.com\/blog\/#website"},"primaryImageOfPage":{"@id":"https:\/\/www.visit-ulcinj.com\/blog\/2014\/09\/16\/propao-11-tender-za-ulcinjsku-solanu\/#primaryimage"},"datePublished":"2014-09-16T17:29:40+00:00","dateModified":"2014-09-16T17:29:40+00:00","author":{"@id":"https:\/\/www.visit-ulcinj.com\/blog\/#\/schema\/person\/dcab619c614d3038751c63bc2aadc06d"},"description":"Na 11. oglas za prodaju cjelokupe imovine Solane \u201eBajo Sekuli\u0107\u201d, po po\u010detnoj cijeni od 179 miliona eura, nije stigla nijedna ponuda. Iz ste\u010dajne uprave","breadcrumb":{"@id":"https:\/\/www.visit-ulcinj.com\/blog\/2014\/09\/16\/propao-11-tender-za-ulcinjsku-solanu\/#breadcrumb"},"inLanguage":"en-US","potentialAction":[{"@type":"ReadAction","target":["https:\/\/www.visit-ulcinj.com\/blog\/2014\/09\/16\/propao-11-tender-za-ulcinjsku-solanu\/"]}]},{"@type":"BreadcrumbList","@id":"https:\/\/www.visit-ulcinj.com\/blog\/2014\/09\/16\/propao-11-tender-za-ulcinjsku-solanu\/#breadcrumb","itemListElement":[{"@type":"ListItem","position":1,"name":"Propao i 11. tender za Ulcinjsku Solanu"}]},{"@type":"Person","@id":"https:\/\/www.visit-ulcinj.com\/blog\/#\/schema\/person\/dcab619c614d3038751c63bc2aadc06d","name":"ulqini","sameAs":["http:\/\/www.visit-ulcinj.com"],"url":"https:\/\/www.visit-ulcinj.com\/blog\/author\/admin\/"}]}},"jetpack_featured_media_url":"","jetpack_sharing_enabled":true,"jetpack_shortlink":"https:\/\/wp.me\/pe6lTn-mbd","_links":{"self":[{"href":"https:\/\/www.visit-ulcinj.com\/blog\/wp-json\/wp\/v2\/posts\/85263"}],"collection":[{"href":"https:\/\/www.visit-ulcinj.com\/blog\/wp-json\/wp\/v2\/posts"}],"about":[{"href":"https:\/\/www.visit-ulcinj.com\/blog\/wp-json\/wp\/v2\/types\/post"}],"author":[{"embeddable":true,"href":"https:\/\/www.visit-ulcinj.com\/blog\/wp-json\/wp\/v2\/users\/1"}],"replies":[{"embeddable":true,"href":"https:\/\/www.visit-ulcinj.com\/blog\/wp-json\/wp\/v2\/comments?post=85263"}],"version-history":[{"count":1,"href":"https:\/\/www.visit-ulcinj.com\/blog\/wp-json\/wp\/v2\/posts\/85263\/revisions"}],"predecessor-version":[{"id":85264,"href":"https:\/\/www.visit-ulcinj.com\/blog\/wp-json\/wp\/v2\/posts\/85263\/revisions\/85264"}],"wp:attachment":[{"href":"https:\/\/www.visit-ulcinj.com\/blog\/wp-json\/wp\/v2\/media?parent=85263"}],"wp:term":[{"taxonomy":"category","embeddable":true,"href":"https:\/\/www.visit-ulcinj.com\/blog\/wp-json\/wp\/v2\/categories?post=85263"},{"taxonomy":"post_tag","embeddable":true,"href":"https:\/\/www.visit-ulcinj.com\/blog\/wp-json\/wp\/v2\/tags?post=85263"}],"curies":[{"name":"wp","href":"https:\/\/api.w.org\/{rel}","templated":true}]}}