{"id":85291,"date":"2014-09-17T12:41:35","date_gmt":"2014-09-17T11:41:35","guid":{"rendered":"http:\/\/www.visit-ulcinj.com\/blog\/?p=85291"},"modified":"2014-09-19T16:25:21","modified_gmt":"2014-09-19T15:25:21","slug":"nika-si-nuk-duhe-ta-bejme-poltiken-reagim","status":"publish","type":"post","link":"https:\/\/www.visit-ulcinj.com\/blog\/2014\/09\/17\/nika-si-nuk-duhe-ta-bejme-poltiken-reagim\/","title":{"rendered":"Nika: Si nuk duhe ta b\u00ebjm\u00eb poltik\u00ebn \u2013 Reagim"},"content":{"rendered":"<p><strong><em><a href=\"http:\/\/www.visit-ulcinj.com\/blog\/wp-content\/uploads\/2014\/09\/Fatmir-Gjeka-Ulqin.jpg\"><img loading=\"lazy\" class=\"alignleft wp-image-85292\" src=\"http:\/\/www.visit-ulcinj.com\/blog\/wp-content\/uploads\/2014\/09\/Fatmir-Gjeka-Ulqin.jpg\" alt=\"Fatmir-Gjeka-Ulqin\" width=\"508\" height=\"340\" srcset=\"https:\/\/www.visit-ulcinj.com\/blog\/wp-content\/uploads\/2014\/09\/Fatmir-Gjeka-Ulqin.jpg 960w, https:\/\/www.visit-ulcinj.com\/blog\/wp-content\/uploads\/2014\/09\/Fatmir-Gjeka-Ulqin-300x200.jpg 300w\" sizes=\"(max-width: 508px) 100vw, 508px\" \/><\/a>Shkruan , Muhamet Nika:<\/em><\/strong><\/p>\n<p><strong><em>\u00a0<\/em><\/strong><\/p>\n<p style=\"text-align: center;\"><strong><em>SI NUK DUHE TA B\u00cbJM\u00cb POLTIK\u00cbN \u2013 REAGIM<\/em><\/strong><\/p>\n<p style=\"text-align: right;\"><strong><em>\u00a0\u00a0\u00a0\u00a0\u00a0\u00a0\u00a0\u00a0\u00a0\u00a0\u00a0\u00a0\u00a0\u00a0\u00a0\u00a0\u00a0\u00a0\u00a0\u00a0\u00a0\u00a0\u00a0\u00a0\u00a0\u00a0\u00a0\u00a0\u00a0\u00a0\u00a0\u00a0\u00a0\u00a0\u00a0\u00a0\u00a0\u00a0 ( I SEE A DARKNES )- Bonnie Darkness<\/em><\/strong><\/p>\n<p><strong><em>\u00a0<\/em><\/strong><\/p>\n<p><strong><em>\u00a0<\/em><\/strong><\/p>\n<p>Nga portali Info, m\u00ebsuam se Deputet\u00ebt nga Ulqini, Genci Nimanbegu, Dritan Abazoviq dhe dr Lilana Gjurashkoviq kan\u00eb mbajtur dje n\u00eb Kuvendin e Malit t\u00eb Zi, konferenc\u00ebn p\u00ebr shtyp n\u00eb t\u00eb cil\u00ebn \u00ebsht\u00eb folur p\u00ebr \u201cRastin K1\u201d. Duke th\u00ebn\u00eb q\u00eb ata mendojn\u00eb se n\u00eb procesin e p\u00ebrmendur ekzistojn\u00eb element\u00eb t\u00eb korrupsionit. N\u00ebse kjo q\u00eb u tha nga portali \u00ebsht\u00eb autentike dhe e pa deformuar, n\u00eb \u00e7ka kemi t\u00eb drejt\u00eb t\u00eb dyshojm\u00eb, mendojm\u00eb se konferenca \u00ebsht\u00eb nj\u00eb shembull i mir\u00eb se si nuk guxon t\u00eb b\u00ebhet nj\u00eb politik\u00eb.<\/p>\n<p>Po t\u00eb krahasojm\u00eb at\u00eb \u00e7far\u00eb than\u00eb deputet\u00ebt n\u00eb konferenc\u00eb, duke e krahasuar , me at\u00eb \u00e7far\u00eb tha p\u00ebr shtyp kryetari i Komun\u00ebs , Fatmir Gjeka, para do koh\u00ebve,v\u00ebrejm\u00eb se konferenca e 3 deputet\u00ebve, nuk i arriti kuotat dhe kordinatat e guximin politik e intelektual t\u00eb kryetarit Gjeka. Madje ata me diskutimet e veta, n\u00eb mas\u00eb t\u00eb madhe e devalvuan platform\u00ebn institucionale t\u00eb hedhur mjaft\u00eb bukur dhe shum\u00eb guximsh\u00ebm- si asnj\u00ebher\u00eb m\u00eb par\u00eb, nga nj\u00ebshi i komun\u00ebs, p\u00ebr rastin. D\u00ebshiroj t\u00eb besoj q\u00eb gafi, i cili u ndodhi, mund tu ket\u00eb ardhur \u201c nga lazdrimi i postit\u201d , ose k\u00ebt\u00eb e b\u00ebn\u00eb nga xhelozit\u00eb e mundshme dhe kurr\u00eb se si t\u00eb ( mos ) jet\u00eb kjo, nj\u00eb prapavij\u00eb tjet\u00ebr ,nga ana e tyre, me q\u00ebllim t\u00eb hedhjes n\u00ebn hije t\u00eb deklarat\u00ebs s\u00eb Gjek\u00ebs, kuptohet p\u00ebr arsye t\u00eb ndryshme.<\/p>\n<p>Ndoshta pas deklarat\u00ebs s\u00eb Gjek\u00ebs, n\u00eb Podgoric\u00eb kan\u00eb filluar t\u00eb fryjn\u00eb do er\u00ebra tjera, nga t\u00eb cilat, deputet\u00ebt ton\u00eb ndiejn\u00eb nevoj\u00ebn t\u00eb struken&#8230;?!!<\/p>\n<p><strong><em>\u00c7far\u00eb tha Gjeka dhe si u shpreh<\/em><\/strong>:<\/p>\n<p><strong>\u201d <em>Ne si qeverisje lokale, nuk jemi n\u00eb gjendje t\u00eb marrim mbi vete t\u00ebr\u00eb k\u00ebt\u00eb p\u00ebrgjegj\u00ebsi. N\u00ebse kjo situat\u00eb b\u00ebhet realitet, pushteti jon\u00eb ekzekutiv ligjv\u00ebn\u00ebs \u00ebsht\u00eb i gatshme t\u00eb ia kthej\u00eb mandatin qytetar\u00ebve, sepse vet\u00ebm ata mund t\u00eb vendosin p\u00ebr t\u00eb ardhmen e qytetit\u201d&#8230;.\u201d Zyrtar\u00ebt malazez\u00eb jan\u00eb t\u00eb njoftuar rreth k\u00ebtij rasti, nd\u00ebrsa p\u00ebr \u00e7do gj\u00eb do t\u2019i d\u00ebrgohet raport delegacionit t\u00eb BE-s\u00eb dhe OEBS-it n\u00eb Podgoric\u00eb , si dhe t\u00eb gjith\u00eb p\u00ebrfaq\u00ebsiv diplomatike<\/em>&#8230;\u201d<\/strong><\/p>\n<p>Mendojm\u00eb q\u00eb deputet\u00ebt ton\u00eb, edhe pse ndoshta nuk e shohin fare Gjek\u00ebn, e l\u00ebre m\u00eb , t\u00eb marrin p\u00ebr platform\u00eb politike , at\u00eb q\u00eb ai trasoi,e p\u00ebr t\u00eb cil\u00ebn, po duket q\u00eb nuk kan\u00eb fare as njohuri?!! Do t\u00eb kish qen\u00eb e udh\u00ebs, q\u00eb k\u00ebt\u00eb tekst t\u00eb Gjek\u00ebs , ta p\u00ebrs\u00ebrisin n\u00eb \u00e7do konferenc\u00eb tjet\u00ebr t\u00eb mundshme me gazetar\u00eb, dhe opinionin ta informojn\u00eb, koh\u00eb pas kohe deri ku \u00ebsht\u00eb arritur n\u00eb k\u00ebt\u00eb drejtim.<\/p>\n<p>Nd\u00ebrsa Gjeka, k\u00ebt\u00eb deklarim t\u00eb tijin, duhet doemos ta p\u00ebrs\u00ebris\u00eb n\u00eb \u00e7do konferenc\u00eb t\u00eb ardhshme dhe t\u2019i p\u00ebrmbahet ngjash\u00ebm, si Rugova, n\u00eb konferencat e veta, i cili , p\u00ebr \u00e7do t\u00eb premte , n\u00eb takimet me gazetar\u00eb, vazhdimisht, p\u00ebrs\u00ebriste t\u00eb nj\u00ebjtat gj\u00ebra , kur nuk kish\u00a0\u00a0 t\u00eb thoj\u00eb di\u00e7 t\u00eb re.<\/p>\n<p>Le t\u00eb shohim m\u00eb posht\u00eb se si q\u00ebndroi puna, me deklaratat e deputet\u00ebve duke b\u00ebr\u00eb krahasim:<\/p>\n<p><a href=\"http:\/\/www.visit-ulcinj.com\/blog\/wp-content\/uploads\/2014\/09\/Press-K1-Genc-Nimanbegu.jpg\"><img loading=\"lazy\" class=\"alignleft wp-image-85260\" src=\"http:\/\/www.visit-ulcinj.com\/blog\/wp-content\/uploads\/2014\/09\/Press-K1-Genc-Nimanbegu.jpg\" alt=\"Press-K1-Genc-Nimanbegu\" width=\"508\" height=\"379\" srcset=\"https:\/\/www.visit-ulcinj.com\/blog\/wp-content\/uploads\/2014\/09\/Press-K1-Genc-Nimanbegu.jpg 640w, https:\/\/www.visit-ulcinj.com\/blog\/wp-content\/uploads\/2014\/09\/Press-K1-Genc-Nimanbegu-300x224.jpg 300w\" sizes=\"(max-width: 508px) 100vw, 508px\" \/><\/a><\/p>\n<p><strong><em>Genc Nimambegu<\/em><\/strong><\/p>\n<p><em>Shtrohet pyetja pse nuk \u00ebsht\u00eb paditur shteti \u2013 kjo mesiguri p\u00ebr arsye se jan\u00eb tejkaluar afatet prandaj paditet komuna. Ne deputet\u00ebt dyshojm\u00eb n\u00eb konfliktin potencial t\u00eb interesave dhe ky\u00e7jen e individ\u00ebve n\u00eb pun\u00eb korruptive. Nuk e kemi t\u00eb qart\u00eb si mund t\u00eb vij\u00eb deri tek regjistrimi i nd\u00ebrmarrjes shoq\u00ebrore nga Kosova derisa legjitimiteti i Kosov\u00ebs t\u00eb mos pranohet n\u00eb gjyqin e Malit t\u00eb Zi. Shumat milion\u00ebshe q\u00eb duhet paguar jan\u00eb t\u00eb barabarta me buxhetin dyvje\u00e7ar t\u00eb komun\u00ebs s\u00eb Ulqinit dhe sjellja e vendimit negativ p\u00ebr komun\u00ebn do t\u00eb thot\u00eb q\u00eb ajo mund t\u00eb ndaloj\u00eb s\u00eb punuari\u201d, porositi Nimanbegu dhe theksoi q\u00eb n\u00eb at\u00eb rast do t\u00eb vijn\u00eb deri tek p\u00ebrgjigja adekuate<\/em> .<\/p>\n<p><em>Kur krahasohet kjo deklarat\u00eb, shihet q\u00eb \u00ebsht\u00eb tep\u00ebr e zbeht\u00eb nga ajo e Gjek\u00ebs dhe nuk p\u00ebrmban elementet e saja. Aq m\u00eb tep\u00ebr, si deklarat\u00eb, v\u00ebrehet se \u00ebsht\u00eb e pa organizuar dhe e pa informuar sa duhet. Tjet\u00ebr, ka dhe<\/em><\/p>\n<p>edhe mang\u00ebsi t\u00eb shfryt\u00ebzimit t\u00eb kapacitetit kushtetues n\u00eb raport me t\u00eb huajt &#8211; q\u00eb ishte esenca e prononcimit t\u00eb Gjek\u00ebs. Thjesht\u00eb, deputeti, n\u00eb k\u00ebt\u00eb rast, d\u00ebshmoi edhe nj\u00eb mos dije , rreth ecuris\u00eb s\u00eb procesit, e q\u00eb lidhet me padin\u00eb e shtetit. Sqarojm\u00eb se fillimisht, p\u00ebr l\u00ebnd\u00ebn, \u00ebsht\u00eb paditur shteti i Malit t\u00eb Zi, por mbet\u00ebt dilem\u00eb, se si ai u nxor n\u00eb d\u00ebm t\u00eb komun\u00ebs. Edhe m\u00eb thjesht\u00eb deputeti, po duket i di t\u00eb gjitha dhe as q\u00eb \u00ebsht\u00eb kah thith\u00eb mendimet , bile as t\u00eb kuadrit t\u00eb vet n\u00eb parti t\u00eb tij. Por , p\u00ebr k\u00ebt\u00eb , nj\u00eb her\u00eb tjet\u00ebr&#8230;?!!<\/p>\n<p><a href=\"http:\/\/www.visit-ulcinj.com\/blog\/wp-content\/uploads\/2014\/09\/Dritan-Abazovic-Ulcinj-1.jpg\"><img loading=\"lazy\" class=\"alignleft wp-image-85257\" src=\"http:\/\/www.visit-ulcinj.com\/blog\/wp-content\/uploads\/2014\/09\/Dritan-Abazovic-Ulcinj-1.jpg\" alt=\"Dritan-Abazovic-Ulcinj-1\" width=\"508\" height=\"339\" srcset=\"https:\/\/www.visit-ulcinj.com\/blog\/wp-content\/uploads\/2014\/09\/Dritan-Abazovic-Ulcinj-1.jpg 960w, https:\/\/www.visit-ulcinj.com\/blog\/wp-content\/uploads\/2014\/09\/Dritan-Abazovic-Ulcinj-1-300x200.jpg 300w\" sizes=\"(max-width: 508px) 100vw, 508px\" \/><\/a><\/p>\n<p><strong><em>Abazoviqi<\/em><\/strong><\/p>\n<p><em>\u201cNuk jemi ne t\u00eb vetmit q\u00eb kemi borxh, nuk i kontestojm\u00eb borxhet, por jemi t\u00eb vetmit q\u00eb hyjm\u00eb n\u00eb bllokada. K\u00ebtu b\u00ebhet fjal\u00eb p\u00ebr obstruksion klasik t\u00eb pushtetit qendror dhe gjyq\u00ebsor n\u00eb m\u00ebnyr\u00eb q\u00eb jeta n\u00eb komun\u00eb t\u00eb Ulqinit t\u00eb b\u00ebhet m\u00eb e v\u00ebshtir\u00eb p\u00ebr qytetar\u00ebt\u201d, tha Abazoviq.<\/em><\/p>\n<p>Nga deklarata e tij, shihet se Abazoviqi, ka shkuar shum\u00eb m\u00eb posht\u00eb se deputeti Genci, nd\u00ebrsa e ka devalvuar totalisht, deklarat\u00ebn e Gjek\u00ebs dhe k\u00ebshtu si \u00ebsht\u00eb e th\u00ebn\u00eb,\u201d Rasti i K-1\u201d,nuk paraqet kurrfar\u00eb problemi shtet\u00ebror e t\u00eb mos flasim nd\u00ebrkomb\u00ebtar. \u201c U drodh mali , polli mi\u201d?!! Zot\u00ebri Abazoviq,- Vet\u00ebm q\u00eb Ne, si komun\u00eb , ta pranojm\u00eb borxhin te qeveria, se at\u00ebher\u00eb p\u00ebr te \u00e7do gj\u00eb, ka p\u00ebr t\u00eb qen\u00eb <strong><em>\u201c ne opasno&#8230;, si \u00e7\u00ebshtje?!!<\/em><\/strong><\/p>\n<p><strong>Pat k\u00ebnduar rapsodi, Sali Mani, ai me \u00e7ifteli n\u00eb Shqip\u00ebri:\u201d S\u2019ka ma bes\u00eb e ndera shkoi, bar e balt\u00eb jan\u00eb ba nj\u00eb lloj\u201d- n\u00eb kuptimin figurativ: Fytyr\u00eb e byth\u00eb jan\u00eb ba nj\u00eb lloj&#8230;.?!!!<\/strong><\/p>\n<p>Do t\u00eb ishte e p\u00eblqyeshme nga ana e deputet\u00ebve, q\u00eb kur marrin k\u00ebso hapash, t\u00eb b\u00ebhen t\u00eb sinqert\u00eb <strong><em>\u201d duke e b\u00ebr\u00eb pun\u00ebn mall..\u201c <\/em><\/strong>dhe t\u00eb p\u00ebrgatiten, e <strong><em>\u201c t\u00eb mos flasin kodra mas bregut\u201d ?!<\/em><\/strong><\/p>\n<p>Kurse Gjeka, n\u00eb kuad\u00ebr t\u00eb platform\u00ebs s\u00eb hedhur, t\u00eb informoj\u00eb se si q\u00ebndron puna , n\u00eb k\u00ebt\u00eb drejtim dhe se, a \u00ebsht\u00eb takuar s\u00ebrish me qeveritar\u00ebt malazez\u00eb, p\u00ebr t\u2019i dh\u00ebn\u00eb zgjidhje politike rastit, para se t\u00eb t\u00ebrhiqen potezat e p\u00ebrmendur n\u00eb rrafshin e t\u00eb drejt\u00ebs kushtetuese nd\u00ebrkomb\u00ebtare&#8230;?\u201d\u201d<\/p>\n<p>Dhe t\u00eb mos lejoj\u00eb n\u00eb k\u00ebt\u00eb rast, marrje t\u00eb primatit politik, nga ata , q\u00eb po duket se\u201d nuk kan\u00eb takat\u201d, si\u00e7 thon\u00eb n\u00eb Kosov\u00eb , t\u00eb merren me k\u00ebt\u00eb \u00e7\u00ebshtje , ose, thjesht\u00eb , nuk duan&#8230;?!!!<\/p>\n","protected":false},"excerpt":{"rendered":"<p>Shkruan , Muhamet Nika: \u00a0 SI NUK DUHE TA B\u00cbJM\u00cb POLTIK\u00cbN \u2013 REAGIM \u00a0\u00a0\u00a0\u00a0\u00a0\u00a0\u00a0\u00a0\u00a0\u00a0\u00a0\u00a0\u00a0\u00a0\u00a0\u00a0\u00a0\u00a0\u00a0\u00a0\u00a0\u00a0\u00a0\u00a0\u00a0\u00a0\u00a0\u00a0\u00a0\u00a0\u00a0\u00a0\u00a0\u00a0\u00a0\u00a0\u00a0\u00a0 ( I SEE A DARKNES )- Bonnie Darkness \u00a0 \u00a0 Nga portali Info, m\u00ebsuam se Deputet\u00ebt nga Ulqini, Genci Nimanbegu, Dritan Abazoviq dhe dr Lilana Gjurashkoviq kan\u00eb mbajtur dje n\u00eb Kuvendin e Malit t\u00eb Zi, konferenc\u00ebn p\u00ebr shtyp n\u00eb t\u00eb cil\u00ebn [&hellip;]<\/p>\n","protected":false},"author":1,"featured_media":0,"comment_status":"closed","ping_status":"closed","sticky":false,"template":"","format":"standard","meta":{"spay_email":"","jetpack_publicize_message":"","jetpack_is_tweetstorm":false,"jetpack_publicize_feature_enabled":true},"categories":[1,14249,6],"tags":[],"jetpack_publicize_connections":[],"yoast_head":"<!-- This site is optimized with the Yoast SEO plugin v19.1 - https:\/\/yoast.com\/wordpress\/plugins\/seo\/ -->\n<title>Nika: Si nuk duhe ta b\u00ebjm\u00eb poltik\u00ebn \u2013 Reagim - Lajme nga Ulqini<\/title>\n<meta name=\"description\" content=\"Shkruan , Muhamet Nika: \u00a0 SI NUK DUHE TA B\u00cbJM\u00cb POLTIK\u00cbN \u2013 REAGIM \u00a0\u00a0\u00a0\u00a0\u00a0\u00a0\u00a0\u00a0\u00a0\u00a0\u00a0\u00a0\u00a0\u00a0\u00a0\u00a0\u00a0\u00a0\u00a0\u00a0\u00a0\u00a0\u00a0\u00a0\u00a0\u00a0\u00a0\u00a0\u00a0\u00a0\u00a0\u00a0\u00a0\u00a0\u00a0\u00a0\u00a0\u00a0 ( I SEE A DARKNES )- Bonnie Darkness \u00a0 \u00a0 Nga\" \/>\n<meta name=\"robots\" content=\"index, follow, max-snippet:-1, max-image-preview:large, max-video-preview:-1\" \/>\n<link rel=\"canonical\" href=\"https:\/\/www.visit-ulcinj.com\/blog\/2014\/09\/17\/nika-si-nuk-duhe-ta-bejme-poltiken-reagim\/\" \/>\n<meta property=\"og:locale\" content=\"en_US\" \/>\n<meta property=\"og:type\" content=\"article\" \/>\n<meta property=\"og:title\" content=\"Nika: Si nuk duhe ta b\u00ebjm\u00eb poltik\u00ebn \u2013 Reagim - Lajme nga Ulqini\" \/>\n<meta property=\"og:description\" content=\"Shkruan , Muhamet Nika: \u00a0 SI NUK DUHE TA B\u00cbJM\u00cb POLTIK\u00cbN \u2013 REAGIM \u00a0\u00a0\u00a0\u00a0\u00a0\u00a0\u00a0\u00a0\u00a0\u00a0\u00a0\u00a0\u00a0\u00a0\u00a0\u00a0\u00a0\u00a0\u00a0\u00a0\u00a0\u00a0\u00a0\u00a0\u00a0\u00a0\u00a0\u00a0\u00a0\u00a0\u00a0\u00a0\u00a0\u00a0\u00a0\u00a0\u00a0\u00a0 ( I SEE A DARKNES )- Bonnie Darkness \u00a0 \u00a0 Nga\" \/>\n<meta property=\"og:url\" content=\"https:\/\/www.visit-ulcinj.com\/blog\/2014\/09\/17\/nika-si-nuk-duhe-ta-bejme-poltiken-reagim\/\" \/>\n<meta property=\"og:site_name\" content=\"Lajme nga Ulqini\" \/>\n<meta property=\"article:published_time\" content=\"2014-09-17T11:41:35+00:00\" \/>\n<meta property=\"article:modified_time\" content=\"2014-09-19T15:25:21+00:00\" \/>\n<meta property=\"og:image\" content=\"http:\/\/www.visit-ulcinj.com\/blog\/wp-content\/uploads\/2014\/09\/Fatmir-Gjeka-Ulqin.jpg\" \/>\n<meta name=\"twitter:label1\" content=\"Written by\" \/>\n\t<meta name=\"twitter:data1\" content=\"ulqini\" \/>\n\t<meta name=\"twitter:label2\" content=\"Est. reading time\" \/>\n\t<meta name=\"twitter:data2\" content=\"6 minutes\" \/>\n<script type=\"application\/ld+json\" class=\"yoast-schema-graph\">{\"@context\":\"https:\/\/schema.org\",\"@graph\":[{\"@type\":\"WebSite\",\"@id\":\"https:\/\/www.visit-ulcinj.com\/blog\/#website\",\"url\":\"https:\/\/www.visit-ulcinj.com\/blog\/\",\"name\":\"Lajme nga Ulqini\",\"description\":\"Lajme,Vijesti,Ulqini,Ulqin,Crna Gora,Mali i Zi\",\"potentialAction\":[{\"@type\":\"SearchAction\",\"target\":{\"@type\":\"EntryPoint\",\"urlTemplate\":\"https:\/\/www.visit-ulcinj.com\/blog\/?s={search_term_string}\"},\"query-input\":\"required name=search_term_string\"}],\"inLanguage\":\"en-US\"},{\"@type\":\"ImageObject\",\"inLanguage\":\"en-US\",\"@id\":\"https:\/\/www.visit-ulcinj.com\/blog\/2014\/09\/17\/nika-si-nuk-duhe-ta-bejme-poltiken-reagim\/#primaryimage\",\"url\":\"https:\/\/www.visit-ulcinj.com\/blog\/wp-content\/uploads\/2014\/09\/Fatmir-Gjeka-Ulqin.jpg\",\"contentUrl\":\"https:\/\/www.visit-ulcinj.com\/blog\/wp-content\/uploads\/2014\/09\/Fatmir-Gjeka-Ulqin.jpg\",\"width\":960,\"height\":642},{\"@type\":\"WebPage\",\"@id\":\"https:\/\/www.visit-ulcinj.com\/blog\/2014\/09\/17\/nika-si-nuk-duhe-ta-bejme-poltiken-reagim\/#webpage\",\"url\":\"https:\/\/www.visit-ulcinj.com\/blog\/2014\/09\/17\/nika-si-nuk-duhe-ta-bejme-poltiken-reagim\/\",\"name\":\"Nika: Si nuk duhe ta b\u00ebjm\u00eb poltik\u00ebn \u2013 Reagim - Lajme nga Ulqini\",\"isPartOf\":{\"@id\":\"https:\/\/www.visit-ulcinj.com\/blog\/#website\"},\"primaryImageOfPage\":{\"@id\":\"https:\/\/www.visit-ulcinj.com\/blog\/2014\/09\/17\/nika-si-nuk-duhe-ta-bejme-poltiken-reagim\/#primaryimage\"},\"datePublished\":\"2014-09-17T11:41:35+00:00\",\"dateModified\":\"2014-09-19T15:25:21+00:00\",\"author\":{\"@id\":\"https:\/\/www.visit-ulcinj.com\/blog\/#\/schema\/person\/dcab619c614d3038751c63bc2aadc06d\"},\"description\":\"Shkruan , Muhamet Nika: \u00a0 SI NUK DUHE TA B\u00cbJM\u00cb POLTIK\u00cbN \u2013 REAGIM \u00a0\u00a0\u00a0\u00a0\u00a0\u00a0\u00a0\u00a0\u00a0\u00a0\u00a0\u00a0\u00a0\u00a0\u00a0\u00a0\u00a0\u00a0\u00a0\u00a0\u00a0\u00a0\u00a0\u00a0\u00a0\u00a0\u00a0\u00a0\u00a0\u00a0\u00a0\u00a0\u00a0\u00a0\u00a0\u00a0\u00a0\u00a0 ( I SEE A DARKNES )- Bonnie Darkness \u00a0 \u00a0 Nga\",\"breadcrumb\":{\"@id\":\"https:\/\/www.visit-ulcinj.com\/blog\/2014\/09\/17\/nika-si-nuk-duhe-ta-bejme-poltiken-reagim\/#breadcrumb\"},\"inLanguage\":\"en-US\",\"potentialAction\":[{\"@type\":\"ReadAction\",\"target\":[\"https:\/\/www.visit-ulcinj.com\/blog\/2014\/09\/17\/nika-si-nuk-duhe-ta-bejme-poltiken-reagim\/\"]}]},{\"@type\":\"BreadcrumbList\",\"@id\":\"https:\/\/www.visit-ulcinj.com\/blog\/2014\/09\/17\/nika-si-nuk-duhe-ta-bejme-poltiken-reagim\/#breadcrumb\",\"itemListElement\":[{\"@type\":\"ListItem\",\"position\":1,\"name\":\"Nika: Si nuk duhe ta b\u00ebjm\u00eb poltik\u00ebn \u2013 Reagim\"}]},{\"@type\":\"Person\",\"@id\":\"https:\/\/www.visit-ulcinj.com\/blog\/#\/schema\/person\/dcab619c614d3038751c63bc2aadc06d\",\"name\":\"ulqini\",\"sameAs\":[\"http:\/\/www.visit-ulcinj.com\"],\"url\":\"https:\/\/www.visit-ulcinj.com\/blog\/author\/admin\/\"}]}<\/script>\n<!-- \/ Yoast SEO plugin. -->","yoast_head_json":{"title":"Nika: Si nuk duhe ta b\u00ebjm\u00eb poltik\u00ebn \u2013 Reagim - Lajme nga Ulqini","description":"Shkruan , Muhamet Nika: \u00a0 SI NUK DUHE TA B\u00cbJM\u00cb POLTIK\u00cbN \u2013 REAGIM \u00a0\u00a0\u00a0\u00a0\u00a0\u00a0\u00a0\u00a0\u00a0\u00a0\u00a0\u00a0\u00a0\u00a0\u00a0\u00a0\u00a0\u00a0\u00a0\u00a0\u00a0\u00a0\u00a0\u00a0\u00a0\u00a0\u00a0\u00a0\u00a0\u00a0\u00a0\u00a0\u00a0\u00a0\u00a0\u00a0\u00a0\u00a0 ( I SEE A DARKNES )- Bonnie Darkness \u00a0 \u00a0 Nga","robots":{"index":"index","follow":"follow","max-snippet":"max-snippet:-1","max-image-preview":"max-image-preview:large","max-video-preview":"max-video-preview:-1"},"canonical":"https:\/\/www.visit-ulcinj.com\/blog\/2014\/09\/17\/nika-si-nuk-duhe-ta-bejme-poltiken-reagim\/","og_locale":"en_US","og_type":"article","og_title":"Nika: Si nuk duhe ta b\u00ebjm\u00eb poltik\u00ebn \u2013 Reagim - Lajme nga Ulqini","og_description":"Shkruan , Muhamet Nika: \u00a0 SI NUK DUHE TA B\u00cbJM\u00cb POLTIK\u00cbN \u2013 REAGIM \u00a0\u00a0\u00a0\u00a0\u00a0\u00a0\u00a0\u00a0\u00a0\u00a0\u00a0\u00a0\u00a0\u00a0\u00a0\u00a0\u00a0\u00a0\u00a0\u00a0\u00a0\u00a0\u00a0\u00a0\u00a0\u00a0\u00a0\u00a0\u00a0\u00a0\u00a0\u00a0\u00a0\u00a0\u00a0\u00a0\u00a0\u00a0 ( I SEE A DARKNES )- Bonnie Darkness \u00a0 \u00a0 Nga","og_url":"https:\/\/www.visit-ulcinj.com\/blog\/2014\/09\/17\/nika-si-nuk-duhe-ta-bejme-poltiken-reagim\/","og_site_name":"Lajme nga Ulqini","article_published_time":"2014-09-17T11:41:35+00:00","article_modified_time":"2014-09-19T15:25:21+00:00","og_image":[{"url":"http:\/\/www.visit-ulcinj.com\/blog\/wp-content\/uploads\/2014\/09\/Fatmir-Gjeka-Ulqin.jpg"}],"twitter_misc":{"Written by":"ulqini","Est. reading time":"6 minutes"},"schema":{"@context":"https:\/\/schema.org","@graph":[{"@type":"WebSite","@id":"https:\/\/www.visit-ulcinj.com\/blog\/#website","url":"https:\/\/www.visit-ulcinj.com\/blog\/","name":"Lajme nga Ulqini","description":"Lajme,Vijesti,Ulqini,Ulqin,Crna Gora,Mali i Zi","potentialAction":[{"@type":"SearchAction","target":{"@type":"EntryPoint","urlTemplate":"https:\/\/www.visit-ulcinj.com\/blog\/?s={search_term_string}"},"query-input":"required name=search_term_string"}],"inLanguage":"en-US"},{"@type":"ImageObject","inLanguage":"en-US","@id":"https:\/\/www.visit-ulcinj.com\/blog\/2014\/09\/17\/nika-si-nuk-duhe-ta-bejme-poltiken-reagim\/#primaryimage","url":"https:\/\/www.visit-ulcinj.com\/blog\/wp-content\/uploads\/2014\/09\/Fatmir-Gjeka-Ulqin.jpg","contentUrl":"https:\/\/www.visit-ulcinj.com\/blog\/wp-content\/uploads\/2014\/09\/Fatmir-Gjeka-Ulqin.jpg","width":960,"height":642},{"@type":"WebPage","@id":"https:\/\/www.visit-ulcinj.com\/blog\/2014\/09\/17\/nika-si-nuk-duhe-ta-bejme-poltiken-reagim\/#webpage","url":"https:\/\/www.visit-ulcinj.com\/blog\/2014\/09\/17\/nika-si-nuk-duhe-ta-bejme-poltiken-reagim\/","name":"Nika: Si nuk duhe ta b\u00ebjm\u00eb poltik\u00ebn \u2013 Reagim - Lajme nga Ulqini","isPartOf":{"@id":"https:\/\/www.visit-ulcinj.com\/blog\/#website"},"primaryImageOfPage":{"@id":"https:\/\/www.visit-ulcinj.com\/blog\/2014\/09\/17\/nika-si-nuk-duhe-ta-bejme-poltiken-reagim\/#primaryimage"},"datePublished":"2014-09-17T11:41:35+00:00","dateModified":"2014-09-19T15:25:21+00:00","author":{"@id":"https:\/\/www.visit-ulcinj.com\/blog\/#\/schema\/person\/dcab619c614d3038751c63bc2aadc06d"},"description":"Shkruan , Muhamet Nika: \u00a0 SI NUK DUHE TA B\u00cbJM\u00cb POLTIK\u00cbN \u2013 REAGIM \u00a0\u00a0\u00a0\u00a0\u00a0\u00a0\u00a0\u00a0\u00a0\u00a0\u00a0\u00a0\u00a0\u00a0\u00a0\u00a0\u00a0\u00a0\u00a0\u00a0\u00a0\u00a0\u00a0\u00a0\u00a0\u00a0\u00a0\u00a0\u00a0\u00a0\u00a0\u00a0\u00a0\u00a0\u00a0\u00a0\u00a0\u00a0 ( I SEE A DARKNES )- Bonnie Darkness \u00a0 \u00a0 Nga","breadcrumb":{"@id":"https:\/\/www.visit-ulcinj.com\/blog\/2014\/09\/17\/nika-si-nuk-duhe-ta-bejme-poltiken-reagim\/#breadcrumb"},"inLanguage":"en-US","potentialAction":[{"@type":"ReadAction","target":["https:\/\/www.visit-ulcinj.com\/blog\/2014\/09\/17\/nika-si-nuk-duhe-ta-bejme-poltiken-reagim\/"]}]},{"@type":"BreadcrumbList","@id":"https:\/\/www.visit-ulcinj.com\/blog\/2014\/09\/17\/nika-si-nuk-duhe-ta-bejme-poltiken-reagim\/#breadcrumb","itemListElement":[{"@type":"ListItem","position":1,"name":"Nika: Si nuk duhe ta b\u00ebjm\u00eb poltik\u00ebn \u2013 Reagim"}]},{"@type":"Person","@id":"https:\/\/www.visit-ulcinj.com\/blog\/#\/schema\/person\/dcab619c614d3038751c63bc2aadc06d","name":"ulqini","sameAs":["http:\/\/www.visit-ulcinj.com"],"url":"https:\/\/www.visit-ulcinj.com\/blog\/author\/admin\/"}]}},"jetpack_featured_media_url":"","jetpack_sharing_enabled":true,"jetpack_shortlink":"https:\/\/wp.me\/pe6lTn-mbF","_links":{"self":[{"href":"https:\/\/www.visit-ulcinj.com\/blog\/wp-json\/wp\/v2\/posts\/85291"}],"collection":[{"href":"https:\/\/www.visit-ulcinj.com\/blog\/wp-json\/wp\/v2\/posts"}],"about":[{"href":"https:\/\/www.visit-ulcinj.com\/blog\/wp-json\/wp\/v2\/types\/post"}],"author":[{"embeddable":true,"href":"https:\/\/www.visit-ulcinj.com\/blog\/wp-json\/wp\/v2\/users\/1"}],"replies":[{"embeddable":true,"href":"https:\/\/www.visit-ulcinj.com\/blog\/wp-json\/wp\/v2\/comments?post=85291"}],"version-history":[{"count":1,"href":"https:\/\/www.visit-ulcinj.com\/blog\/wp-json\/wp\/v2\/posts\/85291\/revisions"}],"predecessor-version":[{"id":85293,"href":"https:\/\/www.visit-ulcinj.com\/blog\/wp-json\/wp\/v2\/posts\/85291\/revisions\/85293"}],"wp:attachment":[{"href":"https:\/\/www.visit-ulcinj.com\/blog\/wp-json\/wp\/v2\/media?parent=85291"}],"wp:term":[{"taxonomy":"category","embeddable":true,"href":"https:\/\/www.visit-ulcinj.com\/blog\/wp-json\/wp\/v2\/categories?post=85291"},{"taxonomy":"post_tag","embeddable":true,"href":"https:\/\/www.visit-ulcinj.com\/blog\/wp-json\/wp\/v2\/tags?post=85291"}],"curies":[{"name":"wp","href":"https:\/\/api.w.org\/{rel}","templated":true}]}}